{"id":38319,"date":"2014-09-20T00:19:39","date_gmt":"2014-09-20T03:19:39","guid":{"rendered":"http:\/\/www.gentedebasquet.com.ar\/?p=38319"},"modified":"2014-09-20T00:19:39","modified_gmt":"2014-09-20T03:19:39","slug":"barracas-u17-conoce-el-camino","status":"publish","type":"post","link":"https:\/\/gentedebasquet.com.ar\/sitio\/2014\/09\/20\/barracas-u17-conoce-el-camino\/","title":{"rendered":"Barracas U17 conoce el camino"},"content":{"rendered":"<p><strong>La edici\u00f3n del a\u00f1o 2014 del Campeonato Argentino de Clubes de la categor\u00eda U17 de la rama femenina ya tiene zonas y fixture definidas. La competencia contar\u00e1 con la presencia de 11 clubes participantes, comenzar\u00e1 a disputarse el pr\u00f3ximo s\u00e1bado 27 de septiembre y finalizar\u00e1 el 7 de diciembre. Bah\u00eda Blanca estar\u00e1 representada por Barracas Central.<\/strong><\/p>\n<p>Ya comienza a vivirse una nueva edici\u00f3n del Campeonato Argentino de Clubes de la categor\u00eda U17 de la rama femenina organizado por la Confederaci\u00f3n Argentina de B\u00e1squetbol. La misma arrancar\u00e1 el pr\u00f3ximo s\u00e1bado 27 de septiembre.<\/p>\n<p>El certamen contar\u00e1 con la presencia de 11 clubes de tres provincias de nuestro pa\u00eds, los cuales estar\u00e1n divididos en dos zonas, una de cinco y otra de seis. Cada uno de los grupos se disputar\u00e1n todos contra todos a dos ruedas, pudiendo haber triangulares, cuadrangulares o partidos simples. Los tres primeros de cada una de las zonas clasificar\u00e1n al Hexagonal Final, el cual tendr\u00e1 dos triangulares, jug\u00e1ndose cada uno todos contra todos, clasificando los dos primeros a las semifinales de la Fase Nacional.<\/p>\n<p>Tres de los \u00faltimos cuatro finalistas del 2013 estar\u00e1n presentes, el campe\u00f3n Atl\u00e9tico Lan\u00fas y el cuarto Deportivo Berazategui formar\u00e1n parte del Grupo A, mientras que el subcampe\u00f3n V\u00e9lez Sarsfield estar\u00e1 en el Grupo B. Social Lan\u00fas, campe\u00f3n en 2012 y tercero en 2013, no ser\u00e1 de la partida en 2014.<\/p>\n<p>&nbsp;<\/p>\n<table width=\"100%\" border=\"2\">\n<tbody>\n<tr>\n<td align=\"center\" bgcolor=\"#4791ec\"><strong><span style=\"font-family: tahoma, verdana, arial, helvetica, sans-serif; font-size: small;\">ZONA \u00a0\u00abA\u00bb<\/span><\/strong><\/td>\n<td align=\"center\" bgcolor=\"#4791ec\"><strong><span style=\"font-family: tahoma, verdana, arial, helvetica, sans-serif; font-size: small;\">ZONA \u00a0\u00abB\u00bb<\/span><\/strong><\/td>\n<\/tr>\n<tr>\n<td align=\"center\" bgcolor=\"#c5c5c5\"><span style=\"font-family: tahoma, verdana, arial, helvetica, sans-serif; font-size: small;\">Sportivo Ben Hur (Rafaela)<\/span><\/td>\n<td align=\"center\" bgcolor=\"#c5c5c5\"><strong><span style=\"font-family: tahoma, verdana, arial, helvetica, sans-serif; font-size: small;\">Barracas Central<\/span><\/strong><\/td>\n<\/tr>\n<tr>\n<td align=\"center\" bgcolor=\"#c5c5c5\"><span style=\"font-family: tahoma, verdana, arial, helvetica, sans-serif; font-size: small;\">Ben Hur (Rosario)<\/span><\/td>\n<td align=\"center\" bgcolor=\"#c5c5c5\"><span style=\"font-family: tahoma, verdana, arial, helvetica, sans-serif; font-size: small;\">Luis Luciano (Urdinarrain)<\/span><\/td>\n<\/tr>\n<tr>\n<td align=\"center\" bgcolor=\"#c5c5c5\"><span style=\"font-family: tahoma, verdana, arial, helvetica, sans-serif; font-size: small;\">Deportivo Berazategui<\/span><\/td>\n<td align=\"center\" bgcolor=\"#c5c5c5\"><span style=\"font-family: tahoma, verdana, arial, helvetica, sans-serif; font-size: small;\">Talleres (Paran\u00e1)<\/span><\/td>\n<\/tr>\n<tr>\n<td align=\"center\" bgcolor=\"#c5c5c5\"><span style=\"font-family: tahoma, verdana, arial, helvetica, sans-serif; font-size: small;\">Lan\u00fas<\/span><\/td>\n<td align=\"center\" bgcolor=\"#c5c5c5\"><span style=\"font-family: tahoma, verdana, arial, helvetica, sans-serif; font-size: small;\">Atalaya (Rosario)<\/span><\/td>\n<\/tr>\n<tr>\n<td align=\"center\" bgcolor=\"#c5c5c5\"><span style=\"font-family: tahoma, verdana, arial, helvetica, sans-serif; font-size: small;\">Argentino de Lan\u00fas<\/span><\/td>\n<td align=\"center\" bgcolor=\"#c5c5c5\"><span style=\"font-family: tahoma, verdana, arial, helvetica, sans-serif; font-size: small;\">Centro Galicia (Bs. As.)<\/span><\/td>\n<\/tr>\n<tr>\n<td align=\"center\" bgcolor=\"#c5c5c5\"><span style=\"font-family: tahoma, verdana, arial, helvetica, sans-serif; font-size: small;\">\u00a0<\/span><\/td>\n<td align=\"center\" bgcolor=\"#c5c5c5\"><span style=\"font-family: tahoma, verdana, arial, helvetica, sans-serif; font-size: small;\">V\u00e9lez Sarsfield<\/span><\/td>\n<\/tr>\n<\/tbody>\n<\/table>\n<p>&nbsp;<\/p>\n<h5>CRONOGRAMA DE PARTIDOS<\/h5>\n<h6>ZONA B<\/h6>\n<p>S\u00e1bado 27\/09<br \/>\nBen Hur (Rosario) vs Ben Hur (Rafaela)<br \/>\nArgentino de Lan\u00fas vs Deportivo Berazategui<\/p>\n<p>S\u00e1bado 11\/10<br \/>\nArgentino de Lan\u00fas vs Ben Hur (Rosario)<br \/>\nDeportivo Berazategui vs Ben Hur (Rafaela)<\/p>\n<p>Domingo 12\/10<br \/>\nAtl\u00e9tico Lan\u00fas vs Ben Hur (Rosario)<br \/>\nArgentino de Lan\u00fas vs Ben Hur (Rafaela)<\/p>\n<p>Lunes 13\/10<br \/>\nAtl\u00e9tico Lan\u00fas vs Ben Hur (Rafaela)<br \/>\nDeportivo Berazategui vs Ben Hur (Rosario)<\/p>\n<p>Jueves 16\/10<br \/>\nAtl\u00e9tico Lan\u00fas vs Argentino de Lan\u00fas<\/p>\n<p>S\u00e1bado 18\/10<br \/>\nDeportivo Berazategui vs Atl\u00e9tico Lan\u00fas<\/p>\n<p>Jueves 23\/10<br \/>\nDeportivo Berazategui vs Argentino de Lan\u00fas<\/p>\n<p>S\u00e1bado 01\/11<br \/>\nBen Hur (Rafaela) vs Ben Hur (Rosario)<\/p>\n<p>Jueves 06\/11<br \/>\nAtl\u00e9tico Lan\u00fas vs Deportivo Berazategui<\/p>\n<p>S\u00e1bado 08\/11<br \/>\nArgentino de Lan\u00fas vs Atl\u00e9tico Lan\u00fas<br \/>\nBen Hur (Rafaela) vs Deportivo Berazategui<\/p>\n<p>Domingo 09\/11<br \/>\nBen Hur (Rosario) vs Deportivo Berazategui<\/p>\n<p>S\u00e1bado 15\/11<br \/>\nBen Hur (Rafaela) vs Atl\u00e9tico Lan\u00fas<br \/>\nBen Hur (Rosario) vs Argentino de Lan\u00fas<\/p>\n<p>Domingo 16\/11<br \/>\nBen Hur (Rafaela) vs Argentino de Lan\u00fas<br \/>\nBen Hur (Rosario) vs Atl\u00e9tico Lan\u00fas<\/p>\n<h6>ZONA B<\/h6>\n<p>S\u00e1bado 27\/09<br \/>\nCentro Galicia vs V\u00e9lez Sarsfield<br \/>\nTalleres (Paran\u00e1) vs Luis Luciano (Urdinarrain)<\/p>\n<p>S\u00e1bado 04\/10<br \/>\nLuis Luciano (Urdinarrain) vs Atalaya (Rosario)<\/p>\n<p>Viernes 10\/10<br \/>\nLuis Luciano (Urdinarrain) vs <strong>Barracas Central (Bah\u00eda Blanca)<\/strong><\/p>\n<p>S\u00e1bado 11\/10<br \/>\nTalleres (Paran\u00e1) vs <strong>Barracas Central (Bah\u00eda Blanca)<\/strong><br \/>\nV\u00e9lez Sarsfield vs Luis Luciano (Urdinarrain)<\/p>\n<p>Domingo 12\/10<br \/>\nAtalaya (Rosario) vs <strong>Barracas Central (Bah\u00eda Blanca)<\/strong><br \/>\nCentro Galicia vs Luis Luciano (Urdinarrain)<\/p>\n<p>Lunes 13\/10<br \/>\nAtalaya (Rosario) vs Talleres (Paran\u00e1)<br \/>\nV\u00e9lez Sarsfield vs <strong>Barracas Central (Bah\u00eda Blanca)<\/strong><\/p>\n<p>Martes 14\/10<br \/>\nCentro Galicia vs <strong>Barracas Central (Bah\u00eda Blanca)<\/strong><\/p>\n<p>Viernes 17\/10<br \/>\nLuis Luciano (Urdinarrain) vs V\u00e9lez Sarsfield<br \/>\nAtalaya (Rosario) vs Centro Galicia<\/p>\n<p>S\u00e1bado 18\/10<br \/>\nTalleres (Paran\u00e1) vs V\u00e9lez Sarsfield<br \/>\nLuis Luciano (Urdinarrain) vs Centro Galicia<\/p>\n<p>Domingo 19\/10<br \/>\nAtalaya (Rosario) vs V\u00e9lez Sarsfield<br \/>\nTalleres (Paran\u00e1) vs Centro Galicia<\/p>\n<p>Viernes 31\/10 &#8211; <strong>En Bah\u00eda Blanca<\/strong><br \/>\n<strong>Barracas Central (Bah\u00eda Blanca)<\/strong> vs Luis Luciano (Urdinarrain)<br \/>\nTalleres (Paran\u00e1) vs Atalaya (Rosario)<\/p>\n<p>S\u00e1bado 01\/11 \u2013 <strong>En Bah\u00eda Blanca<\/strong><br \/>\n<strong>Barracas Central (Bah\u00eda Blanca)<\/strong> vs Atalaya (Rosario)<br \/>\nLuis Luciano (Urdinarrain) vs Talleres (Paran\u00e1)<\/p>\n<p>Domingo 02\/11 \u2013 <strong>En Bah\u00eda Blanca<\/strong><br \/>\n<strong>Barracas Central (Bah\u00eda Blanca)<\/strong> vs Talleres (Paran\u00e1)<br \/>\nAtalaya (Rosario) vs Luis Luciano (Urdinarrain)<\/p>\n<p>Jueves 06\/11<br \/>\nV\u00e9lez Sarsfield vs Centro Galicia<\/p>\n<p>S\u00e1bado 08\/11<br \/>\nCentro Galicia vs Talleres (Paran\u00e1)<br \/>\nV\u00e9lez Sarsfield vs Atalaya (Rosario)<\/p>\n<p>Domingo 09\/11<br \/>\nCentro Galicia vs Atalaya (Rosario)<br \/>\nV\u00e9lez Sarsfield vs Talleres (Paran\u00e1)<\/p>\n<p>S\u00e1bado 15\/11<br \/>\n<strong>Barracas Central (Bah\u00eda Blanca)<\/strong> vs Centro Galicia<\/p>\n<p>Domingo 16\/11<br \/>\n<strong>Barracas Central (Bah\u00eda Blanca)<\/strong> vs V\u00e9lez Sarsfield<\/p>\n<h6>FASE FINAL &#8211; 4-7\/12<\/h6>\n<p><strong>GRUPO 1<\/strong><br \/>\n1\u00b0 ZONA A<br \/>\n2\u00b0 ZONA B<br \/>\n3\u00b0 ZONA A<\/p>\n<p><strong>GRUPO 2<\/strong><br \/>\n1\u00b0 ZONA B<br \/>\n2\u00b0 ZONA A<br \/>\n3\u00b0 ZONA B<\/p>\n<p>La licitaci\u00f3n ser\u00e1 el mi\u00e9rcoles 19\/11<\/p>\n<h6>FIXTURE FASE FINAL<\/h6>\n<p>PRIMERA FECHA &#8211; JUEVES 4\/12<br \/>\n1\u00b0 Zona A vs 2\u00b0 Zona B<br \/>\n1\u00b0 Zona B vs 2\u00b0 Zona A<\/p>\n<p>SEGUNDA FECHA &#8211; VIERNES 5\/12<br \/>\n2\u00b0 Zona B vs 3\u00b0 Zona A<br \/>\n2\u00b0 Zona A vs 3\u00b0 Zona B<\/p>\n<p>TERCERA FECHA &#8211; VIERNES 5\/12<br \/>\n3\u00b0 Zona A vs 1\u00b0 Zona A<br \/>\n3\u00b0 Zona B vs 1\u00b0 Zona B<\/p>\n<p><strong>SEMIFINALES &#8211; S\u00c1BADO 6\/12<\/strong><\/p>\n<p>1\u00b0 Grupo 1 vs 2\u00b0 Grupo 2<br \/>\n1\u00b0 Grupo 2 vs 2\u00b0 Grupo 1<br \/>\nEn todos los casos, el equipo organizador jugar\u00e1 en segundo turno de partidos.<\/p>\n<p><strong>TERCER PUESTO &#8211; DOMINGO 7\/12<\/strong><br \/>\n<strong>FINAL &#8211; DOMINGO 7\/12<\/strong><\/p>\n<p><strong>Fuente:<\/strong> Federico Radulovich (Prensa CABB).<\/p>\n","protected":false},"excerpt":{"rendered":"<p>Comenzar\u00e1 a disputar la Liga el 10 de octubre, en Gualeguaych\u00fa<\/p>\n","protected":false},"author":1,"featured_media":38321,"comment_status":"closed","ping_status":"open","sticky":false,"template":"","format":"standard","meta":{"jnews-multi-image_gallery":[],"jnews_single_post":[],"jnews_primary_category":[],"footnotes":""},"categories":[33,101],"tags":[391,6],"class_list":["post-38319","post","type-post","status-publish","format-standard","has-post-thumbnail","hentry","category-femenino","category-slide","tag-argentino-u17","tag-barracas-central"],"yoast_head":"<!-- This site is optimized with the Yoast SEO plugin v27.5 - https:\/\/yoast.com\/product\/yoast-seo-wordpress\/ -->\n<title>Barracas U17 conoce el camino - Gente de B\u00e1squet<\/title>\n<meta name=\"robots\" content=\"index, follow, max-snippet:-1, max-image-preview:large, max-video-preview:-1\" \/>\n<link rel=\"canonical\" href=\"https:\/\/gentedebasquet.com.ar\/sitio\/2014\/09\/20\/barracas-u17-conoce-el-camino\/\" \/>\n<meta property=\"og:locale\" content=\"es_ES\" \/>\n<meta property=\"og:type\" content=\"article\" \/>\n<meta property=\"og:title\" content=\"Barracas U17 conoce el camino - Gente de B\u00e1squet\" \/>\n<meta property=\"og:description\" content=\"Comenzar\u00e1 a disputar la Liga el 10 de octubre, en Gualeguaych\u00fa\" \/>\n<meta property=\"og:url\" content=\"https:\/\/gentedebasquet.com.ar\/sitio\/2014\/09\/20\/barracas-u17-conoce-el-camino\/\" \/>\n<meta property=\"og:site_name\" content=\"Gente de B\u00e1squet\" \/>\n<meta property=\"article:published_time\" content=\"2014-09-20T03:19:39+00:00\" \/>\n<meta property=\"og:image\" content=\"https:\/\/gentedebasquet.com.ar\/sitio\/wp-content\/uploads\/2014\/09\/CABB-copia.jpg\" \/>\n\t<meta property=\"og:image:width\" content=\"690\" \/>\n\t<meta property=\"og:image:height\" content=\"319\" \/>\n\t<meta property=\"og:image:type\" content=\"image\/jpeg\" \/>\n<meta name=\"author\" content=\"Gente de B\u00e1squet\" \/>\n<meta name=\"twitter:card\" content=\"summary_large_image\" \/>\n<meta name=\"twitter:label1\" content=\"Escrito por\" \/>\n\t<meta name=\"twitter:data1\" content=\"Gente de B\u00e1squet\" \/>\n\t<meta name=\"twitter:label2\" content=\"Tiempo de lectura\" \/>\n\t<meta name=\"twitter:data2\" content=\"4 minutos\" \/>\n<script type=\"application\/ld+json\" class=\"yoast-schema-graph\">{\"@context\":\"https:\\\/\\\/schema.org\",\"@graph\":[{\"@type\":\"Article\",\"@id\":\"https:\\\/\\\/gentedebasquet.com.ar\\\/sitio\\\/2014\\\/09\\\/20\\\/barracas-u17-conoce-el-camino\\\/#article\",\"isPartOf\":{\"@id\":\"https:\\\/\\\/gentedebasquet.com.ar\\\/sitio\\\/2014\\\/09\\\/20\\\/barracas-u17-conoce-el-camino\\\/\"},\"author\":{\"name\":\"Gente de B\u00e1squet\",\"@id\":\"https:\\\/\\\/gentedebasquet.com.ar\\\/sitio\\\/#\\\/schema\\\/person\\\/ca0b63bbb977369988a7bbbdc519943a\"},\"headline\":\"Barracas U17 conoce el camino\",\"datePublished\":\"2014-09-20T03:19:39+00:00\",\"mainEntityOfPage\":{\"@id\":\"https:\\\/\\\/gentedebasquet.com.ar\\\/sitio\\\/2014\\\/09\\\/20\\\/barracas-u17-conoce-el-camino\\\/\"},\"wordCount\":802,\"image\":{\"@id\":\"https:\\\/\\\/gentedebasquet.com.ar\\\/sitio\\\/2014\\\/09\\\/20\\\/barracas-u17-conoce-el-camino\\\/#primaryimage\"},\"thumbnailUrl\":\"https:\\\/\\\/gentedebasquet.com.ar\\\/sitio\\\/wp-content\\\/uploads\\\/2014\\\/09\\\/CABB-copia.jpg\",\"keywords\":[\"Argentino U17\",\"Barracas Central\"],\"articleSection\":[\"Femenino\",\"Slide\"],\"inLanguage\":\"es\"},{\"@type\":\"WebPage\",\"@id\":\"https:\\\/\\\/gentedebasquet.com.ar\\\/sitio\\\/2014\\\/09\\\/20\\\/barracas-u17-conoce-el-camino\\\/\",\"url\":\"https:\\\/\\\/gentedebasquet.com.ar\\\/sitio\\\/2014\\\/09\\\/20\\\/barracas-u17-conoce-el-camino\\\/\",\"name\":\"Barracas U17 conoce el camino - Gente de B\u00e1squet\",\"isPartOf\":{\"@id\":\"https:\\\/\\\/gentedebasquet.com.ar\\\/sitio\\\/#website\"},\"primaryImageOfPage\":{\"@id\":\"https:\\\/\\\/gentedebasquet.com.ar\\\/sitio\\\/2014\\\/09\\\/20\\\/barracas-u17-conoce-el-camino\\\/#primaryimage\"},\"image\":{\"@id\":\"https:\\\/\\\/gentedebasquet.com.ar\\\/sitio\\\/2014\\\/09\\\/20\\\/barracas-u17-conoce-el-camino\\\/#primaryimage\"},\"thumbnailUrl\":\"https:\\\/\\\/gentedebasquet.com.ar\\\/sitio\\\/wp-content\\\/uploads\\\/2014\\\/09\\\/CABB-copia.jpg\",\"datePublished\":\"2014-09-20T03:19:39+00:00\",\"author\":{\"@id\":\"https:\\\/\\\/gentedebasquet.com.ar\\\/sitio\\\/#\\\/schema\\\/person\\\/ca0b63bbb977369988a7bbbdc519943a\"},\"breadcrumb\":{\"@id\":\"https:\\\/\\\/gentedebasquet.com.ar\\\/sitio\\\/2014\\\/09\\\/20\\\/barracas-u17-conoce-el-camino\\\/#breadcrumb\"},\"inLanguage\":\"es\",\"potentialAction\":[{\"@type\":\"ReadAction\",\"target\":[\"https:\\\/\\\/gentedebasquet.com.ar\\\/sitio\\\/2014\\\/09\\\/20\\\/barracas-u17-conoce-el-camino\\\/\"]}]},{\"@type\":\"ImageObject\",\"inLanguage\":\"es\",\"@id\":\"https:\\\/\\\/gentedebasquet.com.ar\\\/sitio\\\/2014\\\/09\\\/20\\\/barracas-u17-conoce-el-camino\\\/#primaryimage\",\"url\":\"https:\\\/\\\/gentedebasquet.com.ar\\\/sitio\\\/wp-content\\\/uploads\\\/2014\\\/09\\\/CABB-copia.jpg\",\"contentUrl\":\"https:\\\/\\\/gentedebasquet.com.ar\\\/sitio\\\/wp-content\\\/uploads\\\/2014\\\/09\\\/CABB-copia.jpg\",\"width\":690,\"height\":319},{\"@type\":\"BreadcrumbList\",\"@id\":\"https:\\\/\\\/gentedebasquet.com.ar\\\/sitio\\\/2014\\\/09\\\/20\\\/barracas-u17-conoce-el-camino\\\/#breadcrumb\",\"itemListElement\":[{\"@type\":\"ListItem\",\"position\":1,\"name\":\"Portada\",\"item\":\"https:\\\/\\\/gentedebasquet.com.ar\\\/sitio\\\/\"},{\"@type\":\"ListItem\",\"position\":2,\"name\":\"Barracas U17 conoce el camino\"}]},{\"@type\":\"WebSite\",\"@id\":\"https:\\\/\\\/gentedebasquet.com.ar\\\/sitio\\\/#website\",\"url\":\"https:\\\/\\\/gentedebasquet.com.ar\\\/sitio\\\/\",\"name\":\"Gente de B\u00e1squet\",\"description\":\"La revista del basquet de Bah\u00eda Blanca\",\"potentialAction\":[{\"@type\":\"SearchAction\",\"target\":{\"@type\":\"EntryPoint\",\"urlTemplate\":\"https:\\\/\\\/gentedebasquet.com.ar\\\/sitio\\\/?s={search_term_string}\"},\"query-input\":{\"@type\":\"PropertyValueSpecification\",\"valueRequired\":true,\"valueName\":\"search_term_string\"}}],\"inLanguage\":\"es\"},{\"@type\":\"Person\",\"@id\":\"https:\\\/\\\/gentedebasquet.com.ar\\\/sitio\\\/#\\\/schema\\\/person\\\/ca0b63bbb977369988a7bbbdc519943a\",\"name\":\"Gente de B\u00e1squet\",\"image\":{\"@type\":\"ImageObject\",\"inLanguage\":\"es\",\"@id\":\"https:\\\/\\\/secure.gravatar.com\\\/avatar\\\/7f2c48bdc33b30088f941fb6082e555f2874c98e20cb159d7b92b50eadfce793?s=96&d=mm&r=g\",\"url\":\"https:\\\/\\\/secure.gravatar.com\\\/avatar\\\/7f2c48bdc33b30088f941fb6082e555f2874c98e20cb159d7b92b50eadfce793?s=96&d=mm&r=g\",\"contentUrl\":\"https:\\\/\\\/secure.gravatar.com\\\/avatar\\\/7f2c48bdc33b30088f941fb6082e555f2874c98e20cb159d7b92b50eadfce793?s=96&d=mm&r=g\",\"caption\":\"Gente de B\u00e1squet\"},\"sameAs\":[\"http:\\\/\\\/gentedebasquet.com.ar\\\/sitio\"],\"url\":\"https:\\\/\\\/gentedebasquet.com.ar\\\/sitio\\\/author\\\/ulises\\\/\"}]}<\/script>\n<!-- \/ Yoast SEO plugin. -->","yoast_head_json":{"title":"Barracas U17 conoce el camino - Gente de B\u00e1squet","robots":{"index":"index","follow":"follow","max-snippet":"max-snippet:-1","max-image-preview":"max-image-preview:large","max-video-preview":"max-video-preview:-1"},"canonical":"https:\/\/gentedebasquet.com.ar\/sitio\/2014\/09\/20\/barracas-u17-conoce-el-camino\/","og_locale":"es_ES","og_type":"article","og_title":"Barracas U17 conoce el camino - Gente de B\u00e1squet","og_description":"Comenzar\u00e1 a disputar la Liga el 10 de octubre, en Gualeguaych\u00fa","og_url":"https:\/\/gentedebasquet.com.ar\/sitio\/2014\/09\/20\/barracas-u17-conoce-el-camino\/","og_site_name":"Gente de B\u00e1squet","article_published_time":"2014-09-20T03:19:39+00:00","og_image":[{"width":690,"height":319,"url":"https:\/\/gentedebasquet.com.ar\/sitio\/wp-content\/uploads\/2014\/09\/CABB-copia.jpg","type":"image\/jpeg"}],"author":"Gente de B\u00e1squet","twitter_card":"summary_large_image","twitter_misc":{"Escrito por":"Gente de B\u00e1squet","Tiempo de lectura":"4 minutos"},"schema":{"@context":"https:\/\/schema.org","@graph":[{"@type":"Article","@id":"https:\/\/gentedebasquet.com.ar\/sitio\/2014\/09\/20\/barracas-u17-conoce-el-camino\/#article","isPartOf":{"@id":"https:\/\/gentedebasquet.com.ar\/sitio\/2014\/09\/20\/barracas-u17-conoce-el-camino\/"},"author":{"name":"Gente de B\u00e1squet","@id":"https:\/\/gentedebasquet.com.ar\/sitio\/#\/schema\/person\/ca0b63bbb977369988a7bbbdc519943a"},"headline":"Barracas U17 conoce el camino","datePublished":"2014-09-20T03:19:39+00:00","mainEntityOfPage":{"@id":"https:\/\/gentedebasquet.com.ar\/sitio\/2014\/09\/20\/barracas-u17-conoce-el-camino\/"},"wordCount":802,"image":{"@id":"https:\/\/gentedebasquet.com.ar\/sitio\/2014\/09\/20\/barracas-u17-conoce-el-camino\/#primaryimage"},"thumbnailUrl":"https:\/\/gentedebasquet.com.ar\/sitio\/wp-content\/uploads\/2014\/09\/CABB-copia.jpg","keywords":["Argentino U17","Barracas Central"],"articleSection":["Femenino","Slide"],"inLanguage":"es"},{"@type":"WebPage","@id":"https:\/\/gentedebasquet.com.ar\/sitio\/2014\/09\/20\/barracas-u17-conoce-el-camino\/","url":"https:\/\/gentedebasquet.com.ar\/sitio\/2014\/09\/20\/barracas-u17-conoce-el-camino\/","name":"Barracas U17 conoce el camino - Gente de B\u00e1squet","isPartOf":{"@id":"https:\/\/gentedebasquet.com.ar\/sitio\/#website"},"primaryImageOfPage":{"@id":"https:\/\/gentedebasquet.com.ar\/sitio\/2014\/09\/20\/barracas-u17-conoce-el-camino\/#primaryimage"},"image":{"@id":"https:\/\/gentedebasquet.com.ar\/sitio\/2014\/09\/20\/barracas-u17-conoce-el-camino\/#primaryimage"},"thumbnailUrl":"https:\/\/gentedebasquet.com.ar\/sitio\/wp-content\/uploads\/2014\/09\/CABB-copia.jpg","datePublished":"2014-09-20T03:19:39+00:00","author":{"@id":"https:\/\/gentedebasquet.com.ar\/sitio\/#\/schema\/person\/ca0b63bbb977369988a7bbbdc519943a"},"breadcrumb":{"@id":"https:\/\/gentedebasquet.com.ar\/sitio\/2014\/09\/20\/barracas-u17-conoce-el-camino\/#breadcrumb"},"inLanguage":"es","potentialAction":[{"@type":"ReadAction","target":["https:\/\/gentedebasquet.com.ar\/sitio\/2014\/09\/20\/barracas-u17-conoce-el-camino\/"]}]},{"@type":"ImageObject","inLanguage":"es","@id":"https:\/\/gentedebasquet.com.ar\/sitio\/2014\/09\/20\/barracas-u17-conoce-el-camino\/#primaryimage","url":"https:\/\/gentedebasquet.com.ar\/sitio\/wp-content\/uploads\/2014\/09\/CABB-copia.jpg","contentUrl":"https:\/\/gentedebasquet.com.ar\/sitio\/wp-content\/uploads\/2014\/09\/CABB-copia.jpg","width":690,"height":319},{"@type":"BreadcrumbList","@id":"https:\/\/gentedebasquet.com.ar\/sitio\/2014\/09\/20\/barracas-u17-conoce-el-camino\/#breadcrumb","itemListElement":[{"@type":"ListItem","position":1,"name":"Portada","item":"https:\/\/gentedebasquet.com.ar\/sitio\/"},{"@type":"ListItem","position":2,"name":"Barracas U17 conoce el camino"}]},{"@type":"WebSite","@id":"https:\/\/gentedebasquet.com.ar\/sitio\/#website","url":"https:\/\/gentedebasquet.com.ar\/sitio\/","name":"Gente de B\u00e1squet","description":"La revista del basquet de Bah\u00eda Blanca","potentialAction":[{"@type":"SearchAction","target":{"@type":"EntryPoint","urlTemplate":"https:\/\/gentedebasquet.com.ar\/sitio\/?s={search_term_string}"},"query-input":{"@type":"PropertyValueSpecification","valueRequired":true,"valueName":"search_term_string"}}],"inLanguage":"es"},{"@type":"Person","@id":"https:\/\/gentedebasquet.com.ar\/sitio\/#\/schema\/person\/ca0b63bbb977369988a7bbbdc519943a","name":"Gente de B\u00e1squet","image":{"@type":"ImageObject","inLanguage":"es","@id":"https:\/\/secure.gravatar.com\/avatar\/7f2c48bdc33b30088f941fb6082e555f2874c98e20cb159d7b92b50eadfce793?s=96&d=mm&r=g","url":"https:\/\/secure.gravatar.com\/avatar\/7f2c48bdc33b30088f941fb6082e555f2874c98e20cb159d7b92b50eadfce793?s=96&d=mm&r=g","contentUrl":"https:\/\/secure.gravatar.com\/avatar\/7f2c48bdc33b30088f941fb6082e555f2874c98e20cb159d7b92b50eadfce793?s=96&d=mm&r=g","caption":"Gente de B\u00e1squet"},"sameAs":["http:\/\/gentedebasquet.com.ar\/sitio"],"url":"https:\/\/gentedebasquet.com.ar\/sitio\/author\/ulises\/"}]}},"_links":{"self":[{"href":"https:\/\/gentedebasquet.com.ar\/sitio\/wp-json\/wp\/v2\/posts\/38319","targetHints":{"allow":["GET"]}}],"collection":[{"href":"https:\/\/gentedebasquet.com.ar\/sitio\/wp-json\/wp\/v2\/posts"}],"about":[{"href":"https:\/\/gentedebasquet.com.ar\/sitio\/wp-json\/wp\/v2\/types\/post"}],"author":[{"embeddable":true,"href":"https:\/\/gentedebasquet.com.ar\/sitio\/wp-json\/wp\/v2\/users\/1"}],"replies":[{"embeddable":true,"href":"https:\/\/gentedebasquet.com.ar\/sitio\/wp-json\/wp\/v2\/comments?post=38319"}],"version-history":[{"count":0,"href":"https:\/\/gentedebasquet.com.ar\/sitio\/wp-json\/wp\/v2\/posts\/38319\/revisions"}],"wp:featuredmedia":[{"embeddable":true,"href":"https:\/\/gentedebasquet.com.ar\/sitio\/wp-json\/wp\/v2\/media\/38321"}],"wp:attachment":[{"href":"https:\/\/gentedebasquet.com.ar\/sitio\/wp-json\/wp\/v2\/media?parent=38319"}],"wp:term":[{"taxonomy":"category","embeddable":true,"href":"https:\/\/gentedebasquet.com.ar\/sitio\/wp-json\/wp\/v2\/categories?post=38319"},{"taxonomy":"post_tag","embeddable":true,"href":"https:\/\/gentedebasquet.com.ar\/sitio\/wp-json\/wp\/v2\/tags?post=38319"}],"curies":[{"name":"wp","href":"https:\/\/api.w.org\/{rel}","templated":true}]}}