{"id":38395,"date":"2014-09-23T12:38:40","date_gmt":"2014-09-23T15:38:40","guid":{"rendered":"http:\/\/www.gentedebasquet.com.ar\/?p=38395"},"modified":"2014-09-23T12:38:40","modified_gmt":"2014-09-23T15:38:40","slug":"vamos-a-ser-mas-completos","status":"publish","type":"post","link":"https:\/\/gentedebasquet.com.ar\/sitio\/2014\/09\/23\/vamos-a-ser-mas-completos\/","title":{"rendered":"\u00abVamos a ser m\u00e1s completos\u00bb"},"content":{"rendered":"<p><strong>Diego Gerbaudo, capit\u00e1n de Bah\u00eda Basket, analiz\u00f3 el paso por San Mart\u00edn de los Andes y hace una rese\u00f1a de lo que ser\u00e1 el arranque de una nueva temporada.\u00a0El base se mostr\u00f3 ansioso por comenzar e intentar plasmar un estilo de juego los caracteriz\u00f3 durante el a\u00f1o anterior.\u00a0\u201cTrataremos de seguir con la misma filosof\u00eda de juego. Creo el a\u00f1o pasado nos destacamos por correr mucho y defender fuerte e intentaremos mantener esa tendencia. Con la llegada de jugadores con experiencia buscaremos ser m\u00e1s pacientes en los momentos claves\u201d, se\u00f1al\u00f3.<\/strong><\/p>\n<p><em>\u00bfC\u00f3mo vivi\u00f3 el equipo la experiencia en San Mart\u00edn de los Andes?<\/em><\/p>\n<p>Excelente. Sirvi\u00f3 mucho para trabajar, para hacer al grupo. Es una ciudad muy linda. Estuvimos conociendo un poco el lugar y a la gente nos recibi\u00f3 muy bien. Estamos muy contentos por el trato que tuvieron con nosotros. Espero que se vuelva a repetir muy pronto.<\/p>\n<p><em>\u00bfC\u00f3mo ves la llegada de Dagoberto Pe\u00f1a y John Albert Thomas al plantel?<\/em><\/p>\n<p>Llegaron de buena manera. Se est\u00e1n adaptando de a poco y sabemos que esta es una Liga muy competitiva. Ellos van a jugar por primera vez esta competencia y esperamos que nos puedan dar una mano grande y el salto de calidad que necesitamos.<\/p>\n<p><em>\u00bfC\u00f3mo se encuentra el equipo de cara al comienzo de la Liga?<\/em><\/p>\n<p>La mayor\u00eda ya nos conocemos. La llegada de Omar, Ariel y Julio fue muy buena. Por suerte se adaptaron muy r\u00e1pido al equipo y a nuestra manera de jugar. Esa ser\u00e1 una de las cosas que intentaremos plasmar. Esperemos poder arrancar con el pie derecho el martes pr\u00f3ximo contra Comodoro en casa. Estamos con muchas ganas de que empiece la liga.<\/p>\n<p><em>\u00bfCu\u00e1l ser\u00e1 el perfil de juego del equipo para este a\u00f1o?<\/em><\/p>\n<p>Trataremos de seguir con la misma filosof\u00eda de juego. Creo el a\u00f1o pasado nos destacamos por correr mucho y defender fuerte. Intentaremos mantener esa tendencia.\u00a0Con la llegada de jugadores con experiencia buscaremos ser m\u00e1s pacientes en los momentos claves. Vamos a ser m\u00e1s completos y vamos a tener muchas variantes.<\/p>\n<p><em>\u00bfCu\u00e1les son las expectativas para el arranque?<\/em><\/p>\n<p>Haremos lo posible para poder clasificar al \u201cSuper 8\u201d y llegar a los Playoffs al final de la fase regular.<\/p>\n<p><strong>Fuente:<\/strong> Prensa Bah\u00eda Basket.<\/p>\n<p><strong>Foto:<\/strong> Prensa Bah\u00eda Basket.<\/p>\n","protected":false},"excerpt":{"rendered":"<p>El base y capit\u00e1n de Bah\u00eda y el an\u00e1lisis previo a la temporada 2014-15 de la LNB<\/p>\n","protected":false},"author":1,"featured_media":38396,"comment_status":"closed","ping_status":"open","sticky":false,"template":"","format":"standard","meta":{"jnews-multi-image_gallery":[],"jnews_single_post":[],"jnews_primary_category":[],"footnotes":""},"categories":[57,101],"tags":[58,154,78],"class_list":["post-38395","post","type-post","status-publish","format-standard","has-post-thumbnail","hentry","category-bahia-basket","category-slide","tag-bahiabasket","tag-diego-gerbaudo","tag-lnb"],"yoast_head":"<!-- This site is optimized with the Yoast SEO plugin v27.5 - https:\/\/yoast.com\/product\/yoast-seo-wordpress\/ -->\n<title>&quot;Vamos a ser m\u00e1s completos&quot; - Gente de B\u00e1squet<\/title>\n<meta name=\"robots\" content=\"index, follow, max-snippet:-1, max-image-preview:large, max-video-preview:-1\" \/>\n<link rel=\"canonical\" href=\"http:\/\/gentedebasquet.com.ar\/sitio\/2014\/09\/23\/vamos-a-ser-mas-completos\/\" \/>\n<meta property=\"og:locale\" content=\"es_ES\" \/>\n<meta property=\"og:type\" content=\"article\" \/>\n<meta property=\"og:title\" content=\"&quot;Vamos a ser m\u00e1s completos&quot; - Gente de B\u00e1squet\" \/>\n<meta property=\"og:description\" content=\"El base y capit\u00e1n de Bah\u00eda y el an\u00e1lisis previo a la temporada 2014-15 de la LNB\" \/>\n<meta property=\"og:url\" content=\"http:\/\/gentedebasquet.com.ar\/sitio\/2014\/09\/23\/vamos-a-ser-mas-completos\/\" \/>\n<meta property=\"og:site_name\" content=\"Gente de B\u00e1squet\" \/>\n<meta property=\"article:published_time\" content=\"2014-09-23T15:38:40+00:00\" \/>\n<meta property=\"og:image\" content=\"http:\/\/gentedebasquet.com.ar\/sitio\/wp-content\/uploads\/2014\/09\/Gerbaudo1.jpg\" \/>\n\t<meta property=\"og:image:width\" content=\"690\" \/>\n\t<meta property=\"og:image:height\" content=\"319\" \/>\n\t<meta property=\"og:image:type\" content=\"image\/jpeg\" \/>\n<meta name=\"author\" content=\"Gente de B\u00e1squet\" \/>\n<meta name=\"twitter:card\" content=\"summary_large_image\" \/>\n<meta name=\"twitter:label1\" content=\"Escrito por\" \/>\n\t<meta name=\"twitter:data1\" content=\"Gente de B\u00e1squet\" \/>\n\t<meta name=\"twitter:label2\" content=\"Tiempo de lectura\" \/>\n\t<meta name=\"twitter:data2\" content=\"2 minutos\" \/>\n<script type=\"application\/ld+json\" class=\"yoast-schema-graph\">{\"@context\":\"https:\\\/\\\/schema.org\",\"@graph\":[{\"@type\":\"Article\",\"@id\":\"http:\\\/\\\/gentedebasquet.com.ar\\\/sitio\\\/2014\\\/09\\\/23\\\/vamos-a-ser-mas-completos\\\/#article\",\"isPartOf\":{\"@id\":\"http:\\\/\\\/gentedebasquet.com.ar\\\/sitio\\\/2014\\\/09\\\/23\\\/vamos-a-ser-mas-completos\\\/\"},\"author\":{\"name\":\"Gente de B\u00e1squet\",\"@id\":\"https:\\\/\\\/gentedebasquet.com.ar\\\/sitio\\\/#\\\/schema\\\/person\\\/ca0b63bbb977369988a7bbbdc519943a\"},\"headline\":\"\u00abVamos a ser m\u00e1s completos\u00bb\",\"datePublished\":\"2014-09-23T15:38:40+00:00\",\"mainEntityOfPage\":{\"@id\":\"http:\\\/\\\/gentedebasquet.com.ar\\\/sitio\\\/2014\\\/09\\\/23\\\/vamos-a-ser-mas-completos\\\/\"},\"wordCount\":408,\"image\":{\"@id\":\"http:\\\/\\\/gentedebasquet.com.ar\\\/sitio\\\/2014\\\/09\\\/23\\\/vamos-a-ser-mas-completos\\\/#primaryimage\"},\"thumbnailUrl\":\"https:\\\/\\\/gentedebasquet.com.ar\\\/sitio\\\/wp-content\\\/uploads\\\/2014\\\/09\\\/Gerbaudo1.jpg\",\"keywords\":[\"Bah\u00eda Basket\",\"Diego Gerbaudo\",\"LNB\"],\"articleSection\":[\"Bah\u00eda Basket\",\"Slide\"],\"inLanguage\":\"es\"},{\"@type\":\"WebPage\",\"@id\":\"http:\\\/\\\/gentedebasquet.com.ar\\\/sitio\\\/2014\\\/09\\\/23\\\/vamos-a-ser-mas-completos\\\/\",\"url\":\"http:\\\/\\\/gentedebasquet.com.ar\\\/sitio\\\/2014\\\/09\\\/23\\\/vamos-a-ser-mas-completos\\\/\",\"name\":\"\\\"Vamos a ser m\u00e1s completos\\\" - Gente de B\u00e1squet\",\"isPartOf\":{\"@id\":\"https:\\\/\\\/gentedebasquet.com.ar\\\/sitio\\\/#website\"},\"primaryImageOfPage\":{\"@id\":\"http:\\\/\\\/gentedebasquet.com.ar\\\/sitio\\\/2014\\\/09\\\/23\\\/vamos-a-ser-mas-completos\\\/#primaryimage\"},\"image\":{\"@id\":\"http:\\\/\\\/gentedebasquet.com.ar\\\/sitio\\\/2014\\\/09\\\/23\\\/vamos-a-ser-mas-completos\\\/#primaryimage\"},\"thumbnailUrl\":\"https:\\\/\\\/gentedebasquet.com.ar\\\/sitio\\\/wp-content\\\/uploads\\\/2014\\\/09\\\/Gerbaudo1.jpg\",\"datePublished\":\"2014-09-23T15:38:40+00:00\",\"author\":{\"@id\":\"https:\\\/\\\/gentedebasquet.com.ar\\\/sitio\\\/#\\\/schema\\\/person\\\/ca0b63bbb977369988a7bbbdc519943a\"},\"breadcrumb\":{\"@id\":\"http:\\\/\\\/gentedebasquet.com.ar\\\/sitio\\\/2014\\\/09\\\/23\\\/vamos-a-ser-mas-completos\\\/#breadcrumb\"},\"inLanguage\":\"es\",\"potentialAction\":[{\"@type\":\"ReadAction\",\"target\":[\"http:\\\/\\\/gentedebasquet.com.ar\\\/sitio\\\/2014\\\/09\\\/23\\\/vamos-a-ser-mas-completos\\\/\"]}]},{\"@type\":\"ImageObject\",\"inLanguage\":\"es\",\"@id\":\"http:\\\/\\\/gentedebasquet.com.ar\\\/sitio\\\/2014\\\/09\\\/23\\\/vamos-a-ser-mas-completos\\\/#primaryimage\",\"url\":\"https:\\\/\\\/gentedebasquet.com.ar\\\/sitio\\\/wp-content\\\/uploads\\\/2014\\\/09\\\/Gerbaudo1.jpg\",\"contentUrl\":\"https:\\\/\\\/gentedebasquet.com.ar\\\/sitio\\\/wp-content\\\/uploads\\\/2014\\\/09\\\/Gerbaudo1.jpg\",\"width\":690,\"height\":319},{\"@type\":\"BreadcrumbList\",\"@id\":\"http:\\\/\\\/gentedebasquet.com.ar\\\/sitio\\\/2014\\\/09\\\/23\\\/vamos-a-ser-mas-completos\\\/#breadcrumb\",\"itemListElement\":[{\"@type\":\"ListItem\",\"position\":1,\"name\":\"Portada\",\"item\":\"https:\\\/\\\/gentedebasquet.com.ar\\\/sitio\\\/\"},{\"@type\":\"ListItem\",\"position\":2,\"name\":\"\u00abVamos a ser m\u00e1s completos\u00bb\"}]},{\"@type\":\"WebSite\",\"@id\":\"https:\\\/\\\/gentedebasquet.com.ar\\\/sitio\\\/#website\",\"url\":\"https:\\\/\\\/gentedebasquet.com.ar\\\/sitio\\\/\",\"name\":\"Gente de B\u00e1squet\",\"description\":\"La revista del basquet de Bah\u00eda Blanca\",\"potentialAction\":[{\"@type\":\"SearchAction\",\"target\":{\"@type\":\"EntryPoint\",\"urlTemplate\":\"https:\\\/\\\/gentedebasquet.com.ar\\\/sitio\\\/?s={search_term_string}\"},\"query-input\":{\"@type\":\"PropertyValueSpecification\",\"valueRequired\":true,\"valueName\":\"search_term_string\"}}],\"inLanguage\":\"es\"},{\"@type\":\"Person\",\"@id\":\"https:\\\/\\\/gentedebasquet.com.ar\\\/sitio\\\/#\\\/schema\\\/person\\\/ca0b63bbb977369988a7bbbdc519943a\",\"name\":\"Gente de B\u00e1squet\",\"image\":{\"@type\":\"ImageObject\",\"inLanguage\":\"es\",\"@id\":\"https:\\\/\\\/secure.gravatar.com\\\/avatar\\\/7f2c48bdc33b30088f941fb6082e555f2874c98e20cb159d7b92b50eadfce793?s=96&d=mm&r=g\",\"url\":\"https:\\\/\\\/secure.gravatar.com\\\/avatar\\\/7f2c48bdc33b30088f941fb6082e555f2874c98e20cb159d7b92b50eadfce793?s=96&d=mm&r=g\",\"contentUrl\":\"https:\\\/\\\/secure.gravatar.com\\\/avatar\\\/7f2c48bdc33b30088f941fb6082e555f2874c98e20cb159d7b92b50eadfce793?s=96&d=mm&r=g\",\"caption\":\"Gente de B\u00e1squet\"},\"sameAs\":[\"http:\\\/\\\/gentedebasquet.com.ar\\\/sitio\"],\"url\":\"https:\\\/\\\/gentedebasquet.com.ar\\\/sitio\\\/author\\\/ulises\\\/\"}]}<\/script>\n<!-- \/ Yoast SEO plugin. -->","yoast_head_json":{"title":"\"Vamos a ser m\u00e1s completos\" - Gente de B\u00e1squet","robots":{"index":"index","follow":"follow","max-snippet":"max-snippet:-1","max-image-preview":"max-image-preview:large","max-video-preview":"max-video-preview:-1"},"canonical":"http:\/\/gentedebasquet.com.ar\/sitio\/2014\/09\/23\/vamos-a-ser-mas-completos\/","og_locale":"es_ES","og_type":"article","og_title":"\"Vamos a ser m\u00e1s completos\" - Gente de B\u00e1squet","og_description":"El base y capit\u00e1n de Bah\u00eda y el an\u00e1lisis previo a la temporada 2014-15 de la LNB","og_url":"http:\/\/gentedebasquet.com.ar\/sitio\/2014\/09\/23\/vamos-a-ser-mas-completos\/","og_site_name":"Gente de B\u00e1squet","article_published_time":"2014-09-23T15:38:40+00:00","og_image":[{"width":690,"height":319,"url":"http:\/\/gentedebasquet.com.ar\/sitio\/wp-content\/uploads\/2014\/09\/Gerbaudo1.jpg","type":"image\/jpeg"}],"author":"Gente de B\u00e1squet","twitter_card":"summary_large_image","twitter_misc":{"Escrito por":"Gente de B\u00e1squet","Tiempo de lectura":"2 minutos"},"schema":{"@context":"https:\/\/schema.org","@graph":[{"@type":"Article","@id":"http:\/\/gentedebasquet.com.ar\/sitio\/2014\/09\/23\/vamos-a-ser-mas-completos\/#article","isPartOf":{"@id":"http:\/\/gentedebasquet.com.ar\/sitio\/2014\/09\/23\/vamos-a-ser-mas-completos\/"},"author":{"name":"Gente de B\u00e1squet","@id":"https:\/\/gentedebasquet.com.ar\/sitio\/#\/schema\/person\/ca0b63bbb977369988a7bbbdc519943a"},"headline":"\u00abVamos a ser m\u00e1s completos\u00bb","datePublished":"2014-09-23T15:38:40+00:00","mainEntityOfPage":{"@id":"http:\/\/gentedebasquet.com.ar\/sitio\/2014\/09\/23\/vamos-a-ser-mas-completos\/"},"wordCount":408,"image":{"@id":"http:\/\/gentedebasquet.com.ar\/sitio\/2014\/09\/23\/vamos-a-ser-mas-completos\/#primaryimage"},"thumbnailUrl":"https:\/\/gentedebasquet.com.ar\/sitio\/wp-content\/uploads\/2014\/09\/Gerbaudo1.jpg","keywords":["Bah\u00eda Basket","Diego Gerbaudo","LNB"],"articleSection":["Bah\u00eda Basket","Slide"],"inLanguage":"es"},{"@type":"WebPage","@id":"http:\/\/gentedebasquet.com.ar\/sitio\/2014\/09\/23\/vamos-a-ser-mas-completos\/","url":"http:\/\/gentedebasquet.com.ar\/sitio\/2014\/09\/23\/vamos-a-ser-mas-completos\/","name":"\"Vamos a ser m\u00e1s completos\" - Gente de B\u00e1squet","isPartOf":{"@id":"https:\/\/gentedebasquet.com.ar\/sitio\/#website"},"primaryImageOfPage":{"@id":"http:\/\/gentedebasquet.com.ar\/sitio\/2014\/09\/23\/vamos-a-ser-mas-completos\/#primaryimage"},"image":{"@id":"http:\/\/gentedebasquet.com.ar\/sitio\/2014\/09\/23\/vamos-a-ser-mas-completos\/#primaryimage"},"thumbnailUrl":"https:\/\/gentedebasquet.com.ar\/sitio\/wp-content\/uploads\/2014\/09\/Gerbaudo1.jpg","datePublished":"2014-09-23T15:38:40+00:00","author":{"@id":"https:\/\/gentedebasquet.com.ar\/sitio\/#\/schema\/person\/ca0b63bbb977369988a7bbbdc519943a"},"breadcrumb":{"@id":"http:\/\/gentedebasquet.com.ar\/sitio\/2014\/09\/23\/vamos-a-ser-mas-completos\/#breadcrumb"},"inLanguage":"es","potentialAction":[{"@type":"ReadAction","target":["http:\/\/gentedebasquet.com.ar\/sitio\/2014\/09\/23\/vamos-a-ser-mas-completos\/"]}]},{"@type":"ImageObject","inLanguage":"es","@id":"http:\/\/gentedebasquet.com.ar\/sitio\/2014\/09\/23\/vamos-a-ser-mas-completos\/#primaryimage","url":"https:\/\/gentedebasquet.com.ar\/sitio\/wp-content\/uploads\/2014\/09\/Gerbaudo1.jpg","contentUrl":"https:\/\/gentedebasquet.com.ar\/sitio\/wp-content\/uploads\/2014\/09\/Gerbaudo1.jpg","width":690,"height":319},{"@type":"BreadcrumbList","@id":"http:\/\/gentedebasquet.com.ar\/sitio\/2014\/09\/23\/vamos-a-ser-mas-completos\/#breadcrumb","itemListElement":[{"@type":"ListItem","position":1,"name":"Portada","item":"https:\/\/gentedebasquet.com.ar\/sitio\/"},{"@type":"ListItem","position":2,"name":"\u00abVamos a ser m\u00e1s completos\u00bb"}]},{"@type":"WebSite","@id":"https:\/\/gentedebasquet.com.ar\/sitio\/#website","url":"https:\/\/gentedebasquet.com.ar\/sitio\/","name":"Gente de B\u00e1squet","description":"La revista del basquet de Bah\u00eda Blanca","potentialAction":[{"@type":"SearchAction","target":{"@type":"EntryPoint","urlTemplate":"https:\/\/gentedebasquet.com.ar\/sitio\/?s={search_term_string}"},"query-input":{"@type":"PropertyValueSpecification","valueRequired":true,"valueName":"search_term_string"}}],"inLanguage":"es"},{"@type":"Person","@id":"https:\/\/gentedebasquet.com.ar\/sitio\/#\/schema\/person\/ca0b63bbb977369988a7bbbdc519943a","name":"Gente de B\u00e1squet","image":{"@type":"ImageObject","inLanguage":"es","@id":"https:\/\/secure.gravatar.com\/avatar\/7f2c48bdc33b30088f941fb6082e555f2874c98e20cb159d7b92b50eadfce793?s=96&d=mm&r=g","url":"https:\/\/secure.gravatar.com\/avatar\/7f2c48bdc33b30088f941fb6082e555f2874c98e20cb159d7b92b50eadfce793?s=96&d=mm&r=g","contentUrl":"https:\/\/secure.gravatar.com\/avatar\/7f2c48bdc33b30088f941fb6082e555f2874c98e20cb159d7b92b50eadfce793?s=96&d=mm&r=g","caption":"Gente de B\u00e1squet"},"sameAs":["http:\/\/gentedebasquet.com.ar\/sitio"],"url":"https:\/\/gentedebasquet.com.ar\/sitio\/author\/ulises\/"}]}},"_links":{"self":[{"href":"https:\/\/gentedebasquet.com.ar\/sitio\/wp-json\/wp\/v2\/posts\/38395","targetHints":{"allow":["GET"]}}],"collection":[{"href":"https:\/\/gentedebasquet.com.ar\/sitio\/wp-json\/wp\/v2\/posts"}],"about":[{"href":"https:\/\/gentedebasquet.com.ar\/sitio\/wp-json\/wp\/v2\/types\/post"}],"author":[{"embeddable":true,"href":"https:\/\/gentedebasquet.com.ar\/sitio\/wp-json\/wp\/v2\/users\/1"}],"replies":[{"embeddable":true,"href":"https:\/\/gentedebasquet.com.ar\/sitio\/wp-json\/wp\/v2\/comments?post=38395"}],"version-history":[{"count":0,"href":"https:\/\/gentedebasquet.com.ar\/sitio\/wp-json\/wp\/v2\/posts\/38395\/revisions"}],"wp:featuredmedia":[{"embeddable":true,"href":"https:\/\/gentedebasquet.com.ar\/sitio\/wp-json\/wp\/v2\/media\/38396"}],"wp:attachment":[{"href":"https:\/\/gentedebasquet.com.ar\/sitio\/wp-json\/wp\/v2\/media?parent=38395"}],"wp:term":[{"taxonomy":"category","embeddable":true,"href":"https:\/\/gentedebasquet.com.ar\/sitio\/wp-json\/wp\/v2\/categories?post=38395"},{"taxonomy":"post_tag","embeddable":true,"href":"https:\/\/gentedebasquet.com.ar\/sitio\/wp-json\/wp\/v2\/tags?post=38395"}],"curies":[{"name":"wp","href":"https:\/\/api.w.org\/{rel}","templated":true}]}}