{"id":38441,"date":"2014-09-24T14:36:55","date_gmt":"2014-09-24T17:36:55","guid":{"rendered":"http:\/\/www.gentedebasquet.com.ar\/?p=38441"},"modified":"2014-09-24T14:36:55","modified_gmt":"2014-09-24T17:36:55","slug":"bahia-basket-se-presento-en-sociedad","status":"publish","type":"post","link":"https:\/\/gentedebasquet.com.ar\/sitio\/2014\/09\/24\/bahia-basket-se-presento-en-sociedad\/","title":{"rendered":"Bah\u00eda Basket se present\u00f3 en sociedad"},"content":{"rendered":"<p><strong>Mediante una conferencia de prensa organizada en el auditorio de Codimat, en Don Bosco 1495, la organizaci\u00f3n Bah\u00eda Basket present\u00f3 el plantel que le dar\u00e1 vida a la pr\u00f3xima temporada de Liga Nacional. Con la base del \u00faltimo a\u00f1o, llegada de M\u00e1zzaro, Eslava y Cant\u00f3n, m\u00e1s los extranjeros Dagoberto Pe\u00f1a y John Alberto Thomas, y un nutrido grupo de juveniles, Bah\u00eda encarar\u00e1 la <a href=\"http:\/\/www.gentedebasquet.com.ar\/asi-sera-la-nueva-lnb-2\/\" target=\"_blank\" rel=\"noopener\">renovada LNB<\/a>. Como siempre, Gente de B\u00e1squet transmitir\u00e1 a trav\u00e9s de FM Universal 95.5.<\/strong><\/p>\n<p>&nbsp;<\/p>\n<h6>La palabra de Lisandro Rasio:<\/h6>\n\n<p>&nbsp;<\/p>\n<h6>La palabra de Julio M\u00e1zzaro:<\/h6>\n\n<p>&nbsp;<\/p>\n<h6>La palabra de Dagoberto Pe\u00f1a:<\/h6>\n\n<p>&nbsp;<\/p>\n<h6>La palabra de Diego Gerbaudo:<\/h6>\n\n<p>&nbsp;<\/p>\n<figure id=\"attachment_38449\" aria-describedby=\"caption-attachment-38449\" style=\"width: 640px\" class=\"wp-caption aligncenter\"><a href=\"http:\/\/www.gentedebasquet.com.ar\/wp-content\/uploads\/2014\/09\/Bah\u00eda-Basket-2014-15.jpg\"><img decoding=\"async\" class=\"size-full wp-image-38449 \" alt=\"Bah\u00eda Basket 2014-15\" src=\"http:\/\/www.gentedebasquet.com.ar\/wp-content\/uploads\/2014\/09\/Bah\u00eda-Basket-2014-15.jpg\" width=\"640\" height=\"377\" \/><\/a><figcaption id=\"caption-attachment-38449\" class=\"wp-caption-text\">Arriba: Julio M\u00e1zzaro, Lucio Redivo, Dagoberto Pe\u00f1a, Mat\u00edas Nocedal, Ariel Ramos, Juan Pablo Vaulet, Maximo Fjellerup, Mart\u00edn Fernandez, Gast\u00f3n Whelan y John Albert Thomas.<br \/>Abajo: Lisandro Rasio, Ariel Eslava, Cristian Lambrecht, Facundo Durand, Alejandro Montecchia, Sebasti\u00e1n Gin\u00f3bili, Mauro Polla, Diego Gerbaudo y Omar Cant\u00f3n.<\/figcaption><\/figure>\n<p>&nbsp;<\/p>\n<p><strong>Notas:<\/strong> Mario Direne y Leonardo Quinteros.<\/p>\n","protected":false},"excerpt":{"rendered":"<p>Escuch\u00e1 la palabra de sus jugadores, de cara a la temporada 2014-15 de LNB<\/p>\n","protected":false},"author":1,"featured_media":38442,"comment_status":"closed","ping_status":"open","sticky":false,"template":"","format":"standard","meta":{"jnews-multi-image_gallery":[],"jnews_single_post":[],"jnews_primary_category":[],"footnotes":""},"categories":[57,39,101],"tags":[58,896,154,384,341,78,183],"class_list":["post-38441","post","type-post","status-publish","format-standard","has-post-thumbnail","hentry","category-bahia-basket","category-nacional","category-slide","tag-bahiabasket","tag-dagoberto-pena","tag-diego-gerbaudo","tag-julio-mazzaro","tag-lisandro-rasio","tag-lnb","tag-sebastian-ginobili"],"yoast_head":"<!-- This site is optimized with the Yoast SEO plugin v27.5 - https:\/\/yoast.com\/product\/yoast-seo-wordpress\/ -->\n<title>Bah\u00eda Basket se present\u00f3 en sociedad - Gente de B\u00e1squet<\/title>\n<meta name=\"robots\" content=\"index, follow, max-snippet:-1, max-image-preview:large, max-video-preview:-1\" \/>\n<link rel=\"canonical\" href=\"https:\/\/gentedebasquet.com.ar\/sitio\/2014\/09\/24\/bahia-basket-se-presento-en-sociedad\/\" \/>\n<meta property=\"og:locale\" content=\"es_ES\" \/>\n<meta property=\"og:type\" content=\"article\" \/>\n<meta property=\"og:title\" content=\"Bah\u00eda Basket se present\u00f3 en sociedad - Gente de B\u00e1squet\" \/>\n<meta property=\"og:description\" content=\"Escuch\u00e1 la palabra de sus jugadores, de cara a la temporada 2014-15 de LNB\" \/>\n<meta property=\"og:url\" content=\"https:\/\/gentedebasquet.com.ar\/sitio\/2014\/09\/24\/bahia-basket-se-presento-en-sociedad\/\" \/>\n<meta property=\"og:site_name\" content=\"Gente de B\u00e1squet\" \/>\n<meta property=\"article:published_time\" content=\"2014-09-24T17:36:55+00:00\" \/>\n<meta property=\"og:image\" content=\"https:\/\/gentedebasquet.com.ar\/sitio\/wp-content\/uploads\/2014\/09\/Bahia-Basket.jpg\" \/>\n\t<meta property=\"og:image:width\" content=\"690\" \/>\n\t<meta property=\"og:image:height\" content=\"319\" \/>\n\t<meta property=\"og:image:type\" content=\"image\/jpeg\" \/>\n<meta name=\"author\" content=\"Gente de B\u00e1squet\" \/>\n<meta name=\"twitter:card\" content=\"summary_large_image\" \/>\n<meta name=\"twitter:label1\" content=\"Escrito por\" \/>\n\t<meta name=\"twitter:data1\" content=\"Gente de B\u00e1squet\" \/>\n\t<meta name=\"twitter:label2\" content=\"Tiempo de lectura\" \/>\n\t<meta name=\"twitter:data2\" content=\"1 minuto\" \/>\n<script type=\"application\/ld+json\" class=\"yoast-schema-graph\">{\"@context\":\"https:\\\/\\\/schema.org\",\"@graph\":[{\"@type\":\"Article\",\"@id\":\"https:\\\/\\\/gentedebasquet.com.ar\\\/sitio\\\/2014\\\/09\\\/24\\\/bahia-basket-se-presento-en-sociedad\\\/#article\",\"isPartOf\":{\"@id\":\"https:\\\/\\\/gentedebasquet.com.ar\\\/sitio\\\/2014\\\/09\\\/24\\\/bahia-basket-se-presento-en-sociedad\\\/\"},\"author\":{\"name\":\"Gente de B\u00e1squet\",\"@id\":\"https:\\\/\\\/gentedebasquet.com.ar\\\/sitio\\\/#\\\/schema\\\/person\\\/ca0b63bbb977369988a7bbbdc519943a\"},\"headline\":\"Bah\u00eda Basket se present\u00f3 en sociedad\",\"datePublished\":\"2014-09-24T17:36:55+00:00\",\"mainEntityOfPage\":{\"@id\":\"https:\\\/\\\/gentedebasquet.com.ar\\\/sitio\\\/2014\\\/09\\\/24\\\/bahia-basket-se-presento-en-sociedad\\\/\"},\"wordCount\":259,\"image\":{\"@id\":\"https:\\\/\\\/gentedebasquet.com.ar\\\/sitio\\\/2014\\\/09\\\/24\\\/bahia-basket-se-presento-en-sociedad\\\/#primaryimage\"},\"thumbnailUrl\":\"https:\\\/\\\/gentedebasquet.com.ar\\\/sitio\\\/wp-content\\\/uploads\\\/2014\\\/09\\\/Bahia-Basket.jpg\",\"keywords\":[\"Bah\u00eda Basket\",\"Dagoberto Pe\u00f1a\",\"Diego Gerbaudo\",\"Julio Mazzaro\",\"Lisandro Rasio\",\"LNB\",\"Sebasti\u00e1n Gin\u00f3bili\"],\"articleSection\":[\"Bah\u00eda Basket\",\"Nacional\",\"Slide\"],\"inLanguage\":\"es\"},{\"@type\":\"WebPage\",\"@id\":\"https:\\\/\\\/gentedebasquet.com.ar\\\/sitio\\\/2014\\\/09\\\/24\\\/bahia-basket-se-presento-en-sociedad\\\/\",\"url\":\"https:\\\/\\\/gentedebasquet.com.ar\\\/sitio\\\/2014\\\/09\\\/24\\\/bahia-basket-se-presento-en-sociedad\\\/\",\"name\":\"Bah\u00eda Basket se present\u00f3 en sociedad - Gente de B\u00e1squet\",\"isPartOf\":{\"@id\":\"https:\\\/\\\/gentedebasquet.com.ar\\\/sitio\\\/#website\"},\"primaryImageOfPage\":{\"@id\":\"https:\\\/\\\/gentedebasquet.com.ar\\\/sitio\\\/2014\\\/09\\\/24\\\/bahia-basket-se-presento-en-sociedad\\\/#primaryimage\"},\"image\":{\"@id\":\"https:\\\/\\\/gentedebasquet.com.ar\\\/sitio\\\/2014\\\/09\\\/24\\\/bahia-basket-se-presento-en-sociedad\\\/#primaryimage\"},\"thumbnailUrl\":\"https:\\\/\\\/gentedebasquet.com.ar\\\/sitio\\\/wp-content\\\/uploads\\\/2014\\\/09\\\/Bahia-Basket.jpg\",\"datePublished\":\"2014-09-24T17:36:55+00:00\",\"author\":{\"@id\":\"https:\\\/\\\/gentedebasquet.com.ar\\\/sitio\\\/#\\\/schema\\\/person\\\/ca0b63bbb977369988a7bbbdc519943a\"},\"breadcrumb\":{\"@id\":\"https:\\\/\\\/gentedebasquet.com.ar\\\/sitio\\\/2014\\\/09\\\/24\\\/bahia-basket-se-presento-en-sociedad\\\/#breadcrumb\"},\"inLanguage\":\"es\",\"potentialAction\":[{\"@type\":\"ReadAction\",\"target\":[\"https:\\\/\\\/gentedebasquet.com.ar\\\/sitio\\\/2014\\\/09\\\/24\\\/bahia-basket-se-presento-en-sociedad\\\/\"]}]},{\"@type\":\"ImageObject\",\"inLanguage\":\"es\",\"@id\":\"https:\\\/\\\/gentedebasquet.com.ar\\\/sitio\\\/2014\\\/09\\\/24\\\/bahia-basket-se-presento-en-sociedad\\\/#primaryimage\",\"url\":\"https:\\\/\\\/gentedebasquet.com.ar\\\/sitio\\\/wp-content\\\/uploads\\\/2014\\\/09\\\/Bahia-Basket.jpg\",\"contentUrl\":\"https:\\\/\\\/gentedebasquet.com.ar\\\/sitio\\\/wp-content\\\/uploads\\\/2014\\\/09\\\/Bahia-Basket.jpg\",\"width\":690,\"height\":319},{\"@type\":\"BreadcrumbList\",\"@id\":\"https:\\\/\\\/gentedebasquet.com.ar\\\/sitio\\\/2014\\\/09\\\/24\\\/bahia-basket-se-presento-en-sociedad\\\/#breadcrumb\",\"itemListElement\":[{\"@type\":\"ListItem\",\"position\":1,\"name\":\"Portada\",\"item\":\"https:\\\/\\\/gentedebasquet.com.ar\\\/sitio\\\/\"},{\"@type\":\"ListItem\",\"position\":2,\"name\":\"Bah\u00eda Basket se present\u00f3 en sociedad\"}]},{\"@type\":\"WebSite\",\"@id\":\"https:\\\/\\\/gentedebasquet.com.ar\\\/sitio\\\/#website\",\"url\":\"https:\\\/\\\/gentedebasquet.com.ar\\\/sitio\\\/\",\"name\":\"Gente de B\u00e1squet\",\"description\":\"La revista del basquet de Bah\u00eda Blanca\",\"potentialAction\":[{\"@type\":\"SearchAction\",\"target\":{\"@type\":\"EntryPoint\",\"urlTemplate\":\"https:\\\/\\\/gentedebasquet.com.ar\\\/sitio\\\/?s={search_term_string}\"},\"query-input\":{\"@type\":\"PropertyValueSpecification\",\"valueRequired\":true,\"valueName\":\"search_term_string\"}}],\"inLanguage\":\"es\"},{\"@type\":\"Person\",\"@id\":\"https:\\\/\\\/gentedebasquet.com.ar\\\/sitio\\\/#\\\/schema\\\/person\\\/ca0b63bbb977369988a7bbbdc519943a\",\"name\":\"Gente de B\u00e1squet\",\"image\":{\"@type\":\"ImageObject\",\"inLanguage\":\"es\",\"@id\":\"https:\\\/\\\/secure.gravatar.com\\\/avatar\\\/7f2c48bdc33b30088f941fb6082e555f2874c98e20cb159d7b92b50eadfce793?s=96&d=mm&r=g\",\"url\":\"https:\\\/\\\/secure.gravatar.com\\\/avatar\\\/7f2c48bdc33b30088f941fb6082e555f2874c98e20cb159d7b92b50eadfce793?s=96&d=mm&r=g\",\"contentUrl\":\"https:\\\/\\\/secure.gravatar.com\\\/avatar\\\/7f2c48bdc33b30088f941fb6082e555f2874c98e20cb159d7b92b50eadfce793?s=96&d=mm&r=g\",\"caption\":\"Gente de B\u00e1squet\"},\"sameAs\":[\"http:\\\/\\\/gentedebasquet.com.ar\\\/sitio\"],\"url\":\"https:\\\/\\\/gentedebasquet.com.ar\\\/sitio\\\/author\\\/ulises\\\/\"}]}<\/script>\n<!-- \/ Yoast SEO plugin. -->","yoast_head_json":{"title":"Bah\u00eda Basket se present\u00f3 en sociedad - Gente de B\u00e1squet","robots":{"index":"index","follow":"follow","max-snippet":"max-snippet:-1","max-image-preview":"max-image-preview:large","max-video-preview":"max-video-preview:-1"},"canonical":"https:\/\/gentedebasquet.com.ar\/sitio\/2014\/09\/24\/bahia-basket-se-presento-en-sociedad\/","og_locale":"es_ES","og_type":"article","og_title":"Bah\u00eda Basket se present\u00f3 en sociedad - Gente de B\u00e1squet","og_description":"Escuch\u00e1 la palabra de sus jugadores, de cara a la temporada 2014-15 de LNB","og_url":"https:\/\/gentedebasquet.com.ar\/sitio\/2014\/09\/24\/bahia-basket-se-presento-en-sociedad\/","og_site_name":"Gente de B\u00e1squet","article_published_time":"2014-09-24T17:36:55+00:00","og_image":[{"width":690,"height":319,"url":"https:\/\/gentedebasquet.com.ar\/sitio\/wp-content\/uploads\/2014\/09\/Bahia-Basket.jpg","type":"image\/jpeg"}],"author":"Gente de B\u00e1squet","twitter_card":"summary_large_image","twitter_misc":{"Escrito por":"Gente de B\u00e1squet","Tiempo de lectura":"1 minuto"},"schema":{"@context":"https:\/\/schema.org","@graph":[{"@type":"Article","@id":"https:\/\/gentedebasquet.com.ar\/sitio\/2014\/09\/24\/bahia-basket-se-presento-en-sociedad\/#article","isPartOf":{"@id":"https:\/\/gentedebasquet.com.ar\/sitio\/2014\/09\/24\/bahia-basket-se-presento-en-sociedad\/"},"author":{"name":"Gente de B\u00e1squet","@id":"https:\/\/gentedebasquet.com.ar\/sitio\/#\/schema\/person\/ca0b63bbb977369988a7bbbdc519943a"},"headline":"Bah\u00eda Basket se present\u00f3 en sociedad","datePublished":"2014-09-24T17:36:55+00:00","mainEntityOfPage":{"@id":"https:\/\/gentedebasquet.com.ar\/sitio\/2014\/09\/24\/bahia-basket-se-presento-en-sociedad\/"},"wordCount":259,"image":{"@id":"https:\/\/gentedebasquet.com.ar\/sitio\/2014\/09\/24\/bahia-basket-se-presento-en-sociedad\/#primaryimage"},"thumbnailUrl":"https:\/\/gentedebasquet.com.ar\/sitio\/wp-content\/uploads\/2014\/09\/Bahia-Basket.jpg","keywords":["Bah\u00eda Basket","Dagoberto Pe\u00f1a","Diego Gerbaudo","Julio Mazzaro","Lisandro Rasio","LNB","Sebasti\u00e1n Gin\u00f3bili"],"articleSection":["Bah\u00eda Basket","Nacional","Slide"],"inLanguage":"es"},{"@type":"WebPage","@id":"https:\/\/gentedebasquet.com.ar\/sitio\/2014\/09\/24\/bahia-basket-se-presento-en-sociedad\/","url":"https:\/\/gentedebasquet.com.ar\/sitio\/2014\/09\/24\/bahia-basket-se-presento-en-sociedad\/","name":"Bah\u00eda Basket se present\u00f3 en sociedad - Gente de B\u00e1squet","isPartOf":{"@id":"https:\/\/gentedebasquet.com.ar\/sitio\/#website"},"primaryImageOfPage":{"@id":"https:\/\/gentedebasquet.com.ar\/sitio\/2014\/09\/24\/bahia-basket-se-presento-en-sociedad\/#primaryimage"},"image":{"@id":"https:\/\/gentedebasquet.com.ar\/sitio\/2014\/09\/24\/bahia-basket-se-presento-en-sociedad\/#primaryimage"},"thumbnailUrl":"https:\/\/gentedebasquet.com.ar\/sitio\/wp-content\/uploads\/2014\/09\/Bahia-Basket.jpg","datePublished":"2014-09-24T17:36:55+00:00","author":{"@id":"https:\/\/gentedebasquet.com.ar\/sitio\/#\/schema\/person\/ca0b63bbb977369988a7bbbdc519943a"},"breadcrumb":{"@id":"https:\/\/gentedebasquet.com.ar\/sitio\/2014\/09\/24\/bahia-basket-se-presento-en-sociedad\/#breadcrumb"},"inLanguage":"es","potentialAction":[{"@type":"ReadAction","target":["https:\/\/gentedebasquet.com.ar\/sitio\/2014\/09\/24\/bahia-basket-se-presento-en-sociedad\/"]}]},{"@type":"ImageObject","inLanguage":"es","@id":"https:\/\/gentedebasquet.com.ar\/sitio\/2014\/09\/24\/bahia-basket-se-presento-en-sociedad\/#primaryimage","url":"https:\/\/gentedebasquet.com.ar\/sitio\/wp-content\/uploads\/2014\/09\/Bahia-Basket.jpg","contentUrl":"https:\/\/gentedebasquet.com.ar\/sitio\/wp-content\/uploads\/2014\/09\/Bahia-Basket.jpg","width":690,"height":319},{"@type":"BreadcrumbList","@id":"https:\/\/gentedebasquet.com.ar\/sitio\/2014\/09\/24\/bahia-basket-se-presento-en-sociedad\/#breadcrumb","itemListElement":[{"@type":"ListItem","position":1,"name":"Portada","item":"https:\/\/gentedebasquet.com.ar\/sitio\/"},{"@type":"ListItem","position":2,"name":"Bah\u00eda Basket se present\u00f3 en sociedad"}]},{"@type":"WebSite","@id":"https:\/\/gentedebasquet.com.ar\/sitio\/#website","url":"https:\/\/gentedebasquet.com.ar\/sitio\/","name":"Gente de B\u00e1squet","description":"La revista del basquet de Bah\u00eda Blanca","potentialAction":[{"@type":"SearchAction","target":{"@type":"EntryPoint","urlTemplate":"https:\/\/gentedebasquet.com.ar\/sitio\/?s={search_term_string}"},"query-input":{"@type":"PropertyValueSpecification","valueRequired":true,"valueName":"search_term_string"}}],"inLanguage":"es"},{"@type":"Person","@id":"https:\/\/gentedebasquet.com.ar\/sitio\/#\/schema\/person\/ca0b63bbb977369988a7bbbdc519943a","name":"Gente de B\u00e1squet","image":{"@type":"ImageObject","inLanguage":"es","@id":"https:\/\/secure.gravatar.com\/avatar\/7f2c48bdc33b30088f941fb6082e555f2874c98e20cb159d7b92b50eadfce793?s=96&d=mm&r=g","url":"https:\/\/secure.gravatar.com\/avatar\/7f2c48bdc33b30088f941fb6082e555f2874c98e20cb159d7b92b50eadfce793?s=96&d=mm&r=g","contentUrl":"https:\/\/secure.gravatar.com\/avatar\/7f2c48bdc33b30088f941fb6082e555f2874c98e20cb159d7b92b50eadfce793?s=96&d=mm&r=g","caption":"Gente de B\u00e1squet"},"sameAs":["http:\/\/gentedebasquet.com.ar\/sitio"],"url":"https:\/\/gentedebasquet.com.ar\/sitio\/author\/ulises\/"}]}},"_links":{"self":[{"href":"https:\/\/gentedebasquet.com.ar\/sitio\/wp-json\/wp\/v2\/posts\/38441","targetHints":{"allow":["GET"]}}],"collection":[{"href":"https:\/\/gentedebasquet.com.ar\/sitio\/wp-json\/wp\/v2\/posts"}],"about":[{"href":"https:\/\/gentedebasquet.com.ar\/sitio\/wp-json\/wp\/v2\/types\/post"}],"author":[{"embeddable":true,"href":"https:\/\/gentedebasquet.com.ar\/sitio\/wp-json\/wp\/v2\/users\/1"}],"replies":[{"embeddable":true,"href":"https:\/\/gentedebasquet.com.ar\/sitio\/wp-json\/wp\/v2\/comments?post=38441"}],"version-history":[{"count":0,"href":"https:\/\/gentedebasquet.com.ar\/sitio\/wp-json\/wp\/v2\/posts\/38441\/revisions"}],"wp:featuredmedia":[{"embeddable":true,"href":"https:\/\/gentedebasquet.com.ar\/sitio\/wp-json\/wp\/v2\/media\/38442"}],"wp:attachment":[{"href":"https:\/\/gentedebasquet.com.ar\/sitio\/wp-json\/wp\/v2\/media?parent=38441"}],"wp:term":[{"taxonomy":"category","embeddable":true,"href":"https:\/\/gentedebasquet.com.ar\/sitio\/wp-json\/wp\/v2\/categories?post=38441"},{"taxonomy":"post_tag","embeddable":true,"href":"https:\/\/gentedebasquet.com.ar\/sitio\/wp-json\/wp\/v2\/tags?post=38441"}],"curies":[{"name":"wp","href":"https:\/\/api.w.org\/{rel}","templated":true}]}}