{"id":38584,"date":"2014-09-27T23:24:59","date_gmt":"2014-09-28T02:24:59","guid":{"rendered":"http:\/\/www.gentedebasquet.com.ar\/?p=38584"},"modified":"2014-09-27T23:24:59","modified_gmt":"2014-09-28T02:24:59","slug":"bahia-corto-a-dagoberto-pena","status":"publish","type":"post","link":"https:\/\/gentedebasquet.com.ar\/sitio\/2014\/09\/27\/bahia-corto-a-dagoberto-pena\/","title":{"rendered":"Bah\u00eda cort\u00f3 a Dagoberto Pe\u00f1a"},"content":{"rendered":"<p><strong>El escolta Mariano Byr\u00f3 se convirti\u00f3 en nueva ficha de Bah\u00eda\u00a0Basket para la temporada 2014\/15 de Liga Nacional.\u00a0Byr\u00f3, quien actualmente se\u00a0encuentra disputando la Liga Sudamericana de B\u00e1squetbol, llega\u00a0como reemplazante de Dagoberto\u00a0Pe\u00f1a.\u00a0\u00abLe agradecemos por todo a Pe\u00f1a,\u00a0un excelente ser humano que\u00a0demostr\u00f3 mucha predisposici\u00f3n los\u00a0d\u00edas que estuvo con el equipo. Le\u00a0deseamos la mejor de las suertes en su carrera\u201d, se\u00f1al\u00f3 Juan Espil, director deportivo de Bah\u00eda\u00a0Basket.<\/strong><\/p>\n<p>Mariano Byr\u00f3 es un alero de 1.94m, nacido en Monte Grande. Inici\u00f3 su carrera profesional en el Club Atl\u00e9tico Lan\u00fas, disputando el Torneo Nacional de Ascenso. Luego, su carrera continu\u00f3 en el Club Atl\u00e9tico Pe\u00f1arol, Sionista de Paran\u00e1 (siendo elegido Jugador de Mayor Progreso de la Liga Nacional de la temporada 2006\/07), Ol\u00edmpico y Gimnasia de Comodoro Rivadavia.<\/p>\n<p>Adem\u00e1s, en 2007 particip\u00f3 de los Juegos Panamericanos realizados en Rio de Janeiro.\u00a0Seg\u00fan comunic\u00f3 Juan Espil, Byr\u00f3 llegar\u00e1 a la ciudad la pr\u00f3xima semana, antes de la gira del equipo por Mar del Plata.\u00a0Bah\u00eda Basket se prepara para debutar en casa ante Gimnasia de Comodoro Rivadavia el venidero martes 30\u00a0de septiembre.<\/p>\n<p><strong>Fuente:<\/strong> Prensa Bah\u00eda Basket.<\/p>\n<p><strong>Foto:<\/strong> Mart\u00edn G\u00e1lvez.<\/p>\n","protected":false},"excerpt":{"rendered":"<p>Mariano Byr\u00f3, escolta de 1.94 metros y 32 a\u00f1os, ser\u00e1 su reemplazante<\/p>\n","protected":false},"author":1,"featured_media":38592,"comment_status":"closed","ping_status":"open","sticky":false,"template":"","format":"standard","meta":{"jnews-multi-image_gallery":[],"jnews_single_post":[],"jnews_primary_category":[],"footnotes":""},"categories":[57,39,101],"tags":[58,896,78,342],"class_list":["post-38584","post","type-post","status-publish","format-standard","has-post-thumbnail","hentry","category-bahia-basket","category-nacional","category-slide","tag-bahiabasket","tag-dagoberto-pena","tag-lnb","tag-mariano-byro"],"yoast_head":"<!-- This site is optimized with the Yoast SEO plugin v27.5 - https:\/\/yoast.com\/product\/yoast-seo-wordpress\/ -->\n<title>Bah\u00eda cort\u00f3 a Dagoberto Pe\u00f1a - Gente de B\u00e1squet<\/title>\n<meta name=\"robots\" content=\"index, follow, max-snippet:-1, max-image-preview:large, max-video-preview:-1\" \/>\n<link rel=\"canonical\" href=\"https:\/\/gentedebasquet.com.ar\/sitio\/2014\/09\/27\/bahia-corto-a-dagoberto-pena\/\" \/>\n<meta property=\"og:locale\" content=\"es_ES\" \/>\n<meta property=\"og:type\" content=\"article\" \/>\n<meta property=\"og:title\" content=\"Bah\u00eda cort\u00f3 a Dagoberto Pe\u00f1a - Gente de B\u00e1squet\" \/>\n<meta property=\"og:description\" content=\"Mariano Byr\u00f3, escolta de 1.94 metros y 32 a\u00f1os, ser\u00e1 su reemplazante\" \/>\n<meta property=\"og:url\" content=\"https:\/\/gentedebasquet.com.ar\/sitio\/2014\/09\/27\/bahia-corto-a-dagoberto-pena\/\" \/>\n<meta property=\"og:site_name\" content=\"Gente de B\u00e1squet\" \/>\n<meta property=\"article:published_time\" content=\"2014-09-28T02:24:59+00:00\" \/>\n<meta property=\"og:image\" content=\"https:\/\/gentedebasquet.com.ar\/sitio\/wp-content\/uploads\/2014\/09\/Dagoberto-Pena.jpg\" \/>\n\t<meta property=\"og:image:width\" content=\"690\" \/>\n\t<meta property=\"og:image:height\" content=\"319\" \/>\n\t<meta property=\"og:image:type\" content=\"image\/jpeg\" \/>\n<meta name=\"author\" content=\"Gente de B\u00e1squet\" \/>\n<meta name=\"twitter:card\" content=\"summary_large_image\" \/>\n<meta name=\"twitter:label1\" content=\"Escrito por\" \/>\n\t<meta name=\"twitter:data1\" content=\"Gente de B\u00e1squet\" \/>\n\t<meta name=\"twitter:label2\" content=\"Tiempo de lectura\" \/>\n\t<meta name=\"twitter:data2\" content=\"1 minuto\" \/>\n<script type=\"application\/ld+json\" class=\"yoast-schema-graph\">{\"@context\":\"https:\\\/\\\/schema.org\",\"@graph\":[{\"@type\":\"Article\",\"@id\":\"https:\\\/\\\/gentedebasquet.com.ar\\\/sitio\\\/2014\\\/09\\\/27\\\/bahia-corto-a-dagoberto-pena\\\/#article\",\"isPartOf\":{\"@id\":\"https:\\\/\\\/gentedebasquet.com.ar\\\/sitio\\\/2014\\\/09\\\/27\\\/bahia-corto-a-dagoberto-pena\\\/\"},\"author\":{\"name\":\"Gente de B\u00e1squet\",\"@id\":\"https:\\\/\\\/gentedebasquet.com.ar\\\/sitio\\\/#\\\/schema\\\/person\\\/ca0b63bbb977369988a7bbbdc519943a\"},\"headline\":\"Bah\u00eda cort\u00f3 a Dagoberto Pe\u00f1a\",\"datePublished\":\"2014-09-28T02:24:59+00:00\",\"mainEntityOfPage\":{\"@id\":\"https:\\\/\\\/gentedebasquet.com.ar\\\/sitio\\\/2014\\\/09\\\/27\\\/bahia-corto-a-dagoberto-pena\\\/\"},\"wordCount\":217,\"image\":{\"@id\":\"https:\\\/\\\/gentedebasquet.com.ar\\\/sitio\\\/2014\\\/09\\\/27\\\/bahia-corto-a-dagoberto-pena\\\/#primaryimage\"},\"thumbnailUrl\":\"https:\\\/\\\/gentedebasquet.com.ar\\\/sitio\\\/wp-content\\\/uploads\\\/2014\\\/09\\\/Dagoberto-Pena.jpg\",\"keywords\":[\"Bah\u00eda Basket\",\"Dagoberto Pe\u00f1a\",\"LNB\",\"Mariano Byr\u00f3\"],\"articleSection\":[\"Bah\u00eda Basket\",\"Nacional\",\"Slide\"],\"inLanguage\":\"es\"},{\"@type\":\"WebPage\",\"@id\":\"https:\\\/\\\/gentedebasquet.com.ar\\\/sitio\\\/2014\\\/09\\\/27\\\/bahia-corto-a-dagoberto-pena\\\/\",\"url\":\"https:\\\/\\\/gentedebasquet.com.ar\\\/sitio\\\/2014\\\/09\\\/27\\\/bahia-corto-a-dagoberto-pena\\\/\",\"name\":\"Bah\u00eda cort\u00f3 a Dagoberto Pe\u00f1a - Gente de B\u00e1squet\",\"isPartOf\":{\"@id\":\"https:\\\/\\\/gentedebasquet.com.ar\\\/sitio\\\/#website\"},\"primaryImageOfPage\":{\"@id\":\"https:\\\/\\\/gentedebasquet.com.ar\\\/sitio\\\/2014\\\/09\\\/27\\\/bahia-corto-a-dagoberto-pena\\\/#primaryimage\"},\"image\":{\"@id\":\"https:\\\/\\\/gentedebasquet.com.ar\\\/sitio\\\/2014\\\/09\\\/27\\\/bahia-corto-a-dagoberto-pena\\\/#primaryimage\"},\"thumbnailUrl\":\"https:\\\/\\\/gentedebasquet.com.ar\\\/sitio\\\/wp-content\\\/uploads\\\/2014\\\/09\\\/Dagoberto-Pena.jpg\",\"datePublished\":\"2014-09-28T02:24:59+00:00\",\"author\":{\"@id\":\"https:\\\/\\\/gentedebasquet.com.ar\\\/sitio\\\/#\\\/schema\\\/person\\\/ca0b63bbb977369988a7bbbdc519943a\"},\"breadcrumb\":{\"@id\":\"https:\\\/\\\/gentedebasquet.com.ar\\\/sitio\\\/2014\\\/09\\\/27\\\/bahia-corto-a-dagoberto-pena\\\/#breadcrumb\"},\"inLanguage\":\"es\",\"potentialAction\":[{\"@type\":\"ReadAction\",\"target\":[\"https:\\\/\\\/gentedebasquet.com.ar\\\/sitio\\\/2014\\\/09\\\/27\\\/bahia-corto-a-dagoberto-pena\\\/\"]}]},{\"@type\":\"ImageObject\",\"inLanguage\":\"es\",\"@id\":\"https:\\\/\\\/gentedebasquet.com.ar\\\/sitio\\\/2014\\\/09\\\/27\\\/bahia-corto-a-dagoberto-pena\\\/#primaryimage\",\"url\":\"https:\\\/\\\/gentedebasquet.com.ar\\\/sitio\\\/wp-content\\\/uploads\\\/2014\\\/09\\\/Dagoberto-Pena.jpg\",\"contentUrl\":\"https:\\\/\\\/gentedebasquet.com.ar\\\/sitio\\\/wp-content\\\/uploads\\\/2014\\\/09\\\/Dagoberto-Pena.jpg\",\"width\":690,\"height\":319},{\"@type\":\"BreadcrumbList\",\"@id\":\"https:\\\/\\\/gentedebasquet.com.ar\\\/sitio\\\/2014\\\/09\\\/27\\\/bahia-corto-a-dagoberto-pena\\\/#breadcrumb\",\"itemListElement\":[{\"@type\":\"ListItem\",\"position\":1,\"name\":\"Portada\",\"item\":\"https:\\\/\\\/gentedebasquet.com.ar\\\/sitio\\\/\"},{\"@type\":\"ListItem\",\"position\":2,\"name\":\"Bah\u00eda cort\u00f3 a Dagoberto Pe\u00f1a\"}]},{\"@type\":\"WebSite\",\"@id\":\"https:\\\/\\\/gentedebasquet.com.ar\\\/sitio\\\/#website\",\"url\":\"https:\\\/\\\/gentedebasquet.com.ar\\\/sitio\\\/\",\"name\":\"Gente de B\u00e1squet\",\"description\":\"La revista del basquet de Bah\u00eda Blanca\",\"potentialAction\":[{\"@type\":\"SearchAction\",\"target\":{\"@type\":\"EntryPoint\",\"urlTemplate\":\"https:\\\/\\\/gentedebasquet.com.ar\\\/sitio\\\/?s={search_term_string}\"},\"query-input\":{\"@type\":\"PropertyValueSpecification\",\"valueRequired\":true,\"valueName\":\"search_term_string\"}}],\"inLanguage\":\"es\"},{\"@type\":\"Person\",\"@id\":\"https:\\\/\\\/gentedebasquet.com.ar\\\/sitio\\\/#\\\/schema\\\/person\\\/ca0b63bbb977369988a7bbbdc519943a\",\"name\":\"Gente de B\u00e1squet\",\"image\":{\"@type\":\"ImageObject\",\"inLanguage\":\"es\",\"@id\":\"https:\\\/\\\/secure.gravatar.com\\\/avatar\\\/7f2c48bdc33b30088f941fb6082e555f2874c98e20cb159d7b92b50eadfce793?s=96&d=mm&r=g\",\"url\":\"https:\\\/\\\/secure.gravatar.com\\\/avatar\\\/7f2c48bdc33b30088f941fb6082e555f2874c98e20cb159d7b92b50eadfce793?s=96&d=mm&r=g\",\"contentUrl\":\"https:\\\/\\\/secure.gravatar.com\\\/avatar\\\/7f2c48bdc33b30088f941fb6082e555f2874c98e20cb159d7b92b50eadfce793?s=96&d=mm&r=g\",\"caption\":\"Gente de B\u00e1squet\"},\"sameAs\":[\"http:\\\/\\\/gentedebasquet.com.ar\\\/sitio\"],\"url\":\"https:\\\/\\\/gentedebasquet.com.ar\\\/sitio\\\/author\\\/ulises\\\/\"}]}<\/script>\n<!-- \/ Yoast SEO plugin. -->","yoast_head_json":{"title":"Bah\u00eda cort\u00f3 a Dagoberto Pe\u00f1a - Gente de B\u00e1squet","robots":{"index":"index","follow":"follow","max-snippet":"max-snippet:-1","max-image-preview":"max-image-preview:large","max-video-preview":"max-video-preview:-1"},"canonical":"https:\/\/gentedebasquet.com.ar\/sitio\/2014\/09\/27\/bahia-corto-a-dagoberto-pena\/","og_locale":"es_ES","og_type":"article","og_title":"Bah\u00eda cort\u00f3 a Dagoberto Pe\u00f1a - Gente de B\u00e1squet","og_description":"Mariano Byr\u00f3, escolta de 1.94 metros y 32 a\u00f1os, ser\u00e1 su reemplazante","og_url":"https:\/\/gentedebasquet.com.ar\/sitio\/2014\/09\/27\/bahia-corto-a-dagoberto-pena\/","og_site_name":"Gente de B\u00e1squet","article_published_time":"2014-09-28T02:24:59+00:00","og_image":[{"width":690,"height":319,"url":"https:\/\/gentedebasquet.com.ar\/sitio\/wp-content\/uploads\/2014\/09\/Dagoberto-Pena.jpg","type":"image\/jpeg"}],"author":"Gente de B\u00e1squet","twitter_card":"summary_large_image","twitter_misc":{"Escrito por":"Gente de B\u00e1squet","Tiempo de lectura":"1 minuto"},"schema":{"@context":"https:\/\/schema.org","@graph":[{"@type":"Article","@id":"https:\/\/gentedebasquet.com.ar\/sitio\/2014\/09\/27\/bahia-corto-a-dagoberto-pena\/#article","isPartOf":{"@id":"https:\/\/gentedebasquet.com.ar\/sitio\/2014\/09\/27\/bahia-corto-a-dagoberto-pena\/"},"author":{"name":"Gente de B\u00e1squet","@id":"https:\/\/gentedebasquet.com.ar\/sitio\/#\/schema\/person\/ca0b63bbb977369988a7bbbdc519943a"},"headline":"Bah\u00eda cort\u00f3 a Dagoberto Pe\u00f1a","datePublished":"2014-09-28T02:24:59+00:00","mainEntityOfPage":{"@id":"https:\/\/gentedebasquet.com.ar\/sitio\/2014\/09\/27\/bahia-corto-a-dagoberto-pena\/"},"wordCount":217,"image":{"@id":"https:\/\/gentedebasquet.com.ar\/sitio\/2014\/09\/27\/bahia-corto-a-dagoberto-pena\/#primaryimage"},"thumbnailUrl":"https:\/\/gentedebasquet.com.ar\/sitio\/wp-content\/uploads\/2014\/09\/Dagoberto-Pena.jpg","keywords":["Bah\u00eda Basket","Dagoberto Pe\u00f1a","LNB","Mariano Byr\u00f3"],"articleSection":["Bah\u00eda Basket","Nacional","Slide"],"inLanguage":"es"},{"@type":"WebPage","@id":"https:\/\/gentedebasquet.com.ar\/sitio\/2014\/09\/27\/bahia-corto-a-dagoberto-pena\/","url":"https:\/\/gentedebasquet.com.ar\/sitio\/2014\/09\/27\/bahia-corto-a-dagoberto-pena\/","name":"Bah\u00eda cort\u00f3 a Dagoberto Pe\u00f1a - Gente de B\u00e1squet","isPartOf":{"@id":"https:\/\/gentedebasquet.com.ar\/sitio\/#website"},"primaryImageOfPage":{"@id":"https:\/\/gentedebasquet.com.ar\/sitio\/2014\/09\/27\/bahia-corto-a-dagoberto-pena\/#primaryimage"},"image":{"@id":"https:\/\/gentedebasquet.com.ar\/sitio\/2014\/09\/27\/bahia-corto-a-dagoberto-pena\/#primaryimage"},"thumbnailUrl":"https:\/\/gentedebasquet.com.ar\/sitio\/wp-content\/uploads\/2014\/09\/Dagoberto-Pena.jpg","datePublished":"2014-09-28T02:24:59+00:00","author":{"@id":"https:\/\/gentedebasquet.com.ar\/sitio\/#\/schema\/person\/ca0b63bbb977369988a7bbbdc519943a"},"breadcrumb":{"@id":"https:\/\/gentedebasquet.com.ar\/sitio\/2014\/09\/27\/bahia-corto-a-dagoberto-pena\/#breadcrumb"},"inLanguage":"es","potentialAction":[{"@type":"ReadAction","target":["https:\/\/gentedebasquet.com.ar\/sitio\/2014\/09\/27\/bahia-corto-a-dagoberto-pena\/"]}]},{"@type":"ImageObject","inLanguage":"es","@id":"https:\/\/gentedebasquet.com.ar\/sitio\/2014\/09\/27\/bahia-corto-a-dagoberto-pena\/#primaryimage","url":"https:\/\/gentedebasquet.com.ar\/sitio\/wp-content\/uploads\/2014\/09\/Dagoberto-Pena.jpg","contentUrl":"https:\/\/gentedebasquet.com.ar\/sitio\/wp-content\/uploads\/2014\/09\/Dagoberto-Pena.jpg","width":690,"height":319},{"@type":"BreadcrumbList","@id":"https:\/\/gentedebasquet.com.ar\/sitio\/2014\/09\/27\/bahia-corto-a-dagoberto-pena\/#breadcrumb","itemListElement":[{"@type":"ListItem","position":1,"name":"Portada","item":"https:\/\/gentedebasquet.com.ar\/sitio\/"},{"@type":"ListItem","position":2,"name":"Bah\u00eda cort\u00f3 a Dagoberto Pe\u00f1a"}]},{"@type":"WebSite","@id":"https:\/\/gentedebasquet.com.ar\/sitio\/#website","url":"https:\/\/gentedebasquet.com.ar\/sitio\/","name":"Gente de B\u00e1squet","description":"La revista del basquet de Bah\u00eda Blanca","potentialAction":[{"@type":"SearchAction","target":{"@type":"EntryPoint","urlTemplate":"https:\/\/gentedebasquet.com.ar\/sitio\/?s={search_term_string}"},"query-input":{"@type":"PropertyValueSpecification","valueRequired":true,"valueName":"search_term_string"}}],"inLanguage":"es"},{"@type":"Person","@id":"https:\/\/gentedebasquet.com.ar\/sitio\/#\/schema\/person\/ca0b63bbb977369988a7bbbdc519943a","name":"Gente de B\u00e1squet","image":{"@type":"ImageObject","inLanguage":"es","@id":"https:\/\/secure.gravatar.com\/avatar\/7f2c48bdc33b30088f941fb6082e555f2874c98e20cb159d7b92b50eadfce793?s=96&d=mm&r=g","url":"https:\/\/secure.gravatar.com\/avatar\/7f2c48bdc33b30088f941fb6082e555f2874c98e20cb159d7b92b50eadfce793?s=96&d=mm&r=g","contentUrl":"https:\/\/secure.gravatar.com\/avatar\/7f2c48bdc33b30088f941fb6082e555f2874c98e20cb159d7b92b50eadfce793?s=96&d=mm&r=g","caption":"Gente de B\u00e1squet"},"sameAs":["http:\/\/gentedebasquet.com.ar\/sitio"],"url":"https:\/\/gentedebasquet.com.ar\/sitio\/author\/ulises\/"}]}},"_links":{"self":[{"href":"https:\/\/gentedebasquet.com.ar\/sitio\/wp-json\/wp\/v2\/posts\/38584","targetHints":{"allow":["GET"]}}],"collection":[{"href":"https:\/\/gentedebasquet.com.ar\/sitio\/wp-json\/wp\/v2\/posts"}],"about":[{"href":"https:\/\/gentedebasquet.com.ar\/sitio\/wp-json\/wp\/v2\/types\/post"}],"author":[{"embeddable":true,"href":"https:\/\/gentedebasquet.com.ar\/sitio\/wp-json\/wp\/v2\/users\/1"}],"replies":[{"embeddable":true,"href":"https:\/\/gentedebasquet.com.ar\/sitio\/wp-json\/wp\/v2\/comments?post=38584"}],"version-history":[{"count":0,"href":"https:\/\/gentedebasquet.com.ar\/sitio\/wp-json\/wp\/v2\/posts\/38584\/revisions"}],"wp:featuredmedia":[{"embeddable":true,"href":"https:\/\/gentedebasquet.com.ar\/sitio\/wp-json\/wp\/v2\/media\/38592"}],"wp:attachment":[{"href":"https:\/\/gentedebasquet.com.ar\/sitio\/wp-json\/wp\/v2\/media?parent=38584"}],"wp:term":[{"taxonomy":"category","embeddable":true,"href":"https:\/\/gentedebasquet.com.ar\/sitio\/wp-json\/wp\/v2\/categories?post=38584"},{"taxonomy":"post_tag","embeddable":true,"href":"https:\/\/gentedebasquet.com.ar\/sitio\/wp-json\/wp\/v2\/tags?post=38584"}],"curies":[{"name":"wp","href":"https:\/\/api.w.org\/{rel}","templated":true}]}}