{"id":38611,"date":"2014-09-28T18:25:53","date_gmt":"2014-09-28T21:25:53","guid":{"rendered":"http:\/\/www.gentedebasquet.com.ar\/?p=38611"},"modified":"2014-09-28T18:25:53","modified_gmt":"2014-09-28T21:25:53","slug":"es-para-analiz-arla","status":"publish","type":"post","link":"https:\/\/gentedebasquet.com.ar\/sitio\/2014\/09\/28\/es-para-analiz-arla\/","title":{"rendered":"Es para Analiz&#8230;arla"},"content":{"rendered":"<p><b>En su tercera presentaci\u00f3n, 9 de Julio logr\u00f3 un triunfo categ\u00f3rico sobre Sportivo Bahiense por 70 a 29. Tras un comienzo parejo, el local pudo quebrar a su rival antes de finalizar el primer cuarto y despu\u00e9s manej\u00f3 el partido con tranquilidad. Analiz Carcas fue la figura de la tarde con una actuaci\u00f3n descollante, convirti\u00f3 40 puntos (7\/14 en T3, 6\/10 en T2 y 7\/10 en TL) y adem\u00e1s baj\u00f3 8 rebotes, Ivana L\u00f3pez la acompa\u00f1\u00f3 con 10 unidades y 15 tableros. Por el lado del visitante la m\u00e1s destacada fue Roc\u00edo Garc\u00eda Wild que termin\u00f3 con 15 tantos y 10 recobres.<\/b><\/p>\n<p>Los primeros minutos del juego fueron parejos, con ambos equipos defendiendo zona 2-3, oblig\u00e1ndose a tirar desde larga distancia. Rial abri\u00f3 el marcador desde 6,75 y Carcas estir\u00f3 la diferencia con una buena penetraci\u00f3n, exigiendo al t\u00e9cnico rival a solicitar tiempo muerto porque su equipo claramente no estaba fino en ataque. Sin embargo reaccion\u00f3 y a 3m25s ganaba el local 13 a 8. Pero con dos tiros de media distancia de L\u00f3pez y una conversi\u00f3n de Carcas el local pudo cerrar con una buena diferencia el primer cuarto.<\/p>\n<p>La intensidad defensiva de 9 de julio, sumado a la eficacia de L\u00f3pez y Carcas, m\u00e1s el desconcierto propio de Sportivo quebraron el juego en el segundo cuarto. Es que el visitante solo sum\u00f3 2 puntos desde la l\u00ednea de la mano de Garc\u00eda Wild, mientras que el local hizo circular la bola, aprovech\u00f3 el poder\u00edo de L\u00f3pez debajo del tablero y la \u201cmanito\u201d de Carcas que empezaba a aparecer tras errar 5 triples antes, cerr\u00f3 el cuarto con un doble y 2 conversiones de 6,75m.<\/p>\n<p>La tarde de Analiz fue en el tercer periodo, 4 triples en 5 intentos (2 sobre la chicharra, y uno de ellos desde 8 metros), un doble y falta y dos libres para convertir 17 de los 19 de su equipo en el cuarto. Pero Sportivo no se entreg\u00f3, comenz\u00f3 a marcar personal y con mayor intensidad, pudo encontrar gol con un triple de Hammerschmidt, y el aporte de Garc\u00eda Wild y Buzzi.<\/p>\n<p>Pero m\u00e1s all\u00e1 de eso, el local sigui\u00f3 con su juego y marcando el ritmo de las acciones, no le permiti\u00f3 convertir a su rival duarte m\u00e1s de 5 minutos, movi\u00f3 la bola y sigui\u00f3 estirando la ventaja. Sportivo sin embargo no se resign\u00f3, sigui\u00f3 intentando generar buenas ofensivas, rot\u00f3 a sus jugadoras y continu\u00f3 con su intensidad en defensa. Pero la diferencia ya era muy abultada y el \u201cnueve\u201d no perdi\u00f3 la l\u00ednea y termin\u00f3 cerrando un gran partido que gan\u00f3 con autoridad 70 a 29.<\/p>\n<p>&nbsp;<\/p>\n<p><b><i><span style=\"text-decoration: underline;\">S\u00edntesis: <\/span><\/i><\/b><\/p>\n<p><b>9 de Julio 70:<\/b> Analiz Carcas 40, Nerina Franco 8, Nancy Elizondo 1, Guillermina Rial 7, Ivana L\u00f3pez 10 (FI) Eliana Monzani 4, Camila Leal 0. DT: Luciano Deminicis.<\/p>\n<p><b>Sportivo Bahiense 29: <\/b>Roc\u00edo Hammerschmidt 3, Magdalena Bante 2, Roc\u00edo Garc\u00eda Wild 15, Daniela Neiman 0, Nerina Mu\u00f1oz 2 (FI) Ana Galassi 0, Melina Buzzi 4, Luz Schmidt 3, Emilse Islas 0, Sof\u00eda Irigoyen 0. DT: Santiago Pi\u00f1eiro<\/p>\n<p><b>Parciales:<\/b> 19-8, 33-10 (14-2), 52-18 (18-8), 70-31 (18-13)<\/p>\n<p><b>\u00c1rbitros:<\/b> Jorge Blanco \u2013 \u00c1ngel Rizzo<\/p>\n<p><b>Estadio:<\/b> N\u00e9stor Damiani (9 de Julio)<\/p>\n","protected":false},"excerpt":{"rendered":"<p>Con 40 puntos de Analiz Carcas, 9 de Julio derrot\u00f3 70 a 29 a Sportivo Bahiense<\/p>\n","protected":false},"author":1,"featured_media":38612,"comment_status":"closed","ping_status":"open","sticky":false,"template":"","format":"standard","meta":{"jnews-multi-image_gallery":[],"jnews_single_post":[],"jnews_primary_category":[],"footnotes":""},"categories":[33,526,101],"tags":[2,571,913,894,20],"class_list":["post-38611","post","type-post","status-publish","format-standard","has-post-thumbnail","hentry","category-femenino","category-primera-femenino-2","category-slide","tag-9dejulio","tag-analiz-carcas","tag-ivana-lopez","tag-rocio-garcia-wild","tag-sportivo-bahiense"],"yoast_head":"<!-- This site is optimized with the Yoast SEO plugin v27.4 - https:\/\/yoast.com\/product\/yoast-seo-wordpress\/ -->\n<title>Es para Analiz...arla - Gente de B\u00e1squet<\/title>\n<meta name=\"robots\" content=\"index, follow, max-snippet:-1, max-image-preview:large, max-video-preview:-1\" \/>\n<link rel=\"canonical\" href=\"https:\/\/gentedebasquet.com.ar\/sitio\/2014\/09\/28\/es-para-analiz-arla\/\" \/>\n<meta property=\"og:locale\" content=\"es_ES\" \/>\n<meta property=\"og:type\" content=\"article\" \/>\n<meta property=\"og:title\" content=\"Es para Analiz...arla - Gente de B\u00e1squet\" \/>\n<meta property=\"og:description\" content=\"Con 40 puntos de Analiz Carcas, 9 de Julio derrot\u00f3 70 a 29 a Sportivo Bahiense\" \/>\n<meta property=\"og:url\" content=\"https:\/\/gentedebasquet.com.ar\/sitio\/2014\/09\/28\/es-para-analiz-arla\/\" \/>\n<meta property=\"og:site_name\" content=\"Gente de B\u00e1squet\" \/>\n<meta property=\"article:published_time\" content=\"2014-09-28T21:25:53+00:00\" \/>\n<meta property=\"og:image\" content=\"https:\/\/gentedebasquet.com.ar\/sitio\/wp-content\/uploads\/2014\/09\/9-de-9-spor.jpg\" \/>\n\t<meta property=\"og:image:width\" content=\"690\" \/>\n\t<meta property=\"og:image:height\" content=\"319\" \/>\n\t<meta property=\"og:image:type\" content=\"image\/jpeg\" \/>\n<meta name=\"author\" content=\"Gente de B\u00e1squet\" \/>\n<meta name=\"twitter:card\" content=\"summary_large_image\" \/>\n<meta name=\"twitter:label1\" content=\"Escrito por\" \/>\n\t<meta name=\"twitter:data1\" content=\"Gente de B\u00e1squet\" \/>\n\t<meta name=\"twitter:label2\" content=\"Tiempo de lectura\" \/>\n\t<meta name=\"twitter:data2\" content=\"3 minutos\" \/>\n<script type=\"application\/ld+json\" class=\"yoast-schema-graph\">{\"@context\":\"https:\\\/\\\/schema.org\",\"@graph\":[{\"@type\":\"Article\",\"@id\":\"https:\\\/\\\/gentedebasquet.com.ar\\\/sitio\\\/2014\\\/09\\\/28\\\/es-para-analiz-arla\\\/#article\",\"isPartOf\":{\"@id\":\"https:\\\/\\\/gentedebasquet.com.ar\\\/sitio\\\/2014\\\/09\\\/28\\\/es-para-analiz-arla\\\/\"},\"author\":{\"name\":\"Gente de B\u00e1squet\",\"@id\":\"http:\\\/\\\/gentedebasquet.com.ar\\\/sitio\\\/#\\\/schema\\\/person\\\/ca0b63bbb977369988a7bbbdc519943a\"},\"headline\":\"Es para Analiz&#8230;arla\",\"datePublished\":\"2014-09-28T21:25:53+00:00\",\"mainEntityOfPage\":{\"@id\":\"https:\\\/\\\/gentedebasquet.com.ar\\\/sitio\\\/2014\\\/09\\\/28\\\/es-para-analiz-arla\\\/\"},\"wordCount\":513,\"image\":{\"@id\":\"https:\\\/\\\/gentedebasquet.com.ar\\\/sitio\\\/2014\\\/09\\\/28\\\/es-para-analiz-arla\\\/#primaryimage\"},\"thumbnailUrl\":\"https:\\\/\\\/gentedebasquet.com.ar\\\/sitio\\\/wp-content\\\/uploads\\\/2014\\\/09\\\/9-de-9-spor.jpg\",\"keywords\":[\"9 de Julio\",\"Analiz Carcas\",\"Ivana L\u00f3pez\",\"Roc\u00edo Garc\u00eda Wild\",\"Sportivo Bahiense\"],\"articleSection\":[\"Femenino\",\"Primera Femenino\",\"Slide\"],\"inLanguage\":\"es\"},{\"@type\":\"WebPage\",\"@id\":\"https:\\\/\\\/gentedebasquet.com.ar\\\/sitio\\\/2014\\\/09\\\/28\\\/es-para-analiz-arla\\\/\",\"url\":\"https:\\\/\\\/gentedebasquet.com.ar\\\/sitio\\\/2014\\\/09\\\/28\\\/es-para-analiz-arla\\\/\",\"name\":\"Es para Analiz...arla - Gente de B\u00e1squet\",\"isPartOf\":{\"@id\":\"http:\\\/\\\/gentedebasquet.com.ar\\\/sitio\\\/#website\"},\"primaryImageOfPage\":{\"@id\":\"https:\\\/\\\/gentedebasquet.com.ar\\\/sitio\\\/2014\\\/09\\\/28\\\/es-para-analiz-arla\\\/#primaryimage\"},\"image\":{\"@id\":\"https:\\\/\\\/gentedebasquet.com.ar\\\/sitio\\\/2014\\\/09\\\/28\\\/es-para-analiz-arla\\\/#primaryimage\"},\"thumbnailUrl\":\"https:\\\/\\\/gentedebasquet.com.ar\\\/sitio\\\/wp-content\\\/uploads\\\/2014\\\/09\\\/9-de-9-spor.jpg\",\"datePublished\":\"2014-09-28T21:25:53+00:00\",\"author\":{\"@id\":\"http:\\\/\\\/gentedebasquet.com.ar\\\/sitio\\\/#\\\/schema\\\/person\\\/ca0b63bbb977369988a7bbbdc519943a\"},\"breadcrumb\":{\"@id\":\"https:\\\/\\\/gentedebasquet.com.ar\\\/sitio\\\/2014\\\/09\\\/28\\\/es-para-analiz-arla\\\/#breadcrumb\"},\"inLanguage\":\"es\",\"potentialAction\":[{\"@type\":\"ReadAction\",\"target\":[\"https:\\\/\\\/gentedebasquet.com.ar\\\/sitio\\\/2014\\\/09\\\/28\\\/es-para-analiz-arla\\\/\"]}]},{\"@type\":\"ImageObject\",\"inLanguage\":\"es\",\"@id\":\"https:\\\/\\\/gentedebasquet.com.ar\\\/sitio\\\/2014\\\/09\\\/28\\\/es-para-analiz-arla\\\/#primaryimage\",\"url\":\"https:\\\/\\\/gentedebasquet.com.ar\\\/sitio\\\/wp-content\\\/uploads\\\/2014\\\/09\\\/9-de-9-spor.jpg\",\"contentUrl\":\"https:\\\/\\\/gentedebasquet.com.ar\\\/sitio\\\/wp-content\\\/uploads\\\/2014\\\/09\\\/9-de-9-spor.jpg\",\"width\":690,\"height\":319},{\"@type\":\"BreadcrumbList\",\"@id\":\"https:\\\/\\\/gentedebasquet.com.ar\\\/sitio\\\/2014\\\/09\\\/28\\\/es-para-analiz-arla\\\/#breadcrumb\",\"itemListElement\":[{\"@type\":\"ListItem\",\"position\":1,\"name\":\"Portada\",\"item\":\"http:\\\/\\\/gentedebasquet.com.ar\\\/sitio\\\/\"},{\"@type\":\"ListItem\",\"position\":2,\"name\":\"Es para Analiz&#8230;arla\"}]},{\"@type\":\"WebSite\",\"@id\":\"http:\\\/\\\/gentedebasquet.com.ar\\\/sitio\\\/#website\",\"url\":\"http:\\\/\\\/gentedebasquet.com.ar\\\/sitio\\\/\",\"name\":\"Gente de B\u00e1squet\",\"description\":\"La revista del basquet de Bah\u00eda Blanca\",\"potentialAction\":[{\"@type\":\"SearchAction\",\"target\":{\"@type\":\"EntryPoint\",\"urlTemplate\":\"http:\\\/\\\/gentedebasquet.com.ar\\\/sitio\\\/?s={search_term_string}\"},\"query-input\":{\"@type\":\"PropertyValueSpecification\",\"valueRequired\":true,\"valueName\":\"search_term_string\"}}],\"inLanguage\":\"es\"},{\"@type\":\"Person\",\"@id\":\"http:\\\/\\\/gentedebasquet.com.ar\\\/sitio\\\/#\\\/schema\\\/person\\\/ca0b63bbb977369988a7bbbdc519943a\",\"name\":\"Gente de B\u00e1squet\",\"image\":{\"@type\":\"ImageObject\",\"inLanguage\":\"es\",\"@id\":\"https:\\\/\\\/secure.gravatar.com\\\/avatar\\\/7f2c48bdc33b30088f941fb6082e555f2874c98e20cb159d7b92b50eadfce793?s=96&d=mm&r=g\",\"url\":\"https:\\\/\\\/secure.gravatar.com\\\/avatar\\\/7f2c48bdc33b30088f941fb6082e555f2874c98e20cb159d7b92b50eadfce793?s=96&d=mm&r=g\",\"contentUrl\":\"https:\\\/\\\/secure.gravatar.com\\\/avatar\\\/7f2c48bdc33b30088f941fb6082e555f2874c98e20cb159d7b92b50eadfce793?s=96&d=mm&r=g\",\"caption\":\"Gente de B\u00e1squet\"},\"sameAs\":[\"http:\\\/\\\/gentedebasquet.com.ar\\\/sitio\"],\"url\":\"https:\\\/\\\/gentedebasquet.com.ar\\\/sitio\\\/author\\\/ulises\\\/\"}]}<\/script>\n<!-- \/ Yoast SEO plugin. -->","yoast_head_json":{"title":"Es para Analiz...arla - Gente de B\u00e1squet","robots":{"index":"index","follow":"follow","max-snippet":"max-snippet:-1","max-image-preview":"max-image-preview:large","max-video-preview":"max-video-preview:-1"},"canonical":"https:\/\/gentedebasquet.com.ar\/sitio\/2014\/09\/28\/es-para-analiz-arla\/","og_locale":"es_ES","og_type":"article","og_title":"Es para Analiz...arla - Gente de B\u00e1squet","og_description":"Con 40 puntos de Analiz Carcas, 9 de Julio derrot\u00f3 70 a 29 a Sportivo Bahiense","og_url":"https:\/\/gentedebasquet.com.ar\/sitio\/2014\/09\/28\/es-para-analiz-arla\/","og_site_name":"Gente de B\u00e1squet","article_published_time":"2014-09-28T21:25:53+00:00","og_image":[{"width":690,"height":319,"url":"https:\/\/gentedebasquet.com.ar\/sitio\/wp-content\/uploads\/2014\/09\/9-de-9-spor.jpg","type":"image\/jpeg"}],"author":"Gente de B\u00e1squet","twitter_card":"summary_large_image","twitter_misc":{"Escrito por":"Gente de B\u00e1squet","Tiempo de lectura":"3 minutos"},"schema":{"@context":"https:\/\/schema.org","@graph":[{"@type":"Article","@id":"https:\/\/gentedebasquet.com.ar\/sitio\/2014\/09\/28\/es-para-analiz-arla\/#article","isPartOf":{"@id":"https:\/\/gentedebasquet.com.ar\/sitio\/2014\/09\/28\/es-para-analiz-arla\/"},"author":{"name":"Gente de B\u00e1squet","@id":"http:\/\/gentedebasquet.com.ar\/sitio\/#\/schema\/person\/ca0b63bbb977369988a7bbbdc519943a"},"headline":"Es para Analiz&#8230;arla","datePublished":"2014-09-28T21:25:53+00:00","mainEntityOfPage":{"@id":"https:\/\/gentedebasquet.com.ar\/sitio\/2014\/09\/28\/es-para-analiz-arla\/"},"wordCount":513,"image":{"@id":"https:\/\/gentedebasquet.com.ar\/sitio\/2014\/09\/28\/es-para-analiz-arla\/#primaryimage"},"thumbnailUrl":"https:\/\/gentedebasquet.com.ar\/sitio\/wp-content\/uploads\/2014\/09\/9-de-9-spor.jpg","keywords":["9 de Julio","Analiz Carcas","Ivana L\u00f3pez","Roc\u00edo Garc\u00eda Wild","Sportivo Bahiense"],"articleSection":["Femenino","Primera Femenino","Slide"],"inLanguage":"es"},{"@type":"WebPage","@id":"https:\/\/gentedebasquet.com.ar\/sitio\/2014\/09\/28\/es-para-analiz-arla\/","url":"https:\/\/gentedebasquet.com.ar\/sitio\/2014\/09\/28\/es-para-analiz-arla\/","name":"Es para Analiz...arla - Gente de B\u00e1squet","isPartOf":{"@id":"http:\/\/gentedebasquet.com.ar\/sitio\/#website"},"primaryImageOfPage":{"@id":"https:\/\/gentedebasquet.com.ar\/sitio\/2014\/09\/28\/es-para-analiz-arla\/#primaryimage"},"image":{"@id":"https:\/\/gentedebasquet.com.ar\/sitio\/2014\/09\/28\/es-para-analiz-arla\/#primaryimage"},"thumbnailUrl":"https:\/\/gentedebasquet.com.ar\/sitio\/wp-content\/uploads\/2014\/09\/9-de-9-spor.jpg","datePublished":"2014-09-28T21:25:53+00:00","author":{"@id":"http:\/\/gentedebasquet.com.ar\/sitio\/#\/schema\/person\/ca0b63bbb977369988a7bbbdc519943a"},"breadcrumb":{"@id":"https:\/\/gentedebasquet.com.ar\/sitio\/2014\/09\/28\/es-para-analiz-arla\/#breadcrumb"},"inLanguage":"es","potentialAction":[{"@type":"ReadAction","target":["https:\/\/gentedebasquet.com.ar\/sitio\/2014\/09\/28\/es-para-analiz-arla\/"]}]},{"@type":"ImageObject","inLanguage":"es","@id":"https:\/\/gentedebasquet.com.ar\/sitio\/2014\/09\/28\/es-para-analiz-arla\/#primaryimage","url":"https:\/\/gentedebasquet.com.ar\/sitio\/wp-content\/uploads\/2014\/09\/9-de-9-spor.jpg","contentUrl":"https:\/\/gentedebasquet.com.ar\/sitio\/wp-content\/uploads\/2014\/09\/9-de-9-spor.jpg","width":690,"height":319},{"@type":"BreadcrumbList","@id":"https:\/\/gentedebasquet.com.ar\/sitio\/2014\/09\/28\/es-para-analiz-arla\/#breadcrumb","itemListElement":[{"@type":"ListItem","position":1,"name":"Portada","item":"http:\/\/gentedebasquet.com.ar\/sitio\/"},{"@type":"ListItem","position":2,"name":"Es para Analiz&#8230;arla"}]},{"@type":"WebSite","@id":"http:\/\/gentedebasquet.com.ar\/sitio\/#website","url":"http:\/\/gentedebasquet.com.ar\/sitio\/","name":"Gente de B\u00e1squet","description":"La revista del basquet de Bah\u00eda Blanca","potentialAction":[{"@type":"SearchAction","target":{"@type":"EntryPoint","urlTemplate":"http:\/\/gentedebasquet.com.ar\/sitio\/?s={search_term_string}"},"query-input":{"@type":"PropertyValueSpecification","valueRequired":true,"valueName":"search_term_string"}}],"inLanguage":"es"},{"@type":"Person","@id":"http:\/\/gentedebasquet.com.ar\/sitio\/#\/schema\/person\/ca0b63bbb977369988a7bbbdc519943a","name":"Gente de B\u00e1squet","image":{"@type":"ImageObject","inLanguage":"es","@id":"https:\/\/secure.gravatar.com\/avatar\/7f2c48bdc33b30088f941fb6082e555f2874c98e20cb159d7b92b50eadfce793?s=96&d=mm&r=g","url":"https:\/\/secure.gravatar.com\/avatar\/7f2c48bdc33b30088f941fb6082e555f2874c98e20cb159d7b92b50eadfce793?s=96&d=mm&r=g","contentUrl":"https:\/\/secure.gravatar.com\/avatar\/7f2c48bdc33b30088f941fb6082e555f2874c98e20cb159d7b92b50eadfce793?s=96&d=mm&r=g","caption":"Gente de B\u00e1squet"},"sameAs":["http:\/\/gentedebasquet.com.ar\/sitio"],"url":"https:\/\/gentedebasquet.com.ar\/sitio\/author\/ulises\/"}]}},"_links":{"self":[{"href":"https:\/\/gentedebasquet.com.ar\/sitio\/wp-json\/wp\/v2\/posts\/38611","targetHints":{"allow":["GET"]}}],"collection":[{"href":"https:\/\/gentedebasquet.com.ar\/sitio\/wp-json\/wp\/v2\/posts"}],"about":[{"href":"https:\/\/gentedebasquet.com.ar\/sitio\/wp-json\/wp\/v2\/types\/post"}],"author":[{"embeddable":true,"href":"https:\/\/gentedebasquet.com.ar\/sitio\/wp-json\/wp\/v2\/users\/1"}],"replies":[{"embeddable":true,"href":"https:\/\/gentedebasquet.com.ar\/sitio\/wp-json\/wp\/v2\/comments?post=38611"}],"version-history":[{"count":0,"href":"https:\/\/gentedebasquet.com.ar\/sitio\/wp-json\/wp\/v2\/posts\/38611\/revisions"}],"wp:featuredmedia":[{"embeddable":true,"href":"https:\/\/gentedebasquet.com.ar\/sitio\/wp-json\/wp\/v2\/media\/38612"}],"wp:attachment":[{"href":"https:\/\/gentedebasquet.com.ar\/sitio\/wp-json\/wp\/v2\/media?parent=38611"}],"wp:term":[{"taxonomy":"category","embeddable":true,"href":"https:\/\/gentedebasquet.com.ar\/sitio\/wp-json\/wp\/v2\/categories?post=38611"},{"taxonomy":"post_tag","embeddable":true,"href":"https:\/\/gentedebasquet.com.ar\/sitio\/wp-json\/wp\/v2\/tags?post=38611"}],"curies":[{"name":"wp","href":"https:\/\/api.w.org\/{rel}","templated":true}]}}