{"id":38708,"date":"2014-09-30T02:10:45","date_gmt":"2014-09-30T05:10:45","guid":{"rendered":"http:\/\/www.gentedebasquet.com.ar\/?p=38708"},"modified":"2014-09-30T02:10:45","modified_gmt":"2014-09-30T05:10:45","slug":"noche-redonda","status":"publish","type":"post","link":"https:\/\/gentedebasquet.com.ar\/sitio\/2014\/09\/30\/noche-redonda\/","title":{"rendered":"Noche redonda"},"content":{"rendered":"<p><b>Barracas venci\u00f3 como local a Whitense por 78 a 61, se asegur\u00f3 el 1 de cara a los playoffs y tambi\u00e9n un lugar en la final por el segundo ascenso de ser necesario. Con buena circulaci\u00f3n del bal\u00f3n desde el per\u00edmetro y pasajes certeros de larga distancia, el due\u00f1o de casa domin\u00f3 de principio a fin un partido donde sac\u00f3 diferencias en el 1C y luego las administr\u00f3 para llegar al cierre sin problemas. Harina fue la gran figura con una tarea descollante (24 puntos, 8 rebotes, 5 asistencias y 6 robos), y estuvo muy bien secundado por Carci (16, 4\/12 T3) y Trellini (11+7+7). En la visita no alcanz\u00f3 con las actuaciones de Chotard (16 + 11 recobres) y Minervino (14).<\/b><\/p>\n<p>El inicio de partido fue err\u00e1tico y sin mayores diferencias, el due\u00f1o de casa sumaba con Santill\u00e1n y Mond\u00f3n bien hundidos en la pintura m\u00e1s una bomba de Carci para estar al frente por la m\u00ednima (9-8) a mediados del parcial, ante un Whitense que primero sumaba con acciones individuales de sus perimetrales y luego encontr\u00f3 en una r\u00e1faga de Chotard (4) m\u00e1s el ingreso de Minervino, las respuestas a una ofensiva que abusaba del tiro exterior (0\/4 T3). El visitante sigui\u00f3 apostando al pick and roll entre Minervino (2 + 2 asistencias) y Chotard (finaliz\u00f3 con 6 3\/6 T2), pero los de Ipucha comenzaron a mostrarse imprecisos con la bola (5 p\u00e9rdidas) y Barracas lograr\u00eda establecer su juego, porque tanto Santill\u00e1n (cerr\u00f3 con 7) como Mond\u00f3n (termin\u00f3 con 6) siguieron efectivos cerca del cesto, Carci volv\u00eda a castigar de lejos, y Harina, sin encontrar el aro (0\/3 TC) fue importante en ambos costados (4 robos, 3 pases gol) para que los de Palumbo terminen el primer cuarto ganando 21 a 14.<\/p>\n<p>El quedo en ataque por parte del visitante se iba a acentuar en el comienzo del segundo cuarto, porque una acci\u00f3n de doble y falta de Minervino y dos tiros libres de Chotard ser\u00edan la \u00fanica ofensiva del equipo de Ipucha en m\u00e1s de 5 minutos, con problemas en el traslado (4 p\u00e9rdidas) y estando errado para el aro (1\/7 TC) y Barracas, con Trellini (6, 2 triples) conectando de larga distancia y Harina (5) amig\u00e1ndose con el cesto gracias a una bomba y una bandeja tras un robo, estiraba la diferencia y sacaba 14 (32-18) a 4.24. Whitense iba a despertar con un par de acciones de Ca\u00f1ulef y Gestido m\u00e1s el buen ingreso de Freije (6, 2\/2 T3) que aprovechaba los espacios y sumaba de lejos para que la visita llegue a achicar a 6 (34-28), pero Trellini (3 asistencias) entendi\u00f3 que el r\u00e9dito estaba en las manos de Harina (entre ambos sumaron todos los puntos del local en el 2C) y Federico no decepcion\u00f3 porque sigui\u00f3 encendido (cerr\u00f3 con 13, 3\/4 T3, 1\/1 T2, 2\/2 T1) tomando ventajas de la pasividad de la defensa rival que le daba la opci\u00f3n del tiro lejano y as\u00ed, los de Palumbo se fueron al descanso largo ganando 40 a 28.<\/p>\n<p>Tras el regreso de vestuarios, Whitense volvi\u00f3 renovado e intent\u00f3 meterse en partido, con las penetraciones de Minervino (4) y una bomba de Resler, pero el local siempre encontr\u00f3 respuestas para frenar los intentos rivales, porque Harina (5) sigui\u00f3 infalible de media y larga distancia y Trellini junto con Carci contribu\u00edan para un per\u00edmetro que manten\u00eda la ofensiva encendida y dejaba la distancia en 13 (50-37) a falta de 4.25. Pero los de Palumbo iban a sufrir un baj\u00f3n en ataque, sumando un solo gol de campo en ese pasaje y arrimando mediante libres, porque el abuso del tiro externo se mantuvo pero la efectividad merm\u00f3 (fallaron sus \u00faltimos 6 triples lanzados), y el visitante, con interesantes lapson de Halberg (4) y Chotard (4) que atacaban el aro con decisi\u00f3n, cerr\u00f3 con mejores sensaciones el tercer cuarto m\u00e1s all\u00e1 que el due\u00f1o de casa manten\u00eda un buen margen: 55-44.<\/p>\n<p>Un triple de Halberg en el inicio del \u00faltimo per\u00edodo recort\u00f3 la distancia a 8 (55-47) pero hasta ah\u00ed iban a llegar las opciones visitantes, porque se qued\u00f3 sin gol (0\/8 TC, 2\/2 T1) y entre los triples de Carci (6, 2\/2 T3) y una buena racha de Gonz\u00e1lez (4) encabezaron un parcial de 13 a 2 para Barracas que comenzaba a liquidar el pleito (68-49) en la mitad del \u00faltimo cuarto. Ya en los minutos finales el partido se cerr\u00f3 con los suplentes de ambos equipos en cancha y as\u00ed, \u201cEl Bosque\u201d se llev\u00f3 una victoria que le permiti\u00f3 asegurar el 1 de cara a los playoffs y mediante los puntos de la tabla acumulada, confirmar su lugar en una final por el segundo ascenso en caso de ser necesario.<\/p>\n<h6>Una postal del juego: Barracas rotando la bola por el per\u00edmetro y conectando de larga distancia, en este caso, de la mano de Carci<\/h6>\n<p>[vimeo]http:\/\/vimeo.com\/107542877[\/vimeo]<\/p>\n<p>&nbsp;<\/p>\n<p><em><b><span style=\"text-decoration: underline;\">S\u00edntesis:<\/span><\/b><\/em><\/p>\n<p><b>Barracas 78:<\/b> Dami\u00e1n Carci 16, Federico Harina 24, Mariano Trellini 11, Mauro Santillan 7, Andr\u00e9s Mond\u00f3n 7 (FI).\u00a0 Mauro P\u00e9rez 0, Juli\u00e1n Serrano 3, Joaqu\u00edn Gonz\u00e1lez 6 (x), Emanuel Larrosa 0, Mauro Montanaro 2, Agust\u00edn Mambriani 2, Andr\u00e9s Almir\u00f3n 0. DT: Juan Sergio Palumbo.<\/p>\n<p><b>Whitense 61:<\/b> Marcos Halberg 7, Gonzalo Resler 5, Federico Gestido 4, Alejandro Chotard 16, Facundo Ca\u00f1ulef 4(FI). Mario Minervino 14, Silvio P\u00e9rez 0, Ariel Meza 0, Iv\u00e1n Freije 11, Cristian Kolecsnik 0. DT: Sebasti\u00e1n Dodero.<\/p>\n<p><b>Parciales:<\/b> 21-14, 40-28 (19-14), 55-44 (15-16), 78-61 (23-17).<\/p>\n<p><b>\u00c1rbitros:<\/b> Sebasti\u00e1n Arcas \u2013 Diego Kessler.<\/p>\n<p><b>Estadio:<\/b> El Bosque.<\/p>\n<p><a class=\"modalf iframe\" title=\"Planilla\" href=\"https:\/\/docs.google.com\/spreadsheets\/d\/1_0-IfxK1P0Eh9pxxNWNyrxnRSkc4ApSkDFeveVvOiEs\/pubhtml?gid=1553968184&amp;single=true\" target=\"_blank\" rel=\"noopener\">Ver Planilla<\/a><\/p>\n","protected":false},"excerpt":{"rendered":"<p>Barracas: 78-61 a Whitense, due\u00f1o del 1 en playoffs y una chance por el 2\u00ba ascenso<\/p>\n","protected":false},"author":1,"featured_media":38709,"comment_status":"closed","ping_status":"open","sticky":false,"template":"","format":"standard","meta":{"jnews-multi-image_gallery":[],"jnews_single_post":[],"jnews_primary_category":[],"footnotes":""},"categories":[25,101],"tags":[208,333,527,8,209],"class_list":["post-38708","post","type-post","status-publish","format-standard","has-post-thumbnail","hentry","category-segunda","category-slide","tag-alejandro-chotard","tag-barracas","tag-damian-carci","tag-deportivo-whitense","tag-federico-harina"],"yoast_head":"<!-- This site is optimized with the Yoast SEO plugin v27.5 - https:\/\/yoast.com\/product\/yoast-seo-wordpress\/ -->\n<title>Noche redonda - Gente de B\u00e1squet<\/title>\n<meta name=\"robots\" content=\"index, follow, max-snippet:-1, max-image-preview:large, max-video-preview:-1\" \/>\n<link rel=\"canonical\" href=\"https:\/\/gentedebasquet.com.ar\/sitio\/2014\/09\/30\/noche-redonda\/\" \/>\n<meta property=\"og:locale\" content=\"es_ES\" \/>\n<meta property=\"og:type\" content=\"article\" \/>\n<meta property=\"og:title\" content=\"Noche redonda - Gente de B\u00e1squet\" \/>\n<meta property=\"og:description\" content=\"Barracas: 78-61 a Whitense, due\u00f1o del 1 en playoffs y una chance por el 2\u00ba ascenso\" \/>\n<meta property=\"og:url\" content=\"https:\/\/gentedebasquet.com.ar\/sitio\/2014\/09\/30\/noche-redonda\/\" \/>\n<meta property=\"og:site_name\" content=\"Gente de B\u00e1squet\" \/>\n<meta property=\"article:published_time\" content=\"2014-09-30T05:10:45+00:00\" \/>\n<meta property=\"og:image\" content=\"https:\/\/gentedebasquet.com.ar\/sitio\/wp-content\/uploads\/2014\/09\/10696462_10201364947044863_1550883934868503137_n.jpg\" \/>\n\t<meta property=\"og:image:width\" content=\"690\" \/>\n\t<meta property=\"og:image:height\" content=\"319\" \/>\n\t<meta property=\"og:image:type\" content=\"image\/jpeg\" \/>\n<meta name=\"author\" content=\"Gente de B\u00e1squet\" \/>\n<meta name=\"twitter:card\" content=\"summary_large_image\" \/>\n<meta name=\"twitter:label1\" content=\"Escrito por\" \/>\n\t<meta name=\"twitter:data1\" content=\"Gente de B\u00e1squet\" \/>\n\t<meta name=\"twitter:label2\" content=\"Tiempo de lectura\" \/>\n\t<meta name=\"twitter:data2\" content=\"4 minutos\" \/>\n<script type=\"application\/ld+json\" class=\"yoast-schema-graph\">{\"@context\":\"https:\\\/\\\/schema.org\",\"@graph\":[{\"@type\":\"Article\",\"@id\":\"https:\\\/\\\/gentedebasquet.com.ar\\\/sitio\\\/2014\\\/09\\\/30\\\/noche-redonda\\\/#article\",\"isPartOf\":{\"@id\":\"https:\\\/\\\/gentedebasquet.com.ar\\\/sitio\\\/2014\\\/09\\\/30\\\/noche-redonda\\\/\"},\"author\":{\"name\":\"Gente de B\u00e1squet\",\"@id\":\"https:\\\/\\\/gentedebasquet.com.ar\\\/sitio\\\/#\\\/schema\\\/person\\\/ca0b63bbb977369988a7bbbdc519943a\"},\"headline\":\"Noche redonda\",\"datePublished\":\"2014-09-30T05:10:45+00:00\",\"mainEntityOfPage\":{\"@id\":\"https:\\\/\\\/gentedebasquet.com.ar\\\/sitio\\\/2014\\\/09\\\/30\\\/noche-redonda\\\/\"},\"wordCount\":882,\"image\":{\"@id\":\"https:\\\/\\\/gentedebasquet.com.ar\\\/sitio\\\/2014\\\/09\\\/30\\\/noche-redonda\\\/#primaryimage\"},\"thumbnailUrl\":\"https:\\\/\\\/gentedebasquet.com.ar\\\/sitio\\\/wp-content\\\/uploads\\\/2014\\\/09\\\/10696462_10201364947044863_1550883934868503137_n.jpg\",\"keywords\":[\"Alejandro Chotard\",\"Barracas\",\"Dami\u00e1n Carci\",\"Deportivo Whitense\",\"Federico Harina\"],\"articleSection\":[\"Segunda\",\"Slide\"],\"inLanguage\":\"es\"},{\"@type\":\"WebPage\",\"@id\":\"https:\\\/\\\/gentedebasquet.com.ar\\\/sitio\\\/2014\\\/09\\\/30\\\/noche-redonda\\\/\",\"url\":\"https:\\\/\\\/gentedebasquet.com.ar\\\/sitio\\\/2014\\\/09\\\/30\\\/noche-redonda\\\/\",\"name\":\"Noche redonda - Gente de B\u00e1squet\",\"isPartOf\":{\"@id\":\"https:\\\/\\\/gentedebasquet.com.ar\\\/sitio\\\/#website\"},\"primaryImageOfPage\":{\"@id\":\"https:\\\/\\\/gentedebasquet.com.ar\\\/sitio\\\/2014\\\/09\\\/30\\\/noche-redonda\\\/#primaryimage\"},\"image\":{\"@id\":\"https:\\\/\\\/gentedebasquet.com.ar\\\/sitio\\\/2014\\\/09\\\/30\\\/noche-redonda\\\/#primaryimage\"},\"thumbnailUrl\":\"https:\\\/\\\/gentedebasquet.com.ar\\\/sitio\\\/wp-content\\\/uploads\\\/2014\\\/09\\\/10696462_10201364947044863_1550883934868503137_n.jpg\",\"datePublished\":\"2014-09-30T05:10:45+00:00\",\"author\":{\"@id\":\"https:\\\/\\\/gentedebasquet.com.ar\\\/sitio\\\/#\\\/schema\\\/person\\\/ca0b63bbb977369988a7bbbdc519943a\"},\"breadcrumb\":{\"@id\":\"https:\\\/\\\/gentedebasquet.com.ar\\\/sitio\\\/2014\\\/09\\\/30\\\/noche-redonda\\\/#breadcrumb\"},\"inLanguage\":\"es\",\"potentialAction\":[{\"@type\":\"ReadAction\",\"target\":[\"https:\\\/\\\/gentedebasquet.com.ar\\\/sitio\\\/2014\\\/09\\\/30\\\/noche-redonda\\\/\"]}]},{\"@type\":\"ImageObject\",\"inLanguage\":\"es\",\"@id\":\"https:\\\/\\\/gentedebasquet.com.ar\\\/sitio\\\/2014\\\/09\\\/30\\\/noche-redonda\\\/#primaryimage\",\"url\":\"https:\\\/\\\/gentedebasquet.com.ar\\\/sitio\\\/wp-content\\\/uploads\\\/2014\\\/09\\\/10696462_10201364947044863_1550883934868503137_n.jpg\",\"contentUrl\":\"https:\\\/\\\/gentedebasquet.com.ar\\\/sitio\\\/wp-content\\\/uploads\\\/2014\\\/09\\\/10696462_10201364947044863_1550883934868503137_n.jpg\",\"width\":690,\"height\":319},{\"@type\":\"BreadcrumbList\",\"@id\":\"https:\\\/\\\/gentedebasquet.com.ar\\\/sitio\\\/2014\\\/09\\\/30\\\/noche-redonda\\\/#breadcrumb\",\"itemListElement\":[{\"@type\":\"ListItem\",\"position\":1,\"name\":\"Portada\",\"item\":\"https:\\\/\\\/gentedebasquet.com.ar\\\/sitio\\\/\"},{\"@type\":\"ListItem\",\"position\":2,\"name\":\"Noche redonda\"}]},{\"@type\":\"WebSite\",\"@id\":\"https:\\\/\\\/gentedebasquet.com.ar\\\/sitio\\\/#website\",\"url\":\"https:\\\/\\\/gentedebasquet.com.ar\\\/sitio\\\/\",\"name\":\"Gente de B\u00e1squet\",\"description\":\"La revista del basquet de Bah\u00eda Blanca\",\"potentialAction\":[{\"@type\":\"SearchAction\",\"target\":{\"@type\":\"EntryPoint\",\"urlTemplate\":\"https:\\\/\\\/gentedebasquet.com.ar\\\/sitio\\\/?s={search_term_string}\"},\"query-input\":{\"@type\":\"PropertyValueSpecification\",\"valueRequired\":true,\"valueName\":\"search_term_string\"}}],\"inLanguage\":\"es\"},{\"@type\":\"Person\",\"@id\":\"https:\\\/\\\/gentedebasquet.com.ar\\\/sitio\\\/#\\\/schema\\\/person\\\/ca0b63bbb977369988a7bbbdc519943a\",\"name\":\"Gente de B\u00e1squet\",\"image\":{\"@type\":\"ImageObject\",\"inLanguage\":\"es\",\"@id\":\"https:\\\/\\\/secure.gravatar.com\\\/avatar\\\/7f2c48bdc33b30088f941fb6082e555f2874c98e20cb159d7b92b50eadfce793?s=96&d=mm&r=g\",\"url\":\"https:\\\/\\\/secure.gravatar.com\\\/avatar\\\/7f2c48bdc33b30088f941fb6082e555f2874c98e20cb159d7b92b50eadfce793?s=96&d=mm&r=g\",\"contentUrl\":\"https:\\\/\\\/secure.gravatar.com\\\/avatar\\\/7f2c48bdc33b30088f941fb6082e555f2874c98e20cb159d7b92b50eadfce793?s=96&d=mm&r=g\",\"caption\":\"Gente de B\u00e1squet\"},\"sameAs\":[\"http:\\\/\\\/gentedebasquet.com.ar\\\/sitio\"],\"url\":\"https:\\\/\\\/gentedebasquet.com.ar\\\/sitio\\\/author\\\/ulises\\\/\"}]}<\/script>\n<!-- \/ Yoast SEO plugin. -->","yoast_head_json":{"title":"Noche redonda - Gente de B\u00e1squet","robots":{"index":"index","follow":"follow","max-snippet":"max-snippet:-1","max-image-preview":"max-image-preview:large","max-video-preview":"max-video-preview:-1"},"canonical":"https:\/\/gentedebasquet.com.ar\/sitio\/2014\/09\/30\/noche-redonda\/","og_locale":"es_ES","og_type":"article","og_title":"Noche redonda - Gente de B\u00e1squet","og_description":"Barracas: 78-61 a Whitense, due\u00f1o del 1 en playoffs y una chance por el 2\u00ba ascenso","og_url":"https:\/\/gentedebasquet.com.ar\/sitio\/2014\/09\/30\/noche-redonda\/","og_site_name":"Gente de B\u00e1squet","article_published_time":"2014-09-30T05:10:45+00:00","og_image":[{"width":690,"height":319,"url":"https:\/\/gentedebasquet.com.ar\/sitio\/wp-content\/uploads\/2014\/09\/10696462_10201364947044863_1550883934868503137_n.jpg","type":"image\/jpeg"}],"author":"Gente de B\u00e1squet","twitter_card":"summary_large_image","twitter_misc":{"Escrito por":"Gente de B\u00e1squet","Tiempo de lectura":"4 minutos"},"schema":{"@context":"https:\/\/schema.org","@graph":[{"@type":"Article","@id":"https:\/\/gentedebasquet.com.ar\/sitio\/2014\/09\/30\/noche-redonda\/#article","isPartOf":{"@id":"https:\/\/gentedebasquet.com.ar\/sitio\/2014\/09\/30\/noche-redonda\/"},"author":{"name":"Gente de B\u00e1squet","@id":"https:\/\/gentedebasquet.com.ar\/sitio\/#\/schema\/person\/ca0b63bbb977369988a7bbbdc519943a"},"headline":"Noche redonda","datePublished":"2014-09-30T05:10:45+00:00","mainEntityOfPage":{"@id":"https:\/\/gentedebasquet.com.ar\/sitio\/2014\/09\/30\/noche-redonda\/"},"wordCount":882,"image":{"@id":"https:\/\/gentedebasquet.com.ar\/sitio\/2014\/09\/30\/noche-redonda\/#primaryimage"},"thumbnailUrl":"https:\/\/gentedebasquet.com.ar\/sitio\/wp-content\/uploads\/2014\/09\/10696462_10201364947044863_1550883934868503137_n.jpg","keywords":["Alejandro Chotard","Barracas","Dami\u00e1n Carci","Deportivo Whitense","Federico Harina"],"articleSection":["Segunda","Slide"],"inLanguage":"es"},{"@type":"WebPage","@id":"https:\/\/gentedebasquet.com.ar\/sitio\/2014\/09\/30\/noche-redonda\/","url":"https:\/\/gentedebasquet.com.ar\/sitio\/2014\/09\/30\/noche-redonda\/","name":"Noche redonda - Gente de B\u00e1squet","isPartOf":{"@id":"https:\/\/gentedebasquet.com.ar\/sitio\/#website"},"primaryImageOfPage":{"@id":"https:\/\/gentedebasquet.com.ar\/sitio\/2014\/09\/30\/noche-redonda\/#primaryimage"},"image":{"@id":"https:\/\/gentedebasquet.com.ar\/sitio\/2014\/09\/30\/noche-redonda\/#primaryimage"},"thumbnailUrl":"https:\/\/gentedebasquet.com.ar\/sitio\/wp-content\/uploads\/2014\/09\/10696462_10201364947044863_1550883934868503137_n.jpg","datePublished":"2014-09-30T05:10:45+00:00","author":{"@id":"https:\/\/gentedebasquet.com.ar\/sitio\/#\/schema\/person\/ca0b63bbb977369988a7bbbdc519943a"},"breadcrumb":{"@id":"https:\/\/gentedebasquet.com.ar\/sitio\/2014\/09\/30\/noche-redonda\/#breadcrumb"},"inLanguage":"es","potentialAction":[{"@type":"ReadAction","target":["https:\/\/gentedebasquet.com.ar\/sitio\/2014\/09\/30\/noche-redonda\/"]}]},{"@type":"ImageObject","inLanguage":"es","@id":"https:\/\/gentedebasquet.com.ar\/sitio\/2014\/09\/30\/noche-redonda\/#primaryimage","url":"https:\/\/gentedebasquet.com.ar\/sitio\/wp-content\/uploads\/2014\/09\/10696462_10201364947044863_1550883934868503137_n.jpg","contentUrl":"https:\/\/gentedebasquet.com.ar\/sitio\/wp-content\/uploads\/2014\/09\/10696462_10201364947044863_1550883934868503137_n.jpg","width":690,"height":319},{"@type":"BreadcrumbList","@id":"https:\/\/gentedebasquet.com.ar\/sitio\/2014\/09\/30\/noche-redonda\/#breadcrumb","itemListElement":[{"@type":"ListItem","position":1,"name":"Portada","item":"https:\/\/gentedebasquet.com.ar\/sitio\/"},{"@type":"ListItem","position":2,"name":"Noche redonda"}]},{"@type":"WebSite","@id":"https:\/\/gentedebasquet.com.ar\/sitio\/#website","url":"https:\/\/gentedebasquet.com.ar\/sitio\/","name":"Gente de B\u00e1squet","description":"La revista del basquet de Bah\u00eda Blanca","potentialAction":[{"@type":"SearchAction","target":{"@type":"EntryPoint","urlTemplate":"https:\/\/gentedebasquet.com.ar\/sitio\/?s={search_term_string}"},"query-input":{"@type":"PropertyValueSpecification","valueRequired":true,"valueName":"search_term_string"}}],"inLanguage":"es"},{"@type":"Person","@id":"https:\/\/gentedebasquet.com.ar\/sitio\/#\/schema\/person\/ca0b63bbb977369988a7bbbdc519943a","name":"Gente de B\u00e1squet","image":{"@type":"ImageObject","inLanguage":"es","@id":"https:\/\/secure.gravatar.com\/avatar\/7f2c48bdc33b30088f941fb6082e555f2874c98e20cb159d7b92b50eadfce793?s=96&d=mm&r=g","url":"https:\/\/secure.gravatar.com\/avatar\/7f2c48bdc33b30088f941fb6082e555f2874c98e20cb159d7b92b50eadfce793?s=96&d=mm&r=g","contentUrl":"https:\/\/secure.gravatar.com\/avatar\/7f2c48bdc33b30088f941fb6082e555f2874c98e20cb159d7b92b50eadfce793?s=96&d=mm&r=g","caption":"Gente de B\u00e1squet"},"sameAs":["http:\/\/gentedebasquet.com.ar\/sitio"],"url":"https:\/\/gentedebasquet.com.ar\/sitio\/author\/ulises\/"}]}},"_links":{"self":[{"href":"https:\/\/gentedebasquet.com.ar\/sitio\/wp-json\/wp\/v2\/posts\/38708","targetHints":{"allow":["GET"]}}],"collection":[{"href":"https:\/\/gentedebasquet.com.ar\/sitio\/wp-json\/wp\/v2\/posts"}],"about":[{"href":"https:\/\/gentedebasquet.com.ar\/sitio\/wp-json\/wp\/v2\/types\/post"}],"author":[{"embeddable":true,"href":"https:\/\/gentedebasquet.com.ar\/sitio\/wp-json\/wp\/v2\/users\/1"}],"replies":[{"embeddable":true,"href":"https:\/\/gentedebasquet.com.ar\/sitio\/wp-json\/wp\/v2\/comments?post=38708"}],"version-history":[{"count":0,"href":"https:\/\/gentedebasquet.com.ar\/sitio\/wp-json\/wp\/v2\/posts\/38708\/revisions"}],"wp:featuredmedia":[{"embeddable":true,"href":"https:\/\/gentedebasquet.com.ar\/sitio\/wp-json\/wp\/v2\/media\/38709"}],"wp:attachment":[{"href":"https:\/\/gentedebasquet.com.ar\/sitio\/wp-json\/wp\/v2\/media?parent=38708"}],"wp:term":[{"taxonomy":"category","embeddable":true,"href":"https:\/\/gentedebasquet.com.ar\/sitio\/wp-json\/wp\/v2\/categories?post=38708"},{"taxonomy":"post_tag","embeddable":true,"href":"https:\/\/gentedebasquet.com.ar\/sitio\/wp-json\/wp\/v2\/tags?post=38708"}],"curies":[{"name":"wp","href":"https:\/\/api.w.org\/{rel}","templated":true}]}}