{"id":38742,"date":"2014-10-01T23:37:10","date_gmt":"2014-10-02T02:37:10","guid":{"rendered":"http:\/\/www.gentedebasquet.com.ar\/?p=38742"},"modified":"2014-10-01T23:37:10","modified_gmt":"2014-10-02T02:37:10","slug":"se-ilusiona-con-pelear-arriba","status":"publish","type":"post","link":"https:\/\/gentedebasquet.com.ar\/sitio\/2014\/10\/01\/se-ilusiona-con-pelear-arriba\/","title":{"rendered":"Se ilusiona con pelear arriba"},"content":{"rendered":"<p><strong>El Nacional venci\u00f3 como anfitri\u00f3n a Independiente por 82 a 60, en el partido correspondiente a la 5\u00b0 fecha de la zona A2, por el torneo Oficial de Primera. \u00a0Interesantes rendimientos individuales en el conjunto dirigido por Juan Garc\u00eda, con Nicol\u00e1s Quiroga (20 puntos, 8-11 en tiros de campo) y Francisco Hoffman (13 y 11 rebotes) como los m\u00e1s sobresalientes. \u00a0Por el lado de los dirigidos por Ignacio Caspe, Javier Musumeci (14, 6-11 de campo) fue el de rendimiento m\u00e1s destacado.<\/strong><\/p>\n<p>Duelo de contrastes fue el que se dio en el Hermanos Ciccioli: por un lado El Nacional (con la baja de Nicol\u00e1s Vera por un esguince de tobillo) obligado a ganar para no alejarse de la ventaja de medio punto que 9 de Julio le lleva, <a href=\"http:\/\/www.gentedebasquet.com.ar\/mostro-autoridad-2\/\">sobre todo teniendo en cuenta la victoria del conjunto de Emiliano Rold\u00e1n en el adelantado del d\u00eda martes<\/a>. \u00a0En el otro extremo Independiente, \u00faltimo en la A2, buscando algo de ox\u00edgeno para evitar a toda costa el descenso a Segunda.<\/p>\n<p>El 1C fue el tramo mas parejo del encuentro (20-18), y se caracteriz\u00f3 por una fuerte lucha en el juego interno. \u00a0Con el \u00abPollo\u00bb Mor\u00e1n en la conducci\u00f3n del ataque (3 asistencias), Fernando Larra\u00f1aga tuvo una racha de 5 puntos para encender la ofensiva de El Nacional, que luego se apoy\u00f3 en Nicol\u00e1s Quiroga (6) y su producci\u00f3n en la pintura. \u00a0Independiente de entrada se apoy\u00f3 en Facundo Goenaga (8) intentando aprovechar su ventaja en envergadura f\u00edsica en la zona pintada.<\/p>\n<p>El curso del partido cambi\u00f3 dr\u00e1sticamente en el 2C, porque en 4&#8242; de juego el local sac\u00f3 11 puntos de ventaja, con un Quiroga (7) que comenzaba a encenderse. \u00a0Menci\u00f3n especial para Francisco Hoffman y su carga en el rebote ofensivo (3 en el parcial, totalizando 9 tableros al cierre de la primera mitad) que le permiti\u00f3 generar segundas oportunidades, y aportar al goleo albiceleste (7). \u00a0Con un doble de Quiroga sobre la chicharra, El Nacional se iba al descanso 12 puntos arriba en el marcador (47-35).<\/p>\n<p>Al regreso de los vestuarios, los de Garc\u00eda mantuvieron la intensidad en ofensiva y firmaron un parcial de 13-4 en 4&#8242;, alcanzando 21 puntos de luz. \u00a0Quiroga (7) y Hoffman (4 y 3 rebotes) continuaron con su efectivo aporte debajo del aro, mientras que Mor\u00e1n contribuy\u00f3 desde el per\u00edmetro (2-3 en T3). \u00a0Independiente sufri\u00f3 un parcial de muy bajo goleo (9), porque el Nacional anul\u00f3 el juego en la pintura de Goenaga (no anot\u00f3) y Maximiliano Bert\u00f3n (2) y solo pudo concretar desde larga distancia, a partir de dos bombas, una de Musumeci y otra de Walter Acebedo.<\/p>\n<p>El partido finaliz\u00f3 a falta de 8 minutos para el final en el 4C, cuando El Nacional alcanz\u00f3 la ventaja m\u00e1xima de 30 mediante otra racha de puntos de Larra\u00f1aga (7) y una bomba de Emiliano Iraola. \u00a0Ante esto, tanto Caspe como Garc\u00eda le dieron minutos a sus terceras rotaciones, dando por definido el encuentro. \u00a0Victoria importante para El Nacional, que no le quiere perder pisada a 9 de Julio en la zona A2, por un lugar en los playoffs por el campeonato.<\/p>\n<p>&nbsp;<\/p>\n<p>[vimeo]http:\/\/https:\/\/vimeo.com\/107776835[\/vimeo]<\/p>\n<p>&nbsp;<\/p>\n<p>[vimeo]http:\/\/https:\/\/vimeo.com\/107776834[\/vimeo]<\/p>\n<p>&nbsp;<\/p>\n<p>[vimeo]http:\/\/https:\/\/vimeo.com\/107776833[\/vimeo]<\/p>\n<p>&nbsp;<\/p>\n<p><strong><span style=\"text-decoration: underline;\"><em>S\u00edntesis<\/em><\/span><\/strong><\/p>\n<p><strong>El Nacional 82:\u00a0<\/strong>Juan Pablo Mor\u00e1n 13, Emiliano Iraola 7, Fernando Larra\u00f1aga 12, Francisco Hoffman 13, Nicol\u00e1s Quiroga 20 (FI); Federico Ilekis 0, Braian Alonso 0, Gonzalo Moreyra 0, Pomar Garbarino 11, Facundo Carrizo 0, Facundo Mart\u00ednez 0. \u00a0D.T: Juan Garc\u00eda.<\/p>\n<p><strong>Independiente 60:\u00a0<\/strong>Fernando Prado 3, Javier Musumeci 14, Walter Acebedo 8, Maximiliano Bert\u00f3n 11, Facundo Goenaga 12 (FI); Nicol\u00e1s Caputo 3, Enzo Rodr\u00edgez 0, Juan Cruz Reschini 7, Uriel Mart\u00ednez 2. D.T: Ignacio Caspe.<\/p>\n<p><strong>Parciales:\u00a0<\/strong>20-18, 47-35 (27-17), 69-44 (22-9), 82-60 (13-16).<\/p>\n<p><strong>\u00c1rbitros:\u00a0<\/strong>Javier S\u00e1nchez &#8211; Lucas Paolette.<\/p>\n<p><strong>Estadio:\u00a0<\/strong>Hermanos Ciccioli (El Nacional).<\/p>\n<p><a class=\"modalf iframe\" title=\"Planilla\" href=\"https:\/\/docs.google.com\/spreadsheets\/d\/1Tgdad41WozxP8K1SK9sL0tJBC7rTOqXIAXDAdVQG31I\/pubhtml\" target=\"_blank\" rel=\"noopener\">Ver Planilla<\/a><\/p>\n","protected":false},"excerpt":{"rendered":"<p>El Nacional venci\u00f3 a Independiente 82-60 y no le pierde pisada a 9 de Julio en la A2<\/p>\n","protected":false},"author":1,"featured_media":38745,"comment_status":"closed","ping_status":"open","sticky":false,"template":"","format":"standard","meta":{"jnews-multi-image_gallery":[],"jnews_single_post":[],"jnews_primary_category":[],"footnotes":""},"categories":[23,101],"tags":[9,614,12,231,283],"class_list":["post-38742","post","type-post","status-publish","format-standard","has-post-thumbnail","hentry","category-primera","category-slide","tag-el-nacional","tag-francisco-hoffman","tag-independiente","tag-javier-musumeci","tag-nicolas-quiroga"],"yoast_head":"<!-- This site is optimized with the Yoast SEO plugin v27.4 - https:\/\/yoast.com\/product\/yoast-seo-wordpress\/ -->\n<title>Se ilusiona con pelear arriba - Gente de B\u00e1squet<\/title>\n<meta name=\"robots\" content=\"index, follow, max-snippet:-1, max-image-preview:large, max-video-preview:-1\" \/>\n<link rel=\"canonical\" href=\"http:\/\/gentedebasquet.com.ar\/sitio\/2014\/10\/01\/se-ilusiona-con-pelear-arriba\/\" \/>\n<meta property=\"og:locale\" content=\"es_ES\" \/>\n<meta property=\"og:type\" content=\"article\" \/>\n<meta property=\"og:title\" content=\"Se ilusiona con pelear arriba - Gente de B\u00e1squet\" \/>\n<meta property=\"og:description\" content=\"El Nacional venci\u00f3 a Independiente 82-60 y no le pierde pisada a 9 de Julio en la A2\" \/>\n<meta property=\"og:url\" content=\"http:\/\/gentedebasquet.com.ar\/sitio\/2014\/10\/01\/se-ilusiona-con-pelear-arriba\/\" \/>\n<meta property=\"og:site_name\" content=\"Gente de B\u00e1squet\" \/>\n<meta property=\"article:published_time\" content=\"2014-10-02T02:37:10+00:00\" \/>\n<meta property=\"og:image\" content=\"http:\/\/gentedebasquet.com.ar\/sitio\/wp-content\/uploads\/2014\/10\/cen-cai.jpg\" \/>\n\t<meta property=\"og:image:width\" content=\"690\" \/>\n\t<meta property=\"og:image:height\" content=\"319\" \/>\n\t<meta property=\"og:image:type\" content=\"image\/jpeg\" \/>\n<meta name=\"author\" content=\"Gente de B\u00e1squet\" \/>\n<meta name=\"twitter:card\" content=\"summary_large_image\" \/>\n<meta name=\"twitter:label1\" content=\"Escrito por\" \/>\n\t<meta name=\"twitter:data1\" content=\"Gente de B\u00e1squet\" \/>\n\t<meta name=\"twitter:label2\" content=\"Tiempo de lectura\" \/>\n\t<meta name=\"twitter:data2\" content=\"3 minutos\" \/>\n<script type=\"application\/ld+json\" class=\"yoast-schema-graph\">{\"@context\":\"https:\\\/\\\/schema.org\",\"@graph\":[{\"@type\":\"Article\",\"@id\":\"http:\\\/\\\/gentedebasquet.com.ar\\\/sitio\\\/2014\\\/10\\\/01\\\/se-ilusiona-con-pelear-arriba\\\/#article\",\"isPartOf\":{\"@id\":\"http:\\\/\\\/gentedebasquet.com.ar\\\/sitio\\\/2014\\\/10\\\/01\\\/se-ilusiona-con-pelear-arriba\\\/\"},\"author\":{\"name\":\"Gente de B\u00e1squet\",\"@id\":\"https:\\\/\\\/gentedebasquet.com.ar\\\/sitio\\\/#\\\/schema\\\/person\\\/ca0b63bbb977369988a7bbbdc519943a\"},\"headline\":\"Se ilusiona con pelear arriba\",\"datePublished\":\"2014-10-02T02:37:10+00:00\",\"mainEntityOfPage\":{\"@id\":\"http:\\\/\\\/gentedebasquet.com.ar\\\/sitio\\\/2014\\\/10\\\/01\\\/se-ilusiona-con-pelear-arriba\\\/\"},\"wordCount\":625,\"image\":{\"@id\":\"http:\\\/\\\/gentedebasquet.com.ar\\\/sitio\\\/2014\\\/10\\\/01\\\/se-ilusiona-con-pelear-arriba\\\/#primaryimage\"},\"thumbnailUrl\":\"https:\\\/\\\/gentedebasquet.com.ar\\\/sitio\\\/wp-content\\\/uploads\\\/2014\\\/10\\\/cen-cai.jpg\",\"keywords\":[\"El Nacional\",\"Francisco Hoffman\",\"independiente\",\"Javier Musumeci\",\"Nicol\u00e1s Quiroga\"],\"articleSection\":[\"Primera\",\"Slide\"],\"inLanguage\":\"es\"},{\"@type\":\"WebPage\",\"@id\":\"http:\\\/\\\/gentedebasquet.com.ar\\\/sitio\\\/2014\\\/10\\\/01\\\/se-ilusiona-con-pelear-arriba\\\/\",\"url\":\"http:\\\/\\\/gentedebasquet.com.ar\\\/sitio\\\/2014\\\/10\\\/01\\\/se-ilusiona-con-pelear-arriba\\\/\",\"name\":\"Se ilusiona con pelear arriba - Gente de B\u00e1squet\",\"isPartOf\":{\"@id\":\"https:\\\/\\\/gentedebasquet.com.ar\\\/sitio\\\/#website\"},\"primaryImageOfPage\":{\"@id\":\"http:\\\/\\\/gentedebasquet.com.ar\\\/sitio\\\/2014\\\/10\\\/01\\\/se-ilusiona-con-pelear-arriba\\\/#primaryimage\"},\"image\":{\"@id\":\"http:\\\/\\\/gentedebasquet.com.ar\\\/sitio\\\/2014\\\/10\\\/01\\\/se-ilusiona-con-pelear-arriba\\\/#primaryimage\"},\"thumbnailUrl\":\"https:\\\/\\\/gentedebasquet.com.ar\\\/sitio\\\/wp-content\\\/uploads\\\/2014\\\/10\\\/cen-cai.jpg\",\"datePublished\":\"2014-10-02T02:37:10+00:00\",\"author\":{\"@id\":\"https:\\\/\\\/gentedebasquet.com.ar\\\/sitio\\\/#\\\/schema\\\/person\\\/ca0b63bbb977369988a7bbbdc519943a\"},\"breadcrumb\":{\"@id\":\"http:\\\/\\\/gentedebasquet.com.ar\\\/sitio\\\/2014\\\/10\\\/01\\\/se-ilusiona-con-pelear-arriba\\\/#breadcrumb\"},\"inLanguage\":\"es\",\"potentialAction\":[{\"@type\":\"ReadAction\",\"target\":[\"http:\\\/\\\/gentedebasquet.com.ar\\\/sitio\\\/2014\\\/10\\\/01\\\/se-ilusiona-con-pelear-arriba\\\/\"]}]},{\"@type\":\"ImageObject\",\"inLanguage\":\"es\",\"@id\":\"http:\\\/\\\/gentedebasquet.com.ar\\\/sitio\\\/2014\\\/10\\\/01\\\/se-ilusiona-con-pelear-arriba\\\/#primaryimage\",\"url\":\"https:\\\/\\\/gentedebasquet.com.ar\\\/sitio\\\/wp-content\\\/uploads\\\/2014\\\/10\\\/cen-cai.jpg\",\"contentUrl\":\"https:\\\/\\\/gentedebasquet.com.ar\\\/sitio\\\/wp-content\\\/uploads\\\/2014\\\/10\\\/cen-cai.jpg\",\"width\":690,\"height\":319},{\"@type\":\"BreadcrumbList\",\"@id\":\"http:\\\/\\\/gentedebasquet.com.ar\\\/sitio\\\/2014\\\/10\\\/01\\\/se-ilusiona-con-pelear-arriba\\\/#breadcrumb\",\"itemListElement\":[{\"@type\":\"ListItem\",\"position\":1,\"name\":\"Portada\",\"item\":\"https:\\\/\\\/gentedebasquet.com.ar\\\/sitio\\\/\"},{\"@type\":\"ListItem\",\"position\":2,\"name\":\"Se ilusiona con pelear arriba\"}]},{\"@type\":\"WebSite\",\"@id\":\"https:\\\/\\\/gentedebasquet.com.ar\\\/sitio\\\/#website\",\"url\":\"https:\\\/\\\/gentedebasquet.com.ar\\\/sitio\\\/\",\"name\":\"Gente de B\u00e1squet\",\"description\":\"La revista del basquet de Bah\u00eda Blanca\",\"potentialAction\":[{\"@type\":\"SearchAction\",\"target\":{\"@type\":\"EntryPoint\",\"urlTemplate\":\"https:\\\/\\\/gentedebasquet.com.ar\\\/sitio\\\/?s={search_term_string}\"},\"query-input\":{\"@type\":\"PropertyValueSpecification\",\"valueRequired\":true,\"valueName\":\"search_term_string\"}}],\"inLanguage\":\"es\"},{\"@type\":\"Person\",\"@id\":\"https:\\\/\\\/gentedebasquet.com.ar\\\/sitio\\\/#\\\/schema\\\/person\\\/ca0b63bbb977369988a7bbbdc519943a\",\"name\":\"Gente de B\u00e1squet\",\"image\":{\"@type\":\"ImageObject\",\"inLanguage\":\"es\",\"@id\":\"https:\\\/\\\/secure.gravatar.com\\\/avatar\\\/7f2c48bdc33b30088f941fb6082e555f2874c98e20cb159d7b92b50eadfce793?s=96&d=mm&r=g\",\"url\":\"https:\\\/\\\/secure.gravatar.com\\\/avatar\\\/7f2c48bdc33b30088f941fb6082e555f2874c98e20cb159d7b92b50eadfce793?s=96&d=mm&r=g\",\"contentUrl\":\"https:\\\/\\\/secure.gravatar.com\\\/avatar\\\/7f2c48bdc33b30088f941fb6082e555f2874c98e20cb159d7b92b50eadfce793?s=96&d=mm&r=g\",\"caption\":\"Gente de B\u00e1squet\"},\"sameAs\":[\"http:\\\/\\\/gentedebasquet.com.ar\\\/sitio\"],\"url\":\"https:\\\/\\\/gentedebasquet.com.ar\\\/sitio\\\/author\\\/ulises\\\/\"}]}<\/script>\n<!-- \/ Yoast SEO plugin. -->","yoast_head_json":{"title":"Se ilusiona con pelear arriba - Gente de B\u00e1squet","robots":{"index":"index","follow":"follow","max-snippet":"max-snippet:-1","max-image-preview":"max-image-preview:large","max-video-preview":"max-video-preview:-1"},"canonical":"http:\/\/gentedebasquet.com.ar\/sitio\/2014\/10\/01\/se-ilusiona-con-pelear-arriba\/","og_locale":"es_ES","og_type":"article","og_title":"Se ilusiona con pelear arriba - Gente de B\u00e1squet","og_description":"El Nacional venci\u00f3 a Independiente 82-60 y no le pierde pisada a 9 de Julio en la A2","og_url":"http:\/\/gentedebasquet.com.ar\/sitio\/2014\/10\/01\/se-ilusiona-con-pelear-arriba\/","og_site_name":"Gente de B\u00e1squet","article_published_time":"2014-10-02T02:37:10+00:00","og_image":[{"width":690,"height":319,"url":"http:\/\/gentedebasquet.com.ar\/sitio\/wp-content\/uploads\/2014\/10\/cen-cai.jpg","type":"image\/jpeg"}],"author":"Gente de B\u00e1squet","twitter_card":"summary_large_image","twitter_misc":{"Escrito por":"Gente de B\u00e1squet","Tiempo de lectura":"3 minutos"},"schema":{"@context":"https:\/\/schema.org","@graph":[{"@type":"Article","@id":"http:\/\/gentedebasquet.com.ar\/sitio\/2014\/10\/01\/se-ilusiona-con-pelear-arriba\/#article","isPartOf":{"@id":"http:\/\/gentedebasquet.com.ar\/sitio\/2014\/10\/01\/se-ilusiona-con-pelear-arriba\/"},"author":{"name":"Gente de B\u00e1squet","@id":"https:\/\/gentedebasquet.com.ar\/sitio\/#\/schema\/person\/ca0b63bbb977369988a7bbbdc519943a"},"headline":"Se ilusiona con pelear arriba","datePublished":"2014-10-02T02:37:10+00:00","mainEntityOfPage":{"@id":"http:\/\/gentedebasquet.com.ar\/sitio\/2014\/10\/01\/se-ilusiona-con-pelear-arriba\/"},"wordCount":625,"image":{"@id":"http:\/\/gentedebasquet.com.ar\/sitio\/2014\/10\/01\/se-ilusiona-con-pelear-arriba\/#primaryimage"},"thumbnailUrl":"https:\/\/gentedebasquet.com.ar\/sitio\/wp-content\/uploads\/2014\/10\/cen-cai.jpg","keywords":["El Nacional","Francisco Hoffman","independiente","Javier Musumeci","Nicol\u00e1s Quiroga"],"articleSection":["Primera","Slide"],"inLanguage":"es"},{"@type":"WebPage","@id":"http:\/\/gentedebasquet.com.ar\/sitio\/2014\/10\/01\/se-ilusiona-con-pelear-arriba\/","url":"http:\/\/gentedebasquet.com.ar\/sitio\/2014\/10\/01\/se-ilusiona-con-pelear-arriba\/","name":"Se ilusiona con pelear arriba - Gente de B\u00e1squet","isPartOf":{"@id":"https:\/\/gentedebasquet.com.ar\/sitio\/#website"},"primaryImageOfPage":{"@id":"http:\/\/gentedebasquet.com.ar\/sitio\/2014\/10\/01\/se-ilusiona-con-pelear-arriba\/#primaryimage"},"image":{"@id":"http:\/\/gentedebasquet.com.ar\/sitio\/2014\/10\/01\/se-ilusiona-con-pelear-arriba\/#primaryimage"},"thumbnailUrl":"https:\/\/gentedebasquet.com.ar\/sitio\/wp-content\/uploads\/2014\/10\/cen-cai.jpg","datePublished":"2014-10-02T02:37:10+00:00","author":{"@id":"https:\/\/gentedebasquet.com.ar\/sitio\/#\/schema\/person\/ca0b63bbb977369988a7bbbdc519943a"},"breadcrumb":{"@id":"http:\/\/gentedebasquet.com.ar\/sitio\/2014\/10\/01\/se-ilusiona-con-pelear-arriba\/#breadcrumb"},"inLanguage":"es","potentialAction":[{"@type":"ReadAction","target":["http:\/\/gentedebasquet.com.ar\/sitio\/2014\/10\/01\/se-ilusiona-con-pelear-arriba\/"]}]},{"@type":"ImageObject","inLanguage":"es","@id":"http:\/\/gentedebasquet.com.ar\/sitio\/2014\/10\/01\/se-ilusiona-con-pelear-arriba\/#primaryimage","url":"https:\/\/gentedebasquet.com.ar\/sitio\/wp-content\/uploads\/2014\/10\/cen-cai.jpg","contentUrl":"https:\/\/gentedebasquet.com.ar\/sitio\/wp-content\/uploads\/2014\/10\/cen-cai.jpg","width":690,"height":319},{"@type":"BreadcrumbList","@id":"http:\/\/gentedebasquet.com.ar\/sitio\/2014\/10\/01\/se-ilusiona-con-pelear-arriba\/#breadcrumb","itemListElement":[{"@type":"ListItem","position":1,"name":"Portada","item":"https:\/\/gentedebasquet.com.ar\/sitio\/"},{"@type":"ListItem","position":2,"name":"Se ilusiona con pelear arriba"}]},{"@type":"WebSite","@id":"https:\/\/gentedebasquet.com.ar\/sitio\/#website","url":"https:\/\/gentedebasquet.com.ar\/sitio\/","name":"Gente de B\u00e1squet","description":"La revista del basquet de Bah\u00eda Blanca","potentialAction":[{"@type":"SearchAction","target":{"@type":"EntryPoint","urlTemplate":"https:\/\/gentedebasquet.com.ar\/sitio\/?s={search_term_string}"},"query-input":{"@type":"PropertyValueSpecification","valueRequired":true,"valueName":"search_term_string"}}],"inLanguage":"es"},{"@type":"Person","@id":"https:\/\/gentedebasquet.com.ar\/sitio\/#\/schema\/person\/ca0b63bbb977369988a7bbbdc519943a","name":"Gente de B\u00e1squet","image":{"@type":"ImageObject","inLanguage":"es","@id":"https:\/\/secure.gravatar.com\/avatar\/7f2c48bdc33b30088f941fb6082e555f2874c98e20cb159d7b92b50eadfce793?s=96&d=mm&r=g","url":"https:\/\/secure.gravatar.com\/avatar\/7f2c48bdc33b30088f941fb6082e555f2874c98e20cb159d7b92b50eadfce793?s=96&d=mm&r=g","contentUrl":"https:\/\/secure.gravatar.com\/avatar\/7f2c48bdc33b30088f941fb6082e555f2874c98e20cb159d7b92b50eadfce793?s=96&d=mm&r=g","caption":"Gente de B\u00e1squet"},"sameAs":["http:\/\/gentedebasquet.com.ar\/sitio"],"url":"https:\/\/gentedebasquet.com.ar\/sitio\/author\/ulises\/"}]}},"_links":{"self":[{"href":"https:\/\/gentedebasquet.com.ar\/sitio\/wp-json\/wp\/v2\/posts\/38742","targetHints":{"allow":["GET"]}}],"collection":[{"href":"https:\/\/gentedebasquet.com.ar\/sitio\/wp-json\/wp\/v2\/posts"}],"about":[{"href":"https:\/\/gentedebasquet.com.ar\/sitio\/wp-json\/wp\/v2\/types\/post"}],"author":[{"embeddable":true,"href":"https:\/\/gentedebasquet.com.ar\/sitio\/wp-json\/wp\/v2\/users\/1"}],"replies":[{"embeddable":true,"href":"https:\/\/gentedebasquet.com.ar\/sitio\/wp-json\/wp\/v2\/comments?post=38742"}],"version-history":[{"count":0,"href":"https:\/\/gentedebasquet.com.ar\/sitio\/wp-json\/wp\/v2\/posts\/38742\/revisions"}],"wp:featuredmedia":[{"embeddable":true,"href":"https:\/\/gentedebasquet.com.ar\/sitio\/wp-json\/wp\/v2\/media\/38745"}],"wp:attachment":[{"href":"https:\/\/gentedebasquet.com.ar\/sitio\/wp-json\/wp\/v2\/media?parent=38742"}],"wp:term":[{"taxonomy":"category","embeddable":true,"href":"https:\/\/gentedebasquet.com.ar\/sitio\/wp-json\/wp\/v2\/categories?post=38742"},{"taxonomy":"post_tag","embeddable":true,"href":"https:\/\/gentedebasquet.com.ar\/sitio\/wp-json\/wp\/v2\/tags?post=38742"}],"curies":[{"name":"wp","href":"https:\/\/api.w.org\/{rel}","templated":true}]}}