{"id":39092,"date":"2014-10-08T10:13:13","date_gmt":"2014-10-08T13:13:13","guid":{"rendered":"http:\/\/www.gentedebasquet.com.ar\/?p=39092"},"modified":"2014-10-08T10:13:13","modified_gmt":"2014-10-08T13:13:13","slug":"bahiense-inicia-la-liga-u17","status":"publish","type":"post","link":"https:\/\/gentedebasquet.com.ar\/sitio\/2014\/10\/08\/bahiense-inicia-la-liga-u17\/","title":{"rendered":"Bahiense inicia la Liga U17"},"content":{"rendered":"<p><strong>El viernes 10 de octubre dar\u00e1n comienzo los Cuartos de Final del certamen que organiza la Confederaci\u00f3n Argentina de B\u00e1squetbol. El torneo, que se extender\u00e1 hasta el domingo 12, estar\u00e1 dividido en cinco zonas de donde saldr\u00e1n los 12 semifinalistas. Bahiense del Norte competir\u00e1 en Capital Federal ante Obras Sanitarias, Boca Juniors y Ciclista Juninense.<\/strong><\/p>\n<p>Con la participaci\u00f3n de 19 equipos comenzar\u00e1n a disputarse los cuartos de final del Campeonato Argentino de Clubes, para la categor\u00eda U17 de varones. Los participantes estar\u00e1n divididos en 5 zonas, cuatro de ellas conformadas por 4 equipos y una por 3. La Zona \u201cA\u201d se llevar\u00e1 a cabo en Mendoza, la Zona \u201cB\u201d en Neuqu\u00e9n, la Zona \u201cC\u201d en Capital Federal, la Zona \u201cD\u201d en Resistencia y la Zona \u201cE\u201d en C\u00f3rdoba. Durante estos cuartos de final estar\u00e1n en juego 12 boletos a las instancias de semifinales.<\/p>\n<p>Cabe remarcar que <a href=\"http:\/\/www.gentedebasquet.com.ar\/el-pais-a-sus-pies\/\" target=\"_blank\" rel=\"noopener\">el campe\u00f3n en esta categor\u00eda es Bahiense del Norte<\/a> que derrot\u00f3 el a\u00f1o pasado en la final a Sionista de Paran\u00e1 por 60 a 43, en estadio Manu Gin\u00f3bili de Bah\u00eda Blanca. El tercer escal\u00f3n de esta edici\u00f3n fue para Uni\u00f3n de Santa Fe que super\u00f3 por 87-84 a Neptunia de Gualeguaych\u00fa.<\/p>\n<p><b>CAMPEONATO ARGENTINO DE CLUBES MASCULINO U17<\/b><\/p>\n<p><b>Cuartos de Final &#8211; D\u00edas de Juego: 10, 11 y 12 de octubre<\/b><\/p>\n<p><b>ZONA \u00abA\u00bb &#8211; Sede: Mendoza &#8211; Organiza: Anzorena de Mendoza<\/b><\/p>\n<p>Primera Jornada<\/p>\n<p>19 hs Murialdo de Mendoza vs Ol\u00edmpico de La Banda<\/p>\n<p>21 hs Anzorena de Mendoza vs Quimsa de Santiago del Estero<\/p>\n<p>Segunda Jornada<\/p>\n<p>18 hs Ol\u00edmpico de La Banda vs Quimsa de Santiago del Estero<\/p>\n<p>20 hs Anzorena de Mendoza vs Murialdo de Mendoza<\/p>\n<p>Tercera Jornada<\/p>\n<p>10 hs Murialdo de Mendoza vs Quimsa de Santiago del Estero<\/p>\n<p>12 hs Anzorena de Mendoza vs Ol\u00edmpico de La Banda<\/p>\n<p>&nbsp;<\/p>\n<p><b>ZONA \u00abB\u00bb &#8211; Sede: Neuqu\u00e9n (capital) &#8211; Organiza: Independiente<\/b><\/p>\n<p>Primera Jornada<\/p>\n<p>17.30 hs P\u00e9rfora de Plaza Huincul vs Gimnasia de Comodoro Rivadavia<\/p>\n<p>Segunda Jornada<\/p>\n<p>18 hs Independiente de Neuqu\u00e9n vs Gimnasia de Comodoro Rivadavia<\/p>\n<p>Tercera Jornada<\/p>\n<p>16.30 hs Independiente de Neuqu\u00e9n vs P\u00e9rfora de Plaza Huincul<\/p>\n<p>&nbsp;<\/p>\n<p><b>ZONA \u00abC\u00bb &#8211; Sede: Capital Federal &#8211; Organiza: Obras Sanitarias<\/b><\/p>\n<p>Primera Jornada<\/p>\n<p>19 hs Obras Sanitarias de Capital Federal vs Ciclista de Jun\u00edn<\/p>\n<p>21 hs Bahiense del Norte de Bah\u00eda Blanca vs Boca Juniors de Capital Federal<\/p>\n<p>Segunda Jornada<\/p>\n<p>18 hs Boca Juniors de Capital Federal vs Ciclista de Jun\u00edn<\/p>\n<p>20 hs Obras Sanitarias de Capital Federal vs Bahiense del Norte de Bah\u00eda Blanca<\/p>\n<p>Tercera Jornada<\/p>\n<p>10 hs Bahiense del Norte de Bah\u00eda Blanca vs Ciclista de Jun\u00edn<\/p>\n<p>12 hs Obras Sanitarias de Capital Federal vs Boca Juniors de Capital Federal<\/p>\n<p>&nbsp;<\/p>\n<p><b>ZONA \u00abD\u00bb &#8211; Sede: Resistencia &#8211; Organiza: Villa San Mart\u00edn<\/b><\/p>\n<p>Primera Jornada<\/p>\n<p>19.30 hs Quique Club de Paran\u00e1 vs Regatas de Corrientes<\/p>\n<p>21.15 hs Villa San Mart\u00edn de Resistencia vs Andres Zaninetti de Concepci\u00f3n del Uruguay<\/p>\n<p>Segunda Jornada<\/p>\n<p>20 hs Andr\u00e9s Zaninetti de Concepci\u00f3n del Uruguay vs Regatas de Corrientes<\/p>\n<p>21.45 hs Villa San Mart\u00edn de Resistencia vs Quique Club de Paran\u00e1<\/p>\n<p>Tercera Jornada<\/p>\n<p>09 hs Quique Club de Paran\u00e1 vs Andr\u00e9s Zaninetti de Concepci\u00f3n del Uruguay<\/p>\n<p>11 hs Villa San Mart\u00edn de Resistencia vs Regatas de Corrientes<br \/>\n<b><\/b><\/p>\n<p>&nbsp;<\/p>\n<p><b>ZONA \u00abE\u00bb &#8211; Sede: C\u00f3rdoba (capital) &#8211; Organiza: Hind\u00fa Club de C\u00f3rdoba<\/b><\/p>\n<p>FALTAN DETERMINAR HORARIOS<\/p>\n<p>Primera Jornada<\/p>\n<p>Atenas de C\u00f3rdoba vs Uni\u00f3n de Santa Fe<\/p>\n<p>Hind\u00fa Club de C\u00f3rdoba vs Atl\u00e9tico Mar\u00eda Juana<\/p>\n<p>Segunda Jornada<\/p>\n<p>Atl\u00e9tico Mar\u00eda Juana vs Uni\u00f3n de Santa Fe<\/p>\n<p>Hind\u00fa Club de C\u00f3rdoba vs Atenas de C\u00f3rdoba<\/p>\n<p>Tercera Jornada<\/p>\n<p>Atenas de C\u00f3rdoba vs Atl\u00e9tico Mar\u00eda Juana<\/p>\n<p>Uni\u00f3n de Santa Fe vs Hind\u00fa Club de C\u00f3rdoba<\/p>\n<p><strong>Fuente:\u00a0<\/strong>Patricio Gioia (Prensa CABB).<\/p>\n","protected":false},"excerpt":{"rendered":"<p>Enfrentar\u00e1 a Obras Sanitarias , Boca Juniors y Ciclista Juninense desde el viernes 10<\/p>\n","protected":false},"author":1,"featured_media":39093,"comment_status":"closed","ping_status":"open","sticky":false,"template":"","format":"standard","meta":{"jnews-multi-image_gallery":[],"jnews_single_post":[],"jnews_primary_category":[],"footnotes":""},"categories":[35],"tags":[5,76,476,522,84],"class_list":["post-39092","post","type-post","status-publish","format-standard","has-post-thumbnail","hentry","category-u17","tag-bahiense-del-norte","tag-boca-juniors","tag-ciclista-juninense","tag-liga-u17","tag-obras"],"yoast_head":"<!-- This site is optimized with the Yoast SEO plugin v27.5 - https:\/\/yoast.com\/product\/yoast-seo-wordpress\/ -->\n<title>Bahiense inicia la Liga U17 - Gente de B\u00e1squet<\/title>\n<meta name=\"robots\" content=\"index, follow, max-snippet:-1, max-image-preview:large, max-video-preview:-1\" \/>\n<link rel=\"canonical\" href=\"https:\/\/gentedebasquet.com.ar\/sitio\/2014\/10\/08\/bahiense-inicia-la-liga-u17\/\" \/>\n<meta property=\"og:locale\" content=\"es_ES\" \/>\n<meta property=\"og:type\" content=\"article\" \/>\n<meta property=\"og:title\" content=\"Bahiense inicia la Liga U17 - Gente de B\u00e1squet\" \/>\n<meta property=\"og:description\" content=\"Enfrentar\u00e1 a Obras Sanitarias , Boca Juniors y Ciclista Juninense desde el viernes 10\" \/>\n<meta property=\"og:url\" content=\"https:\/\/gentedebasquet.com.ar\/sitio\/2014\/10\/08\/bahiense-inicia-la-liga-u17\/\" \/>\n<meta property=\"og:site_name\" content=\"Gente de B\u00e1squet\" \/>\n<meta property=\"article:published_time\" content=\"2014-10-08T13:13:13+00:00\" \/>\n<meta property=\"og:image\" content=\"https:\/\/gentedebasquet.com.ar\/sitio\/wp-content\/uploads\/2014\/10\/Bahiense-U17.jpg\" \/>\n\t<meta property=\"og:image:width\" content=\"300\" \/>\n\t<meta property=\"og:image:height\" content=\"226\" \/>\n\t<meta property=\"og:image:type\" content=\"image\/jpeg\" \/>\n<meta name=\"author\" content=\"Gente de B\u00e1squet\" \/>\n<meta name=\"twitter:card\" content=\"summary_large_image\" \/>\n<meta name=\"twitter:label1\" content=\"Escrito por\" \/>\n\t<meta name=\"twitter:data1\" content=\"Gente de B\u00e1squet\" \/>\n\t<meta name=\"twitter:label2\" content=\"Tiempo de lectura\" \/>\n\t<meta name=\"twitter:data2\" content=\"3 minutos\" \/>\n<script type=\"application\/ld+json\" class=\"yoast-schema-graph\">{\"@context\":\"https:\\\/\\\/schema.org\",\"@graph\":[{\"@type\":\"Article\",\"@id\":\"https:\\\/\\\/gentedebasquet.com.ar\\\/sitio\\\/2014\\\/10\\\/08\\\/bahiense-inicia-la-liga-u17\\\/#article\",\"isPartOf\":{\"@id\":\"https:\\\/\\\/gentedebasquet.com.ar\\\/sitio\\\/2014\\\/10\\\/08\\\/bahiense-inicia-la-liga-u17\\\/\"},\"author\":{\"name\":\"Gente de B\u00e1squet\",\"@id\":\"https:\\\/\\\/gentedebasquet.com.ar\\\/sitio\\\/#\\\/schema\\\/person\\\/ca0b63bbb977369988a7bbbdc519943a\"},\"headline\":\"Bahiense inicia la Liga U17\",\"datePublished\":\"2014-10-08T13:13:13+00:00\",\"mainEntityOfPage\":{\"@id\":\"https:\\\/\\\/gentedebasquet.com.ar\\\/sitio\\\/2014\\\/10\\\/08\\\/bahiense-inicia-la-liga-u17\\\/\"},\"wordCount\":630,\"image\":{\"@id\":\"https:\\\/\\\/gentedebasquet.com.ar\\\/sitio\\\/2014\\\/10\\\/08\\\/bahiense-inicia-la-liga-u17\\\/#primaryimage\"},\"thumbnailUrl\":\"https:\\\/\\\/gentedebasquet.com.ar\\\/sitio\\\/wp-content\\\/uploads\\\/2014\\\/10\\\/Bahiense-U17.jpg\",\"keywords\":[\"Bahiense Del Norte\",\"Boca Juniors\",\"Ciclista Juninense\",\"Liga U17\",\"Obras\"],\"articleSection\":[\"U17\"],\"inLanguage\":\"es\"},{\"@type\":\"WebPage\",\"@id\":\"https:\\\/\\\/gentedebasquet.com.ar\\\/sitio\\\/2014\\\/10\\\/08\\\/bahiense-inicia-la-liga-u17\\\/\",\"url\":\"https:\\\/\\\/gentedebasquet.com.ar\\\/sitio\\\/2014\\\/10\\\/08\\\/bahiense-inicia-la-liga-u17\\\/\",\"name\":\"Bahiense inicia la Liga U17 - Gente de B\u00e1squet\",\"isPartOf\":{\"@id\":\"https:\\\/\\\/gentedebasquet.com.ar\\\/sitio\\\/#website\"},\"primaryImageOfPage\":{\"@id\":\"https:\\\/\\\/gentedebasquet.com.ar\\\/sitio\\\/2014\\\/10\\\/08\\\/bahiense-inicia-la-liga-u17\\\/#primaryimage\"},\"image\":{\"@id\":\"https:\\\/\\\/gentedebasquet.com.ar\\\/sitio\\\/2014\\\/10\\\/08\\\/bahiense-inicia-la-liga-u17\\\/#primaryimage\"},\"thumbnailUrl\":\"https:\\\/\\\/gentedebasquet.com.ar\\\/sitio\\\/wp-content\\\/uploads\\\/2014\\\/10\\\/Bahiense-U17.jpg\",\"datePublished\":\"2014-10-08T13:13:13+00:00\",\"author\":{\"@id\":\"https:\\\/\\\/gentedebasquet.com.ar\\\/sitio\\\/#\\\/schema\\\/person\\\/ca0b63bbb977369988a7bbbdc519943a\"},\"breadcrumb\":{\"@id\":\"https:\\\/\\\/gentedebasquet.com.ar\\\/sitio\\\/2014\\\/10\\\/08\\\/bahiense-inicia-la-liga-u17\\\/#breadcrumb\"},\"inLanguage\":\"es\",\"potentialAction\":[{\"@type\":\"ReadAction\",\"target\":[\"https:\\\/\\\/gentedebasquet.com.ar\\\/sitio\\\/2014\\\/10\\\/08\\\/bahiense-inicia-la-liga-u17\\\/\"]}]},{\"@type\":\"ImageObject\",\"inLanguage\":\"es\",\"@id\":\"https:\\\/\\\/gentedebasquet.com.ar\\\/sitio\\\/2014\\\/10\\\/08\\\/bahiense-inicia-la-liga-u17\\\/#primaryimage\",\"url\":\"https:\\\/\\\/gentedebasquet.com.ar\\\/sitio\\\/wp-content\\\/uploads\\\/2014\\\/10\\\/Bahiense-U17.jpg\",\"contentUrl\":\"https:\\\/\\\/gentedebasquet.com.ar\\\/sitio\\\/wp-content\\\/uploads\\\/2014\\\/10\\\/Bahiense-U17.jpg\",\"width\":300,\"height\":226},{\"@type\":\"BreadcrumbList\",\"@id\":\"https:\\\/\\\/gentedebasquet.com.ar\\\/sitio\\\/2014\\\/10\\\/08\\\/bahiense-inicia-la-liga-u17\\\/#breadcrumb\",\"itemListElement\":[{\"@type\":\"ListItem\",\"position\":1,\"name\":\"Portada\",\"item\":\"https:\\\/\\\/gentedebasquet.com.ar\\\/sitio\\\/\"},{\"@type\":\"ListItem\",\"position\":2,\"name\":\"Bahiense inicia la Liga U17\"}]},{\"@type\":\"WebSite\",\"@id\":\"https:\\\/\\\/gentedebasquet.com.ar\\\/sitio\\\/#website\",\"url\":\"https:\\\/\\\/gentedebasquet.com.ar\\\/sitio\\\/\",\"name\":\"Gente de B\u00e1squet\",\"description\":\"La revista del basquet de Bah\u00eda Blanca\",\"potentialAction\":[{\"@type\":\"SearchAction\",\"target\":{\"@type\":\"EntryPoint\",\"urlTemplate\":\"https:\\\/\\\/gentedebasquet.com.ar\\\/sitio\\\/?s={search_term_string}\"},\"query-input\":{\"@type\":\"PropertyValueSpecification\",\"valueRequired\":true,\"valueName\":\"search_term_string\"}}],\"inLanguage\":\"es\"},{\"@type\":\"Person\",\"@id\":\"https:\\\/\\\/gentedebasquet.com.ar\\\/sitio\\\/#\\\/schema\\\/person\\\/ca0b63bbb977369988a7bbbdc519943a\",\"name\":\"Gente de B\u00e1squet\",\"image\":{\"@type\":\"ImageObject\",\"inLanguage\":\"es\",\"@id\":\"https:\\\/\\\/secure.gravatar.com\\\/avatar\\\/7f2c48bdc33b30088f941fb6082e555f2874c98e20cb159d7b92b50eadfce793?s=96&d=mm&r=g\",\"url\":\"https:\\\/\\\/secure.gravatar.com\\\/avatar\\\/7f2c48bdc33b30088f941fb6082e555f2874c98e20cb159d7b92b50eadfce793?s=96&d=mm&r=g\",\"contentUrl\":\"https:\\\/\\\/secure.gravatar.com\\\/avatar\\\/7f2c48bdc33b30088f941fb6082e555f2874c98e20cb159d7b92b50eadfce793?s=96&d=mm&r=g\",\"caption\":\"Gente de B\u00e1squet\"},\"sameAs\":[\"http:\\\/\\\/gentedebasquet.com.ar\\\/sitio\"],\"url\":\"https:\\\/\\\/gentedebasquet.com.ar\\\/sitio\\\/author\\\/ulises\\\/\"}]}<\/script>\n<!-- \/ Yoast SEO plugin. -->","yoast_head_json":{"title":"Bahiense inicia la Liga U17 - Gente de B\u00e1squet","robots":{"index":"index","follow":"follow","max-snippet":"max-snippet:-1","max-image-preview":"max-image-preview:large","max-video-preview":"max-video-preview:-1"},"canonical":"https:\/\/gentedebasquet.com.ar\/sitio\/2014\/10\/08\/bahiense-inicia-la-liga-u17\/","og_locale":"es_ES","og_type":"article","og_title":"Bahiense inicia la Liga U17 - Gente de B\u00e1squet","og_description":"Enfrentar\u00e1 a Obras Sanitarias , Boca Juniors y Ciclista Juninense desde el viernes 10","og_url":"https:\/\/gentedebasquet.com.ar\/sitio\/2014\/10\/08\/bahiense-inicia-la-liga-u17\/","og_site_name":"Gente de B\u00e1squet","article_published_time":"2014-10-08T13:13:13+00:00","og_image":[{"width":300,"height":226,"url":"https:\/\/gentedebasquet.com.ar\/sitio\/wp-content\/uploads\/2014\/10\/Bahiense-U17.jpg","type":"image\/jpeg"}],"author":"Gente de B\u00e1squet","twitter_card":"summary_large_image","twitter_misc":{"Escrito por":"Gente de B\u00e1squet","Tiempo de lectura":"3 minutos"},"schema":{"@context":"https:\/\/schema.org","@graph":[{"@type":"Article","@id":"https:\/\/gentedebasquet.com.ar\/sitio\/2014\/10\/08\/bahiense-inicia-la-liga-u17\/#article","isPartOf":{"@id":"https:\/\/gentedebasquet.com.ar\/sitio\/2014\/10\/08\/bahiense-inicia-la-liga-u17\/"},"author":{"name":"Gente de B\u00e1squet","@id":"https:\/\/gentedebasquet.com.ar\/sitio\/#\/schema\/person\/ca0b63bbb977369988a7bbbdc519943a"},"headline":"Bahiense inicia la Liga U17","datePublished":"2014-10-08T13:13:13+00:00","mainEntityOfPage":{"@id":"https:\/\/gentedebasquet.com.ar\/sitio\/2014\/10\/08\/bahiense-inicia-la-liga-u17\/"},"wordCount":630,"image":{"@id":"https:\/\/gentedebasquet.com.ar\/sitio\/2014\/10\/08\/bahiense-inicia-la-liga-u17\/#primaryimage"},"thumbnailUrl":"https:\/\/gentedebasquet.com.ar\/sitio\/wp-content\/uploads\/2014\/10\/Bahiense-U17.jpg","keywords":["Bahiense Del Norte","Boca Juniors","Ciclista Juninense","Liga U17","Obras"],"articleSection":["U17"],"inLanguage":"es"},{"@type":"WebPage","@id":"https:\/\/gentedebasquet.com.ar\/sitio\/2014\/10\/08\/bahiense-inicia-la-liga-u17\/","url":"https:\/\/gentedebasquet.com.ar\/sitio\/2014\/10\/08\/bahiense-inicia-la-liga-u17\/","name":"Bahiense inicia la Liga U17 - Gente de B\u00e1squet","isPartOf":{"@id":"https:\/\/gentedebasquet.com.ar\/sitio\/#website"},"primaryImageOfPage":{"@id":"https:\/\/gentedebasquet.com.ar\/sitio\/2014\/10\/08\/bahiense-inicia-la-liga-u17\/#primaryimage"},"image":{"@id":"https:\/\/gentedebasquet.com.ar\/sitio\/2014\/10\/08\/bahiense-inicia-la-liga-u17\/#primaryimage"},"thumbnailUrl":"https:\/\/gentedebasquet.com.ar\/sitio\/wp-content\/uploads\/2014\/10\/Bahiense-U17.jpg","datePublished":"2014-10-08T13:13:13+00:00","author":{"@id":"https:\/\/gentedebasquet.com.ar\/sitio\/#\/schema\/person\/ca0b63bbb977369988a7bbbdc519943a"},"breadcrumb":{"@id":"https:\/\/gentedebasquet.com.ar\/sitio\/2014\/10\/08\/bahiense-inicia-la-liga-u17\/#breadcrumb"},"inLanguage":"es","potentialAction":[{"@type":"ReadAction","target":["https:\/\/gentedebasquet.com.ar\/sitio\/2014\/10\/08\/bahiense-inicia-la-liga-u17\/"]}]},{"@type":"ImageObject","inLanguage":"es","@id":"https:\/\/gentedebasquet.com.ar\/sitio\/2014\/10\/08\/bahiense-inicia-la-liga-u17\/#primaryimage","url":"https:\/\/gentedebasquet.com.ar\/sitio\/wp-content\/uploads\/2014\/10\/Bahiense-U17.jpg","contentUrl":"https:\/\/gentedebasquet.com.ar\/sitio\/wp-content\/uploads\/2014\/10\/Bahiense-U17.jpg","width":300,"height":226},{"@type":"BreadcrumbList","@id":"https:\/\/gentedebasquet.com.ar\/sitio\/2014\/10\/08\/bahiense-inicia-la-liga-u17\/#breadcrumb","itemListElement":[{"@type":"ListItem","position":1,"name":"Portada","item":"https:\/\/gentedebasquet.com.ar\/sitio\/"},{"@type":"ListItem","position":2,"name":"Bahiense inicia la Liga U17"}]},{"@type":"WebSite","@id":"https:\/\/gentedebasquet.com.ar\/sitio\/#website","url":"https:\/\/gentedebasquet.com.ar\/sitio\/","name":"Gente de B\u00e1squet","description":"La revista del basquet de Bah\u00eda Blanca","potentialAction":[{"@type":"SearchAction","target":{"@type":"EntryPoint","urlTemplate":"https:\/\/gentedebasquet.com.ar\/sitio\/?s={search_term_string}"},"query-input":{"@type":"PropertyValueSpecification","valueRequired":true,"valueName":"search_term_string"}}],"inLanguage":"es"},{"@type":"Person","@id":"https:\/\/gentedebasquet.com.ar\/sitio\/#\/schema\/person\/ca0b63bbb977369988a7bbbdc519943a","name":"Gente de B\u00e1squet","image":{"@type":"ImageObject","inLanguage":"es","@id":"https:\/\/secure.gravatar.com\/avatar\/7f2c48bdc33b30088f941fb6082e555f2874c98e20cb159d7b92b50eadfce793?s=96&d=mm&r=g","url":"https:\/\/secure.gravatar.com\/avatar\/7f2c48bdc33b30088f941fb6082e555f2874c98e20cb159d7b92b50eadfce793?s=96&d=mm&r=g","contentUrl":"https:\/\/secure.gravatar.com\/avatar\/7f2c48bdc33b30088f941fb6082e555f2874c98e20cb159d7b92b50eadfce793?s=96&d=mm&r=g","caption":"Gente de B\u00e1squet"},"sameAs":["http:\/\/gentedebasquet.com.ar\/sitio"],"url":"https:\/\/gentedebasquet.com.ar\/sitio\/author\/ulises\/"}]}},"_links":{"self":[{"href":"https:\/\/gentedebasquet.com.ar\/sitio\/wp-json\/wp\/v2\/posts\/39092","targetHints":{"allow":["GET"]}}],"collection":[{"href":"https:\/\/gentedebasquet.com.ar\/sitio\/wp-json\/wp\/v2\/posts"}],"about":[{"href":"https:\/\/gentedebasquet.com.ar\/sitio\/wp-json\/wp\/v2\/types\/post"}],"author":[{"embeddable":true,"href":"https:\/\/gentedebasquet.com.ar\/sitio\/wp-json\/wp\/v2\/users\/1"}],"replies":[{"embeddable":true,"href":"https:\/\/gentedebasquet.com.ar\/sitio\/wp-json\/wp\/v2\/comments?post=39092"}],"version-history":[{"count":0,"href":"https:\/\/gentedebasquet.com.ar\/sitio\/wp-json\/wp\/v2\/posts\/39092\/revisions"}],"wp:featuredmedia":[{"embeddable":true,"href":"https:\/\/gentedebasquet.com.ar\/sitio\/wp-json\/wp\/v2\/media\/39093"}],"wp:attachment":[{"href":"https:\/\/gentedebasquet.com.ar\/sitio\/wp-json\/wp\/v2\/media?parent=39092"}],"wp:term":[{"taxonomy":"category","embeddable":true,"href":"https:\/\/gentedebasquet.com.ar\/sitio\/wp-json\/wp\/v2\/categories?post=39092"},{"taxonomy":"post_tag","embeddable":true,"href":"https:\/\/gentedebasquet.com.ar\/sitio\/wp-json\/wp\/v2\/tags?post=39092"}],"curies":[{"name":"wp","href":"https:\/\/api.w.org\/{rel}","templated":true}]}}