{"id":3959,"date":"2012-05-26T00:39:14","date_gmt":"2012-05-26T00:39:14","guid":{"rendered":"http:\/\/www.gentedebasquet.com.ar\/?p=3959"},"modified":"2012-05-26T00:39:14","modified_gmt":"2012-05-26T00:39:14","slug":"la-humedad-tomo-protagonismo","status":"publish","type":"post","link":"https:\/\/gentedebasquet.com.ar\/sitio\/2012\/05\/26\/la-humedad-tomo-protagonismo\/","title":{"rendered":"La humedad tom\u00f3 protagonismo"},"content":{"rendered":"<p align=\"center\"><a href=\"http:\/\/www.gentedebasquet.com.ar\/wp-content\/uploads\/2012\/05\/bert\u00f3n.jpg\"><img decoding=\"async\" class=\"aligncenter size-full wp-image-3960\" src=\"http:\/\/www.gentedebasquet.com.ar\/wp-content\/uploads\/2012\/05\/bert\u00f3n.jpg\" alt=\"\" width=\"448\" height=\"336\" \/><\/a><\/p>\n<p style=\"text-align: left\" align=\"center\"><strong><em>Teniendo en cuenta que los jugadores ya casi \u201cno hac\u00edan pie\u201d en la cancha y ya se hab\u00edan registrado algunas ca\u00eddas, se suspendi\u00f3 el encuentro en el que se impon\u00eda La Falda sobre Velocidad por 24-20 al cabo de la primera mitad. Fernando Bonino (7) era el m\u00e1s efectivo en el local; mientras que Cristian Brugniere (6) era el goleador en \u201cVelo\u201d.<!--more--><\/em><\/strong><\/p>\n<p>Cuando Federico Payllalef se resbal\u00f3 en la mitad de la cancha producto de la humedad, la dupla arbitral conformada entre Emanuel S\u00e1nchez y Mat\u00edas Garate -con muy buen criterio- decidi\u00f3 frenar el partido y consultar con ambos t\u00e9cnicos los pasos a seguir.<\/p>\n<p>En un primer momento resolvieron disputar los 2m que restaban para finalizar la primera mitad y despu\u00e9s ver como se encontrar\u00eda la cancha; pero al t\u00e9rmino de la misma, ya la humedad era demasiada y la suspensi\u00f3n fue inminente.<\/p>\n<p>\u00bfEl partido? Fue parejo en un comienzo aunque muy deslucido en su desarrollo. Velocidad fue protagonista con Brugniere (4) en ataque y en defensa, se plant\u00f3 en una zona 2-3 que desorient\u00f3 a La Falda (0\/4 T2 y 0\/2 T3). Aunque cuando el due\u00f1o de casa ajust\u00f3 en defensa (6 recuperos), sobre todo con Bert\u00f3n activo (5 rebotes y 4 robos), comenz\u00f3 a cobrar confianza en su juego. Rot\u00f3 bien el bal\u00f3n en ataque, utilizando el poste alto como \u201cv\u00e9rtice\u201d donde Bert\u00f3n (4) y Lan fueron da\u00f1ando cerca del cesto; para revertir el marcador con un parcial de 9-0 y cerrar el chico arriba por 11-7.<\/p>\n<p>En el segundo segmento y con la cancha cada vez m\u00e1s resbalosa, la paridad se mantuvo. \u201cLafa\u201d coninu\u00f3 con su movilidad en ofensiva aunque con bajos porcentajes y eso provoc\u00f3 l\u00f3gicamente que la defensa de \u201cVelo\u201d se cerrara cada vez m\u00e1s. Ante esta situaci\u00f3n, el car\u00e1cter de Bonino (5) fue decisivo en ambos costados de la cancha (6 rebotes, 2 robos y 1 tapa) para que llegaran a sacar 6 de luz (21-15), coincidiendo con el primer triple anotado (1\/10 T3) en manos de Lan. Aunque Montero movi\u00f3 el banco y con el tridente Payllalef-Romano-Dialuce, el visitante logr\u00f3 correr la cancha y pudo emparejar el encuentro (20-21). Sin embargo una infracci\u00f3n de Birumbrales a Obreque y posterior falta t\u00e9cnica, le otorg\u00f3 a La Falda, la ventaja de cuatro unidades que mantendr\u00e1 hasta que se reanude el encuentro: 24-20.<\/p>\n<p><em><strong><span style=\"text-decoration: underline\">S\u00edntesis:<\/span><\/strong><\/em><\/p>\n<p><strong>La Falda (24): <\/strong><\/p>\n<p>Iniciales: Pablo Obreque (3), Mart\u00edn Miguel (2), Fernando Bonino (7), Maximiliano Bert\u00f3n (4) y Gustavo Lan (6).<\/p>\n<p>Ingresaron: Franco Nastasi (0), Gabriel Saieg (2) y Alan Concetti (0)<br \/>\nDT: Juan Gilberto Soldini.<\/p>\n<p><strong>Velocidad (20):<\/strong><\/p>\n<p>Iniciales: Mauricio Halberg (0), Nicol\u00e1s Themtham (2), Hern\u00e1n Soria (3), Cristian Brugniere (6) y Mariano Resasco (0).<\/p>\n<p>Ingresaron: Gast\u00f3n Dialuce (3), Lucas Romano (2), Federico Payllalef (3) y C\u00e9sar Birumbrales (4)<br \/>\nDT: Silvio Montero<\/p>\n<p><strong>Cuartos: <\/strong>La Falda, 11-7 y 24-20.<\/p>\n<p><strong>5 Faltas:<\/strong> Ning\u00fan jugador lleg\u00f3 al l\u00edmite.<strong><br \/>\n<strong>\u00c1rbitros:<\/strong><\/strong> Emanuel S\u00e1nchez y Mat\u00edas Garate.<\/p>\n<p><a class=\"modalf iframe\" title=\"Planilla\" href=\"https:\/\/docs.google.com\/spreadsheet\/pub?key=0Att517gK6JjtdE1iUGx3dk5LV1hkYU5QdTd4VG1KTXc&amp;single=true&amp;gid=0&amp;output=html\">Ver Planilla<\/a><\/p>\n","protected":false},"excerpt":{"rendered":"<p>Teniendo en cuenta que los jugadores ya casi \u201cno hac\u00edan pie\u201d en la cancha y ya se hab\u00edan registrado algunas ca\u00eddas, se suspendi\u00f3 el encuentro en el que se impon\u00eda La Falda sobre Velocidad por 24-20 al cabo de la primera mitad. Fernando Bonino (7) era el m\u00e1s efectivo en el local; mientras que Cristian [&hellip;]<\/p>\n","protected":false},"author":7,"featured_media":0,"comment_status":"open","ping_status":"open","sticky":false,"template":"","format":"standard","meta":{"jnews-multi-image_gallery":[],"jnews_single_post":[],"jnews_primary_category":[],"footnotes":""},"categories":[25],"tags":[13,21],"class_list":["post-3959","post","type-post","status-publish","format-standard","hentry","category-segunda","tag-la-falda","tag-velocidad"],"yoast_head":"<!-- This site is optimized with the Yoast SEO plugin v27.5 - https:\/\/yoast.com\/product\/yoast-seo-wordpress\/ -->\n<title>La humedad tom\u00f3 protagonismo - Gente de B\u00e1squet<\/title>\n<meta name=\"robots\" content=\"index, follow, max-snippet:-1, max-image-preview:large, max-video-preview:-1\" \/>\n<link rel=\"canonical\" href=\"http:\/\/gentedebasquet.com.ar\/sitio\/2012\/05\/26\/la-humedad-tomo-protagonismo\/\" \/>\n<meta property=\"og:locale\" content=\"es_ES\" \/>\n<meta property=\"og:type\" content=\"article\" \/>\n<meta property=\"og:title\" content=\"La humedad tom\u00f3 protagonismo - Gente de B\u00e1squet\" \/>\n<meta property=\"og:description\" content=\"Teniendo en cuenta que los jugadores ya casi \u201cno hac\u00edan pie\u201d en la cancha y ya se hab\u00edan registrado algunas ca\u00eddas, se suspendi\u00f3 el encuentro en el que se impon\u00eda La Falda sobre Velocidad por 24-20 al cabo de la primera mitad. Fernando Bonino (7) era el m\u00e1s efectivo en el local; mientras que Cristian [&hellip;]\" \/>\n<meta property=\"og:url\" content=\"http:\/\/gentedebasquet.com.ar\/sitio\/2012\/05\/26\/la-humedad-tomo-protagonismo\/\" \/>\n<meta property=\"og:site_name\" content=\"Gente de B\u00e1squet\" \/>\n<meta property=\"article:published_time\" content=\"2012-05-26T00:39:14+00:00\" \/>\n<meta name=\"author\" content=\"Elian Romero\" \/>\n<meta name=\"twitter:card\" content=\"summary_large_image\" \/>\n<meta name=\"twitter:label1\" content=\"Escrito por\" \/>\n\t<meta name=\"twitter:data1\" content=\"Elian Romero\" \/>\n\t<meta name=\"twitter:label2\" content=\"Tiempo de lectura\" \/>\n\t<meta name=\"twitter:data2\" content=\"2 minutos\" \/>\n<script type=\"application\/ld+json\" class=\"yoast-schema-graph\">{\"@context\":\"https:\\\/\\\/schema.org\",\"@graph\":[{\"@type\":\"Article\",\"@id\":\"http:\\\/\\\/gentedebasquet.com.ar\\\/sitio\\\/2012\\\/05\\\/26\\\/la-humedad-tomo-protagonismo\\\/#article\",\"isPartOf\":{\"@id\":\"http:\\\/\\\/gentedebasquet.com.ar\\\/sitio\\\/2012\\\/05\\\/26\\\/la-humedad-tomo-protagonismo\\\/\"},\"author\":{\"name\":\"Elian Romero\",\"@id\":\"http:\\\/\\\/gentedebasquet.com.ar\\\/sitio\\\/#\\\/schema\\\/person\\\/57f7bb2735926f2a9d9bb247bf52d34a\"},\"headline\":\"La humedad tom\u00f3 protagonismo\",\"datePublished\":\"2012-05-26T00:39:14+00:00\",\"mainEntityOfPage\":{\"@id\":\"http:\\\/\\\/gentedebasquet.com.ar\\\/sitio\\\/2012\\\/05\\\/26\\\/la-humedad-tomo-protagonismo\\\/\"},\"wordCount\":485,\"commentCount\":4,\"keywords\":[\"La Falda\",\"Velocidad\"],\"articleSection\":[\"Segunda\"],\"inLanguage\":\"es\",\"potentialAction\":[{\"@type\":\"CommentAction\",\"name\":\"Comment\",\"target\":[\"http:\\\/\\\/gentedebasquet.com.ar\\\/sitio\\\/2012\\\/05\\\/26\\\/la-humedad-tomo-protagonismo\\\/#respond\"]}]},{\"@type\":\"WebPage\",\"@id\":\"http:\\\/\\\/gentedebasquet.com.ar\\\/sitio\\\/2012\\\/05\\\/26\\\/la-humedad-tomo-protagonismo\\\/\",\"url\":\"http:\\\/\\\/gentedebasquet.com.ar\\\/sitio\\\/2012\\\/05\\\/26\\\/la-humedad-tomo-protagonismo\\\/\",\"name\":\"La humedad tom\u00f3 protagonismo - Gente de B\u00e1squet\",\"isPartOf\":{\"@id\":\"http:\\\/\\\/gentedebasquet.com.ar\\\/sitio\\\/#website\"},\"datePublished\":\"2012-05-26T00:39:14+00:00\",\"author\":{\"@id\":\"http:\\\/\\\/gentedebasquet.com.ar\\\/sitio\\\/#\\\/schema\\\/person\\\/57f7bb2735926f2a9d9bb247bf52d34a\"},\"breadcrumb\":{\"@id\":\"http:\\\/\\\/gentedebasquet.com.ar\\\/sitio\\\/2012\\\/05\\\/26\\\/la-humedad-tomo-protagonismo\\\/#breadcrumb\"},\"inLanguage\":\"es\",\"potentialAction\":[{\"@type\":\"ReadAction\",\"target\":[\"http:\\\/\\\/gentedebasquet.com.ar\\\/sitio\\\/2012\\\/05\\\/26\\\/la-humedad-tomo-protagonismo\\\/\"]}]},{\"@type\":\"BreadcrumbList\",\"@id\":\"http:\\\/\\\/gentedebasquet.com.ar\\\/sitio\\\/2012\\\/05\\\/26\\\/la-humedad-tomo-protagonismo\\\/#breadcrumb\",\"itemListElement\":[{\"@type\":\"ListItem\",\"position\":1,\"name\":\"Portada\",\"item\":\"http:\\\/\\\/gentedebasquet.com.ar\\\/sitio\\\/\"},{\"@type\":\"ListItem\",\"position\":2,\"name\":\"La humedad tom\u00f3 protagonismo\"}]},{\"@type\":\"WebSite\",\"@id\":\"http:\\\/\\\/gentedebasquet.com.ar\\\/sitio\\\/#website\",\"url\":\"http:\\\/\\\/gentedebasquet.com.ar\\\/sitio\\\/\",\"name\":\"Gente de B\u00e1squet\",\"description\":\"La revista del basquet de Bah\u00eda Blanca\",\"potentialAction\":[{\"@type\":\"SearchAction\",\"target\":{\"@type\":\"EntryPoint\",\"urlTemplate\":\"http:\\\/\\\/gentedebasquet.com.ar\\\/sitio\\\/?s={search_term_string}\"},\"query-input\":{\"@type\":\"PropertyValueSpecification\",\"valueRequired\":true,\"valueName\":\"search_term_string\"}}],\"inLanguage\":\"es\"},{\"@type\":\"Person\",\"@id\":\"http:\\\/\\\/gentedebasquet.com.ar\\\/sitio\\\/#\\\/schema\\\/person\\\/57f7bb2735926f2a9d9bb247bf52d34a\",\"name\":\"Elian Romero\",\"image\":{\"@type\":\"ImageObject\",\"inLanguage\":\"es\",\"@id\":\"https:\\\/\\\/secure.gravatar.com\\\/avatar\\\/0ad0863b111644ef082fe8916554335c2a87810acef7205393730d0bfda08d0d?s=96&d=mm&r=g\",\"url\":\"https:\\\/\\\/secure.gravatar.com\\\/avatar\\\/0ad0863b111644ef082fe8916554335c2a87810acef7205393730d0bfda08d0d?s=96&d=mm&r=g\",\"contentUrl\":\"https:\\\/\\\/secure.gravatar.com\\\/avatar\\\/0ad0863b111644ef082fe8916554335c2a87810acef7205393730d0bfda08d0d?s=96&d=mm&r=g\",\"caption\":\"Elian Romero\"},\"url\":\"https:\\\/\\\/gentedebasquet.com.ar\\\/sitio\\\/author\\\/elian-romero\\\/\"}]}<\/script>\n<!-- \/ Yoast SEO plugin. -->","yoast_head_json":{"title":"La humedad tom\u00f3 protagonismo - Gente de B\u00e1squet","robots":{"index":"index","follow":"follow","max-snippet":"max-snippet:-1","max-image-preview":"max-image-preview:large","max-video-preview":"max-video-preview:-1"},"canonical":"http:\/\/gentedebasquet.com.ar\/sitio\/2012\/05\/26\/la-humedad-tomo-protagonismo\/","og_locale":"es_ES","og_type":"article","og_title":"La humedad tom\u00f3 protagonismo - Gente de B\u00e1squet","og_description":"Teniendo en cuenta que los jugadores ya casi \u201cno hac\u00edan pie\u201d en la cancha y ya se hab\u00edan registrado algunas ca\u00eddas, se suspendi\u00f3 el encuentro en el que se impon\u00eda La Falda sobre Velocidad por 24-20 al cabo de la primera mitad. Fernando Bonino (7) era el m\u00e1s efectivo en el local; mientras que Cristian [&hellip;]","og_url":"http:\/\/gentedebasquet.com.ar\/sitio\/2012\/05\/26\/la-humedad-tomo-protagonismo\/","og_site_name":"Gente de B\u00e1squet","article_published_time":"2012-05-26T00:39:14+00:00","author":"Elian Romero","twitter_card":"summary_large_image","twitter_misc":{"Escrito por":"Elian Romero","Tiempo de lectura":"2 minutos"},"schema":{"@context":"https:\/\/schema.org","@graph":[{"@type":"Article","@id":"http:\/\/gentedebasquet.com.ar\/sitio\/2012\/05\/26\/la-humedad-tomo-protagonismo\/#article","isPartOf":{"@id":"http:\/\/gentedebasquet.com.ar\/sitio\/2012\/05\/26\/la-humedad-tomo-protagonismo\/"},"author":{"name":"Elian Romero","@id":"http:\/\/gentedebasquet.com.ar\/sitio\/#\/schema\/person\/57f7bb2735926f2a9d9bb247bf52d34a"},"headline":"La humedad tom\u00f3 protagonismo","datePublished":"2012-05-26T00:39:14+00:00","mainEntityOfPage":{"@id":"http:\/\/gentedebasquet.com.ar\/sitio\/2012\/05\/26\/la-humedad-tomo-protagonismo\/"},"wordCount":485,"commentCount":4,"keywords":["La Falda","Velocidad"],"articleSection":["Segunda"],"inLanguage":"es","potentialAction":[{"@type":"CommentAction","name":"Comment","target":["http:\/\/gentedebasquet.com.ar\/sitio\/2012\/05\/26\/la-humedad-tomo-protagonismo\/#respond"]}]},{"@type":"WebPage","@id":"http:\/\/gentedebasquet.com.ar\/sitio\/2012\/05\/26\/la-humedad-tomo-protagonismo\/","url":"http:\/\/gentedebasquet.com.ar\/sitio\/2012\/05\/26\/la-humedad-tomo-protagonismo\/","name":"La humedad tom\u00f3 protagonismo - Gente de B\u00e1squet","isPartOf":{"@id":"http:\/\/gentedebasquet.com.ar\/sitio\/#website"},"datePublished":"2012-05-26T00:39:14+00:00","author":{"@id":"http:\/\/gentedebasquet.com.ar\/sitio\/#\/schema\/person\/57f7bb2735926f2a9d9bb247bf52d34a"},"breadcrumb":{"@id":"http:\/\/gentedebasquet.com.ar\/sitio\/2012\/05\/26\/la-humedad-tomo-protagonismo\/#breadcrumb"},"inLanguage":"es","potentialAction":[{"@type":"ReadAction","target":["http:\/\/gentedebasquet.com.ar\/sitio\/2012\/05\/26\/la-humedad-tomo-protagonismo\/"]}]},{"@type":"BreadcrumbList","@id":"http:\/\/gentedebasquet.com.ar\/sitio\/2012\/05\/26\/la-humedad-tomo-protagonismo\/#breadcrumb","itemListElement":[{"@type":"ListItem","position":1,"name":"Portada","item":"http:\/\/gentedebasquet.com.ar\/sitio\/"},{"@type":"ListItem","position":2,"name":"La humedad tom\u00f3 protagonismo"}]},{"@type":"WebSite","@id":"http:\/\/gentedebasquet.com.ar\/sitio\/#website","url":"http:\/\/gentedebasquet.com.ar\/sitio\/","name":"Gente de B\u00e1squet","description":"La revista del basquet de Bah\u00eda Blanca","potentialAction":[{"@type":"SearchAction","target":{"@type":"EntryPoint","urlTemplate":"http:\/\/gentedebasquet.com.ar\/sitio\/?s={search_term_string}"},"query-input":{"@type":"PropertyValueSpecification","valueRequired":true,"valueName":"search_term_string"}}],"inLanguage":"es"},{"@type":"Person","@id":"http:\/\/gentedebasquet.com.ar\/sitio\/#\/schema\/person\/57f7bb2735926f2a9d9bb247bf52d34a","name":"Elian Romero","image":{"@type":"ImageObject","inLanguage":"es","@id":"https:\/\/secure.gravatar.com\/avatar\/0ad0863b111644ef082fe8916554335c2a87810acef7205393730d0bfda08d0d?s=96&d=mm&r=g","url":"https:\/\/secure.gravatar.com\/avatar\/0ad0863b111644ef082fe8916554335c2a87810acef7205393730d0bfda08d0d?s=96&d=mm&r=g","contentUrl":"https:\/\/secure.gravatar.com\/avatar\/0ad0863b111644ef082fe8916554335c2a87810acef7205393730d0bfda08d0d?s=96&d=mm&r=g","caption":"Elian Romero"},"url":"https:\/\/gentedebasquet.com.ar\/sitio\/author\/elian-romero\/"}]}},"_links":{"self":[{"href":"https:\/\/gentedebasquet.com.ar\/sitio\/wp-json\/wp\/v2\/posts\/3959","targetHints":{"allow":["GET"]}}],"collection":[{"href":"https:\/\/gentedebasquet.com.ar\/sitio\/wp-json\/wp\/v2\/posts"}],"about":[{"href":"https:\/\/gentedebasquet.com.ar\/sitio\/wp-json\/wp\/v2\/types\/post"}],"author":[{"embeddable":true,"href":"https:\/\/gentedebasquet.com.ar\/sitio\/wp-json\/wp\/v2\/users\/7"}],"replies":[{"embeddable":true,"href":"https:\/\/gentedebasquet.com.ar\/sitio\/wp-json\/wp\/v2\/comments?post=3959"}],"version-history":[{"count":0,"href":"https:\/\/gentedebasquet.com.ar\/sitio\/wp-json\/wp\/v2\/posts\/3959\/revisions"}],"wp:attachment":[{"href":"https:\/\/gentedebasquet.com.ar\/sitio\/wp-json\/wp\/v2\/media?parent=3959"}],"wp:term":[{"taxonomy":"category","embeddable":true,"href":"https:\/\/gentedebasquet.com.ar\/sitio\/wp-json\/wp\/v2\/categories?post=3959"},{"taxonomy":"post_tag","embeddable":true,"href":"https:\/\/gentedebasquet.com.ar\/sitio\/wp-json\/wp\/v2\/tags?post=3959"}],"curies":[{"name":"wp","href":"https:\/\/api.w.org\/{rel}","templated":true}]}}