{"id":39648,"date":"2014-10-21T23:51:30","date_gmt":"2014-10-22T02:51:30","guid":{"rendered":"http:\/\/www.gentedebasquet.com.ar\/?p=39648"},"modified":"2014-10-21T23:51:30","modified_gmt":"2014-10-22T02:51:30","slug":"no-quiere-vacaciones","status":"publish","type":"post","link":"https:\/\/gentedebasquet.com.ar\/sitio\/2014\/10\/21\/no-quiere-vacaciones\/","title":{"rendered":"No quiere vacaciones"},"content":{"rendered":"<p><strong>En lo que seguramente fue la mejor producci\u00f3n equipista del a\u00f1o, La Falda derrot\u00f3 a Barracas Central, como visitante, por 73 a 49. El elenco de Juan Sergio Palumbo, ahora, lidera la serie 2 a 1 y el viernes deber\u00e1 visitar La Caldera en el cuarto punto. Un enorme trabajo defensivo y buenas actuaciones de Sebasti\u00e1n Ranieri (15), Guillermo Mallemaci (13 y 16 rebotes) y Federico Vilouta (13) fueron decisivas. En el local se destac\u00f3 Federico Harina (18).\u00a0<\/strong><\/p>\n<p>\u00abPor como se dio la serie, les dije a los chicos que se merec\u00edan ganar un partido; perdimos el primero injustamente, el segundo pod\u00eda haber sido para cualquiera de los dos y la verdad que estos muchachos est\u00e1n haciendo una serie tremenda\u00bb, as\u00ed analiz\u00f3 Sebasti\u00e1n Aleksoski su playoffs ante Barracas, tras haber realizado el mejor partido del a\u00f1o, sobre todo en el costado defensivo, y recortar a 1-2 los cuartos de final en Segunda.<\/p>\n<p>El local comenz\u00f3 m\u00e1s firme, haciendo da\u00f1o en la pintura (captur\u00f3 5 rebotes ofensivos en el 1C) con Mond\u00f3n y Santill\u00e1n y se posicion\u00f3 9-2. Aleksoski detuvo las acciones, apenas con 2m38 de partido, con la intenci\u00f3n de \u00abvolver a empezar\u00bb. A partir de ah\u00ed, el control fue de La Falda. Primero con Vilouta jugando m\u00e1s interior y, luego, con el ingreso explosivo de Sebasti\u00e1n Ranieri.<\/p>\n<p>El 2C fue malo en general, con bajo goleo y errores compartidos. Pero ya en el complemento, Mallemaci se adue\u00f1\u00f3 de los rebotes y Manuel Gim\u00e9nez entreg\u00f3 puntos valiosos cuando Barracas ya empezaba a mirar el tanteador de atr\u00e1s. As\u00ed, el visitante logr\u00f3 12 de luz a 4m17 del cierre del 3C tras un gran pasaje ofensivo de Pablo Obreque, que incluy\u00f3 una jugada de salida con doble y falta.<\/p>\n<p>El local no encontr\u00f3 variantes. Le controlaron el juego interno y desde afuera solo llegaron puntos de la mano de Federico Harina, ya que Mariano Trellini, raramente, cerr\u00f3 con 0\/7 en triples (0\/8 en cancha). Un par de conversiones de Mond\u00f3n, cuando le dieron el tiro a 4 metros, no alcanzaron ante un La Falda agrandado, utilizando al m\u00e1ximo el pase extra, llegando al aro rival con facilidad y cerrando con 24 tantos de ventaja su duelo en El Bosque. Continuar\u00e1.<\/p>\n<p>&nbsp;<\/p>\n<p><span style=\"text-decoration: underline;\"><strong><em>S\u00edntesis:<\/em><\/strong><\/span><\/p>\n<p><strong>Barracas 49:\u00a0<\/strong>Federico Harina 18, Mariano Trellini 0, Mauro Montanaro 7, Andr\u00e9s Mond\u00f3n 13, Mauro Santill\u00e1n 9 (F.I.) y Joaqu\u00edn Gonz\u00e1lez 2. DT: Juan Sergio Palumbo.<\/p>\n<p><strong>La Falda 73: <\/strong>Facundo Roque 0, Gabriel Fern\u00e1ndez 5, Federico Vilouta 13, Federico Gonz\u00e1lez 6, Guillermo Mallemaci 13 (F.I.); Sebasti\u00e1n Ranieri 15, Manuel Gim\u00e9nez 10 y Pablo Obreque 11. DT: Sebasti\u00e1n Aleksoski.<\/p>\n<p><strong>Parciales:\u00a0<\/strong>19-15, 28-27 (9-12), 41-52 (13-25) y 49-73 (7-21).<\/p>\n<p><strong style=\"line-height: 1.5em;\">\u00c1rbitros:\u00a0<\/strong><span style=\"line-height: 1.5em;\">Emanuel S\u00e1nchez y Mat\u00edas Garate.<\/span><\/p>\n<p><strong>Estadio:\u00a0<\/strong>El Bosque (Barracas).<\/p>\n<p><strong>Serie<\/strong>: 2-1 Barracas.<\/p>\n<p><a class=\"modalf iframe\" title=\"Planilla\" href=\"https:\/\/docs.google.com\/spreadsheets\/d\/103ae8Bcg-y9kOVs-xJgw8hZtG9tWx50fqp9O5eUg_Jk\/pubhtml\" target=\"_blank\" rel=\"noopener\">Ver Planilla<\/a><\/p>\n<p>&nbsp;<\/p>\n<p>&nbsp;<\/p>\n<h6>La gran Manu<\/h6>\n<p><a href=\"http:\/\/www.gentedebasquet.com.ar\/wp-content\/uploads\/2014\/10\/Gabriel-Fern\u00e1ndez.jpg\"><img decoding=\"async\" class=\"aligncenter size-full wp-image-39667\" alt=\"Gabriel Fern\u00e1ndez\" src=\"http:\/\/www.gentedebasquet.com.ar\/wp-content\/uploads\/2014\/10\/Gabriel-Fern\u00e1ndez.jpg\" width=\"640\" height=\"480\" \/><\/a><\/p>\n<p>La Falda contra atac\u00f3, Gabriel Fern\u00e1ndez lleg\u00f3 por el eje y cuando intent\u00f3 comenzar a hacer el doble paso, se cay\u00f3. Pareci\u00f3 ser una jugada m\u00e1s, pero lo cierto es que el tropez\u00f3n se produjo porque la zapatilla izquierda del perimetral explot\u00f3. O m\u00e1s bien, se descoci\u00f3 en todo su lateral externo, como le ocurriera alguna vez a Emanuel Gin\u00f3bili.<\/p>\n<blockquote class=\"twitter-tweet\" lang=\"es\"><p>As\u00ed qued\u00f3 la zapatilla de Manu Gin\u00f3bili que se rompi\u00f3 anoche: <a href=\"http:\/\/t.co\/AEdqrYWC18\">http:\/\/t.co\/AEdqrYWC18<\/a> (Foto: <a href=\"https:\/\/twitter.com\/ClauVillapun\">@ClauVillapun<\/a>) <a href=\"http:\/\/t.co\/vQJVa7Z5la\">pic.twitter.com\/vQJVa7Z5la<\/a><\/p>\n<p>\u2014 Marcelo Chaijale (@mchaijale) <a href=\"https:\/\/twitter.com\/mchaijale\/status\/439044810037399553\">febrero 27, 2014<\/a><\/p><\/blockquote>\n<p>&nbsp;<\/p>\n","protected":false},"excerpt":{"rendered":"<p>La Falda (1) venci\u00f3 a Barracas (2) 73 a 49 y estir\u00f3 la serie de cuartos de final<\/p>\n","protected":false},"author":1,"featured_media":39651,"comment_status":"closed","ping_status":"open","sticky":false,"template":"","format":"standard","meta":{"jnews-multi-image_gallery":[],"jnews_single_post":[],"jnews_primary_category":[],"footnotes":""},"categories":[25,101],"tags":[6,209,360,13,939,203],"class_list":["post-39648","post","type-post","status-publish","format-standard","has-post-thumbnail","hentry","category-segunda","category-slide","tag-barracas-central","tag-federico-harina","tag-guillermo-mallemaci","tag-la-falda","tag-pablo-obreque","tag-sebastian-ranieri"],"yoast_head":"<!-- This site is optimized with the Yoast SEO plugin v27.4 - https:\/\/yoast.com\/product\/yoast-seo-wordpress\/ -->\n<title>No quiere vacaciones - Gente de B\u00e1squet<\/title>\n<meta name=\"robots\" content=\"index, follow, max-snippet:-1, max-image-preview:large, max-video-preview:-1\" \/>\n<link rel=\"canonical\" href=\"https:\/\/gentedebasquet.com.ar\/sitio\/2014\/10\/21\/no-quiere-vacaciones\/\" \/>\n<meta property=\"og:locale\" content=\"es_ES\" \/>\n<meta property=\"og:type\" content=\"article\" \/>\n<meta property=\"og:title\" content=\"No quiere vacaciones - Gente de B\u00e1squet\" \/>\n<meta property=\"og:description\" content=\"La Falda (1) venci\u00f3 a Barracas (2) 73 a 49 y estir\u00f3 la serie de cuartos de final\" \/>\n<meta property=\"og:url\" content=\"https:\/\/gentedebasquet.com.ar\/sitio\/2014\/10\/21\/no-quiere-vacaciones\/\" \/>\n<meta property=\"og:site_name\" content=\"Gente de B\u00e1squet\" \/>\n<meta property=\"article:published_time\" content=\"2014-10-22T02:51:30+00:00\" \/>\n<meta property=\"og:image\" content=\"https:\/\/gentedebasquet.com.ar\/sitio\/wp-content\/uploads\/2014\/10\/Barracas-La-Falda.jpg\" \/>\n\t<meta property=\"og:image:width\" content=\"690\" \/>\n\t<meta property=\"og:image:height\" content=\"319\" \/>\n\t<meta property=\"og:image:type\" content=\"image\/jpeg\" \/>\n<meta name=\"author\" content=\"Gente de B\u00e1squet\" \/>\n<meta name=\"twitter:card\" content=\"summary_large_image\" \/>\n<meta name=\"twitter:label1\" content=\"Escrito por\" \/>\n\t<meta name=\"twitter:data1\" content=\"Gente de B\u00e1squet\" \/>\n\t<meta name=\"twitter:label2\" content=\"Tiempo de lectura\" \/>\n\t<meta name=\"twitter:data2\" content=\"3 minutos\" \/>\n<script type=\"application\/ld+json\" class=\"yoast-schema-graph\">{\"@context\":\"https:\\\/\\\/schema.org\",\"@graph\":[{\"@type\":\"Article\",\"@id\":\"https:\\\/\\\/gentedebasquet.com.ar\\\/sitio\\\/2014\\\/10\\\/21\\\/no-quiere-vacaciones\\\/#article\",\"isPartOf\":{\"@id\":\"https:\\\/\\\/gentedebasquet.com.ar\\\/sitio\\\/2014\\\/10\\\/21\\\/no-quiere-vacaciones\\\/\"},\"author\":{\"name\":\"Gente de B\u00e1squet\",\"@id\":\"https:\\\/\\\/gentedebasquet.com.ar\\\/sitio\\\/#\\\/schema\\\/person\\\/ca0b63bbb977369988a7bbbdc519943a\"},\"headline\":\"No quiere vacaciones\",\"datePublished\":\"2014-10-22T02:51:30+00:00\",\"mainEntityOfPage\":{\"@id\":\"https:\\\/\\\/gentedebasquet.com.ar\\\/sitio\\\/2014\\\/10\\\/21\\\/no-quiere-vacaciones\\\/\"},\"wordCount\":558,\"image\":{\"@id\":\"https:\\\/\\\/gentedebasquet.com.ar\\\/sitio\\\/2014\\\/10\\\/21\\\/no-quiere-vacaciones\\\/#primaryimage\"},\"thumbnailUrl\":\"https:\\\/\\\/gentedebasquet.com.ar\\\/sitio\\\/wp-content\\\/uploads\\\/2014\\\/10\\\/Barracas-La-Falda.jpg\",\"keywords\":[\"Barracas Central\",\"Federico Harina\",\"Guillermo Mallemaci\",\"La Falda\",\"Pablo Obreque\",\"Sebasti\u00e1n Ranieri\"],\"articleSection\":[\"Segunda\",\"Slide\"],\"inLanguage\":\"es\"},{\"@type\":\"WebPage\",\"@id\":\"https:\\\/\\\/gentedebasquet.com.ar\\\/sitio\\\/2014\\\/10\\\/21\\\/no-quiere-vacaciones\\\/\",\"url\":\"https:\\\/\\\/gentedebasquet.com.ar\\\/sitio\\\/2014\\\/10\\\/21\\\/no-quiere-vacaciones\\\/\",\"name\":\"No quiere vacaciones - Gente de B\u00e1squet\",\"isPartOf\":{\"@id\":\"https:\\\/\\\/gentedebasquet.com.ar\\\/sitio\\\/#website\"},\"primaryImageOfPage\":{\"@id\":\"https:\\\/\\\/gentedebasquet.com.ar\\\/sitio\\\/2014\\\/10\\\/21\\\/no-quiere-vacaciones\\\/#primaryimage\"},\"image\":{\"@id\":\"https:\\\/\\\/gentedebasquet.com.ar\\\/sitio\\\/2014\\\/10\\\/21\\\/no-quiere-vacaciones\\\/#primaryimage\"},\"thumbnailUrl\":\"https:\\\/\\\/gentedebasquet.com.ar\\\/sitio\\\/wp-content\\\/uploads\\\/2014\\\/10\\\/Barracas-La-Falda.jpg\",\"datePublished\":\"2014-10-22T02:51:30+00:00\",\"author\":{\"@id\":\"https:\\\/\\\/gentedebasquet.com.ar\\\/sitio\\\/#\\\/schema\\\/person\\\/ca0b63bbb977369988a7bbbdc519943a\"},\"breadcrumb\":{\"@id\":\"https:\\\/\\\/gentedebasquet.com.ar\\\/sitio\\\/2014\\\/10\\\/21\\\/no-quiere-vacaciones\\\/#breadcrumb\"},\"inLanguage\":\"es\",\"potentialAction\":[{\"@type\":\"ReadAction\",\"target\":[\"https:\\\/\\\/gentedebasquet.com.ar\\\/sitio\\\/2014\\\/10\\\/21\\\/no-quiere-vacaciones\\\/\"]}]},{\"@type\":\"ImageObject\",\"inLanguage\":\"es\",\"@id\":\"https:\\\/\\\/gentedebasquet.com.ar\\\/sitio\\\/2014\\\/10\\\/21\\\/no-quiere-vacaciones\\\/#primaryimage\",\"url\":\"https:\\\/\\\/gentedebasquet.com.ar\\\/sitio\\\/wp-content\\\/uploads\\\/2014\\\/10\\\/Barracas-La-Falda.jpg\",\"contentUrl\":\"https:\\\/\\\/gentedebasquet.com.ar\\\/sitio\\\/wp-content\\\/uploads\\\/2014\\\/10\\\/Barracas-La-Falda.jpg\",\"width\":690,\"height\":319},{\"@type\":\"BreadcrumbList\",\"@id\":\"https:\\\/\\\/gentedebasquet.com.ar\\\/sitio\\\/2014\\\/10\\\/21\\\/no-quiere-vacaciones\\\/#breadcrumb\",\"itemListElement\":[{\"@type\":\"ListItem\",\"position\":1,\"name\":\"Portada\",\"item\":\"https:\\\/\\\/gentedebasquet.com.ar\\\/sitio\\\/\"},{\"@type\":\"ListItem\",\"position\":2,\"name\":\"No quiere vacaciones\"}]},{\"@type\":\"WebSite\",\"@id\":\"https:\\\/\\\/gentedebasquet.com.ar\\\/sitio\\\/#website\",\"url\":\"https:\\\/\\\/gentedebasquet.com.ar\\\/sitio\\\/\",\"name\":\"Gente de B\u00e1squet\",\"description\":\"La revista del basquet de Bah\u00eda Blanca\",\"potentialAction\":[{\"@type\":\"SearchAction\",\"target\":{\"@type\":\"EntryPoint\",\"urlTemplate\":\"https:\\\/\\\/gentedebasquet.com.ar\\\/sitio\\\/?s={search_term_string}\"},\"query-input\":{\"@type\":\"PropertyValueSpecification\",\"valueRequired\":true,\"valueName\":\"search_term_string\"}}],\"inLanguage\":\"es\"},{\"@type\":\"Person\",\"@id\":\"https:\\\/\\\/gentedebasquet.com.ar\\\/sitio\\\/#\\\/schema\\\/person\\\/ca0b63bbb977369988a7bbbdc519943a\",\"name\":\"Gente de B\u00e1squet\",\"image\":{\"@type\":\"ImageObject\",\"inLanguage\":\"es\",\"@id\":\"https:\\\/\\\/secure.gravatar.com\\\/avatar\\\/7f2c48bdc33b30088f941fb6082e555f2874c98e20cb159d7b92b50eadfce793?s=96&d=mm&r=g\",\"url\":\"https:\\\/\\\/secure.gravatar.com\\\/avatar\\\/7f2c48bdc33b30088f941fb6082e555f2874c98e20cb159d7b92b50eadfce793?s=96&d=mm&r=g\",\"contentUrl\":\"https:\\\/\\\/secure.gravatar.com\\\/avatar\\\/7f2c48bdc33b30088f941fb6082e555f2874c98e20cb159d7b92b50eadfce793?s=96&d=mm&r=g\",\"caption\":\"Gente de B\u00e1squet\"},\"sameAs\":[\"http:\\\/\\\/gentedebasquet.com.ar\\\/sitio\"],\"url\":\"https:\\\/\\\/gentedebasquet.com.ar\\\/sitio\\\/author\\\/ulises\\\/\"}]}<\/script>\n<!-- \/ Yoast SEO plugin. -->","yoast_head_json":{"title":"No quiere vacaciones - Gente de B\u00e1squet","robots":{"index":"index","follow":"follow","max-snippet":"max-snippet:-1","max-image-preview":"max-image-preview:large","max-video-preview":"max-video-preview:-1"},"canonical":"https:\/\/gentedebasquet.com.ar\/sitio\/2014\/10\/21\/no-quiere-vacaciones\/","og_locale":"es_ES","og_type":"article","og_title":"No quiere vacaciones - Gente de B\u00e1squet","og_description":"La Falda (1) venci\u00f3 a Barracas (2) 73 a 49 y estir\u00f3 la serie de cuartos de final","og_url":"https:\/\/gentedebasquet.com.ar\/sitio\/2014\/10\/21\/no-quiere-vacaciones\/","og_site_name":"Gente de B\u00e1squet","article_published_time":"2014-10-22T02:51:30+00:00","og_image":[{"width":690,"height":319,"url":"https:\/\/gentedebasquet.com.ar\/sitio\/wp-content\/uploads\/2014\/10\/Barracas-La-Falda.jpg","type":"image\/jpeg"}],"author":"Gente de B\u00e1squet","twitter_card":"summary_large_image","twitter_misc":{"Escrito por":"Gente de B\u00e1squet","Tiempo de lectura":"3 minutos"},"schema":{"@context":"https:\/\/schema.org","@graph":[{"@type":"Article","@id":"https:\/\/gentedebasquet.com.ar\/sitio\/2014\/10\/21\/no-quiere-vacaciones\/#article","isPartOf":{"@id":"https:\/\/gentedebasquet.com.ar\/sitio\/2014\/10\/21\/no-quiere-vacaciones\/"},"author":{"name":"Gente de B\u00e1squet","@id":"https:\/\/gentedebasquet.com.ar\/sitio\/#\/schema\/person\/ca0b63bbb977369988a7bbbdc519943a"},"headline":"No quiere vacaciones","datePublished":"2014-10-22T02:51:30+00:00","mainEntityOfPage":{"@id":"https:\/\/gentedebasquet.com.ar\/sitio\/2014\/10\/21\/no-quiere-vacaciones\/"},"wordCount":558,"image":{"@id":"https:\/\/gentedebasquet.com.ar\/sitio\/2014\/10\/21\/no-quiere-vacaciones\/#primaryimage"},"thumbnailUrl":"https:\/\/gentedebasquet.com.ar\/sitio\/wp-content\/uploads\/2014\/10\/Barracas-La-Falda.jpg","keywords":["Barracas Central","Federico Harina","Guillermo Mallemaci","La Falda","Pablo Obreque","Sebasti\u00e1n Ranieri"],"articleSection":["Segunda","Slide"],"inLanguage":"es"},{"@type":"WebPage","@id":"https:\/\/gentedebasquet.com.ar\/sitio\/2014\/10\/21\/no-quiere-vacaciones\/","url":"https:\/\/gentedebasquet.com.ar\/sitio\/2014\/10\/21\/no-quiere-vacaciones\/","name":"No quiere vacaciones - Gente de B\u00e1squet","isPartOf":{"@id":"https:\/\/gentedebasquet.com.ar\/sitio\/#website"},"primaryImageOfPage":{"@id":"https:\/\/gentedebasquet.com.ar\/sitio\/2014\/10\/21\/no-quiere-vacaciones\/#primaryimage"},"image":{"@id":"https:\/\/gentedebasquet.com.ar\/sitio\/2014\/10\/21\/no-quiere-vacaciones\/#primaryimage"},"thumbnailUrl":"https:\/\/gentedebasquet.com.ar\/sitio\/wp-content\/uploads\/2014\/10\/Barracas-La-Falda.jpg","datePublished":"2014-10-22T02:51:30+00:00","author":{"@id":"https:\/\/gentedebasquet.com.ar\/sitio\/#\/schema\/person\/ca0b63bbb977369988a7bbbdc519943a"},"breadcrumb":{"@id":"https:\/\/gentedebasquet.com.ar\/sitio\/2014\/10\/21\/no-quiere-vacaciones\/#breadcrumb"},"inLanguage":"es","potentialAction":[{"@type":"ReadAction","target":["https:\/\/gentedebasquet.com.ar\/sitio\/2014\/10\/21\/no-quiere-vacaciones\/"]}]},{"@type":"ImageObject","inLanguage":"es","@id":"https:\/\/gentedebasquet.com.ar\/sitio\/2014\/10\/21\/no-quiere-vacaciones\/#primaryimage","url":"https:\/\/gentedebasquet.com.ar\/sitio\/wp-content\/uploads\/2014\/10\/Barracas-La-Falda.jpg","contentUrl":"https:\/\/gentedebasquet.com.ar\/sitio\/wp-content\/uploads\/2014\/10\/Barracas-La-Falda.jpg","width":690,"height":319},{"@type":"BreadcrumbList","@id":"https:\/\/gentedebasquet.com.ar\/sitio\/2014\/10\/21\/no-quiere-vacaciones\/#breadcrumb","itemListElement":[{"@type":"ListItem","position":1,"name":"Portada","item":"https:\/\/gentedebasquet.com.ar\/sitio\/"},{"@type":"ListItem","position":2,"name":"No quiere vacaciones"}]},{"@type":"WebSite","@id":"https:\/\/gentedebasquet.com.ar\/sitio\/#website","url":"https:\/\/gentedebasquet.com.ar\/sitio\/","name":"Gente de B\u00e1squet","description":"La revista del basquet de Bah\u00eda Blanca","potentialAction":[{"@type":"SearchAction","target":{"@type":"EntryPoint","urlTemplate":"https:\/\/gentedebasquet.com.ar\/sitio\/?s={search_term_string}"},"query-input":{"@type":"PropertyValueSpecification","valueRequired":true,"valueName":"search_term_string"}}],"inLanguage":"es"},{"@type":"Person","@id":"https:\/\/gentedebasquet.com.ar\/sitio\/#\/schema\/person\/ca0b63bbb977369988a7bbbdc519943a","name":"Gente de B\u00e1squet","image":{"@type":"ImageObject","inLanguage":"es","@id":"https:\/\/secure.gravatar.com\/avatar\/7f2c48bdc33b30088f941fb6082e555f2874c98e20cb159d7b92b50eadfce793?s=96&d=mm&r=g","url":"https:\/\/secure.gravatar.com\/avatar\/7f2c48bdc33b30088f941fb6082e555f2874c98e20cb159d7b92b50eadfce793?s=96&d=mm&r=g","contentUrl":"https:\/\/secure.gravatar.com\/avatar\/7f2c48bdc33b30088f941fb6082e555f2874c98e20cb159d7b92b50eadfce793?s=96&d=mm&r=g","caption":"Gente de B\u00e1squet"},"sameAs":["http:\/\/gentedebasquet.com.ar\/sitio"],"url":"https:\/\/gentedebasquet.com.ar\/sitio\/author\/ulises\/"}]}},"_links":{"self":[{"href":"https:\/\/gentedebasquet.com.ar\/sitio\/wp-json\/wp\/v2\/posts\/39648","targetHints":{"allow":["GET"]}}],"collection":[{"href":"https:\/\/gentedebasquet.com.ar\/sitio\/wp-json\/wp\/v2\/posts"}],"about":[{"href":"https:\/\/gentedebasquet.com.ar\/sitio\/wp-json\/wp\/v2\/types\/post"}],"author":[{"embeddable":true,"href":"https:\/\/gentedebasquet.com.ar\/sitio\/wp-json\/wp\/v2\/users\/1"}],"replies":[{"embeddable":true,"href":"https:\/\/gentedebasquet.com.ar\/sitio\/wp-json\/wp\/v2\/comments?post=39648"}],"version-history":[{"count":0,"href":"https:\/\/gentedebasquet.com.ar\/sitio\/wp-json\/wp\/v2\/posts\/39648\/revisions"}],"wp:featuredmedia":[{"embeddable":true,"href":"https:\/\/gentedebasquet.com.ar\/sitio\/wp-json\/wp\/v2\/media\/39651"}],"wp:attachment":[{"href":"https:\/\/gentedebasquet.com.ar\/sitio\/wp-json\/wp\/v2\/media?parent=39648"}],"wp:term":[{"taxonomy":"category","embeddable":true,"href":"https:\/\/gentedebasquet.com.ar\/sitio\/wp-json\/wp\/v2\/categories?post=39648"},{"taxonomy":"post_tag","embeddable":true,"href":"https:\/\/gentedebasquet.com.ar\/sitio\/wp-json\/wp\/v2\/tags?post=39648"}],"curies":[{"name":"wp","href":"https:\/\/api.w.org\/{rel}","templated":true}]}}