{"id":3982,"date":"2012-05-26T03:01:05","date_gmt":"2012-05-26T03:01:05","guid":{"rendered":"http:\/\/www.gentedebasquet.com.ar\/?p=3982"},"modified":"2012-05-26T03:01:05","modified_gmt":"2012-05-26T03:01:05","slug":"se-tomo-revancha-y-escala-posiciones","status":"publish","type":"post","link":"https:\/\/gentedebasquet.com.ar\/sitio\/2012\/05\/26\/se-tomo-revancha-y-escala-posiciones\/","title":{"rendered":"Se tom\u00f3 revancha y escala posiciones"},"content":{"rendered":"<p><strong><em><a href=\"http:\/\/www.gentedebasquet.com.ar\/wp-content\/uploads\/2012\/05\/Estrella-Barracas.jpg\"><img decoding=\"async\" class=\"alignnone size-full wp-image-3997\" title=\"OLYMPUS DIGITAL CAMERA\" src=\"http:\/\/www.gentedebasquet.com.ar\/wp-content\/uploads\/2012\/05\/Estrella-Barracas.jpg\" alt=\"\" width=\"446\" height=\"336\" \/><\/a>Barracas Central domin\u00f3 de punta a punta el partido en el Luis \u00c1lvarez y derroto a Estrella por 65 a 53. Hubo un muy buen trabajo en la visita de Gast\u00f3n Diomedi, quien aport\u00f3 20 unidades. En el local no alcanzaron las 13 unidades de Nahuel C\u00e1mara.<\/em><\/strong><\/p>\n<p><em>Informe de <strong>Francisco Urban<\/strong>, enviado especial de\u00a0<strong>Gente de B\u00e1squet.<!--more--><\/strong><\/em><\/p>\n<p>En el \u00c1lvarez, la visita fue quien comenz\u00f3 de buena manera el tr\u00e1mite del partido junto al buen traslado de pelota, se le sumaron las penetraciones y los tiros desde la pintura de Gast\u00f3n Diomedi e Ignacio Sella, quienes en los primeros 10 minutos terminaron con el 100% de efectividad desde esa distancia, ah\u00ed fue donde sac\u00f3 ventaja Barracas Central, a lo que Estrella no pudo revertir ni encontrarle respuestas.<\/p>\n<p>Pero el ingreso de Emiliano Deminicis y Francisco Grandes, le puso un poco de freno a las embestidas del visitante y debajo del aro empez\u00f3 a crecer la figura de Nahuel C\u00e1mara en el local para acortar diferencias. Pero a los dirigidos por Marcelo Allende no les import\u00f3 mucho, porque volver\u00edan a ponerse en partido luego de dos triples claves por parte de Diomedi y Sella.<\/p>\n<p>En el comienzo del tercer cuarto ser\u00eda donde Barracas sacar\u00eda una diferencia, no s\u00f3lo en el tanteador sino tambi\u00e9n en la defensa, con un Mariano Trellini debajo del aro tomando rebotes y recuperando pelotas importantes, m\u00e1s el excelente trabajo en ataque por parte de Santiago Marco y Diomedi que ser\u00edan piezas fundamentales<\/p>\n<p>A todo eso se le junt\u00f3 la gran labor, viniendo desde el banco, de Juan Gabriel Iturralde, que con un \u00abtriplazo\u00bb sobre el final del partido termin\u00f3 de sentenciar la historia.\u00a0Triunfo importante para Barracas Central, que no les quiere perder pisada a los equipos de arriba y busca sumarse en la lucha por el ascenso.<\/p>\n<p><strong><em><span style=\"text-decoration: underline;\">S\u00edntesis: <\/span><\/em><\/strong><\/p>\n<p><strong>Estrella 53: <\/strong><br \/>\nIniciales: Mat\u00edas Specogna (8), Mat\u00edas Macagaza (0), Agust\u00edn Almir\u00f3n (0), Franco Cardone (8) y Nahuel C\u00e1mara (13).<br \/>\nIngresaron: Francisco Diez (7), Francisco Grandes (4), Emiliano Deminicis (10) y Andr\u00e9s Almir\u00f3n (3).<br \/>\nDT: Sebasti\u00e1n Dodero<\/p>\n<p><strong>Barracas Central 65:<\/strong><\/p>\n<p>Iniciales: Ignacio Sella (7), Gast\u00f3n Diomedi (20), Mariano Trellini (6), Paolo Casale (3) y Santiago Marco (11).<\/p>\n<p>Ingresaron: Juan Gabriel Iturralde (13) y Mart\u00edn Segal (5).<br \/>\nDT: Marcelo Allende.<\/p>\n<p><strong>Cuartos: <\/strong>Estrella 10-21, 25-35, 33-48 y 53-65.<br \/>\n<strong>5 Faltas:<\/strong> nadie lleg\u00f3 al l\u00edmite.<br \/>\n<strong>\u00c1rbitros:<\/strong> Miguel Firpo y Sebasti\u00e1n Giannino.<\/p>\n<p>&nbsp;<\/p>\n<p><a class=\"modalf iframe\" title=\"Planilla\" href=\"https:\/\/docs.google.com\/spreadsheet\/pub?key=0AhWH6MgjN9X5dEJIT2hpQmFnaVJQRDdyT3NTYVpPRVE&amp;single=true&amp;gid=0&amp;output=html\">Ver Planilla<\/a><\/p>\n","protected":false},"excerpt":{"rendered":"<p>Barracas Central domin\u00f3 de punta a punta el partido en el Luis \u00c1lvarez y derroto a Estrella por 65 a 53. Hubo un muy buen trabajo en la visita de Gast\u00f3n Diomedi, quien aport\u00f3 20 unidades. En el local no alcanzaron las 13 unidades de Nahuel C\u00e1mara. Informe de Francisco Urban, enviado especial de\u00a0Gente de [&hellip;]<\/p>\n","protected":false},"author":1,"featured_media":0,"comment_status":"open","ping_status":"open","sticky":false,"template":"","format":"standard","meta":{"jnews-multi-image_gallery":[],"jnews_single_post":[],"jnews_primary_category":[],"footnotes":""},"categories":[25],"tags":[6,10],"class_list":["post-3982","post","type-post","status-publish","format-standard","hentry","category-segunda","tag-barracas-central","tag-estrella"],"yoast_head":"<!-- This site is optimized with the Yoast SEO plugin v27.5 - https:\/\/yoast.com\/product\/yoast-seo-wordpress\/ -->\n<title>Se tom\u00f3 revancha y escala posiciones - Gente de B\u00e1squet<\/title>\n<meta name=\"robots\" content=\"index, follow, max-snippet:-1, max-image-preview:large, max-video-preview:-1\" \/>\n<link rel=\"canonical\" href=\"http:\/\/gentedebasquet.com.ar\/sitio\/2012\/05\/26\/se-tomo-revancha-y-escala-posiciones\/\" \/>\n<meta property=\"og:locale\" content=\"es_ES\" \/>\n<meta property=\"og:type\" content=\"article\" \/>\n<meta property=\"og:title\" content=\"Se tom\u00f3 revancha y escala posiciones - Gente de B\u00e1squet\" \/>\n<meta property=\"og:description\" content=\"Barracas Central domin\u00f3 de punta a punta el partido en el Luis \u00c1lvarez y derroto a Estrella por 65 a 53. Hubo un muy buen trabajo en la visita de Gast\u00f3n Diomedi, quien aport\u00f3 20 unidades. En el local no alcanzaron las 13 unidades de Nahuel C\u00e1mara. Informe de Francisco Urban, enviado especial de\u00a0Gente de [&hellip;]\" \/>\n<meta property=\"og:url\" content=\"http:\/\/gentedebasquet.com.ar\/sitio\/2012\/05\/26\/se-tomo-revancha-y-escala-posiciones\/\" \/>\n<meta property=\"og:site_name\" content=\"Gente de B\u00e1squet\" \/>\n<meta property=\"article:published_time\" content=\"2012-05-26T03:01:05+00:00\" \/>\n<meta property=\"og:image\" content=\"http:\/\/www.gentedebasquet.com.ar\/wp-content\/uploads\/2012\/05\/Estrella-Barracas.jpg\" \/>\n<meta name=\"author\" content=\"Gente de B\u00e1squet\" \/>\n<meta name=\"twitter:card\" content=\"summary_large_image\" \/>\n<meta name=\"twitter:label1\" content=\"Escrito por\" \/>\n\t<meta name=\"twitter:data1\" content=\"Gente de B\u00e1squet\" \/>\n\t<meta name=\"twitter:label2\" content=\"Tiempo de lectura\" \/>\n\t<meta name=\"twitter:data2\" content=\"2 minutos\" \/>\n<script type=\"application\/ld+json\" class=\"yoast-schema-graph\">{\"@context\":\"https:\\\/\\\/schema.org\",\"@graph\":[{\"@type\":\"Article\",\"@id\":\"http:\\\/\\\/gentedebasquet.com.ar\\\/sitio\\\/2012\\\/05\\\/26\\\/se-tomo-revancha-y-escala-posiciones\\\/#article\",\"isPartOf\":{\"@id\":\"http:\\\/\\\/gentedebasquet.com.ar\\\/sitio\\\/2012\\\/05\\\/26\\\/se-tomo-revancha-y-escala-posiciones\\\/\"},\"author\":{\"name\":\"Gente de B\u00e1squet\",\"@id\":\"http:\\\/\\\/gentedebasquet.com.ar\\\/sitio\\\/#\\\/schema\\\/person\\\/ca0b63bbb977369988a7bbbdc519943a\"},\"headline\":\"Se tom\u00f3 revancha y escala posiciones\",\"datePublished\":\"2012-05-26T03:01:05+00:00\",\"mainEntityOfPage\":{\"@id\":\"http:\\\/\\\/gentedebasquet.com.ar\\\/sitio\\\/2012\\\/05\\\/26\\\/se-tomo-revancha-y-escala-posiciones\\\/\"},\"wordCount\":399,\"commentCount\":13,\"image\":{\"@id\":\"http:\\\/\\\/gentedebasquet.com.ar\\\/sitio\\\/2012\\\/05\\\/26\\\/se-tomo-revancha-y-escala-posiciones\\\/#primaryimage\"},\"thumbnailUrl\":\"http:\\\/\\\/www.gentedebasquet.com.ar\\\/wp-content\\\/uploads\\\/2012\\\/05\\\/Estrella-Barracas.jpg\",\"keywords\":[\"Barracas Central\",\"Estrella\"],\"articleSection\":[\"Segunda\"],\"inLanguage\":\"es\",\"potentialAction\":[{\"@type\":\"CommentAction\",\"name\":\"Comment\",\"target\":[\"http:\\\/\\\/gentedebasquet.com.ar\\\/sitio\\\/2012\\\/05\\\/26\\\/se-tomo-revancha-y-escala-posiciones\\\/#respond\"]}]},{\"@type\":\"WebPage\",\"@id\":\"http:\\\/\\\/gentedebasquet.com.ar\\\/sitio\\\/2012\\\/05\\\/26\\\/se-tomo-revancha-y-escala-posiciones\\\/\",\"url\":\"http:\\\/\\\/gentedebasquet.com.ar\\\/sitio\\\/2012\\\/05\\\/26\\\/se-tomo-revancha-y-escala-posiciones\\\/\",\"name\":\"Se tom\u00f3 revancha y escala posiciones - Gente de B\u00e1squet\",\"isPartOf\":{\"@id\":\"http:\\\/\\\/gentedebasquet.com.ar\\\/sitio\\\/#website\"},\"primaryImageOfPage\":{\"@id\":\"http:\\\/\\\/gentedebasquet.com.ar\\\/sitio\\\/2012\\\/05\\\/26\\\/se-tomo-revancha-y-escala-posiciones\\\/#primaryimage\"},\"image\":{\"@id\":\"http:\\\/\\\/gentedebasquet.com.ar\\\/sitio\\\/2012\\\/05\\\/26\\\/se-tomo-revancha-y-escala-posiciones\\\/#primaryimage\"},\"thumbnailUrl\":\"http:\\\/\\\/www.gentedebasquet.com.ar\\\/wp-content\\\/uploads\\\/2012\\\/05\\\/Estrella-Barracas.jpg\",\"datePublished\":\"2012-05-26T03:01:05+00:00\",\"author\":{\"@id\":\"http:\\\/\\\/gentedebasquet.com.ar\\\/sitio\\\/#\\\/schema\\\/person\\\/ca0b63bbb977369988a7bbbdc519943a\"},\"breadcrumb\":{\"@id\":\"http:\\\/\\\/gentedebasquet.com.ar\\\/sitio\\\/2012\\\/05\\\/26\\\/se-tomo-revancha-y-escala-posiciones\\\/#breadcrumb\"},\"inLanguage\":\"es\",\"potentialAction\":[{\"@type\":\"ReadAction\",\"target\":[\"http:\\\/\\\/gentedebasquet.com.ar\\\/sitio\\\/2012\\\/05\\\/26\\\/se-tomo-revancha-y-escala-posiciones\\\/\"]}]},{\"@type\":\"ImageObject\",\"inLanguage\":\"es\",\"@id\":\"http:\\\/\\\/gentedebasquet.com.ar\\\/sitio\\\/2012\\\/05\\\/26\\\/se-tomo-revancha-y-escala-posiciones\\\/#primaryimage\",\"url\":\"http:\\\/\\\/www.gentedebasquet.com.ar\\\/wp-content\\\/uploads\\\/2012\\\/05\\\/Estrella-Barracas.jpg\",\"contentUrl\":\"http:\\\/\\\/www.gentedebasquet.com.ar\\\/wp-content\\\/uploads\\\/2012\\\/05\\\/Estrella-Barracas.jpg\"},{\"@type\":\"BreadcrumbList\",\"@id\":\"http:\\\/\\\/gentedebasquet.com.ar\\\/sitio\\\/2012\\\/05\\\/26\\\/se-tomo-revancha-y-escala-posiciones\\\/#breadcrumb\",\"itemListElement\":[{\"@type\":\"ListItem\",\"position\":1,\"name\":\"Portada\",\"item\":\"http:\\\/\\\/gentedebasquet.com.ar\\\/sitio\\\/\"},{\"@type\":\"ListItem\",\"position\":2,\"name\":\"Se tom\u00f3 revancha y escala posiciones\"}]},{\"@type\":\"WebSite\",\"@id\":\"http:\\\/\\\/gentedebasquet.com.ar\\\/sitio\\\/#website\",\"url\":\"http:\\\/\\\/gentedebasquet.com.ar\\\/sitio\\\/\",\"name\":\"Gente de B\u00e1squet\",\"description\":\"La revista del basquet de Bah\u00eda Blanca\",\"potentialAction\":[{\"@type\":\"SearchAction\",\"target\":{\"@type\":\"EntryPoint\",\"urlTemplate\":\"http:\\\/\\\/gentedebasquet.com.ar\\\/sitio\\\/?s={search_term_string}\"},\"query-input\":{\"@type\":\"PropertyValueSpecification\",\"valueRequired\":true,\"valueName\":\"search_term_string\"}}],\"inLanguage\":\"es\"},{\"@type\":\"Person\",\"@id\":\"http:\\\/\\\/gentedebasquet.com.ar\\\/sitio\\\/#\\\/schema\\\/person\\\/ca0b63bbb977369988a7bbbdc519943a\",\"name\":\"Gente de B\u00e1squet\",\"image\":{\"@type\":\"ImageObject\",\"inLanguage\":\"es\",\"@id\":\"https:\\\/\\\/secure.gravatar.com\\\/avatar\\\/7f2c48bdc33b30088f941fb6082e555f2874c98e20cb159d7b92b50eadfce793?s=96&d=mm&r=g\",\"url\":\"https:\\\/\\\/secure.gravatar.com\\\/avatar\\\/7f2c48bdc33b30088f941fb6082e555f2874c98e20cb159d7b92b50eadfce793?s=96&d=mm&r=g\",\"contentUrl\":\"https:\\\/\\\/secure.gravatar.com\\\/avatar\\\/7f2c48bdc33b30088f941fb6082e555f2874c98e20cb159d7b92b50eadfce793?s=96&d=mm&r=g\",\"caption\":\"Gente de B\u00e1squet\"},\"sameAs\":[\"http:\\\/\\\/gentedebasquet.com.ar\\\/sitio\"],\"url\":\"https:\\\/\\\/gentedebasquet.com.ar\\\/sitio\\\/author\\\/ulises\\\/\"}]}<\/script>\n<!-- \/ Yoast SEO plugin. -->","yoast_head_json":{"title":"Se tom\u00f3 revancha y escala posiciones - Gente de B\u00e1squet","robots":{"index":"index","follow":"follow","max-snippet":"max-snippet:-1","max-image-preview":"max-image-preview:large","max-video-preview":"max-video-preview:-1"},"canonical":"http:\/\/gentedebasquet.com.ar\/sitio\/2012\/05\/26\/se-tomo-revancha-y-escala-posiciones\/","og_locale":"es_ES","og_type":"article","og_title":"Se tom\u00f3 revancha y escala posiciones - Gente de B\u00e1squet","og_description":"Barracas Central domin\u00f3 de punta a punta el partido en el Luis \u00c1lvarez y derroto a Estrella por 65 a 53. Hubo un muy buen trabajo en la visita de Gast\u00f3n Diomedi, quien aport\u00f3 20 unidades. En el local no alcanzaron las 13 unidades de Nahuel C\u00e1mara. Informe de Francisco Urban, enviado especial de\u00a0Gente de [&hellip;]","og_url":"http:\/\/gentedebasquet.com.ar\/sitio\/2012\/05\/26\/se-tomo-revancha-y-escala-posiciones\/","og_site_name":"Gente de B\u00e1squet","article_published_time":"2012-05-26T03:01:05+00:00","og_image":[{"url":"http:\/\/www.gentedebasquet.com.ar\/wp-content\/uploads\/2012\/05\/Estrella-Barracas.jpg","type":"","width":"","height":""}],"author":"Gente de B\u00e1squet","twitter_card":"summary_large_image","twitter_misc":{"Escrito por":"Gente de B\u00e1squet","Tiempo de lectura":"2 minutos"},"schema":{"@context":"https:\/\/schema.org","@graph":[{"@type":"Article","@id":"http:\/\/gentedebasquet.com.ar\/sitio\/2012\/05\/26\/se-tomo-revancha-y-escala-posiciones\/#article","isPartOf":{"@id":"http:\/\/gentedebasquet.com.ar\/sitio\/2012\/05\/26\/se-tomo-revancha-y-escala-posiciones\/"},"author":{"name":"Gente de B\u00e1squet","@id":"http:\/\/gentedebasquet.com.ar\/sitio\/#\/schema\/person\/ca0b63bbb977369988a7bbbdc519943a"},"headline":"Se tom\u00f3 revancha y escala posiciones","datePublished":"2012-05-26T03:01:05+00:00","mainEntityOfPage":{"@id":"http:\/\/gentedebasquet.com.ar\/sitio\/2012\/05\/26\/se-tomo-revancha-y-escala-posiciones\/"},"wordCount":399,"commentCount":13,"image":{"@id":"http:\/\/gentedebasquet.com.ar\/sitio\/2012\/05\/26\/se-tomo-revancha-y-escala-posiciones\/#primaryimage"},"thumbnailUrl":"http:\/\/www.gentedebasquet.com.ar\/wp-content\/uploads\/2012\/05\/Estrella-Barracas.jpg","keywords":["Barracas Central","Estrella"],"articleSection":["Segunda"],"inLanguage":"es","potentialAction":[{"@type":"CommentAction","name":"Comment","target":["http:\/\/gentedebasquet.com.ar\/sitio\/2012\/05\/26\/se-tomo-revancha-y-escala-posiciones\/#respond"]}]},{"@type":"WebPage","@id":"http:\/\/gentedebasquet.com.ar\/sitio\/2012\/05\/26\/se-tomo-revancha-y-escala-posiciones\/","url":"http:\/\/gentedebasquet.com.ar\/sitio\/2012\/05\/26\/se-tomo-revancha-y-escala-posiciones\/","name":"Se tom\u00f3 revancha y escala posiciones - Gente de B\u00e1squet","isPartOf":{"@id":"http:\/\/gentedebasquet.com.ar\/sitio\/#website"},"primaryImageOfPage":{"@id":"http:\/\/gentedebasquet.com.ar\/sitio\/2012\/05\/26\/se-tomo-revancha-y-escala-posiciones\/#primaryimage"},"image":{"@id":"http:\/\/gentedebasquet.com.ar\/sitio\/2012\/05\/26\/se-tomo-revancha-y-escala-posiciones\/#primaryimage"},"thumbnailUrl":"http:\/\/www.gentedebasquet.com.ar\/wp-content\/uploads\/2012\/05\/Estrella-Barracas.jpg","datePublished":"2012-05-26T03:01:05+00:00","author":{"@id":"http:\/\/gentedebasquet.com.ar\/sitio\/#\/schema\/person\/ca0b63bbb977369988a7bbbdc519943a"},"breadcrumb":{"@id":"http:\/\/gentedebasquet.com.ar\/sitio\/2012\/05\/26\/se-tomo-revancha-y-escala-posiciones\/#breadcrumb"},"inLanguage":"es","potentialAction":[{"@type":"ReadAction","target":["http:\/\/gentedebasquet.com.ar\/sitio\/2012\/05\/26\/se-tomo-revancha-y-escala-posiciones\/"]}]},{"@type":"ImageObject","inLanguage":"es","@id":"http:\/\/gentedebasquet.com.ar\/sitio\/2012\/05\/26\/se-tomo-revancha-y-escala-posiciones\/#primaryimage","url":"http:\/\/www.gentedebasquet.com.ar\/wp-content\/uploads\/2012\/05\/Estrella-Barracas.jpg","contentUrl":"http:\/\/www.gentedebasquet.com.ar\/wp-content\/uploads\/2012\/05\/Estrella-Barracas.jpg"},{"@type":"BreadcrumbList","@id":"http:\/\/gentedebasquet.com.ar\/sitio\/2012\/05\/26\/se-tomo-revancha-y-escala-posiciones\/#breadcrumb","itemListElement":[{"@type":"ListItem","position":1,"name":"Portada","item":"http:\/\/gentedebasquet.com.ar\/sitio\/"},{"@type":"ListItem","position":2,"name":"Se tom\u00f3 revancha y escala posiciones"}]},{"@type":"WebSite","@id":"http:\/\/gentedebasquet.com.ar\/sitio\/#website","url":"http:\/\/gentedebasquet.com.ar\/sitio\/","name":"Gente de B\u00e1squet","description":"La revista del basquet de Bah\u00eda Blanca","potentialAction":[{"@type":"SearchAction","target":{"@type":"EntryPoint","urlTemplate":"http:\/\/gentedebasquet.com.ar\/sitio\/?s={search_term_string}"},"query-input":{"@type":"PropertyValueSpecification","valueRequired":true,"valueName":"search_term_string"}}],"inLanguage":"es"},{"@type":"Person","@id":"http:\/\/gentedebasquet.com.ar\/sitio\/#\/schema\/person\/ca0b63bbb977369988a7bbbdc519943a","name":"Gente de B\u00e1squet","image":{"@type":"ImageObject","inLanguage":"es","@id":"https:\/\/secure.gravatar.com\/avatar\/7f2c48bdc33b30088f941fb6082e555f2874c98e20cb159d7b92b50eadfce793?s=96&d=mm&r=g","url":"https:\/\/secure.gravatar.com\/avatar\/7f2c48bdc33b30088f941fb6082e555f2874c98e20cb159d7b92b50eadfce793?s=96&d=mm&r=g","contentUrl":"https:\/\/secure.gravatar.com\/avatar\/7f2c48bdc33b30088f941fb6082e555f2874c98e20cb159d7b92b50eadfce793?s=96&d=mm&r=g","caption":"Gente de B\u00e1squet"},"sameAs":["http:\/\/gentedebasquet.com.ar\/sitio"],"url":"https:\/\/gentedebasquet.com.ar\/sitio\/author\/ulises\/"}]}},"_links":{"self":[{"href":"https:\/\/gentedebasquet.com.ar\/sitio\/wp-json\/wp\/v2\/posts\/3982","targetHints":{"allow":["GET"]}}],"collection":[{"href":"https:\/\/gentedebasquet.com.ar\/sitio\/wp-json\/wp\/v2\/posts"}],"about":[{"href":"https:\/\/gentedebasquet.com.ar\/sitio\/wp-json\/wp\/v2\/types\/post"}],"author":[{"embeddable":true,"href":"https:\/\/gentedebasquet.com.ar\/sitio\/wp-json\/wp\/v2\/users\/1"}],"replies":[{"embeddable":true,"href":"https:\/\/gentedebasquet.com.ar\/sitio\/wp-json\/wp\/v2\/comments?post=3982"}],"version-history":[{"count":0,"href":"https:\/\/gentedebasquet.com.ar\/sitio\/wp-json\/wp\/v2\/posts\/3982\/revisions"}],"wp:attachment":[{"href":"https:\/\/gentedebasquet.com.ar\/sitio\/wp-json\/wp\/v2\/media?parent=3982"}],"wp:term":[{"taxonomy":"category","embeddable":true,"href":"https:\/\/gentedebasquet.com.ar\/sitio\/wp-json\/wp\/v2\/categories?post=3982"},{"taxonomy":"post_tag","embeddable":true,"href":"https:\/\/gentedebasquet.com.ar\/sitio\/wp-json\/wp\/v2\/tags?post=3982"}],"curies":[{"name":"wp","href":"https:\/\/api.w.org\/{rel}","templated":true}]}}