{"id":40121,"date":"2014-11-03T23:42:50","date_gmt":"2014-11-04T02:42:50","guid":{"rendered":"http:\/\/www.gentedebasquet.com.ar\/?p=40121"},"modified":"2014-11-03T23:42:50","modified_gmt":"2014-11-04T02:42:50","slug":"el-gen-verdirrojo","status":"publish","type":"post","link":"https:\/\/gentedebasquet.com.ar\/sitio\/2014\/11\/03\/el-gen-verdirrojo\/","title":{"rendered":"El Gen verdirrojo"},"content":{"rendered":"<p><strong>Alem fue contundente de visitante y super\u00f3 a Argentino por 77 a 70. De esta manera, los de Azara quedaron a un paso de las finales, liderando la serie 2-0. Con 19 de Gigena y 15 de Nicol\u00e1s Leguizam\u00f3n, la visita pas\u00f3 al frente en el segundo cuarto y supo ser claro en ataque para estirar la distancia y mantenerse. En Argentino no alcanzaron los 16 de Susbielles.<\/strong><\/p>\n<p>Argentino arrancaba el partido muy entonado. Con 100% de efectividad en cancha (3-3), lograba liderar 8-0 aunque no se hac\u00eda fuerte en el recobre. Alem, s\u00f3lido para rebotear en ataque, no lograba abrir la cuenta. Era Gonzalo Etchepare quien le daba la primera unidad a su equipo con un tiro libre, luego de malograr 6 tiros de campo. Con el paso de los minutos, los de Loffredo fueron mostrando por qu\u00e9 ganaron la primera mitad del a\u00f1o y son los candidatos, meti\u00e9ndose en partido y apretando al local que lograba mantenerse 21 a 20.<\/p>\n<p>En los primeros minutos del segundo cuarto Alem buscaba aumentar su efectividad sin \u00e9xito. Argentino, por su parte, no aprovechaba la mala punter\u00eda del rival, abusando del tiro de puntos que no era el mejor (1-5 en 7&#8242; jugados). Era Alan Rava el \u00fanico que pod\u00eda dar r\u00e9ditos desde los 6.75 con 3 bombas al hilo durante el per\u00edodo. La visita comenzaba a remontar con la fresca entrada de Priore en la base, con 7 puntos y mucha convicci\u00f3n para que su equipo lidere 35 a 33 en el entretiempo.<\/p>\n<p>En la vuelta al parquet la visita comenzaba a demotrar sus mejores armas. Dos triples de Leguizam\u00f3n luego de un gran comienzo le dio el despegue a su equipo. Alem tomaba 10 puntos de luz, administrando mejor la bola con Augusto Priore en cancha. En la \u00faltima mitad del cuarto Argentino se acercaba. El local repart\u00eda bien los momentos y buscaba ser m\u00e1s s\u00f3lido en defensa. Los de Loffredo retomaban la distancia en el tanteador con la vuelta de Etchepare al rect\u00e1ngulo de juego, luego de salir por 3era falta personal. Alem manejaba los hilos 58 a 50.<\/p>\n<p>En el cierre se mantuvo la tendencia. Alem marcaba un parcial de 5 a 0 para volver a gobernar por 10. M\u00e1s all\u00e1 de tener a la base comprometida por faltas (Priore 3 y Etchepare 4), la visita lograba mantenerse repartiendo el goleo y lastimando la floja defensa del rival. Argentino no lograba variar sus ofensivas y segu\u00eda apostando al tiro externo que pocos resultados le daba. Sacando la m\u00e1xima de 14 en los minutos finales, Alem se mantuvo y fue a la l\u00ednea para liquidarlo 77 a 70 y quedar a un paso de las finales por el ascenso.<\/p>\n<p>&nbsp;<\/p>\n<p><span style=\"text-decoration: underline;\"><em><strong>S\u00edntesis:<\/strong><\/em><\/span><\/p>\n<p><strong>Argentino 70:<\/strong> Sebasti\u00e1n Susbielles 16, Bruno Sacomani 3, Hern\u00e1n Rava 12, Bruno Aceituno 10, C\u00e9sar Massa 12 (FI); Ramiro Garayzar 3, Juan Ignacio Reiner 0, Nicol\u00e1s Antonelli 6, Tom\u00e1s Bruni 3, Mariano Nu\u00f1ez 4. DT: Juan Garayzar.<\/p>\n<p><strong>Alem 77:\u00a0<\/strong>Gonzalo Etchepare 7, Nicol\u00e1s Leguizam\u00f3n 15, Walter Gigena 19, Dami\u00e1n Foulkes 8, Agust\u00edn Amore 11. (FI); Augusto Priore 9, Emiliano Calzetti 0, Sebasti\u00e1n Tacchetti 8, Lautaro Berges 0. DT: Miguel Loffredo.<\/p>\n<p><strong>Parciales:<\/strong> 21-20, 33-35 (12-15), 50-58 (17-23), 70-77 (20-19).<\/p>\n<p><strong>\u00c1rbitros:<\/strong> Horacio Sed\u00e1n, Sebasti\u00e1n Arcas y Mauro Reyes.<\/p>\n<p><strong>Estadio:<\/strong> Ardubilio Severini (Argentino).<\/p>\n<p><a class=\"modalf iframe\" title=\"Planilla\" href=\"https:\/\/docs.google.com\/spreadsheets\/d\/15LGlf9dwEz-zzCfPH94D2n1YA10slMzW7ny8wjoCYmQ\/pubhtml?gid=1459962769&amp;single=true\" target=\"_blank\" rel=\"noopener\">Ver Planilla<\/a><\/p>\n","protected":false},"excerpt":{"rendered":"<p>Con 19 de Walter Gigena, Alem derrot\u00f3 a Argentino 77 a 70 y se adelant\u00f3 2-0<\/p>\n","protected":false},"author":1,"featured_media":40122,"comment_status":"closed","ping_status":"open","sticky":false,"template":"","format":"standard","meta":{"jnews-multi-image_gallery":[],"jnews_single_post":[],"jnews_primary_category":[],"footnotes":""},"categories":[25,101],"tags":[3,4,302],"class_list":["post-40121","post","type-post","status-publish","format-standard","has-post-thumbnail","hentry","category-segunda","category-slide","tag-alem","tag-argentino","tag-walter-gigena"],"yoast_head":"<!-- This site is optimized with the Yoast SEO plugin v27.5 - https:\/\/yoast.com\/product\/yoast-seo-wordpress\/ -->\n<title>El Gen verdirrojo - Gente de B\u00e1squet<\/title>\n<meta name=\"robots\" content=\"index, follow, max-snippet:-1, max-image-preview:large, max-video-preview:-1\" \/>\n<link rel=\"canonical\" href=\"https:\/\/gentedebasquet.com.ar\/sitio\/2014\/11\/03\/el-gen-verdirrojo\/\" \/>\n<meta property=\"og:locale\" content=\"es_ES\" \/>\n<meta property=\"og:type\" content=\"article\" \/>\n<meta property=\"og:title\" content=\"El Gen verdirrojo - Gente de B\u00e1squet\" \/>\n<meta property=\"og:description\" content=\"Con 19 de Walter Gigena, Alem derrot\u00f3 a Argentino 77 a 70 y se adelant\u00f3 2-0\" \/>\n<meta property=\"og:url\" content=\"https:\/\/gentedebasquet.com.ar\/sitio\/2014\/11\/03\/el-gen-verdirrojo\/\" \/>\n<meta property=\"og:site_name\" content=\"Gente de B\u00e1squet\" \/>\n<meta property=\"article:published_time\" content=\"2014-11-04T02:42:50+00:00\" \/>\n<meta property=\"og:image\" content=\"https:\/\/gentedebasquet.com.ar\/sitio\/wp-content\/uploads\/2014\/11\/Etchepare.jpg\" \/>\n\t<meta property=\"og:image:width\" content=\"690\" \/>\n\t<meta property=\"og:image:height\" content=\"319\" \/>\n\t<meta property=\"og:image:type\" content=\"image\/jpeg\" \/>\n<meta name=\"author\" content=\"Gente de B\u00e1squet\" \/>\n<meta name=\"twitter:card\" content=\"summary_large_image\" \/>\n<meta name=\"twitter:label1\" content=\"Escrito por\" \/>\n\t<meta name=\"twitter:data1\" content=\"Gente de B\u00e1squet\" \/>\n\t<meta name=\"twitter:label2\" content=\"Tiempo de lectura\" \/>\n\t<meta name=\"twitter:data2\" content=\"3 minutos\" \/>\n<script type=\"application\/ld+json\" class=\"yoast-schema-graph\">{\"@context\":\"https:\\\/\\\/schema.org\",\"@graph\":[{\"@type\":\"Article\",\"@id\":\"https:\\\/\\\/gentedebasquet.com.ar\\\/sitio\\\/2014\\\/11\\\/03\\\/el-gen-verdirrojo\\\/#article\",\"isPartOf\":{\"@id\":\"https:\\\/\\\/gentedebasquet.com.ar\\\/sitio\\\/2014\\\/11\\\/03\\\/el-gen-verdirrojo\\\/\"},\"author\":{\"name\":\"Gente de B\u00e1squet\",\"@id\":\"https:\\\/\\\/gentedebasquet.com.ar\\\/sitio\\\/#\\\/schema\\\/person\\\/ca0b63bbb977369988a7bbbdc519943a\"},\"headline\":\"El Gen verdirrojo\",\"datePublished\":\"2014-11-04T02:42:50+00:00\",\"mainEntityOfPage\":{\"@id\":\"https:\\\/\\\/gentedebasquet.com.ar\\\/sitio\\\/2014\\\/11\\\/03\\\/el-gen-verdirrojo\\\/\"},\"wordCount\":534,\"image\":{\"@id\":\"https:\\\/\\\/gentedebasquet.com.ar\\\/sitio\\\/2014\\\/11\\\/03\\\/el-gen-verdirrojo\\\/#primaryimage\"},\"thumbnailUrl\":\"https:\\\/\\\/gentedebasquet.com.ar\\\/sitio\\\/wp-content\\\/uploads\\\/2014\\\/11\\\/Etchepare.jpg\",\"keywords\":[\"Alem\",\"Argentino\",\"Walter Gigena\"],\"articleSection\":[\"Segunda\",\"Slide\"],\"inLanguage\":\"es\"},{\"@type\":\"WebPage\",\"@id\":\"https:\\\/\\\/gentedebasquet.com.ar\\\/sitio\\\/2014\\\/11\\\/03\\\/el-gen-verdirrojo\\\/\",\"url\":\"https:\\\/\\\/gentedebasquet.com.ar\\\/sitio\\\/2014\\\/11\\\/03\\\/el-gen-verdirrojo\\\/\",\"name\":\"El Gen verdirrojo - Gente de B\u00e1squet\",\"isPartOf\":{\"@id\":\"https:\\\/\\\/gentedebasquet.com.ar\\\/sitio\\\/#website\"},\"primaryImageOfPage\":{\"@id\":\"https:\\\/\\\/gentedebasquet.com.ar\\\/sitio\\\/2014\\\/11\\\/03\\\/el-gen-verdirrojo\\\/#primaryimage\"},\"image\":{\"@id\":\"https:\\\/\\\/gentedebasquet.com.ar\\\/sitio\\\/2014\\\/11\\\/03\\\/el-gen-verdirrojo\\\/#primaryimage\"},\"thumbnailUrl\":\"https:\\\/\\\/gentedebasquet.com.ar\\\/sitio\\\/wp-content\\\/uploads\\\/2014\\\/11\\\/Etchepare.jpg\",\"datePublished\":\"2014-11-04T02:42:50+00:00\",\"author\":{\"@id\":\"https:\\\/\\\/gentedebasquet.com.ar\\\/sitio\\\/#\\\/schema\\\/person\\\/ca0b63bbb977369988a7bbbdc519943a\"},\"breadcrumb\":{\"@id\":\"https:\\\/\\\/gentedebasquet.com.ar\\\/sitio\\\/2014\\\/11\\\/03\\\/el-gen-verdirrojo\\\/#breadcrumb\"},\"inLanguage\":\"es\",\"potentialAction\":[{\"@type\":\"ReadAction\",\"target\":[\"https:\\\/\\\/gentedebasquet.com.ar\\\/sitio\\\/2014\\\/11\\\/03\\\/el-gen-verdirrojo\\\/\"]}]},{\"@type\":\"ImageObject\",\"inLanguage\":\"es\",\"@id\":\"https:\\\/\\\/gentedebasquet.com.ar\\\/sitio\\\/2014\\\/11\\\/03\\\/el-gen-verdirrojo\\\/#primaryimage\",\"url\":\"https:\\\/\\\/gentedebasquet.com.ar\\\/sitio\\\/wp-content\\\/uploads\\\/2014\\\/11\\\/Etchepare.jpg\",\"contentUrl\":\"https:\\\/\\\/gentedebasquet.com.ar\\\/sitio\\\/wp-content\\\/uploads\\\/2014\\\/11\\\/Etchepare.jpg\",\"width\":690,\"height\":319},{\"@type\":\"BreadcrumbList\",\"@id\":\"https:\\\/\\\/gentedebasquet.com.ar\\\/sitio\\\/2014\\\/11\\\/03\\\/el-gen-verdirrojo\\\/#breadcrumb\",\"itemListElement\":[{\"@type\":\"ListItem\",\"position\":1,\"name\":\"Portada\",\"item\":\"https:\\\/\\\/gentedebasquet.com.ar\\\/sitio\\\/\"},{\"@type\":\"ListItem\",\"position\":2,\"name\":\"El Gen verdirrojo\"}]},{\"@type\":\"WebSite\",\"@id\":\"https:\\\/\\\/gentedebasquet.com.ar\\\/sitio\\\/#website\",\"url\":\"https:\\\/\\\/gentedebasquet.com.ar\\\/sitio\\\/\",\"name\":\"Gente de B\u00e1squet\",\"description\":\"La revista del basquet de Bah\u00eda Blanca\",\"potentialAction\":[{\"@type\":\"SearchAction\",\"target\":{\"@type\":\"EntryPoint\",\"urlTemplate\":\"https:\\\/\\\/gentedebasquet.com.ar\\\/sitio\\\/?s={search_term_string}\"},\"query-input\":{\"@type\":\"PropertyValueSpecification\",\"valueRequired\":true,\"valueName\":\"search_term_string\"}}],\"inLanguage\":\"es\"},{\"@type\":\"Person\",\"@id\":\"https:\\\/\\\/gentedebasquet.com.ar\\\/sitio\\\/#\\\/schema\\\/person\\\/ca0b63bbb977369988a7bbbdc519943a\",\"name\":\"Gente de B\u00e1squet\",\"image\":{\"@type\":\"ImageObject\",\"inLanguage\":\"es\",\"@id\":\"https:\\\/\\\/secure.gravatar.com\\\/avatar\\\/7f2c48bdc33b30088f941fb6082e555f2874c98e20cb159d7b92b50eadfce793?s=96&d=mm&r=g\",\"url\":\"https:\\\/\\\/secure.gravatar.com\\\/avatar\\\/7f2c48bdc33b30088f941fb6082e555f2874c98e20cb159d7b92b50eadfce793?s=96&d=mm&r=g\",\"contentUrl\":\"https:\\\/\\\/secure.gravatar.com\\\/avatar\\\/7f2c48bdc33b30088f941fb6082e555f2874c98e20cb159d7b92b50eadfce793?s=96&d=mm&r=g\",\"caption\":\"Gente de B\u00e1squet\"},\"sameAs\":[\"http:\\\/\\\/gentedebasquet.com.ar\\\/sitio\"],\"url\":\"https:\\\/\\\/gentedebasquet.com.ar\\\/sitio\\\/author\\\/ulises\\\/\"}]}<\/script>\n<!-- \/ Yoast SEO plugin. -->","yoast_head_json":{"title":"El Gen verdirrojo - Gente de B\u00e1squet","robots":{"index":"index","follow":"follow","max-snippet":"max-snippet:-1","max-image-preview":"max-image-preview:large","max-video-preview":"max-video-preview:-1"},"canonical":"https:\/\/gentedebasquet.com.ar\/sitio\/2014\/11\/03\/el-gen-verdirrojo\/","og_locale":"es_ES","og_type":"article","og_title":"El Gen verdirrojo - Gente de B\u00e1squet","og_description":"Con 19 de Walter Gigena, Alem derrot\u00f3 a Argentino 77 a 70 y se adelant\u00f3 2-0","og_url":"https:\/\/gentedebasquet.com.ar\/sitio\/2014\/11\/03\/el-gen-verdirrojo\/","og_site_name":"Gente de B\u00e1squet","article_published_time":"2014-11-04T02:42:50+00:00","og_image":[{"width":690,"height":319,"url":"https:\/\/gentedebasquet.com.ar\/sitio\/wp-content\/uploads\/2014\/11\/Etchepare.jpg","type":"image\/jpeg"}],"author":"Gente de B\u00e1squet","twitter_card":"summary_large_image","twitter_misc":{"Escrito por":"Gente de B\u00e1squet","Tiempo de lectura":"3 minutos"},"schema":{"@context":"https:\/\/schema.org","@graph":[{"@type":"Article","@id":"https:\/\/gentedebasquet.com.ar\/sitio\/2014\/11\/03\/el-gen-verdirrojo\/#article","isPartOf":{"@id":"https:\/\/gentedebasquet.com.ar\/sitio\/2014\/11\/03\/el-gen-verdirrojo\/"},"author":{"name":"Gente de B\u00e1squet","@id":"https:\/\/gentedebasquet.com.ar\/sitio\/#\/schema\/person\/ca0b63bbb977369988a7bbbdc519943a"},"headline":"El Gen verdirrojo","datePublished":"2014-11-04T02:42:50+00:00","mainEntityOfPage":{"@id":"https:\/\/gentedebasquet.com.ar\/sitio\/2014\/11\/03\/el-gen-verdirrojo\/"},"wordCount":534,"image":{"@id":"https:\/\/gentedebasquet.com.ar\/sitio\/2014\/11\/03\/el-gen-verdirrojo\/#primaryimage"},"thumbnailUrl":"https:\/\/gentedebasquet.com.ar\/sitio\/wp-content\/uploads\/2014\/11\/Etchepare.jpg","keywords":["Alem","Argentino","Walter Gigena"],"articleSection":["Segunda","Slide"],"inLanguage":"es"},{"@type":"WebPage","@id":"https:\/\/gentedebasquet.com.ar\/sitio\/2014\/11\/03\/el-gen-verdirrojo\/","url":"https:\/\/gentedebasquet.com.ar\/sitio\/2014\/11\/03\/el-gen-verdirrojo\/","name":"El Gen verdirrojo - Gente de B\u00e1squet","isPartOf":{"@id":"https:\/\/gentedebasquet.com.ar\/sitio\/#website"},"primaryImageOfPage":{"@id":"https:\/\/gentedebasquet.com.ar\/sitio\/2014\/11\/03\/el-gen-verdirrojo\/#primaryimage"},"image":{"@id":"https:\/\/gentedebasquet.com.ar\/sitio\/2014\/11\/03\/el-gen-verdirrojo\/#primaryimage"},"thumbnailUrl":"https:\/\/gentedebasquet.com.ar\/sitio\/wp-content\/uploads\/2014\/11\/Etchepare.jpg","datePublished":"2014-11-04T02:42:50+00:00","author":{"@id":"https:\/\/gentedebasquet.com.ar\/sitio\/#\/schema\/person\/ca0b63bbb977369988a7bbbdc519943a"},"breadcrumb":{"@id":"https:\/\/gentedebasquet.com.ar\/sitio\/2014\/11\/03\/el-gen-verdirrojo\/#breadcrumb"},"inLanguage":"es","potentialAction":[{"@type":"ReadAction","target":["https:\/\/gentedebasquet.com.ar\/sitio\/2014\/11\/03\/el-gen-verdirrojo\/"]}]},{"@type":"ImageObject","inLanguage":"es","@id":"https:\/\/gentedebasquet.com.ar\/sitio\/2014\/11\/03\/el-gen-verdirrojo\/#primaryimage","url":"https:\/\/gentedebasquet.com.ar\/sitio\/wp-content\/uploads\/2014\/11\/Etchepare.jpg","contentUrl":"https:\/\/gentedebasquet.com.ar\/sitio\/wp-content\/uploads\/2014\/11\/Etchepare.jpg","width":690,"height":319},{"@type":"BreadcrumbList","@id":"https:\/\/gentedebasquet.com.ar\/sitio\/2014\/11\/03\/el-gen-verdirrojo\/#breadcrumb","itemListElement":[{"@type":"ListItem","position":1,"name":"Portada","item":"https:\/\/gentedebasquet.com.ar\/sitio\/"},{"@type":"ListItem","position":2,"name":"El Gen verdirrojo"}]},{"@type":"WebSite","@id":"https:\/\/gentedebasquet.com.ar\/sitio\/#website","url":"https:\/\/gentedebasquet.com.ar\/sitio\/","name":"Gente de B\u00e1squet","description":"La revista del basquet de Bah\u00eda Blanca","potentialAction":[{"@type":"SearchAction","target":{"@type":"EntryPoint","urlTemplate":"https:\/\/gentedebasquet.com.ar\/sitio\/?s={search_term_string}"},"query-input":{"@type":"PropertyValueSpecification","valueRequired":true,"valueName":"search_term_string"}}],"inLanguage":"es"},{"@type":"Person","@id":"https:\/\/gentedebasquet.com.ar\/sitio\/#\/schema\/person\/ca0b63bbb977369988a7bbbdc519943a","name":"Gente de B\u00e1squet","image":{"@type":"ImageObject","inLanguage":"es","@id":"https:\/\/secure.gravatar.com\/avatar\/7f2c48bdc33b30088f941fb6082e555f2874c98e20cb159d7b92b50eadfce793?s=96&d=mm&r=g","url":"https:\/\/secure.gravatar.com\/avatar\/7f2c48bdc33b30088f941fb6082e555f2874c98e20cb159d7b92b50eadfce793?s=96&d=mm&r=g","contentUrl":"https:\/\/secure.gravatar.com\/avatar\/7f2c48bdc33b30088f941fb6082e555f2874c98e20cb159d7b92b50eadfce793?s=96&d=mm&r=g","caption":"Gente de B\u00e1squet"},"sameAs":["http:\/\/gentedebasquet.com.ar\/sitio"],"url":"https:\/\/gentedebasquet.com.ar\/sitio\/author\/ulises\/"}]}},"_links":{"self":[{"href":"https:\/\/gentedebasquet.com.ar\/sitio\/wp-json\/wp\/v2\/posts\/40121","targetHints":{"allow":["GET"]}}],"collection":[{"href":"https:\/\/gentedebasquet.com.ar\/sitio\/wp-json\/wp\/v2\/posts"}],"about":[{"href":"https:\/\/gentedebasquet.com.ar\/sitio\/wp-json\/wp\/v2\/types\/post"}],"author":[{"embeddable":true,"href":"https:\/\/gentedebasquet.com.ar\/sitio\/wp-json\/wp\/v2\/users\/1"}],"replies":[{"embeddable":true,"href":"https:\/\/gentedebasquet.com.ar\/sitio\/wp-json\/wp\/v2\/comments?post=40121"}],"version-history":[{"count":0,"href":"https:\/\/gentedebasquet.com.ar\/sitio\/wp-json\/wp\/v2\/posts\/40121\/revisions"}],"wp:featuredmedia":[{"embeddable":true,"href":"https:\/\/gentedebasquet.com.ar\/sitio\/wp-json\/wp\/v2\/media\/40122"}],"wp:attachment":[{"href":"https:\/\/gentedebasquet.com.ar\/sitio\/wp-json\/wp\/v2\/media?parent=40121"}],"wp:term":[{"taxonomy":"category","embeddable":true,"href":"https:\/\/gentedebasquet.com.ar\/sitio\/wp-json\/wp\/v2\/categories?post=40121"},{"taxonomy":"post_tag","embeddable":true,"href":"https:\/\/gentedebasquet.com.ar\/sitio\/wp-json\/wp\/v2\/tags?post=40121"}],"curies":[{"name":"wp","href":"https:\/\/api.w.org\/{rel}","templated":true}]}}