{"id":40257,"date":"2014-11-08T10:35:00","date_gmt":"2014-11-08T13:35:00","guid":{"rendered":"http:\/\/www.gentedebasquet.com.ar\/?p=40257"},"modified":"2014-11-08T10:35:00","modified_gmt":"2014-11-08T13:35:00","slug":"barracas-no-se-rinde","status":"publish","type":"post","link":"https:\/\/gentedebasquet.com.ar\/sitio\/2014\/11\/08\/barracas-no-se-rinde\/","title":{"rendered":"Barracas no se rinde"},"content":{"rendered":"<p><strong>Sufriendo hasta la \u00faltima pelota, pero con personalidad para salir adelante tras estar 0-2 en la serie, Barracas Central contin\u00faa con vida. Derrot\u00f3 en su estadio a Los Andes, por 65 a 64, descont\u00f3 en la semifinales de Segunda (1-2) y enfrentar\u00e1 al elenco puntaltense, el pr\u00f3ximo martes en cancha de Pac\u00edfico, con el regreso de Dami\u00e1n Carci. Federico Harina (19) anot\u00f3 el \u00faltimo triple del partido; luego, Gast\u00f3n Chaves (13) pudo darle el pase a Losa, cuando lanz\u00f3, forzado, para ganar el juego. Dalmiro Lella (22) fue el m\u00e1ximo anotador del partido.<\/strong><\/p>\n<p>Apostando a un equipo m\u00e1s bajo y \u00e1gil, y recost\u00e1ndose en zona, Barracas Central se puso al frente en el arranque del partido. Dos triples (Montanaro y Harina), sumado a una jugada de doble y falta de Almir\u00f3n, de interesante aporte, le dieorn ventaja de 7 (15-8) a 2m16 del cierre del 1\u00baC. Los Andes no encontraba buena circulaci\u00f3n de la bola y terminaba tirando desde 6.75 metros, pero con bajos porcentajes (1\/7).<\/p>\n<p>Con Santill\u00e1n encontrando espacios en la pintura y dos libres de Harina, el local logr\u00f3 9 de luz (19-10) en el inicio del 2\u00baC. No obstante, el elenco puntaltense afin\u00f3 su punter\u00eda a distancia, mejor\u00f3 los porcentajes (4\/10) y con los ingresos de Gonc\u00e1lvez y Mauricio Gonz\u00e1lez, logr\u00f3 soltar a Lella y Agalupe. Dos triples consecutivos (Luppino y Agalupe) lo pusieron definitivamente en partido, antes del descanso largo.<\/p>\n<p>Todo lo que amenaz\u00f3 en la primera mitad, Los Andes lo concret\u00f3 en los primeros 2m32 del complemento. Con dos bombas de Lella y una bandeja de Chaves, sell\u00f3 un parcial de 8-0 que lo puso al frente 29-32. El local reaccion\u00f3 d ela mano de Trellini y con un buen pasaje de Santiago Marcos, hasta que se arm\u00f3 un partidazo, por nervios y tensi\u00f3n en el ambiente. Si bien Los Andes fall\u00f3 mucho en la l\u00ednea de libres, se mantuvo en base a la captura de rebotes ofensivos (totaliz\u00f3 16).<\/p>\n<p><span style=\"font-size: 14px; line-height: 1.5em;\">El juego se emparej\u00f3 definitivamente, hasta que Almir\u00f3n y Santill\u00e1n, yendo para adentro, pusieron al local arriba 59-55 a 3m23. Pero una bomba de Agalupe y Lella, en flotadora, depositaron a Los Andes al frente (62-64) a 34s del cierre.\u00a0<\/span>Harina quem\u00f3 la red desde 8 metros (22s), Almir\u00f3n la recuper\u00f3 y el propio Harina fue a la l\u00ednea con 4s, pero fall\u00f3 ambos (65-64). Por eso, el visitante sali\u00f3 de contra ataque y Gast\u00f3n Chaves (3-10 t3) alcanz\u00f3 a tirar, aunque fall\u00f3 su intento con valor triple que le pudo dar la victoria y la clasificaci\u00f3n.<\/p>\n<p>&nbsp;<\/p>\n<h6>Instantes finales del juego y gresca post partido<\/h6>\n<p>[vimeo]http:\/\/vimeo.com\/111267594[\/vimeo]<\/p>\n<p>&nbsp;<\/p>\n<p><span style=\"text-decoration: underline;\"><em><strong>S\u00edntesis:<\/strong><\/em><\/span><\/p>\n<p><strong>Barracas Central\u00a065:\u00a0<\/strong>Federico Harina 19,\u00a0Mariano Trellini 10,\u00a0Andr\u00e9s Almir\u00f3n 12,\u00a0Mauro Montanaro 6,\u00a0Mauro Santill\u00e1n 10 (FI);\u00a0Andr\u00e9s Mond\u00f3n 4,\u00a0Santiago Marco 4 y\u00a0Juli\u00e1n Serrano o. DT:\u00a0Juan Sergio Palumbo.<\/p>\n<p><strong>Los Andes 64:<\/strong> Dalmiro\u00a0Lella 22,\u00a0Gast\u00f3n Chaves 13,\u00a0Nicol\u00e1s Themtham 8,\u00a0Guido Canella 2,\u00a0Daniel Agalupe 12 (FI);\u00a0Jerem\u00edas Gonc\u00e1lvez 0,\u00a0Mauricio Gonz\u00e1lez 4 e\u00a0Ignacio Luppino 3.\u00a0DT: Leandro Carbonell.<\/p>\n<p><strong>Parciales:\u00a0<\/strong>15-10, 27-24 (12-14), 44-43 (17-19) y 65-64 (21-21).<\/p>\n<p><strong>\u00c1rbitros:<\/strong>\u00a0Jorge Scheffer &#8211; Sebasti\u00e1n Arcas &#8211; Mauro Reyes.<\/p>\n<p><strong><span style=\"font-size: 14px; line-height: 1.5em;\">Estadio:\u00a0<\/span><\/strong>El Bosque.<\/p>\n<p><strong>Serie:<\/strong> Los Andes, 2-1.<\/p>\n<p><a class=\"modalf iframe\" title=\"Planilla\" href=\"https:\/\/docs.google.com\/spreadsheets\/d\/1vZ8rcCv1vK-HlbqrzllIt9MG637jfck7tNikBxDI-QI\/pubhtml\" target=\"_blank\" rel=\"noopener\">Ver Planilla<\/a><\/p>\n","protected":false},"excerpt":{"rendered":"<p>Venci\u00f3 a Los Andes por 65 a 64 y descont\u00f3 en las semifinales de Segunda (1-2)<\/p>\n","protected":false},"author":1,"featured_media":40256,"comment_status":"closed","ping_status":"open","sticky":false,"template":"","format":"standard","meta":{"jnews-multi-image_gallery":[],"jnews_single_post":[],"jnews_primary_category":[],"footnotes":""},"categories":[25,101],"tags":[978,6,151,209,152],"class_list":["post-40257","post","type-post","status-publish","format-standard","has-post-thumbnail","hentry","category-segunda","category-slide","tag-andres-almiron","tag-barracas-central","tag-dalmiro-lella","tag-federico-harina","tag-los-andes"],"yoast_head":"<!-- This site is optimized with the Yoast SEO plugin v27.4 - https:\/\/yoast.com\/product\/yoast-seo-wordpress\/ -->\n<title>Barracas no se rinde - Gente de B\u00e1squet<\/title>\n<meta name=\"robots\" content=\"index, follow, max-snippet:-1, max-image-preview:large, max-video-preview:-1\" \/>\n<link rel=\"canonical\" href=\"https:\/\/gentedebasquet.com.ar\/sitio\/2014\/11\/08\/barracas-no-se-rinde\/\" \/>\n<meta property=\"og:locale\" content=\"es_ES\" \/>\n<meta property=\"og:type\" content=\"article\" \/>\n<meta property=\"og:title\" content=\"Barracas no se rinde - Gente de B\u00e1squet\" \/>\n<meta property=\"og:description\" content=\"Venci\u00f3 a Los Andes por 65 a 64 y descont\u00f3 en las semifinales de Segunda (1-2)\" \/>\n<meta property=\"og:url\" content=\"https:\/\/gentedebasquet.com.ar\/sitio\/2014\/11\/08\/barracas-no-se-rinde\/\" \/>\n<meta property=\"og:site_name\" content=\"Gente de B\u00e1squet\" \/>\n<meta property=\"article:published_time\" content=\"2014-11-08T13:35:00+00:00\" \/>\n<meta property=\"og:image\" content=\"https:\/\/gentedebasquet.com.ar\/sitio\/wp-content\/uploads\/2014\/11\/Barracas-Los-Andes.jpg\" \/>\n\t<meta property=\"og:image:width\" content=\"690\" \/>\n\t<meta property=\"og:image:height\" content=\"319\" \/>\n\t<meta property=\"og:image:type\" content=\"image\/jpeg\" \/>\n<meta name=\"author\" content=\"Gente de B\u00e1squet\" \/>\n<meta name=\"twitter:card\" content=\"summary_large_image\" \/>\n<meta name=\"twitter:label1\" content=\"Escrito por\" \/>\n\t<meta name=\"twitter:data1\" content=\"Gente de B\u00e1squet\" \/>\n\t<meta name=\"twitter:label2\" content=\"Tiempo de lectura\" \/>\n\t<meta name=\"twitter:data2\" content=\"3 minutos\" \/>\n<script type=\"application\/ld+json\" class=\"yoast-schema-graph\">{\"@context\":\"https:\\\/\\\/schema.org\",\"@graph\":[{\"@type\":\"Article\",\"@id\":\"https:\\\/\\\/gentedebasquet.com.ar\\\/sitio\\\/2014\\\/11\\\/08\\\/barracas-no-se-rinde\\\/#article\",\"isPartOf\":{\"@id\":\"https:\\\/\\\/gentedebasquet.com.ar\\\/sitio\\\/2014\\\/11\\\/08\\\/barracas-no-se-rinde\\\/\"},\"author\":{\"name\":\"Gente de B\u00e1squet\",\"@id\":\"http:\\\/\\\/gentedebasquet.com.ar\\\/sitio\\\/#\\\/schema\\\/person\\\/ca0b63bbb977369988a7bbbdc519943a\"},\"headline\":\"Barracas no se rinde\",\"datePublished\":\"2014-11-08T13:35:00+00:00\",\"mainEntityOfPage\":{\"@id\":\"https:\\\/\\\/gentedebasquet.com.ar\\\/sitio\\\/2014\\\/11\\\/08\\\/barracas-no-se-rinde\\\/\"},\"wordCount\":540,\"image\":{\"@id\":\"https:\\\/\\\/gentedebasquet.com.ar\\\/sitio\\\/2014\\\/11\\\/08\\\/barracas-no-se-rinde\\\/#primaryimage\"},\"thumbnailUrl\":\"https:\\\/\\\/gentedebasquet.com.ar\\\/sitio\\\/wp-content\\\/uploads\\\/2014\\\/11\\\/Barracas-Los-Andes.jpg\",\"keywords\":[\"Andr\u00e9s Almir\u00f3n\",\"Barracas Central\",\"Dalmiro Lella\",\"Federico Harina\",\"Los Andes\"],\"articleSection\":[\"Segunda\",\"Slide\"],\"inLanguage\":\"es\"},{\"@type\":\"WebPage\",\"@id\":\"https:\\\/\\\/gentedebasquet.com.ar\\\/sitio\\\/2014\\\/11\\\/08\\\/barracas-no-se-rinde\\\/\",\"url\":\"https:\\\/\\\/gentedebasquet.com.ar\\\/sitio\\\/2014\\\/11\\\/08\\\/barracas-no-se-rinde\\\/\",\"name\":\"Barracas no se rinde - Gente de B\u00e1squet\",\"isPartOf\":{\"@id\":\"http:\\\/\\\/gentedebasquet.com.ar\\\/sitio\\\/#website\"},\"primaryImageOfPage\":{\"@id\":\"https:\\\/\\\/gentedebasquet.com.ar\\\/sitio\\\/2014\\\/11\\\/08\\\/barracas-no-se-rinde\\\/#primaryimage\"},\"image\":{\"@id\":\"https:\\\/\\\/gentedebasquet.com.ar\\\/sitio\\\/2014\\\/11\\\/08\\\/barracas-no-se-rinde\\\/#primaryimage\"},\"thumbnailUrl\":\"https:\\\/\\\/gentedebasquet.com.ar\\\/sitio\\\/wp-content\\\/uploads\\\/2014\\\/11\\\/Barracas-Los-Andes.jpg\",\"datePublished\":\"2014-11-08T13:35:00+00:00\",\"author\":{\"@id\":\"http:\\\/\\\/gentedebasquet.com.ar\\\/sitio\\\/#\\\/schema\\\/person\\\/ca0b63bbb977369988a7bbbdc519943a\"},\"breadcrumb\":{\"@id\":\"https:\\\/\\\/gentedebasquet.com.ar\\\/sitio\\\/2014\\\/11\\\/08\\\/barracas-no-se-rinde\\\/#breadcrumb\"},\"inLanguage\":\"es\",\"potentialAction\":[{\"@type\":\"ReadAction\",\"target\":[\"https:\\\/\\\/gentedebasquet.com.ar\\\/sitio\\\/2014\\\/11\\\/08\\\/barracas-no-se-rinde\\\/\"]}]},{\"@type\":\"ImageObject\",\"inLanguage\":\"es\",\"@id\":\"https:\\\/\\\/gentedebasquet.com.ar\\\/sitio\\\/2014\\\/11\\\/08\\\/barracas-no-se-rinde\\\/#primaryimage\",\"url\":\"https:\\\/\\\/gentedebasquet.com.ar\\\/sitio\\\/wp-content\\\/uploads\\\/2014\\\/11\\\/Barracas-Los-Andes.jpg\",\"contentUrl\":\"https:\\\/\\\/gentedebasquet.com.ar\\\/sitio\\\/wp-content\\\/uploads\\\/2014\\\/11\\\/Barracas-Los-Andes.jpg\",\"width\":690,\"height\":319},{\"@type\":\"BreadcrumbList\",\"@id\":\"https:\\\/\\\/gentedebasquet.com.ar\\\/sitio\\\/2014\\\/11\\\/08\\\/barracas-no-se-rinde\\\/#breadcrumb\",\"itemListElement\":[{\"@type\":\"ListItem\",\"position\":1,\"name\":\"Portada\",\"item\":\"http:\\\/\\\/gentedebasquet.com.ar\\\/sitio\\\/\"},{\"@type\":\"ListItem\",\"position\":2,\"name\":\"Barracas no se rinde\"}]},{\"@type\":\"WebSite\",\"@id\":\"http:\\\/\\\/gentedebasquet.com.ar\\\/sitio\\\/#website\",\"url\":\"http:\\\/\\\/gentedebasquet.com.ar\\\/sitio\\\/\",\"name\":\"Gente de B\u00e1squet\",\"description\":\"La revista del basquet de Bah\u00eda Blanca\",\"potentialAction\":[{\"@type\":\"SearchAction\",\"target\":{\"@type\":\"EntryPoint\",\"urlTemplate\":\"http:\\\/\\\/gentedebasquet.com.ar\\\/sitio\\\/?s={search_term_string}\"},\"query-input\":{\"@type\":\"PropertyValueSpecification\",\"valueRequired\":true,\"valueName\":\"search_term_string\"}}],\"inLanguage\":\"es\"},{\"@type\":\"Person\",\"@id\":\"http:\\\/\\\/gentedebasquet.com.ar\\\/sitio\\\/#\\\/schema\\\/person\\\/ca0b63bbb977369988a7bbbdc519943a\",\"name\":\"Gente de B\u00e1squet\",\"image\":{\"@type\":\"ImageObject\",\"inLanguage\":\"es\",\"@id\":\"https:\\\/\\\/secure.gravatar.com\\\/avatar\\\/7f2c48bdc33b30088f941fb6082e555f2874c98e20cb159d7b92b50eadfce793?s=96&d=mm&r=g\",\"url\":\"https:\\\/\\\/secure.gravatar.com\\\/avatar\\\/7f2c48bdc33b30088f941fb6082e555f2874c98e20cb159d7b92b50eadfce793?s=96&d=mm&r=g\",\"contentUrl\":\"https:\\\/\\\/secure.gravatar.com\\\/avatar\\\/7f2c48bdc33b30088f941fb6082e555f2874c98e20cb159d7b92b50eadfce793?s=96&d=mm&r=g\",\"caption\":\"Gente de B\u00e1squet\"},\"sameAs\":[\"http:\\\/\\\/gentedebasquet.com.ar\\\/sitio\"],\"url\":\"https:\\\/\\\/gentedebasquet.com.ar\\\/sitio\\\/author\\\/ulises\\\/\"}]}<\/script>\n<!-- \/ Yoast SEO plugin. -->","yoast_head_json":{"title":"Barracas no se rinde - Gente de B\u00e1squet","robots":{"index":"index","follow":"follow","max-snippet":"max-snippet:-1","max-image-preview":"max-image-preview:large","max-video-preview":"max-video-preview:-1"},"canonical":"https:\/\/gentedebasquet.com.ar\/sitio\/2014\/11\/08\/barracas-no-se-rinde\/","og_locale":"es_ES","og_type":"article","og_title":"Barracas no se rinde - Gente de B\u00e1squet","og_description":"Venci\u00f3 a Los Andes por 65 a 64 y descont\u00f3 en las semifinales de Segunda (1-2)","og_url":"https:\/\/gentedebasquet.com.ar\/sitio\/2014\/11\/08\/barracas-no-se-rinde\/","og_site_name":"Gente de B\u00e1squet","article_published_time":"2014-11-08T13:35:00+00:00","og_image":[{"width":690,"height":319,"url":"https:\/\/gentedebasquet.com.ar\/sitio\/wp-content\/uploads\/2014\/11\/Barracas-Los-Andes.jpg","type":"image\/jpeg"}],"author":"Gente de B\u00e1squet","twitter_card":"summary_large_image","twitter_misc":{"Escrito por":"Gente de B\u00e1squet","Tiempo de lectura":"3 minutos"},"schema":{"@context":"https:\/\/schema.org","@graph":[{"@type":"Article","@id":"https:\/\/gentedebasquet.com.ar\/sitio\/2014\/11\/08\/barracas-no-se-rinde\/#article","isPartOf":{"@id":"https:\/\/gentedebasquet.com.ar\/sitio\/2014\/11\/08\/barracas-no-se-rinde\/"},"author":{"name":"Gente de B\u00e1squet","@id":"http:\/\/gentedebasquet.com.ar\/sitio\/#\/schema\/person\/ca0b63bbb977369988a7bbbdc519943a"},"headline":"Barracas no se rinde","datePublished":"2014-11-08T13:35:00+00:00","mainEntityOfPage":{"@id":"https:\/\/gentedebasquet.com.ar\/sitio\/2014\/11\/08\/barracas-no-se-rinde\/"},"wordCount":540,"image":{"@id":"https:\/\/gentedebasquet.com.ar\/sitio\/2014\/11\/08\/barracas-no-se-rinde\/#primaryimage"},"thumbnailUrl":"https:\/\/gentedebasquet.com.ar\/sitio\/wp-content\/uploads\/2014\/11\/Barracas-Los-Andes.jpg","keywords":["Andr\u00e9s Almir\u00f3n","Barracas Central","Dalmiro Lella","Federico Harina","Los Andes"],"articleSection":["Segunda","Slide"],"inLanguage":"es"},{"@type":"WebPage","@id":"https:\/\/gentedebasquet.com.ar\/sitio\/2014\/11\/08\/barracas-no-se-rinde\/","url":"https:\/\/gentedebasquet.com.ar\/sitio\/2014\/11\/08\/barracas-no-se-rinde\/","name":"Barracas no se rinde - Gente de B\u00e1squet","isPartOf":{"@id":"http:\/\/gentedebasquet.com.ar\/sitio\/#website"},"primaryImageOfPage":{"@id":"https:\/\/gentedebasquet.com.ar\/sitio\/2014\/11\/08\/barracas-no-se-rinde\/#primaryimage"},"image":{"@id":"https:\/\/gentedebasquet.com.ar\/sitio\/2014\/11\/08\/barracas-no-se-rinde\/#primaryimage"},"thumbnailUrl":"https:\/\/gentedebasquet.com.ar\/sitio\/wp-content\/uploads\/2014\/11\/Barracas-Los-Andes.jpg","datePublished":"2014-11-08T13:35:00+00:00","author":{"@id":"http:\/\/gentedebasquet.com.ar\/sitio\/#\/schema\/person\/ca0b63bbb977369988a7bbbdc519943a"},"breadcrumb":{"@id":"https:\/\/gentedebasquet.com.ar\/sitio\/2014\/11\/08\/barracas-no-se-rinde\/#breadcrumb"},"inLanguage":"es","potentialAction":[{"@type":"ReadAction","target":["https:\/\/gentedebasquet.com.ar\/sitio\/2014\/11\/08\/barracas-no-se-rinde\/"]}]},{"@type":"ImageObject","inLanguage":"es","@id":"https:\/\/gentedebasquet.com.ar\/sitio\/2014\/11\/08\/barracas-no-se-rinde\/#primaryimage","url":"https:\/\/gentedebasquet.com.ar\/sitio\/wp-content\/uploads\/2014\/11\/Barracas-Los-Andes.jpg","contentUrl":"https:\/\/gentedebasquet.com.ar\/sitio\/wp-content\/uploads\/2014\/11\/Barracas-Los-Andes.jpg","width":690,"height":319},{"@type":"BreadcrumbList","@id":"https:\/\/gentedebasquet.com.ar\/sitio\/2014\/11\/08\/barracas-no-se-rinde\/#breadcrumb","itemListElement":[{"@type":"ListItem","position":1,"name":"Portada","item":"http:\/\/gentedebasquet.com.ar\/sitio\/"},{"@type":"ListItem","position":2,"name":"Barracas no se rinde"}]},{"@type":"WebSite","@id":"http:\/\/gentedebasquet.com.ar\/sitio\/#website","url":"http:\/\/gentedebasquet.com.ar\/sitio\/","name":"Gente de B\u00e1squet","description":"La revista del basquet de Bah\u00eda Blanca","potentialAction":[{"@type":"SearchAction","target":{"@type":"EntryPoint","urlTemplate":"http:\/\/gentedebasquet.com.ar\/sitio\/?s={search_term_string}"},"query-input":{"@type":"PropertyValueSpecification","valueRequired":true,"valueName":"search_term_string"}}],"inLanguage":"es"},{"@type":"Person","@id":"http:\/\/gentedebasquet.com.ar\/sitio\/#\/schema\/person\/ca0b63bbb977369988a7bbbdc519943a","name":"Gente de B\u00e1squet","image":{"@type":"ImageObject","inLanguage":"es","@id":"https:\/\/secure.gravatar.com\/avatar\/7f2c48bdc33b30088f941fb6082e555f2874c98e20cb159d7b92b50eadfce793?s=96&d=mm&r=g","url":"https:\/\/secure.gravatar.com\/avatar\/7f2c48bdc33b30088f941fb6082e555f2874c98e20cb159d7b92b50eadfce793?s=96&d=mm&r=g","contentUrl":"https:\/\/secure.gravatar.com\/avatar\/7f2c48bdc33b30088f941fb6082e555f2874c98e20cb159d7b92b50eadfce793?s=96&d=mm&r=g","caption":"Gente de B\u00e1squet"},"sameAs":["http:\/\/gentedebasquet.com.ar\/sitio"],"url":"https:\/\/gentedebasquet.com.ar\/sitio\/author\/ulises\/"}]}},"_links":{"self":[{"href":"https:\/\/gentedebasquet.com.ar\/sitio\/wp-json\/wp\/v2\/posts\/40257","targetHints":{"allow":["GET"]}}],"collection":[{"href":"https:\/\/gentedebasquet.com.ar\/sitio\/wp-json\/wp\/v2\/posts"}],"about":[{"href":"https:\/\/gentedebasquet.com.ar\/sitio\/wp-json\/wp\/v2\/types\/post"}],"author":[{"embeddable":true,"href":"https:\/\/gentedebasquet.com.ar\/sitio\/wp-json\/wp\/v2\/users\/1"}],"replies":[{"embeddable":true,"href":"https:\/\/gentedebasquet.com.ar\/sitio\/wp-json\/wp\/v2\/comments?post=40257"}],"version-history":[{"count":0,"href":"https:\/\/gentedebasquet.com.ar\/sitio\/wp-json\/wp\/v2\/posts\/40257\/revisions"}],"wp:featuredmedia":[{"embeddable":true,"href":"https:\/\/gentedebasquet.com.ar\/sitio\/wp-json\/wp\/v2\/media\/40256"}],"wp:attachment":[{"href":"https:\/\/gentedebasquet.com.ar\/sitio\/wp-json\/wp\/v2\/media?parent=40257"}],"wp:term":[{"taxonomy":"category","embeddable":true,"href":"https:\/\/gentedebasquet.com.ar\/sitio\/wp-json\/wp\/v2\/categories?post=40257"},{"taxonomy":"post_tag","embeddable":true,"href":"https:\/\/gentedebasquet.com.ar\/sitio\/wp-json\/wp\/v2\/tags?post=40257"}],"curies":[{"name":"wp","href":"https:\/\/api.w.org\/{rel}","templated":true}]}}