{"id":40312,"date":"2014-11-09T03:41:25","date_gmt":"2014-11-09T06:41:25","guid":{"rendered":"http:\/\/www.gentedebasquet.com.ar\/?p=40312"},"modified":"2014-11-09T03:41:25","modified_gmt":"2014-11-09T06:41:25","slug":"marin-nos-sacamos-la-espina-en-casa","status":"publish","type":"post","link":"https:\/\/gentedebasquet.com.ar\/sitio\/2014\/11\/09\/marin-nos-sacamos-la-espina-en-casa\/","title":{"rendered":"\u201cNos sacamos la espina en casa\u201d"},"content":{"rendered":"<p><strong>De esa forma defini\u00f3 el base la doble local\u00eda que super\u00f3 Olimpo Basket, venciendo a P\u00e9rfora (Plaza Huincul) e Independiente (Neuqu\u00e9n) para hilvanar cinco victorias en fila y liderar la Conferencia. Ahora, el aurinegro ya piensa en su pr\u00f3ximo rival: Bahiense del Norte, el mi\u00e9rcoles en el Manu Gin\u00f3bili.<\/strong><\/p>\n<p>En Olimpo Basket hab\u00eda quedado grabada a fuego una fecha: 11 de octubre. En esa jornada, el aurinegro debut\u00f3 en el Torneo Federal de B\u00e1squetbol con derrota, en el Norberto Tom\u00e1s, ante Bahiense del Norte. Y hace unos d\u00edas fue tiempo de revancha.<\/p>\n<p>Los \u00e9xitos en casa ante P\u00e9rfora (Plaza Huincul) por 74 a 69 y frente a Independiente (Neuqu\u00e9n), 78-67, eliminaron la cuenta pendiente de triunfar como local. \u201cFue importante ganar estos dos partidos de local. Pudimos sacarnos la espina de Bahiense del Norte en casa. As\u00ed estamos m\u00e1s tranquilos y convencidos para lo que viene\u201d, coment\u00f3 Lucas Mar\u00edn.<\/p>\n<p>\u201cContra P\u00e9rfora entramos en el juego de ellos: pelear, discutir&#8230; En el primer tiempo, cuando jugamos al b\u00e1squet, hab\u00edamos logrado sacar 20 puntos y se notaba una clara diferencia. Se nos vinieron, pero no faltaba nada en el reloj y terminamos ganando\u201d, analiz\u00f3 el base, que promedia 14.6 puntos por partido, con 46% en triples.<\/p>\n<p>\u201cContra Independiente entramos dormidos. Quiz\u00e1s sentimos un poco el cansancio. Pero ellos son un equipo pesado y en el \u00faltimo cuarto se quedaron sin piernas\u201d, agreg\u00f3 Mar\u00edn, quien fue el segundo goleador del equipo en estos dos juegos (detr\u00e1s de Marcelo Piuma).<\/p>\n<p>Con esos dos festejos asegurados, Olimpo Basket se siente feliz, gozando de una racha de cinco \u00e9xitos consecutivos. \u201cNo imagin\u00e1bamos un arranque as\u00ed. Somos un equipo nuevo. Si me dec\u00edan antes que \u00edbamos a ganar cinco partidos sobre seis, firmaba. M\u00e1s jugando contra Atenas de Patagones, P\u00e9rfora, que son rivales muy dif\u00edciles\u201d, expres\u00f3 Lucas.<\/p>\n<p>\u201cHay que seguir. Si bien ganamos cinco partidos todav\u00eda quedan much\u00edsimos por jugar\u201d, a\u00f1adi\u00f3. Y claro, el pr\u00f3ximo examen est\u00e1 cerca: Bahiense del Norte, el mi\u00e9rcoles a las 21 en el Manu Gin\u00f3bili.<\/p>\n<p>Para ese juego no estar\u00e1n presentes Mauricio Vago, quien reci\u00e9n reaparecer\u00eda frente a Atenas de Patagones (23 de noviembre), ni Jervaughn Scales, quien en los \u00faltimos d\u00edas volvi\u00f3 a tener contacto con el bal\u00f3n pero se aguarda su regreso para principios de diciembre.<\/p>\n<p><iframe loading=\"lazy\" src=\"\/\/www.youtube.com\/embed\/2EUcDkq95w8\" height=\"315\" width=\"560\" allowfullscreen=\"\" frameborder=\"0\"><\/iframe><\/p>\n<p><b>Fuente:<\/b> Prensa Olimpo Basket.<\/p>\n","protected":false},"excerpt":{"rendered":"<p>Lucas Mar\u00edn analiz\u00f3 el presente de Olimpo en el Federal, en la previa ante Bahiense<\/p>\n","protected":false},"author":1,"featured_media":40313,"comment_status":"closed","ping_status":"open","sticky":false,"template":"","format":"standard","meta":{"jnews-multi-image_gallery":[],"jnews_single_post":[],"jnews_primary_category":[],"footnotes":""},"categories":[36,39,101],"tags":[5,353,16,354],"class_list":["post-40312","post","type-post","status-publish","format-standard","has-post-thumbnail","hentry","category-federal","category-nacional","category-slide","tag-bahiense-del-norte","tag-lucas-marin","tag-olimpo","tag-tfb"],"yoast_head":"<!-- This site is optimized with the Yoast SEO plugin v27.5 - https:\/\/yoast.com\/product\/yoast-seo-wordpress\/ -->\n<title>\u201cNos sacamos la espina en casa\u201d - Gente de B\u00e1squet<\/title>\n<meta name=\"robots\" content=\"index, follow, max-snippet:-1, max-image-preview:large, max-video-preview:-1\" \/>\n<link rel=\"canonical\" href=\"https:\/\/gentedebasquet.com.ar\/sitio\/2014\/11\/09\/marin-nos-sacamos-la-espina-en-casa\/\" \/>\n<meta property=\"og:locale\" content=\"es_ES\" \/>\n<meta property=\"og:type\" content=\"article\" \/>\n<meta property=\"og:title\" content=\"\u201cNos sacamos la espina en casa\u201d - Gente de B\u00e1squet\" \/>\n<meta property=\"og:description\" content=\"Lucas Mar\u00edn analiz\u00f3 el presente de Olimpo en el Federal, en la previa ante Bahiense\" \/>\n<meta property=\"og:url\" content=\"https:\/\/gentedebasquet.com.ar\/sitio\/2014\/11\/09\/marin-nos-sacamos-la-espina-en-casa\/\" \/>\n<meta property=\"og:site_name\" content=\"Gente de B\u00e1squet\" \/>\n<meta property=\"article:published_time\" content=\"2014-11-09T06:41:25+00:00\" \/>\n<meta property=\"og:image\" content=\"https:\/\/gentedebasquet.com.ar\/sitio\/wp-content\/uploads\/2014\/11\/Olimpo-Basket-Lucas-Marin.jpg\" \/>\n\t<meta property=\"og:image:width\" content=\"690\" \/>\n\t<meta property=\"og:image:height\" content=\"319\" \/>\n\t<meta property=\"og:image:type\" content=\"image\/jpeg\" \/>\n<meta name=\"author\" content=\"Gente de B\u00e1squet\" \/>\n<meta name=\"twitter:card\" content=\"summary_large_image\" \/>\n<meta name=\"twitter:label1\" content=\"Escrito por\" \/>\n\t<meta name=\"twitter:data1\" content=\"Gente de B\u00e1squet\" \/>\n\t<meta name=\"twitter:label2\" content=\"Tiempo de lectura\" \/>\n\t<meta name=\"twitter:data2\" content=\"2 minutos\" \/>\n<script type=\"application\/ld+json\" class=\"yoast-schema-graph\">{\"@context\":\"https:\\\/\\\/schema.org\",\"@graph\":[{\"@type\":\"Article\",\"@id\":\"https:\\\/\\\/gentedebasquet.com.ar\\\/sitio\\\/2014\\\/11\\\/09\\\/marin-nos-sacamos-la-espina-en-casa\\\/#article\",\"isPartOf\":{\"@id\":\"https:\\\/\\\/gentedebasquet.com.ar\\\/sitio\\\/2014\\\/11\\\/09\\\/marin-nos-sacamos-la-espina-en-casa\\\/\"},\"author\":{\"name\":\"Gente de B\u00e1squet\",\"@id\":\"https:\\\/\\\/gentedebasquet.com.ar\\\/sitio\\\/#\\\/schema\\\/person\\\/ca0b63bbb977369988a7bbbdc519943a\"},\"headline\":\"\u201cNos sacamos la espina en casa\u201d\",\"datePublished\":\"2014-11-09T06:41:25+00:00\",\"mainEntityOfPage\":{\"@id\":\"https:\\\/\\\/gentedebasquet.com.ar\\\/sitio\\\/2014\\\/11\\\/09\\\/marin-nos-sacamos-la-espina-en-casa\\\/\"},\"wordCount\":414,\"image\":{\"@id\":\"https:\\\/\\\/gentedebasquet.com.ar\\\/sitio\\\/2014\\\/11\\\/09\\\/marin-nos-sacamos-la-espina-en-casa\\\/#primaryimage\"},\"thumbnailUrl\":\"https:\\\/\\\/gentedebasquet.com.ar\\\/sitio\\\/wp-content\\\/uploads\\\/2014\\\/11\\\/Olimpo-Basket-Lucas-Marin.jpg\",\"keywords\":[\"Bahiense Del Norte\",\"Lucas Mar\u00edn\",\"Ol\u00edmpo\",\"TFB\"],\"articleSection\":[\"Federal\",\"Nacional\",\"Slide\"],\"inLanguage\":\"es\"},{\"@type\":\"WebPage\",\"@id\":\"https:\\\/\\\/gentedebasquet.com.ar\\\/sitio\\\/2014\\\/11\\\/09\\\/marin-nos-sacamos-la-espina-en-casa\\\/\",\"url\":\"https:\\\/\\\/gentedebasquet.com.ar\\\/sitio\\\/2014\\\/11\\\/09\\\/marin-nos-sacamos-la-espina-en-casa\\\/\",\"name\":\"\u201cNos sacamos la espina en casa\u201d - Gente de B\u00e1squet\",\"isPartOf\":{\"@id\":\"https:\\\/\\\/gentedebasquet.com.ar\\\/sitio\\\/#website\"},\"primaryImageOfPage\":{\"@id\":\"https:\\\/\\\/gentedebasquet.com.ar\\\/sitio\\\/2014\\\/11\\\/09\\\/marin-nos-sacamos-la-espina-en-casa\\\/#primaryimage\"},\"image\":{\"@id\":\"https:\\\/\\\/gentedebasquet.com.ar\\\/sitio\\\/2014\\\/11\\\/09\\\/marin-nos-sacamos-la-espina-en-casa\\\/#primaryimage\"},\"thumbnailUrl\":\"https:\\\/\\\/gentedebasquet.com.ar\\\/sitio\\\/wp-content\\\/uploads\\\/2014\\\/11\\\/Olimpo-Basket-Lucas-Marin.jpg\",\"datePublished\":\"2014-11-09T06:41:25+00:00\",\"author\":{\"@id\":\"https:\\\/\\\/gentedebasquet.com.ar\\\/sitio\\\/#\\\/schema\\\/person\\\/ca0b63bbb977369988a7bbbdc519943a\"},\"breadcrumb\":{\"@id\":\"https:\\\/\\\/gentedebasquet.com.ar\\\/sitio\\\/2014\\\/11\\\/09\\\/marin-nos-sacamos-la-espina-en-casa\\\/#breadcrumb\"},\"inLanguage\":\"es\",\"potentialAction\":[{\"@type\":\"ReadAction\",\"target\":[\"https:\\\/\\\/gentedebasquet.com.ar\\\/sitio\\\/2014\\\/11\\\/09\\\/marin-nos-sacamos-la-espina-en-casa\\\/\"]}]},{\"@type\":\"ImageObject\",\"inLanguage\":\"es\",\"@id\":\"https:\\\/\\\/gentedebasquet.com.ar\\\/sitio\\\/2014\\\/11\\\/09\\\/marin-nos-sacamos-la-espina-en-casa\\\/#primaryimage\",\"url\":\"https:\\\/\\\/gentedebasquet.com.ar\\\/sitio\\\/wp-content\\\/uploads\\\/2014\\\/11\\\/Olimpo-Basket-Lucas-Marin.jpg\",\"contentUrl\":\"https:\\\/\\\/gentedebasquet.com.ar\\\/sitio\\\/wp-content\\\/uploads\\\/2014\\\/11\\\/Olimpo-Basket-Lucas-Marin.jpg\",\"width\":690,\"height\":319},{\"@type\":\"BreadcrumbList\",\"@id\":\"https:\\\/\\\/gentedebasquet.com.ar\\\/sitio\\\/2014\\\/11\\\/09\\\/marin-nos-sacamos-la-espina-en-casa\\\/#breadcrumb\",\"itemListElement\":[{\"@type\":\"ListItem\",\"position\":1,\"name\":\"Portada\",\"item\":\"https:\\\/\\\/gentedebasquet.com.ar\\\/sitio\\\/\"},{\"@type\":\"ListItem\",\"position\":2,\"name\":\"\u201cNos sacamos la espina en casa\u201d\"}]},{\"@type\":\"WebSite\",\"@id\":\"https:\\\/\\\/gentedebasquet.com.ar\\\/sitio\\\/#website\",\"url\":\"https:\\\/\\\/gentedebasquet.com.ar\\\/sitio\\\/\",\"name\":\"Gente de B\u00e1squet\",\"description\":\"La revista del basquet de Bah\u00eda Blanca\",\"potentialAction\":[{\"@type\":\"SearchAction\",\"target\":{\"@type\":\"EntryPoint\",\"urlTemplate\":\"https:\\\/\\\/gentedebasquet.com.ar\\\/sitio\\\/?s={search_term_string}\"},\"query-input\":{\"@type\":\"PropertyValueSpecification\",\"valueRequired\":true,\"valueName\":\"search_term_string\"}}],\"inLanguage\":\"es\"},{\"@type\":\"Person\",\"@id\":\"https:\\\/\\\/gentedebasquet.com.ar\\\/sitio\\\/#\\\/schema\\\/person\\\/ca0b63bbb977369988a7bbbdc519943a\",\"name\":\"Gente de B\u00e1squet\",\"image\":{\"@type\":\"ImageObject\",\"inLanguage\":\"es\",\"@id\":\"https:\\\/\\\/secure.gravatar.com\\\/avatar\\\/7f2c48bdc33b30088f941fb6082e555f2874c98e20cb159d7b92b50eadfce793?s=96&d=mm&r=g\",\"url\":\"https:\\\/\\\/secure.gravatar.com\\\/avatar\\\/7f2c48bdc33b30088f941fb6082e555f2874c98e20cb159d7b92b50eadfce793?s=96&d=mm&r=g\",\"contentUrl\":\"https:\\\/\\\/secure.gravatar.com\\\/avatar\\\/7f2c48bdc33b30088f941fb6082e555f2874c98e20cb159d7b92b50eadfce793?s=96&d=mm&r=g\",\"caption\":\"Gente de B\u00e1squet\"},\"sameAs\":[\"http:\\\/\\\/gentedebasquet.com.ar\\\/sitio\"],\"url\":\"https:\\\/\\\/gentedebasquet.com.ar\\\/sitio\\\/author\\\/ulises\\\/\"}]}<\/script>\n<!-- \/ Yoast SEO plugin. -->","yoast_head_json":{"title":"\u201cNos sacamos la espina en casa\u201d - Gente de B\u00e1squet","robots":{"index":"index","follow":"follow","max-snippet":"max-snippet:-1","max-image-preview":"max-image-preview:large","max-video-preview":"max-video-preview:-1"},"canonical":"https:\/\/gentedebasquet.com.ar\/sitio\/2014\/11\/09\/marin-nos-sacamos-la-espina-en-casa\/","og_locale":"es_ES","og_type":"article","og_title":"\u201cNos sacamos la espina en casa\u201d - Gente de B\u00e1squet","og_description":"Lucas Mar\u00edn analiz\u00f3 el presente de Olimpo en el Federal, en la previa ante Bahiense","og_url":"https:\/\/gentedebasquet.com.ar\/sitio\/2014\/11\/09\/marin-nos-sacamos-la-espina-en-casa\/","og_site_name":"Gente de B\u00e1squet","article_published_time":"2014-11-09T06:41:25+00:00","og_image":[{"width":690,"height":319,"url":"https:\/\/gentedebasquet.com.ar\/sitio\/wp-content\/uploads\/2014\/11\/Olimpo-Basket-Lucas-Marin.jpg","type":"image\/jpeg"}],"author":"Gente de B\u00e1squet","twitter_card":"summary_large_image","twitter_misc":{"Escrito por":"Gente de B\u00e1squet","Tiempo de lectura":"2 minutos"},"schema":{"@context":"https:\/\/schema.org","@graph":[{"@type":"Article","@id":"https:\/\/gentedebasquet.com.ar\/sitio\/2014\/11\/09\/marin-nos-sacamos-la-espina-en-casa\/#article","isPartOf":{"@id":"https:\/\/gentedebasquet.com.ar\/sitio\/2014\/11\/09\/marin-nos-sacamos-la-espina-en-casa\/"},"author":{"name":"Gente de B\u00e1squet","@id":"https:\/\/gentedebasquet.com.ar\/sitio\/#\/schema\/person\/ca0b63bbb977369988a7bbbdc519943a"},"headline":"\u201cNos sacamos la espina en casa\u201d","datePublished":"2014-11-09T06:41:25+00:00","mainEntityOfPage":{"@id":"https:\/\/gentedebasquet.com.ar\/sitio\/2014\/11\/09\/marin-nos-sacamos-la-espina-en-casa\/"},"wordCount":414,"image":{"@id":"https:\/\/gentedebasquet.com.ar\/sitio\/2014\/11\/09\/marin-nos-sacamos-la-espina-en-casa\/#primaryimage"},"thumbnailUrl":"https:\/\/gentedebasquet.com.ar\/sitio\/wp-content\/uploads\/2014\/11\/Olimpo-Basket-Lucas-Marin.jpg","keywords":["Bahiense Del Norte","Lucas Mar\u00edn","Ol\u00edmpo","TFB"],"articleSection":["Federal","Nacional","Slide"],"inLanguage":"es"},{"@type":"WebPage","@id":"https:\/\/gentedebasquet.com.ar\/sitio\/2014\/11\/09\/marin-nos-sacamos-la-espina-en-casa\/","url":"https:\/\/gentedebasquet.com.ar\/sitio\/2014\/11\/09\/marin-nos-sacamos-la-espina-en-casa\/","name":"\u201cNos sacamos la espina en casa\u201d - Gente de B\u00e1squet","isPartOf":{"@id":"https:\/\/gentedebasquet.com.ar\/sitio\/#website"},"primaryImageOfPage":{"@id":"https:\/\/gentedebasquet.com.ar\/sitio\/2014\/11\/09\/marin-nos-sacamos-la-espina-en-casa\/#primaryimage"},"image":{"@id":"https:\/\/gentedebasquet.com.ar\/sitio\/2014\/11\/09\/marin-nos-sacamos-la-espina-en-casa\/#primaryimage"},"thumbnailUrl":"https:\/\/gentedebasquet.com.ar\/sitio\/wp-content\/uploads\/2014\/11\/Olimpo-Basket-Lucas-Marin.jpg","datePublished":"2014-11-09T06:41:25+00:00","author":{"@id":"https:\/\/gentedebasquet.com.ar\/sitio\/#\/schema\/person\/ca0b63bbb977369988a7bbbdc519943a"},"breadcrumb":{"@id":"https:\/\/gentedebasquet.com.ar\/sitio\/2014\/11\/09\/marin-nos-sacamos-la-espina-en-casa\/#breadcrumb"},"inLanguage":"es","potentialAction":[{"@type":"ReadAction","target":["https:\/\/gentedebasquet.com.ar\/sitio\/2014\/11\/09\/marin-nos-sacamos-la-espina-en-casa\/"]}]},{"@type":"ImageObject","inLanguage":"es","@id":"https:\/\/gentedebasquet.com.ar\/sitio\/2014\/11\/09\/marin-nos-sacamos-la-espina-en-casa\/#primaryimage","url":"https:\/\/gentedebasquet.com.ar\/sitio\/wp-content\/uploads\/2014\/11\/Olimpo-Basket-Lucas-Marin.jpg","contentUrl":"https:\/\/gentedebasquet.com.ar\/sitio\/wp-content\/uploads\/2014\/11\/Olimpo-Basket-Lucas-Marin.jpg","width":690,"height":319},{"@type":"BreadcrumbList","@id":"https:\/\/gentedebasquet.com.ar\/sitio\/2014\/11\/09\/marin-nos-sacamos-la-espina-en-casa\/#breadcrumb","itemListElement":[{"@type":"ListItem","position":1,"name":"Portada","item":"https:\/\/gentedebasquet.com.ar\/sitio\/"},{"@type":"ListItem","position":2,"name":"\u201cNos sacamos la espina en casa\u201d"}]},{"@type":"WebSite","@id":"https:\/\/gentedebasquet.com.ar\/sitio\/#website","url":"https:\/\/gentedebasquet.com.ar\/sitio\/","name":"Gente de B\u00e1squet","description":"La revista del basquet de Bah\u00eda Blanca","potentialAction":[{"@type":"SearchAction","target":{"@type":"EntryPoint","urlTemplate":"https:\/\/gentedebasquet.com.ar\/sitio\/?s={search_term_string}"},"query-input":{"@type":"PropertyValueSpecification","valueRequired":true,"valueName":"search_term_string"}}],"inLanguage":"es"},{"@type":"Person","@id":"https:\/\/gentedebasquet.com.ar\/sitio\/#\/schema\/person\/ca0b63bbb977369988a7bbbdc519943a","name":"Gente de B\u00e1squet","image":{"@type":"ImageObject","inLanguage":"es","@id":"https:\/\/secure.gravatar.com\/avatar\/7f2c48bdc33b30088f941fb6082e555f2874c98e20cb159d7b92b50eadfce793?s=96&d=mm&r=g","url":"https:\/\/secure.gravatar.com\/avatar\/7f2c48bdc33b30088f941fb6082e555f2874c98e20cb159d7b92b50eadfce793?s=96&d=mm&r=g","contentUrl":"https:\/\/secure.gravatar.com\/avatar\/7f2c48bdc33b30088f941fb6082e555f2874c98e20cb159d7b92b50eadfce793?s=96&d=mm&r=g","caption":"Gente de B\u00e1squet"},"sameAs":["http:\/\/gentedebasquet.com.ar\/sitio"],"url":"https:\/\/gentedebasquet.com.ar\/sitio\/author\/ulises\/"}]}},"_links":{"self":[{"href":"https:\/\/gentedebasquet.com.ar\/sitio\/wp-json\/wp\/v2\/posts\/40312","targetHints":{"allow":["GET"]}}],"collection":[{"href":"https:\/\/gentedebasquet.com.ar\/sitio\/wp-json\/wp\/v2\/posts"}],"about":[{"href":"https:\/\/gentedebasquet.com.ar\/sitio\/wp-json\/wp\/v2\/types\/post"}],"author":[{"embeddable":true,"href":"https:\/\/gentedebasquet.com.ar\/sitio\/wp-json\/wp\/v2\/users\/1"}],"replies":[{"embeddable":true,"href":"https:\/\/gentedebasquet.com.ar\/sitio\/wp-json\/wp\/v2\/comments?post=40312"}],"version-history":[{"count":0,"href":"https:\/\/gentedebasquet.com.ar\/sitio\/wp-json\/wp\/v2\/posts\/40312\/revisions"}],"wp:featuredmedia":[{"embeddable":true,"href":"https:\/\/gentedebasquet.com.ar\/sitio\/wp-json\/wp\/v2\/media\/40313"}],"wp:attachment":[{"href":"https:\/\/gentedebasquet.com.ar\/sitio\/wp-json\/wp\/v2\/media?parent=40312"}],"wp:term":[{"taxonomy":"category","embeddable":true,"href":"https:\/\/gentedebasquet.com.ar\/sitio\/wp-json\/wp\/v2\/categories?post=40312"},{"taxonomy":"post_tag","embeddable":true,"href":"https:\/\/gentedebasquet.com.ar\/sitio\/wp-json\/wp\/v2\/tags?post=40312"}],"curies":[{"name":"wp","href":"https:\/\/api.w.org\/{rel}","templated":true}]}}