{"id":40435,"date":"2014-11-12T16:07:28","date_gmt":"2014-11-12T19:07:28","guid":{"rendered":"http:\/\/www.gentedebasquet.com.ar\/?p=40435"},"modified":"2014-11-12T16:07:28","modified_gmt":"2014-11-12T19:07:28","slug":"bahiense-y-olimpo-frente-a-frente","status":"publish","type":"post","link":"https:\/\/gentedebasquet.com.ar\/sitio\/2014\/11\/12\/bahiense-y-olimpo-frente-a-frente\/","title":{"rendered":"Bahiense y Olimpo, frente a frente"},"content":{"rendered":"<p><b>El Tricolor buscar\u00e1 seguir por el buen camino y cortar con la racha positiva del Aurinegro que llega puntero. Ambos elencos se ver\u00e1n las caras este mi\u00e9rcoles a partir de las 21.00 en el estadio Manu Gin\u00f3bili.<\/b><\/p>\n<p>Ya pas\u00f3 un mes del debut de ambos en el Torneo Federal y hoy nuevamente se medir\u00e1n entre s\u00ed. Bahiense del Norte y Olimpo estar\u00e1n frente a frente en el Manu Gin\u00f3bili a partir de las 21, en un duelo que promete y mucho. El Tricolor fue quien se qued\u00f3 con aquel primer duelo por 86-78 y es el \u00fanico, hasta el momento, que pudo vencer al Aurinegro.<\/p>\n<p>El conjunto de Alejandro Navallo llega a este encuentro con un r\u00e9cord de cuatro victorias y dos derrotas, acumula diez unidades y se ubica en la tercera posici\u00f3n de la Conferencia Andino-Patagonia. Su \u00faltima presentaci\u00f3n fue ante Independiente de Neuqu\u00e9n, y la misma termin\u00f3 en victoria por 82-79.<\/p>\n<p>Olimpo, por su parte, tiene un r\u00e9cord de cinco partidos ganados y una sola derrota, suma once puntos y se encuentra en la primera ubicaci\u00f3n de la Conferencia. El Aurinegro llega con cinco victorias al hilo. En su \u00faltima presentaci\u00f3n venci\u00f3 a Independiente de Neuqu\u00e9n por 78-67.<\/p>\n<p>Para dicho compromiso, Bahiense tendr\u00e1 dos bajas. Navallo no podr\u00e1 contar con Federico Sureda y Kevin Zambrano, este \u00faltimo por estar afectado a la selecci\u00f3n U17 de Provincia de Buenos Aires que participar\u00e1 del torneo Argentino en San Luis. Es decir que, formar\u00e1n parte del equipo Tricolor: Juan Manuel Richat, Luciano Fern\u00e1ndez, Juan Ignacio Diomedi, Mauro Zalguizuri, Esteban Silva, Franco Amigo, Mat\u00edas Chaves, Andr\u00e9s Barbero, Franco Pennacchiotti, Francisco Filippa, Ramiro Heinrich y Mat\u00edas Pristupa.<\/p>\n<p>Enfrente, Maceratesi no tendr\u00e1 en sus filas a Facundo Arens y Franco Ruesga por estar afectados tambi\u00e9n a la selecci\u00f3n de Provincia de Buenos Aires U17. Por lo tanto dispondr\u00e1 de: Agust\u00edn S\u00e1nchez, Lahuel Silva, Luciano Fortelli, Cristian Victoria, Lucas Mar\u00edn, Marcelo Piuma, Federico Montenegro, Lucas Villanueva, Emilio Gim\u00e9nez, Lorenzo Capponi y Marcos Fern\u00e1ndez.<\/p>\n<p>La dupla arbitral que impartir\u00e1 justicia estar\u00e1 compuesta por los bahienses Emanuel S\u00e1nchez y Eduardo Ferreyra. Mientras que el comisionado t\u00e9cnico ser\u00e1 N\u00e9stor Schernenco.<\/p>\n<p>Fuente: Prensa Bahiense del Norte<\/p>\n<p>Foto: Prensa Olimpo Basket<\/p>\n","protected":false},"excerpt":{"rendered":"<p>El Tricolor y el Aurinegro chocar\u00e1n desde las 21 en el Manu Gin\u00f3bili<\/p>\n","protected":false},"author":1,"featured_media":40436,"comment_status":"closed","ping_status":"open","sticky":false,"template":"","format":"standard","meta":{"jnews-multi-image_gallery":[],"jnews_single_post":[],"jnews_primary_category":[],"footnotes":""},"categories":[36,39],"tags":[],"class_list":["post-40435","post","type-post","status-publish","format-standard","has-post-thumbnail","hentry","category-federal","category-nacional"],"yoast_head":"<!-- This site is optimized with the Yoast SEO plugin v27.5 - https:\/\/yoast.com\/product\/yoast-seo-wordpress\/ -->\n<title>Bahiense y Olimpo, frente a frente - Gente de B\u00e1squet<\/title>\n<meta name=\"robots\" content=\"index, follow, max-snippet:-1, max-image-preview:large, max-video-preview:-1\" \/>\n<link rel=\"canonical\" href=\"https:\/\/gentedebasquet.com.ar\/sitio\/2014\/11\/12\/bahiense-y-olimpo-frente-a-frente\/\" \/>\n<meta property=\"og:locale\" content=\"es_ES\" \/>\n<meta property=\"og:type\" content=\"article\" \/>\n<meta property=\"og:title\" content=\"Bahiense y Olimpo, frente a frente - Gente de B\u00e1squet\" \/>\n<meta property=\"og:description\" content=\"El Tricolor y el Aurinegro chocar\u00e1n desde las 21 en el Manu Gin\u00f3bili\" \/>\n<meta property=\"og:url\" content=\"https:\/\/gentedebasquet.com.ar\/sitio\/2014\/11\/12\/bahiense-y-olimpo-frente-a-frente\/\" \/>\n<meta property=\"og:site_name\" content=\"Gente de B\u00e1squet\" \/>\n<meta property=\"article:published_time\" content=\"2014-11-12T19:07:28+00:00\" \/>\n<meta property=\"og:image\" content=\"https:\/\/gentedebasquet.com.ar\/sitio\/wp-content\/uploads\/2014\/11\/997087_598139243631840_308054952777969189_n.jpg\" \/>\n\t<meta property=\"og:image:width\" content=\"690\" \/>\n\t<meta property=\"og:image:height\" content=\"319\" \/>\n\t<meta property=\"og:image:type\" content=\"image\/jpeg\" \/>\n<meta name=\"author\" content=\"Gente de B\u00e1squet\" \/>\n<meta name=\"twitter:card\" content=\"summary_large_image\" \/>\n<meta name=\"twitter:label1\" content=\"Escrito por\" \/>\n\t<meta name=\"twitter:data1\" content=\"Gente de B\u00e1squet\" \/>\n\t<meta name=\"twitter:label2\" content=\"Tiempo de lectura\" \/>\n\t<meta name=\"twitter:data2\" content=\"2 minutos\" \/>\n<script type=\"application\/ld+json\" class=\"yoast-schema-graph\">{\"@context\":\"https:\\\/\\\/schema.org\",\"@graph\":[{\"@type\":\"Article\",\"@id\":\"https:\\\/\\\/gentedebasquet.com.ar\\\/sitio\\\/2014\\\/11\\\/12\\\/bahiense-y-olimpo-frente-a-frente\\\/#article\",\"isPartOf\":{\"@id\":\"https:\\\/\\\/gentedebasquet.com.ar\\\/sitio\\\/2014\\\/11\\\/12\\\/bahiense-y-olimpo-frente-a-frente\\\/\"},\"author\":{\"name\":\"Gente de B\u00e1squet\",\"@id\":\"https:\\\/\\\/gentedebasquet.com.ar\\\/sitio\\\/#\\\/schema\\\/person\\\/ca0b63bbb977369988a7bbbdc519943a\"},\"headline\":\"Bahiense y Olimpo, frente a frente\",\"datePublished\":\"2014-11-12T19:07:28+00:00\",\"mainEntityOfPage\":{\"@id\":\"https:\\\/\\\/gentedebasquet.com.ar\\\/sitio\\\/2014\\\/11\\\/12\\\/bahiense-y-olimpo-frente-a-frente\\\/\"},\"wordCount\":395,\"image\":{\"@id\":\"https:\\\/\\\/gentedebasquet.com.ar\\\/sitio\\\/2014\\\/11\\\/12\\\/bahiense-y-olimpo-frente-a-frente\\\/#primaryimage\"},\"thumbnailUrl\":\"https:\\\/\\\/gentedebasquet.com.ar\\\/sitio\\\/wp-content\\\/uploads\\\/2014\\\/11\\\/997087_598139243631840_308054952777969189_n.jpg\",\"articleSection\":[\"Federal\",\"Nacional\"],\"inLanguage\":\"es\"},{\"@type\":\"WebPage\",\"@id\":\"https:\\\/\\\/gentedebasquet.com.ar\\\/sitio\\\/2014\\\/11\\\/12\\\/bahiense-y-olimpo-frente-a-frente\\\/\",\"url\":\"https:\\\/\\\/gentedebasquet.com.ar\\\/sitio\\\/2014\\\/11\\\/12\\\/bahiense-y-olimpo-frente-a-frente\\\/\",\"name\":\"Bahiense y Olimpo, frente a frente - Gente de B\u00e1squet\",\"isPartOf\":{\"@id\":\"https:\\\/\\\/gentedebasquet.com.ar\\\/sitio\\\/#website\"},\"primaryImageOfPage\":{\"@id\":\"https:\\\/\\\/gentedebasquet.com.ar\\\/sitio\\\/2014\\\/11\\\/12\\\/bahiense-y-olimpo-frente-a-frente\\\/#primaryimage\"},\"image\":{\"@id\":\"https:\\\/\\\/gentedebasquet.com.ar\\\/sitio\\\/2014\\\/11\\\/12\\\/bahiense-y-olimpo-frente-a-frente\\\/#primaryimage\"},\"thumbnailUrl\":\"https:\\\/\\\/gentedebasquet.com.ar\\\/sitio\\\/wp-content\\\/uploads\\\/2014\\\/11\\\/997087_598139243631840_308054952777969189_n.jpg\",\"datePublished\":\"2014-11-12T19:07:28+00:00\",\"author\":{\"@id\":\"https:\\\/\\\/gentedebasquet.com.ar\\\/sitio\\\/#\\\/schema\\\/person\\\/ca0b63bbb977369988a7bbbdc519943a\"},\"breadcrumb\":{\"@id\":\"https:\\\/\\\/gentedebasquet.com.ar\\\/sitio\\\/2014\\\/11\\\/12\\\/bahiense-y-olimpo-frente-a-frente\\\/#breadcrumb\"},\"inLanguage\":\"es\",\"potentialAction\":[{\"@type\":\"ReadAction\",\"target\":[\"https:\\\/\\\/gentedebasquet.com.ar\\\/sitio\\\/2014\\\/11\\\/12\\\/bahiense-y-olimpo-frente-a-frente\\\/\"]}]},{\"@type\":\"ImageObject\",\"inLanguage\":\"es\",\"@id\":\"https:\\\/\\\/gentedebasquet.com.ar\\\/sitio\\\/2014\\\/11\\\/12\\\/bahiense-y-olimpo-frente-a-frente\\\/#primaryimage\",\"url\":\"https:\\\/\\\/gentedebasquet.com.ar\\\/sitio\\\/wp-content\\\/uploads\\\/2014\\\/11\\\/997087_598139243631840_308054952777969189_n.jpg\",\"contentUrl\":\"https:\\\/\\\/gentedebasquet.com.ar\\\/sitio\\\/wp-content\\\/uploads\\\/2014\\\/11\\\/997087_598139243631840_308054952777969189_n.jpg\",\"width\":690,\"height\":319},{\"@type\":\"BreadcrumbList\",\"@id\":\"https:\\\/\\\/gentedebasquet.com.ar\\\/sitio\\\/2014\\\/11\\\/12\\\/bahiense-y-olimpo-frente-a-frente\\\/#breadcrumb\",\"itemListElement\":[{\"@type\":\"ListItem\",\"position\":1,\"name\":\"Portada\",\"item\":\"https:\\\/\\\/gentedebasquet.com.ar\\\/sitio\\\/\"},{\"@type\":\"ListItem\",\"position\":2,\"name\":\"Bahiense y Olimpo, frente a frente\"}]},{\"@type\":\"WebSite\",\"@id\":\"https:\\\/\\\/gentedebasquet.com.ar\\\/sitio\\\/#website\",\"url\":\"https:\\\/\\\/gentedebasquet.com.ar\\\/sitio\\\/\",\"name\":\"Gente de B\u00e1squet\",\"description\":\"La revista del basquet de Bah\u00eda Blanca\",\"potentialAction\":[{\"@type\":\"SearchAction\",\"target\":{\"@type\":\"EntryPoint\",\"urlTemplate\":\"https:\\\/\\\/gentedebasquet.com.ar\\\/sitio\\\/?s={search_term_string}\"},\"query-input\":{\"@type\":\"PropertyValueSpecification\",\"valueRequired\":true,\"valueName\":\"search_term_string\"}}],\"inLanguage\":\"es\"},{\"@type\":\"Person\",\"@id\":\"https:\\\/\\\/gentedebasquet.com.ar\\\/sitio\\\/#\\\/schema\\\/person\\\/ca0b63bbb977369988a7bbbdc519943a\",\"name\":\"Gente de B\u00e1squet\",\"image\":{\"@type\":\"ImageObject\",\"inLanguage\":\"es\",\"@id\":\"https:\\\/\\\/secure.gravatar.com\\\/avatar\\\/7f2c48bdc33b30088f941fb6082e555f2874c98e20cb159d7b92b50eadfce793?s=96&d=mm&r=g\",\"url\":\"https:\\\/\\\/secure.gravatar.com\\\/avatar\\\/7f2c48bdc33b30088f941fb6082e555f2874c98e20cb159d7b92b50eadfce793?s=96&d=mm&r=g\",\"contentUrl\":\"https:\\\/\\\/secure.gravatar.com\\\/avatar\\\/7f2c48bdc33b30088f941fb6082e555f2874c98e20cb159d7b92b50eadfce793?s=96&d=mm&r=g\",\"caption\":\"Gente de B\u00e1squet\"},\"sameAs\":[\"http:\\\/\\\/gentedebasquet.com.ar\\\/sitio\"],\"url\":\"https:\\\/\\\/gentedebasquet.com.ar\\\/sitio\\\/author\\\/ulises\\\/\"}]}<\/script>\n<!-- \/ Yoast SEO plugin. -->","yoast_head_json":{"title":"Bahiense y Olimpo, frente a frente - Gente de B\u00e1squet","robots":{"index":"index","follow":"follow","max-snippet":"max-snippet:-1","max-image-preview":"max-image-preview:large","max-video-preview":"max-video-preview:-1"},"canonical":"https:\/\/gentedebasquet.com.ar\/sitio\/2014\/11\/12\/bahiense-y-olimpo-frente-a-frente\/","og_locale":"es_ES","og_type":"article","og_title":"Bahiense y Olimpo, frente a frente - Gente de B\u00e1squet","og_description":"El Tricolor y el Aurinegro chocar\u00e1n desde las 21 en el Manu Gin\u00f3bili","og_url":"https:\/\/gentedebasquet.com.ar\/sitio\/2014\/11\/12\/bahiense-y-olimpo-frente-a-frente\/","og_site_name":"Gente de B\u00e1squet","article_published_time":"2014-11-12T19:07:28+00:00","og_image":[{"width":690,"height":319,"url":"https:\/\/gentedebasquet.com.ar\/sitio\/wp-content\/uploads\/2014\/11\/997087_598139243631840_308054952777969189_n.jpg","type":"image\/jpeg"}],"author":"Gente de B\u00e1squet","twitter_card":"summary_large_image","twitter_misc":{"Escrito por":"Gente de B\u00e1squet","Tiempo de lectura":"2 minutos"},"schema":{"@context":"https:\/\/schema.org","@graph":[{"@type":"Article","@id":"https:\/\/gentedebasquet.com.ar\/sitio\/2014\/11\/12\/bahiense-y-olimpo-frente-a-frente\/#article","isPartOf":{"@id":"https:\/\/gentedebasquet.com.ar\/sitio\/2014\/11\/12\/bahiense-y-olimpo-frente-a-frente\/"},"author":{"name":"Gente de B\u00e1squet","@id":"https:\/\/gentedebasquet.com.ar\/sitio\/#\/schema\/person\/ca0b63bbb977369988a7bbbdc519943a"},"headline":"Bahiense y Olimpo, frente a frente","datePublished":"2014-11-12T19:07:28+00:00","mainEntityOfPage":{"@id":"https:\/\/gentedebasquet.com.ar\/sitio\/2014\/11\/12\/bahiense-y-olimpo-frente-a-frente\/"},"wordCount":395,"image":{"@id":"https:\/\/gentedebasquet.com.ar\/sitio\/2014\/11\/12\/bahiense-y-olimpo-frente-a-frente\/#primaryimage"},"thumbnailUrl":"https:\/\/gentedebasquet.com.ar\/sitio\/wp-content\/uploads\/2014\/11\/997087_598139243631840_308054952777969189_n.jpg","articleSection":["Federal","Nacional"],"inLanguage":"es"},{"@type":"WebPage","@id":"https:\/\/gentedebasquet.com.ar\/sitio\/2014\/11\/12\/bahiense-y-olimpo-frente-a-frente\/","url":"https:\/\/gentedebasquet.com.ar\/sitio\/2014\/11\/12\/bahiense-y-olimpo-frente-a-frente\/","name":"Bahiense y Olimpo, frente a frente - Gente de B\u00e1squet","isPartOf":{"@id":"https:\/\/gentedebasquet.com.ar\/sitio\/#website"},"primaryImageOfPage":{"@id":"https:\/\/gentedebasquet.com.ar\/sitio\/2014\/11\/12\/bahiense-y-olimpo-frente-a-frente\/#primaryimage"},"image":{"@id":"https:\/\/gentedebasquet.com.ar\/sitio\/2014\/11\/12\/bahiense-y-olimpo-frente-a-frente\/#primaryimage"},"thumbnailUrl":"https:\/\/gentedebasquet.com.ar\/sitio\/wp-content\/uploads\/2014\/11\/997087_598139243631840_308054952777969189_n.jpg","datePublished":"2014-11-12T19:07:28+00:00","author":{"@id":"https:\/\/gentedebasquet.com.ar\/sitio\/#\/schema\/person\/ca0b63bbb977369988a7bbbdc519943a"},"breadcrumb":{"@id":"https:\/\/gentedebasquet.com.ar\/sitio\/2014\/11\/12\/bahiense-y-olimpo-frente-a-frente\/#breadcrumb"},"inLanguage":"es","potentialAction":[{"@type":"ReadAction","target":["https:\/\/gentedebasquet.com.ar\/sitio\/2014\/11\/12\/bahiense-y-olimpo-frente-a-frente\/"]}]},{"@type":"ImageObject","inLanguage":"es","@id":"https:\/\/gentedebasquet.com.ar\/sitio\/2014\/11\/12\/bahiense-y-olimpo-frente-a-frente\/#primaryimage","url":"https:\/\/gentedebasquet.com.ar\/sitio\/wp-content\/uploads\/2014\/11\/997087_598139243631840_308054952777969189_n.jpg","contentUrl":"https:\/\/gentedebasquet.com.ar\/sitio\/wp-content\/uploads\/2014\/11\/997087_598139243631840_308054952777969189_n.jpg","width":690,"height":319},{"@type":"BreadcrumbList","@id":"https:\/\/gentedebasquet.com.ar\/sitio\/2014\/11\/12\/bahiense-y-olimpo-frente-a-frente\/#breadcrumb","itemListElement":[{"@type":"ListItem","position":1,"name":"Portada","item":"https:\/\/gentedebasquet.com.ar\/sitio\/"},{"@type":"ListItem","position":2,"name":"Bahiense y Olimpo, frente a frente"}]},{"@type":"WebSite","@id":"https:\/\/gentedebasquet.com.ar\/sitio\/#website","url":"https:\/\/gentedebasquet.com.ar\/sitio\/","name":"Gente de B\u00e1squet","description":"La revista del basquet de Bah\u00eda Blanca","potentialAction":[{"@type":"SearchAction","target":{"@type":"EntryPoint","urlTemplate":"https:\/\/gentedebasquet.com.ar\/sitio\/?s={search_term_string}"},"query-input":{"@type":"PropertyValueSpecification","valueRequired":true,"valueName":"search_term_string"}}],"inLanguage":"es"},{"@type":"Person","@id":"https:\/\/gentedebasquet.com.ar\/sitio\/#\/schema\/person\/ca0b63bbb977369988a7bbbdc519943a","name":"Gente de B\u00e1squet","image":{"@type":"ImageObject","inLanguage":"es","@id":"https:\/\/secure.gravatar.com\/avatar\/7f2c48bdc33b30088f941fb6082e555f2874c98e20cb159d7b92b50eadfce793?s=96&d=mm&r=g","url":"https:\/\/secure.gravatar.com\/avatar\/7f2c48bdc33b30088f941fb6082e555f2874c98e20cb159d7b92b50eadfce793?s=96&d=mm&r=g","contentUrl":"https:\/\/secure.gravatar.com\/avatar\/7f2c48bdc33b30088f941fb6082e555f2874c98e20cb159d7b92b50eadfce793?s=96&d=mm&r=g","caption":"Gente de B\u00e1squet"},"sameAs":["http:\/\/gentedebasquet.com.ar\/sitio"],"url":"https:\/\/gentedebasquet.com.ar\/sitio\/author\/ulises\/"}]}},"_links":{"self":[{"href":"https:\/\/gentedebasquet.com.ar\/sitio\/wp-json\/wp\/v2\/posts\/40435","targetHints":{"allow":["GET"]}}],"collection":[{"href":"https:\/\/gentedebasquet.com.ar\/sitio\/wp-json\/wp\/v2\/posts"}],"about":[{"href":"https:\/\/gentedebasquet.com.ar\/sitio\/wp-json\/wp\/v2\/types\/post"}],"author":[{"embeddable":true,"href":"https:\/\/gentedebasquet.com.ar\/sitio\/wp-json\/wp\/v2\/users\/1"}],"replies":[{"embeddable":true,"href":"https:\/\/gentedebasquet.com.ar\/sitio\/wp-json\/wp\/v2\/comments?post=40435"}],"version-history":[{"count":0,"href":"https:\/\/gentedebasquet.com.ar\/sitio\/wp-json\/wp\/v2\/posts\/40435\/revisions"}],"wp:featuredmedia":[{"embeddable":true,"href":"https:\/\/gentedebasquet.com.ar\/sitio\/wp-json\/wp\/v2\/media\/40436"}],"wp:attachment":[{"href":"https:\/\/gentedebasquet.com.ar\/sitio\/wp-json\/wp\/v2\/media?parent=40435"}],"wp:term":[{"taxonomy":"category","embeddable":true,"href":"https:\/\/gentedebasquet.com.ar\/sitio\/wp-json\/wp\/v2\/categories?post=40435"},{"taxonomy":"post_tag","embeddable":true,"href":"https:\/\/gentedebasquet.com.ar\/sitio\/wp-json\/wp\/v2\/tags?post=40435"}],"curies":[{"name":"wp","href":"https:\/\/api.w.org\/{rel}","templated":true}]}}