{"id":41030,"date":"2014-11-29T23:20:32","date_gmt":"2014-11-30T02:20:32","guid":{"rendered":"http:\/\/www.gentedebasquet.com.ar\/?p=41030"},"modified":"2014-11-29T23:20:32","modified_gmt":"2014-11-30T02:20:32","slug":"richeza-ofensiva","status":"publish","type":"post","link":"https:\/\/gentedebasquet.com.ar\/sitio\/2014\/11\/29\/richeza-ofensiva\/","title":{"rendered":"Richeza ofensiva"},"content":{"rendered":"<p><b>Por el primer juego de las semifinales en U19, Bahiense del Norte vapule\u00f3 a Pac\u00edfico por 97 a 39.\u00a0 Juan Manuel Richat fue la gran figura de la tarde noche (registr\u00f3 un triple doble: 18 puntos, 10 asistencias y 10 rebotes) liderando la ofensiva del tricolor de calle Salta que coloc\u00f3 a 5 jugadores por encima del doble d\u00edgito de anotaci\u00f3n.\u00a0 Por el lado del verde, Lucas Ruiz (13 y 6 rebotes) Facundo Wattson (11, 3-5 en T3) y Franco Mastandrea (11, 3-7 en T3) fueron los de mejor rendimiento.\u00a0 Ante la ausencia de Alejandro Navallo, comprometido a la disputa del torneo federal, el DT para el local fue nada m\u00e1s y nada menos que Sebasti\u00e1n Gin\u00f3bili.<\/b><\/p>\n<p>Con la particularidad de tener a \u201cSepo\u201d en la banca ordenando las piezas en cancha, fue que Bahiense dio una verdadera paliza a Pac\u00edfico.\u00a0 Ya desde el 1C fue claro el dominio del local en el marcador (30-11), quien sac\u00f3 gran ventaja en el juego interno (50 puntos en la pintura ante 14 de Pac\u00edfico, y 47 a 20 en la batalla en los tableros) a partir de la presencia de Rodrigo Gerhardt y Francisco Filippa.<\/p>\n<p>Adem\u00e1s, el tricolor cont\u00f3 con un inspirad\u00edsimo Juan Manuel Richat en la conducci\u00f3n (10 de las 20 asistencias de Bahiense en el encuentro) quien se mostr\u00f3 imparable para la defensa visitante.\u00a0 El conjunto del Flaco Lliteras se vio limitado en ataque (apenas un 26 % de TC en 14\/54 intentos) y no pudo sacar r\u00e9dito de su principal exponente ofensivo (Ruiz, integrante de la plantilla de primera) ante el cerrojo defensivo del local.<\/p>\n<p>&nbsp;<\/p>\n<p><b><i><span style=\"text-decoration: underline;\">S\u00edntesis:<\/span><\/i><\/b><\/p>\n<p><b>Bahiense 97: <\/b>Juan Manuel Richat 18, Ignacio Gerbaudo 6, Mat\u00edas Pristupa 16, Kevin Zambrano 16, Rodrigo Gerhardt 15 (FI); Juan Ignacio Miranda 0, Juan Manuel Bicondoa 6, Mat\u00edas Ticozzi 4, Francisco Filippa 15.\u00a0 D.T: Sebasti\u00e1n Gin\u00f3bili.<\/p>\n<p><b>Pac\u00edfico 39: <\/b>Facundo Wattson 11, Franco Mastandrea 11, Nicol\u00e1s Barras Mesquida 2, Iv\u00e1n Ludue\u00f1a 0, Lucas Ruiz 13 (FI); Branco Salvatori 2, Sebasti\u00e1n Walter 0, Genaro Pisani 0, Jes\u00fas Ruiz 0.\u00a0 D.T: Fernando Lliteras.<\/p>\n<p><b>Parciales: <\/b>30-11, 51-22 (21-11), 69-30 (18-8), 97-39 (28-9).<\/p>\n<p><b>\u00c1rbitros: <\/b>Miguel Firpo y Jorge Blanco.<\/p>\n<p><b>Estadio: <\/b>\u201cManu\u201d Gin\u00f3bili (Bahiense).<\/p>\n<p><a href=\"https:\/\/drive.google.com\/file\/d\/0B6AwTBW5ACC8TmJ0SXRjck5iZkk\/view?usp=sharing\" target=\"_blank\" rel=\"noopener\">Ver Planilla<\/a><\/p>\n<p>&nbsp;<\/p>\n<p>*En el partido, GENTE DE B\u00c1SQUET puso a prueba el sistema de estad\u00edsticas oficial de FIBA sobre el cual recibi\u00f3 la capacitaci\u00f3n correspondiente.<\/p>\n","protected":false},"excerpt":{"rendered":"<p>Con un triple doble de Richat, Bahiense vapule\u00f3 a Pac\u00edfico en U19: 97 a 39<\/p>\n","protected":false},"author":1,"featured_media":41031,"comment_status":"closed","ping_status":"open","sticky":false,"template":"","format":"standard","meta":{"jnews-multi-image_gallery":[],"jnews_single_post":[],"jnews_primary_category":[],"footnotes":""},"categories":[101,26],"tags":[5,669,560,17,174],"class_list":["post-41030","post","type-post","status-publish","format-standard","has-post-thumbnail","hentry","category-slide","category-u19","tag-bahiense-del-norte","tag-juan-manuel-richat","tag-lucas-ruiz","tag-pacifico","tag-rodrigo-gerhardt"],"yoast_head":"<!-- This site is optimized with the Yoast SEO plugin v27.5 - https:\/\/yoast.com\/product\/yoast-seo-wordpress\/ -->\n<title>Richeza ofensiva - Gente de B\u00e1squet<\/title>\n<meta name=\"robots\" content=\"index, follow, max-snippet:-1, max-image-preview:large, max-video-preview:-1\" \/>\n<link rel=\"canonical\" href=\"https:\/\/gentedebasquet.com.ar\/sitio\/2014\/11\/29\/richeza-ofensiva\/\" \/>\n<meta property=\"og:locale\" content=\"es_ES\" \/>\n<meta property=\"og:type\" content=\"article\" \/>\n<meta property=\"og:title\" content=\"Richeza ofensiva - Gente de B\u00e1squet\" \/>\n<meta property=\"og:description\" content=\"Con un triple doble de Richat, Bahiense vapule\u00f3 a Pac\u00edfico en U19: 97 a 39\" \/>\n<meta property=\"og:url\" content=\"https:\/\/gentedebasquet.com.ar\/sitio\/2014\/11\/29\/richeza-ofensiva\/\" \/>\n<meta property=\"og:site_name\" content=\"Gente de B\u00e1squet\" \/>\n<meta property=\"article:published_time\" content=\"2014-11-30T02:20:32+00:00\" \/>\n<meta property=\"og:image\" content=\"https:\/\/gentedebasquet.com.ar\/sitio\/wp-content\/uploads\/2014\/11\/10836640_10201661743304584_2002385624_n.jpg\" \/>\n\t<meta property=\"og:image:width\" content=\"690\" \/>\n\t<meta property=\"og:image:height\" content=\"319\" \/>\n\t<meta property=\"og:image:type\" content=\"image\/jpeg\" \/>\n<meta name=\"author\" content=\"Gente de B\u00e1squet\" \/>\n<meta name=\"twitter:card\" content=\"summary_large_image\" \/>\n<meta name=\"twitter:label1\" content=\"Escrito por\" \/>\n\t<meta name=\"twitter:data1\" content=\"Gente de B\u00e1squet\" \/>\n\t<meta name=\"twitter:label2\" content=\"Tiempo de lectura\" \/>\n\t<meta name=\"twitter:data2\" content=\"2 minutos\" \/>\n<script type=\"application\/ld+json\" class=\"yoast-schema-graph\">{\"@context\":\"https:\\\/\\\/schema.org\",\"@graph\":[{\"@type\":\"Article\",\"@id\":\"https:\\\/\\\/gentedebasquet.com.ar\\\/sitio\\\/2014\\\/11\\\/29\\\/richeza-ofensiva\\\/#article\",\"isPartOf\":{\"@id\":\"https:\\\/\\\/gentedebasquet.com.ar\\\/sitio\\\/2014\\\/11\\\/29\\\/richeza-ofensiva\\\/\"},\"author\":{\"name\":\"Gente de B\u00e1squet\",\"@id\":\"https:\\\/\\\/gentedebasquet.com.ar\\\/sitio\\\/#\\\/schema\\\/person\\\/ca0b63bbb977369988a7bbbdc519943a\"},\"headline\":\"Richeza ofensiva\",\"datePublished\":\"2014-11-30T02:20:32+00:00\",\"mainEntityOfPage\":{\"@id\":\"https:\\\/\\\/gentedebasquet.com.ar\\\/sitio\\\/2014\\\/11\\\/29\\\/richeza-ofensiva\\\/\"},\"wordCount\":374,\"image\":{\"@id\":\"https:\\\/\\\/gentedebasquet.com.ar\\\/sitio\\\/2014\\\/11\\\/29\\\/richeza-ofensiva\\\/#primaryimage\"},\"thumbnailUrl\":\"https:\\\/\\\/gentedebasquet.com.ar\\\/sitio\\\/wp-content\\\/uploads\\\/2014\\\/11\\\/10836640_10201661743304584_2002385624_n.jpg\",\"keywords\":[\"Bahiense Del Norte\",\"juan manuel richat\",\"Lucas Ruiz\",\"Pacifico\",\"Rodrigo Gerhardt\"],\"articleSection\":[\"Slide\",\"U19\"],\"inLanguage\":\"es\"},{\"@type\":\"WebPage\",\"@id\":\"https:\\\/\\\/gentedebasquet.com.ar\\\/sitio\\\/2014\\\/11\\\/29\\\/richeza-ofensiva\\\/\",\"url\":\"https:\\\/\\\/gentedebasquet.com.ar\\\/sitio\\\/2014\\\/11\\\/29\\\/richeza-ofensiva\\\/\",\"name\":\"Richeza ofensiva - Gente de B\u00e1squet\",\"isPartOf\":{\"@id\":\"https:\\\/\\\/gentedebasquet.com.ar\\\/sitio\\\/#website\"},\"primaryImageOfPage\":{\"@id\":\"https:\\\/\\\/gentedebasquet.com.ar\\\/sitio\\\/2014\\\/11\\\/29\\\/richeza-ofensiva\\\/#primaryimage\"},\"image\":{\"@id\":\"https:\\\/\\\/gentedebasquet.com.ar\\\/sitio\\\/2014\\\/11\\\/29\\\/richeza-ofensiva\\\/#primaryimage\"},\"thumbnailUrl\":\"https:\\\/\\\/gentedebasquet.com.ar\\\/sitio\\\/wp-content\\\/uploads\\\/2014\\\/11\\\/10836640_10201661743304584_2002385624_n.jpg\",\"datePublished\":\"2014-11-30T02:20:32+00:00\",\"author\":{\"@id\":\"https:\\\/\\\/gentedebasquet.com.ar\\\/sitio\\\/#\\\/schema\\\/person\\\/ca0b63bbb977369988a7bbbdc519943a\"},\"breadcrumb\":{\"@id\":\"https:\\\/\\\/gentedebasquet.com.ar\\\/sitio\\\/2014\\\/11\\\/29\\\/richeza-ofensiva\\\/#breadcrumb\"},\"inLanguage\":\"es\",\"potentialAction\":[{\"@type\":\"ReadAction\",\"target\":[\"https:\\\/\\\/gentedebasquet.com.ar\\\/sitio\\\/2014\\\/11\\\/29\\\/richeza-ofensiva\\\/\"]}]},{\"@type\":\"ImageObject\",\"inLanguage\":\"es\",\"@id\":\"https:\\\/\\\/gentedebasquet.com.ar\\\/sitio\\\/2014\\\/11\\\/29\\\/richeza-ofensiva\\\/#primaryimage\",\"url\":\"https:\\\/\\\/gentedebasquet.com.ar\\\/sitio\\\/wp-content\\\/uploads\\\/2014\\\/11\\\/10836640_10201661743304584_2002385624_n.jpg\",\"contentUrl\":\"https:\\\/\\\/gentedebasquet.com.ar\\\/sitio\\\/wp-content\\\/uploads\\\/2014\\\/11\\\/10836640_10201661743304584_2002385624_n.jpg\",\"width\":690,\"height\":319},{\"@type\":\"BreadcrumbList\",\"@id\":\"https:\\\/\\\/gentedebasquet.com.ar\\\/sitio\\\/2014\\\/11\\\/29\\\/richeza-ofensiva\\\/#breadcrumb\",\"itemListElement\":[{\"@type\":\"ListItem\",\"position\":1,\"name\":\"Portada\",\"item\":\"https:\\\/\\\/gentedebasquet.com.ar\\\/sitio\\\/\"},{\"@type\":\"ListItem\",\"position\":2,\"name\":\"Richeza ofensiva\"}]},{\"@type\":\"WebSite\",\"@id\":\"https:\\\/\\\/gentedebasquet.com.ar\\\/sitio\\\/#website\",\"url\":\"https:\\\/\\\/gentedebasquet.com.ar\\\/sitio\\\/\",\"name\":\"Gente de B\u00e1squet\",\"description\":\"La revista del basquet de Bah\u00eda Blanca\",\"potentialAction\":[{\"@type\":\"SearchAction\",\"target\":{\"@type\":\"EntryPoint\",\"urlTemplate\":\"https:\\\/\\\/gentedebasquet.com.ar\\\/sitio\\\/?s={search_term_string}\"},\"query-input\":{\"@type\":\"PropertyValueSpecification\",\"valueRequired\":true,\"valueName\":\"search_term_string\"}}],\"inLanguage\":\"es\"},{\"@type\":\"Person\",\"@id\":\"https:\\\/\\\/gentedebasquet.com.ar\\\/sitio\\\/#\\\/schema\\\/person\\\/ca0b63bbb977369988a7bbbdc519943a\",\"name\":\"Gente de B\u00e1squet\",\"image\":{\"@type\":\"ImageObject\",\"inLanguage\":\"es\",\"@id\":\"https:\\\/\\\/secure.gravatar.com\\\/avatar\\\/7f2c48bdc33b30088f941fb6082e555f2874c98e20cb159d7b92b50eadfce793?s=96&d=mm&r=g\",\"url\":\"https:\\\/\\\/secure.gravatar.com\\\/avatar\\\/7f2c48bdc33b30088f941fb6082e555f2874c98e20cb159d7b92b50eadfce793?s=96&d=mm&r=g\",\"contentUrl\":\"https:\\\/\\\/secure.gravatar.com\\\/avatar\\\/7f2c48bdc33b30088f941fb6082e555f2874c98e20cb159d7b92b50eadfce793?s=96&d=mm&r=g\",\"caption\":\"Gente de B\u00e1squet\"},\"sameAs\":[\"http:\\\/\\\/gentedebasquet.com.ar\\\/sitio\"],\"url\":\"https:\\\/\\\/gentedebasquet.com.ar\\\/sitio\\\/author\\\/ulises\\\/\"}]}<\/script>\n<!-- \/ Yoast SEO plugin. -->","yoast_head_json":{"title":"Richeza ofensiva - Gente de B\u00e1squet","robots":{"index":"index","follow":"follow","max-snippet":"max-snippet:-1","max-image-preview":"max-image-preview:large","max-video-preview":"max-video-preview:-1"},"canonical":"https:\/\/gentedebasquet.com.ar\/sitio\/2014\/11\/29\/richeza-ofensiva\/","og_locale":"es_ES","og_type":"article","og_title":"Richeza ofensiva - Gente de B\u00e1squet","og_description":"Con un triple doble de Richat, Bahiense vapule\u00f3 a Pac\u00edfico en U19: 97 a 39","og_url":"https:\/\/gentedebasquet.com.ar\/sitio\/2014\/11\/29\/richeza-ofensiva\/","og_site_name":"Gente de B\u00e1squet","article_published_time":"2014-11-30T02:20:32+00:00","og_image":[{"width":690,"height":319,"url":"https:\/\/gentedebasquet.com.ar\/sitio\/wp-content\/uploads\/2014\/11\/10836640_10201661743304584_2002385624_n.jpg","type":"image\/jpeg"}],"author":"Gente de B\u00e1squet","twitter_card":"summary_large_image","twitter_misc":{"Escrito por":"Gente de B\u00e1squet","Tiempo de lectura":"2 minutos"},"schema":{"@context":"https:\/\/schema.org","@graph":[{"@type":"Article","@id":"https:\/\/gentedebasquet.com.ar\/sitio\/2014\/11\/29\/richeza-ofensiva\/#article","isPartOf":{"@id":"https:\/\/gentedebasquet.com.ar\/sitio\/2014\/11\/29\/richeza-ofensiva\/"},"author":{"name":"Gente de B\u00e1squet","@id":"https:\/\/gentedebasquet.com.ar\/sitio\/#\/schema\/person\/ca0b63bbb977369988a7bbbdc519943a"},"headline":"Richeza ofensiva","datePublished":"2014-11-30T02:20:32+00:00","mainEntityOfPage":{"@id":"https:\/\/gentedebasquet.com.ar\/sitio\/2014\/11\/29\/richeza-ofensiva\/"},"wordCount":374,"image":{"@id":"https:\/\/gentedebasquet.com.ar\/sitio\/2014\/11\/29\/richeza-ofensiva\/#primaryimage"},"thumbnailUrl":"https:\/\/gentedebasquet.com.ar\/sitio\/wp-content\/uploads\/2014\/11\/10836640_10201661743304584_2002385624_n.jpg","keywords":["Bahiense Del Norte","juan manuel richat","Lucas Ruiz","Pacifico","Rodrigo Gerhardt"],"articleSection":["Slide","U19"],"inLanguage":"es"},{"@type":"WebPage","@id":"https:\/\/gentedebasquet.com.ar\/sitio\/2014\/11\/29\/richeza-ofensiva\/","url":"https:\/\/gentedebasquet.com.ar\/sitio\/2014\/11\/29\/richeza-ofensiva\/","name":"Richeza ofensiva - Gente de B\u00e1squet","isPartOf":{"@id":"https:\/\/gentedebasquet.com.ar\/sitio\/#website"},"primaryImageOfPage":{"@id":"https:\/\/gentedebasquet.com.ar\/sitio\/2014\/11\/29\/richeza-ofensiva\/#primaryimage"},"image":{"@id":"https:\/\/gentedebasquet.com.ar\/sitio\/2014\/11\/29\/richeza-ofensiva\/#primaryimage"},"thumbnailUrl":"https:\/\/gentedebasquet.com.ar\/sitio\/wp-content\/uploads\/2014\/11\/10836640_10201661743304584_2002385624_n.jpg","datePublished":"2014-11-30T02:20:32+00:00","author":{"@id":"https:\/\/gentedebasquet.com.ar\/sitio\/#\/schema\/person\/ca0b63bbb977369988a7bbbdc519943a"},"breadcrumb":{"@id":"https:\/\/gentedebasquet.com.ar\/sitio\/2014\/11\/29\/richeza-ofensiva\/#breadcrumb"},"inLanguage":"es","potentialAction":[{"@type":"ReadAction","target":["https:\/\/gentedebasquet.com.ar\/sitio\/2014\/11\/29\/richeza-ofensiva\/"]}]},{"@type":"ImageObject","inLanguage":"es","@id":"https:\/\/gentedebasquet.com.ar\/sitio\/2014\/11\/29\/richeza-ofensiva\/#primaryimage","url":"https:\/\/gentedebasquet.com.ar\/sitio\/wp-content\/uploads\/2014\/11\/10836640_10201661743304584_2002385624_n.jpg","contentUrl":"https:\/\/gentedebasquet.com.ar\/sitio\/wp-content\/uploads\/2014\/11\/10836640_10201661743304584_2002385624_n.jpg","width":690,"height":319},{"@type":"BreadcrumbList","@id":"https:\/\/gentedebasquet.com.ar\/sitio\/2014\/11\/29\/richeza-ofensiva\/#breadcrumb","itemListElement":[{"@type":"ListItem","position":1,"name":"Portada","item":"https:\/\/gentedebasquet.com.ar\/sitio\/"},{"@type":"ListItem","position":2,"name":"Richeza ofensiva"}]},{"@type":"WebSite","@id":"https:\/\/gentedebasquet.com.ar\/sitio\/#website","url":"https:\/\/gentedebasquet.com.ar\/sitio\/","name":"Gente de B\u00e1squet","description":"La revista del basquet de Bah\u00eda Blanca","potentialAction":[{"@type":"SearchAction","target":{"@type":"EntryPoint","urlTemplate":"https:\/\/gentedebasquet.com.ar\/sitio\/?s={search_term_string}"},"query-input":{"@type":"PropertyValueSpecification","valueRequired":true,"valueName":"search_term_string"}}],"inLanguage":"es"},{"@type":"Person","@id":"https:\/\/gentedebasquet.com.ar\/sitio\/#\/schema\/person\/ca0b63bbb977369988a7bbbdc519943a","name":"Gente de B\u00e1squet","image":{"@type":"ImageObject","inLanguage":"es","@id":"https:\/\/secure.gravatar.com\/avatar\/7f2c48bdc33b30088f941fb6082e555f2874c98e20cb159d7b92b50eadfce793?s=96&d=mm&r=g","url":"https:\/\/secure.gravatar.com\/avatar\/7f2c48bdc33b30088f941fb6082e555f2874c98e20cb159d7b92b50eadfce793?s=96&d=mm&r=g","contentUrl":"https:\/\/secure.gravatar.com\/avatar\/7f2c48bdc33b30088f941fb6082e555f2874c98e20cb159d7b92b50eadfce793?s=96&d=mm&r=g","caption":"Gente de B\u00e1squet"},"sameAs":["http:\/\/gentedebasquet.com.ar\/sitio"],"url":"https:\/\/gentedebasquet.com.ar\/sitio\/author\/ulises\/"}]}},"_links":{"self":[{"href":"https:\/\/gentedebasquet.com.ar\/sitio\/wp-json\/wp\/v2\/posts\/41030","targetHints":{"allow":["GET"]}}],"collection":[{"href":"https:\/\/gentedebasquet.com.ar\/sitio\/wp-json\/wp\/v2\/posts"}],"about":[{"href":"https:\/\/gentedebasquet.com.ar\/sitio\/wp-json\/wp\/v2\/types\/post"}],"author":[{"embeddable":true,"href":"https:\/\/gentedebasquet.com.ar\/sitio\/wp-json\/wp\/v2\/users\/1"}],"replies":[{"embeddable":true,"href":"https:\/\/gentedebasquet.com.ar\/sitio\/wp-json\/wp\/v2\/comments?post=41030"}],"version-history":[{"count":0,"href":"https:\/\/gentedebasquet.com.ar\/sitio\/wp-json\/wp\/v2\/posts\/41030\/revisions"}],"wp:featuredmedia":[{"embeddable":true,"href":"https:\/\/gentedebasquet.com.ar\/sitio\/wp-json\/wp\/v2\/media\/41031"}],"wp:attachment":[{"href":"https:\/\/gentedebasquet.com.ar\/sitio\/wp-json\/wp\/v2\/media?parent=41030"}],"wp:term":[{"taxonomy":"category","embeddable":true,"href":"https:\/\/gentedebasquet.com.ar\/sitio\/wp-json\/wp\/v2\/categories?post=41030"},{"taxonomy":"post_tag","embeddable":true,"href":"https:\/\/gentedebasquet.com.ar\/sitio\/wp-json\/wp\/v2\/tags?post=41030"}],"curies":[{"name":"wp","href":"https:\/\/api.w.org\/{rel}","templated":true}]}}