{"id":41346,"date":"2014-12-10T01:27:03","date_gmt":"2014-12-10T04:27:03","guid":{"rendered":"http:\/\/www.gentedebasquet.com.ar\/?p=41346"},"modified":"2014-12-10T01:27:03","modified_gmt":"2014-12-10T04:27:03","slug":"vamo-vamo-los-pibes","status":"publish","type":"post","link":"https:\/\/gentedebasquet.com.ar\/sitio\/2014\/12\/10\/vamo-vamo-los-pibes\/","title":{"rendered":"Vamo&#8217;, vamo&#8217; los pibes"},"content":{"rendered":"<p><strong>La Liga de Desarrollo tiene como objetivo ampliar la base y desarrollar jugadores. Se jugar\u00e1 en simult\u00e1neo desde la 2\u00aa fase de la Liga Nacional y como partidos preliminares. Participaron de la reuni\u00f3n Fabi\u00e1n Borro, Presidente de la AdC, Nicol\u00e1s Casal\u00e1nguida, DT de Regatas, el \u00e1rbitro Pablo Est\u00e9vez y entrenadores de los 18 equipos. Por Bah\u00eda Basket particip\u00f3 Mauro Polla.\u00a0<\/strong><\/p>\n<p>En el encuentro de este martes, en el que se pulieron los temas referidos al sistema de competici\u00f3n de la nueva Liga, abund\u00f3 el positivismo y no se tard\u00f3 en llegar a los distintos acuerdos\u00a0entre los representantes de los clubes, quienes claramente buscan lo mejor para sus j\u00f3venes jugadores.<\/p>\n<p>La\u00a0Liga de Desarrollo\u00a0tiene como objetivos, precisamente,\u00a0incentivar la formaci\u00f3n de los j\u00f3venes\u00a0en un marco de disciplina, buena conducta y h\u00e1bitos serios de trabajo, generando una relaci\u00f3n respetuosa entre todos los integrantes de la competencia, que repercutir\u00e1 a futuro en un mejor desarrollo de la Liga Nacional y la Selecci\u00f3n Argentina.<\/p>\n<p>Adem\u00e1s, servir\u00e1 como medio para\u00a0educar deportivamente a los jugadores j\u00f3venes\u00a0y guiarlos en su introducci\u00f3n al profesionalismo.<\/p>\n<p>En cuanto a los\u00a0tiempos de juego, se decidi\u00f3 que la Liga de Desarrollo se jugar\u00e1 en simult\u00e1neo con la segunda fase de la Liga Nacional y durante los meses de receso escolar, para que los jugadores no pierdan d\u00edas de escuela.<\/p>\n<p>Adem\u00e1s, antes de iniciar la competencia, los jugadores deber\u00e1n\u00a0firmar una carta en la que se comprometer\u00e1n a generar buenos h\u00e1bitos\u00a0disciplinarios.<\/p>\n<p>Se decidi\u00f3 tambi\u00e9n que el\u00a0horario y d\u00eda de juego\u00a0sea el de tres horas antes de los partidos de LNB. Y con respecto a la\u00a0conformaci\u00f3n de los equipos, consistir\u00e1n en un m\u00ednimo de ocho (8) jugadores menores de 23 a\u00f1os &#8211; y como m\u00e1ximo nacidos en el a\u00f1o 2000 -, en los que el l\u00edmite de jugadores categor\u00eda Sub 23 ser\u00e1 de tres cupos.<\/p>\n<p>Adem\u00e1s, durante la etapa previa al Final Four y en los partidos en condici\u00f3n de visitante se aceptar\u00e1 la conformaci\u00f3n con seis (6) jugadores menores + dos (2) jugadores menores invitados de la ciudad o regi\u00f3n visitada.<\/p>\n<p>Como\u00a0conclusi\u00f3n final, el nuevo proyecto de la AdC tratar\u00e1 de transmitir mensaje homog\u00e9neo en cuanto a los objetivos:<\/p>\n<p>-Formaci\u00f3n de jugadores.<br \/>\n-Introducci\u00f3n al profesionalismo<br \/>\n-Disciplina<br \/>\n-Conducta y h\u00e1bitos serios de trabajo<br \/>\n-Inculcar el respeto a los \u00e1rbitros, dirigentes, p\u00fablico, prensa.<\/p>\n<p>Asistieron:\u00a0Fabi\u00e1n Borro (Presidente AdC), Pablo Est\u00e9vez (\u00c1rbitro), Nicol\u00e1s Casal\u00e1nguida (Regatas), Marcelo Travnik (Obras), Juan Gatti (Pe\u00f1arol), Mart\u00edn Villagr\u00e1n (Gimnasia de Comodoro), Germ\u00e1n Intonio (Lan\u00fas), Marcelo Alsino (Argentino), Federico Fern\u00e1ndez (Ciclista), Gonzalo G\u00f3mez (Pe\u00f1arol), Gustavo Rossotio (Atenas), Herman Mandole (Ol\u00edmpico), Santiago Vesco (Sionista), Manuel Gelpi (Quilmes), Mariano Rodr\u00edguez (Quilmes), <strong>Mauro Polla (Bah\u00eda Basket)<\/strong>, Javier Iecovini (Libertad), Juli\u00e1n Pagura (Ciclista), Daniel Cavo (La Uni\u00f3n).<\/p>\n<blockquote class=\"twitter-tweet\" lang=\"es\"><p>Productiva y muy concurrida (15 de 18) reuni\u00f3n de la Liga de Desarrollo. Entusiasmado!!<\/p>\n<p>\u2014 Mauro Polla (@MauroPolla) <a href=\"https:\/\/twitter.com\/MauroPolla\/status\/542366978552242179\">diciembre 9, 2014<\/a><\/p><\/blockquote>\n<p>&nbsp;<\/p>\n<p><strong>Fuente:<\/strong> Prensa LNB.<\/p>\n","protected":false},"excerpt":{"rendered":"<p>Se oficializ\u00f3 la disputa de la Liga de Desarrollo en el marco de la LNB <\/p>\n","protected":false},"author":1,"featured_media":41347,"comment_status":"closed","ping_status":"open","sticky":false,"template":"","format":"standard","meta":{"jnews-multi-image_gallery":[],"jnews_single_post":[],"jnews_primary_category":[],"footnotes":""},"categories":[57,39],"tags":[58,364,78,561],"class_list":["post-41346","post","type-post","status-publish","format-standard","has-post-thumbnail","hentry","category-bahia-basket","category-nacional","tag-bahiabasket","tag-ldd","tag-lnb","tag-mauro-polla"],"yoast_head":"<!-- This site is optimized with the Yoast SEO plugin v27.5 - https:\/\/yoast.com\/product\/yoast-seo-wordpress\/ -->\n<title>Vamo&#039;, vamo&#039; los pibes - Gente de B\u00e1squet<\/title>\n<meta name=\"robots\" content=\"index, follow, max-snippet:-1, max-image-preview:large, max-video-preview:-1\" \/>\n<link rel=\"canonical\" href=\"http:\/\/gentedebasquet.com.ar\/sitio\/2014\/12\/10\/vamo-vamo-los-pibes\/\" \/>\n<meta property=\"og:locale\" content=\"es_ES\" \/>\n<meta property=\"og:type\" content=\"article\" \/>\n<meta property=\"og:title\" content=\"Vamo&#039;, vamo&#039; los pibes - Gente de B\u00e1squet\" \/>\n<meta property=\"og:description\" content=\"Se oficializ\u00f3 la disputa de la Liga de Desarrollo en el marco de la LNB\" \/>\n<meta property=\"og:url\" content=\"http:\/\/gentedebasquet.com.ar\/sitio\/2014\/12\/10\/vamo-vamo-los-pibes\/\" \/>\n<meta property=\"og:site_name\" content=\"Gente de B\u00e1squet\" \/>\n<meta property=\"article:published_time\" content=\"2014-12-10T04:27:03+00:00\" \/>\n<meta property=\"og:image\" content=\"http:\/\/gentedebasquet.com.ar\/sitio\/wp-content\/uploads\/2014\/12\/Liga-de-Desarrollo.jpg\" \/>\n\t<meta property=\"og:image:width\" content=\"300\" \/>\n\t<meta property=\"og:image:height\" content=\"226\" \/>\n\t<meta property=\"og:image:type\" content=\"image\/jpeg\" \/>\n<meta name=\"author\" content=\"Gente de B\u00e1squet\" \/>\n<meta name=\"twitter:card\" content=\"summary_large_image\" \/>\n<meta name=\"twitter:label1\" content=\"Escrito por\" \/>\n\t<meta name=\"twitter:data1\" content=\"Gente de B\u00e1squet\" \/>\n\t<meta name=\"twitter:label2\" content=\"Tiempo de lectura\" \/>\n\t<meta name=\"twitter:data2\" content=\"3 minutos\" \/>\n<script type=\"application\/ld+json\" class=\"yoast-schema-graph\">{\"@context\":\"https:\\\/\\\/schema.org\",\"@graph\":[{\"@type\":\"Article\",\"@id\":\"http:\\\/\\\/gentedebasquet.com.ar\\\/sitio\\\/2014\\\/12\\\/10\\\/vamo-vamo-los-pibes\\\/#article\",\"isPartOf\":{\"@id\":\"http:\\\/\\\/gentedebasquet.com.ar\\\/sitio\\\/2014\\\/12\\\/10\\\/vamo-vamo-los-pibes\\\/\"},\"author\":{\"name\":\"Gente de B\u00e1squet\",\"@id\":\"https:\\\/\\\/gentedebasquet.com.ar\\\/sitio\\\/#\\\/schema\\\/person\\\/ca0b63bbb977369988a7bbbdc519943a\"},\"headline\":\"Vamo&#8217;, vamo&#8217; los pibes\",\"datePublished\":\"2014-12-10T04:27:03+00:00\",\"mainEntityOfPage\":{\"@id\":\"http:\\\/\\\/gentedebasquet.com.ar\\\/sitio\\\/2014\\\/12\\\/10\\\/vamo-vamo-los-pibes\\\/\"},\"wordCount\":528,\"image\":{\"@id\":\"http:\\\/\\\/gentedebasquet.com.ar\\\/sitio\\\/2014\\\/12\\\/10\\\/vamo-vamo-los-pibes\\\/#primaryimage\"},\"thumbnailUrl\":\"https:\\\/\\\/gentedebasquet.com.ar\\\/sitio\\\/wp-content\\\/uploads\\\/2014\\\/12\\\/Liga-de-Desarrollo.jpg\",\"keywords\":[\"Bah\u00eda Basket\",\"LDD\",\"LNB\",\"Mauro Polla\"],\"articleSection\":[\"Bah\u00eda Basket\",\"Nacional\"],\"inLanguage\":\"es\"},{\"@type\":\"WebPage\",\"@id\":\"http:\\\/\\\/gentedebasquet.com.ar\\\/sitio\\\/2014\\\/12\\\/10\\\/vamo-vamo-los-pibes\\\/\",\"url\":\"http:\\\/\\\/gentedebasquet.com.ar\\\/sitio\\\/2014\\\/12\\\/10\\\/vamo-vamo-los-pibes\\\/\",\"name\":\"Vamo', vamo' los pibes - Gente de B\u00e1squet\",\"isPartOf\":{\"@id\":\"https:\\\/\\\/gentedebasquet.com.ar\\\/sitio\\\/#website\"},\"primaryImageOfPage\":{\"@id\":\"http:\\\/\\\/gentedebasquet.com.ar\\\/sitio\\\/2014\\\/12\\\/10\\\/vamo-vamo-los-pibes\\\/#primaryimage\"},\"image\":{\"@id\":\"http:\\\/\\\/gentedebasquet.com.ar\\\/sitio\\\/2014\\\/12\\\/10\\\/vamo-vamo-los-pibes\\\/#primaryimage\"},\"thumbnailUrl\":\"https:\\\/\\\/gentedebasquet.com.ar\\\/sitio\\\/wp-content\\\/uploads\\\/2014\\\/12\\\/Liga-de-Desarrollo.jpg\",\"datePublished\":\"2014-12-10T04:27:03+00:00\",\"author\":{\"@id\":\"https:\\\/\\\/gentedebasquet.com.ar\\\/sitio\\\/#\\\/schema\\\/person\\\/ca0b63bbb977369988a7bbbdc519943a\"},\"breadcrumb\":{\"@id\":\"http:\\\/\\\/gentedebasquet.com.ar\\\/sitio\\\/2014\\\/12\\\/10\\\/vamo-vamo-los-pibes\\\/#breadcrumb\"},\"inLanguage\":\"es\",\"potentialAction\":[{\"@type\":\"ReadAction\",\"target\":[\"http:\\\/\\\/gentedebasquet.com.ar\\\/sitio\\\/2014\\\/12\\\/10\\\/vamo-vamo-los-pibes\\\/\"]}]},{\"@type\":\"ImageObject\",\"inLanguage\":\"es\",\"@id\":\"http:\\\/\\\/gentedebasquet.com.ar\\\/sitio\\\/2014\\\/12\\\/10\\\/vamo-vamo-los-pibes\\\/#primaryimage\",\"url\":\"https:\\\/\\\/gentedebasquet.com.ar\\\/sitio\\\/wp-content\\\/uploads\\\/2014\\\/12\\\/Liga-de-Desarrollo.jpg\",\"contentUrl\":\"https:\\\/\\\/gentedebasquet.com.ar\\\/sitio\\\/wp-content\\\/uploads\\\/2014\\\/12\\\/Liga-de-Desarrollo.jpg\",\"width\":300,\"height\":226},{\"@type\":\"BreadcrumbList\",\"@id\":\"http:\\\/\\\/gentedebasquet.com.ar\\\/sitio\\\/2014\\\/12\\\/10\\\/vamo-vamo-los-pibes\\\/#breadcrumb\",\"itemListElement\":[{\"@type\":\"ListItem\",\"position\":1,\"name\":\"Portada\",\"item\":\"https:\\\/\\\/gentedebasquet.com.ar\\\/sitio\\\/\"},{\"@type\":\"ListItem\",\"position\":2,\"name\":\"Vamo&#8217;, vamo&#8217; los pibes\"}]},{\"@type\":\"WebSite\",\"@id\":\"https:\\\/\\\/gentedebasquet.com.ar\\\/sitio\\\/#website\",\"url\":\"https:\\\/\\\/gentedebasquet.com.ar\\\/sitio\\\/\",\"name\":\"Gente de B\u00e1squet\",\"description\":\"La revista del basquet de Bah\u00eda Blanca\",\"potentialAction\":[{\"@type\":\"SearchAction\",\"target\":{\"@type\":\"EntryPoint\",\"urlTemplate\":\"https:\\\/\\\/gentedebasquet.com.ar\\\/sitio\\\/?s={search_term_string}\"},\"query-input\":{\"@type\":\"PropertyValueSpecification\",\"valueRequired\":true,\"valueName\":\"search_term_string\"}}],\"inLanguage\":\"es\"},{\"@type\":\"Person\",\"@id\":\"https:\\\/\\\/gentedebasquet.com.ar\\\/sitio\\\/#\\\/schema\\\/person\\\/ca0b63bbb977369988a7bbbdc519943a\",\"name\":\"Gente de B\u00e1squet\",\"image\":{\"@type\":\"ImageObject\",\"inLanguage\":\"es\",\"@id\":\"https:\\\/\\\/secure.gravatar.com\\\/avatar\\\/7f2c48bdc33b30088f941fb6082e555f2874c98e20cb159d7b92b50eadfce793?s=96&d=mm&r=g\",\"url\":\"https:\\\/\\\/secure.gravatar.com\\\/avatar\\\/7f2c48bdc33b30088f941fb6082e555f2874c98e20cb159d7b92b50eadfce793?s=96&d=mm&r=g\",\"contentUrl\":\"https:\\\/\\\/secure.gravatar.com\\\/avatar\\\/7f2c48bdc33b30088f941fb6082e555f2874c98e20cb159d7b92b50eadfce793?s=96&d=mm&r=g\",\"caption\":\"Gente de B\u00e1squet\"},\"sameAs\":[\"http:\\\/\\\/gentedebasquet.com.ar\\\/sitio\"],\"url\":\"https:\\\/\\\/gentedebasquet.com.ar\\\/sitio\\\/author\\\/ulises\\\/\"}]}<\/script>\n<!-- \/ Yoast SEO plugin. -->","yoast_head_json":{"title":"Vamo', vamo' los pibes - Gente de B\u00e1squet","robots":{"index":"index","follow":"follow","max-snippet":"max-snippet:-1","max-image-preview":"max-image-preview:large","max-video-preview":"max-video-preview:-1"},"canonical":"http:\/\/gentedebasquet.com.ar\/sitio\/2014\/12\/10\/vamo-vamo-los-pibes\/","og_locale":"es_ES","og_type":"article","og_title":"Vamo', vamo' los pibes - Gente de B\u00e1squet","og_description":"Se oficializ\u00f3 la disputa de la Liga de Desarrollo en el marco de la LNB","og_url":"http:\/\/gentedebasquet.com.ar\/sitio\/2014\/12\/10\/vamo-vamo-los-pibes\/","og_site_name":"Gente de B\u00e1squet","article_published_time":"2014-12-10T04:27:03+00:00","og_image":[{"width":300,"height":226,"url":"http:\/\/gentedebasquet.com.ar\/sitio\/wp-content\/uploads\/2014\/12\/Liga-de-Desarrollo.jpg","type":"image\/jpeg"}],"author":"Gente de B\u00e1squet","twitter_card":"summary_large_image","twitter_misc":{"Escrito por":"Gente de B\u00e1squet","Tiempo de lectura":"3 minutos"},"schema":{"@context":"https:\/\/schema.org","@graph":[{"@type":"Article","@id":"http:\/\/gentedebasquet.com.ar\/sitio\/2014\/12\/10\/vamo-vamo-los-pibes\/#article","isPartOf":{"@id":"http:\/\/gentedebasquet.com.ar\/sitio\/2014\/12\/10\/vamo-vamo-los-pibes\/"},"author":{"name":"Gente de B\u00e1squet","@id":"https:\/\/gentedebasquet.com.ar\/sitio\/#\/schema\/person\/ca0b63bbb977369988a7bbbdc519943a"},"headline":"Vamo&#8217;, vamo&#8217; los pibes","datePublished":"2014-12-10T04:27:03+00:00","mainEntityOfPage":{"@id":"http:\/\/gentedebasquet.com.ar\/sitio\/2014\/12\/10\/vamo-vamo-los-pibes\/"},"wordCount":528,"image":{"@id":"http:\/\/gentedebasquet.com.ar\/sitio\/2014\/12\/10\/vamo-vamo-los-pibes\/#primaryimage"},"thumbnailUrl":"https:\/\/gentedebasquet.com.ar\/sitio\/wp-content\/uploads\/2014\/12\/Liga-de-Desarrollo.jpg","keywords":["Bah\u00eda Basket","LDD","LNB","Mauro Polla"],"articleSection":["Bah\u00eda Basket","Nacional"],"inLanguage":"es"},{"@type":"WebPage","@id":"http:\/\/gentedebasquet.com.ar\/sitio\/2014\/12\/10\/vamo-vamo-los-pibes\/","url":"http:\/\/gentedebasquet.com.ar\/sitio\/2014\/12\/10\/vamo-vamo-los-pibes\/","name":"Vamo', vamo' los pibes - Gente de B\u00e1squet","isPartOf":{"@id":"https:\/\/gentedebasquet.com.ar\/sitio\/#website"},"primaryImageOfPage":{"@id":"http:\/\/gentedebasquet.com.ar\/sitio\/2014\/12\/10\/vamo-vamo-los-pibes\/#primaryimage"},"image":{"@id":"http:\/\/gentedebasquet.com.ar\/sitio\/2014\/12\/10\/vamo-vamo-los-pibes\/#primaryimage"},"thumbnailUrl":"https:\/\/gentedebasquet.com.ar\/sitio\/wp-content\/uploads\/2014\/12\/Liga-de-Desarrollo.jpg","datePublished":"2014-12-10T04:27:03+00:00","author":{"@id":"https:\/\/gentedebasquet.com.ar\/sitio\/#\/schema\/person\/ca0b63bbb977369988a7bbbdc519943a"},"breadcrumb":{"@id":"http:\/\/gentedebasquet.com.ar\/sitio\/2014\/12\/10\/vamo-vamo-los-pibes\/#breadcrumb"},"inLanguage":"es","potentialAction":[{"@type":"ReadAction","target":["http:\/\/gentedebasquet.com.ar\/sitio\/2014\/12\/10\/vamo-vamo-los-pibes\/"]}]},{"@type":"ImageObject","inLanguage":"es","@id":"http:\/\/gentedebasquet.com.ar\/sitio\/2014\/12\/10\/vamo-vamo-los-pibes\/#primaryimage","url":"https:\/\/gentedebasquet.com.ar\/sitio\/wp-content\/uploads\/2014\/12\/Liga-de-Desarrollo.jpg","contentUrl":"https:\/\/gentedebasquet.com.ar\/sitio\/wp-content\/uploads\/2014\/12\/Liga-de-Desarrollo.jpg","width":300,"height":226},{"@type":"BreadcrumbList","@id":"http:\/\/gentedebasquet.com.ar\/sitio\/2014\/12\/10\/vamo-vamo-los-pibes\/#breadcrumb","itemListElement":[{"@type":"ListItem","position":1,"name":"Portada","item":"https:\/\/gentedebasquet.com.ar\/sitio\/"},{"@type":"ListItem","position":2,"name":"Vamo&#8217;, vamo&#8217; los pibes"}]},{"@type":"WebSite","@id":"https:\/\/gentedebasquet.com.ar\/sitio\/#website","url":"https:\/\/gentedebasquet.com.ar\/sitio\/","name":"Gente de B\u00e1squet","description":"La revista del basquet de Bah\u00eda Blanca","potentialAction":[{"@type":"SearchAction","target":{"@type":"EntryPoint","urlTemplate":"https:\/\/gentedebasquet.com.ar\/sitio\/?s={search_term_string}"},"query-input":{"@type":"PropertyValueSpecification","valueRequired":true,"valueName":"search_term_string"}}],"inLanguage":"es"},{"@type":"Person","@id":"https:\/\/gentedebasquet.com.ar\/sitio\/#\/schema\/person\/ca0b63bbb977369988a7bbbdc519943a","name":"Gente de B\u00e1squet","image":{"@type":"ImageObject","inLanguage":"es","@id":"https:\/\/secure.gravatar.com\/avatar\/7f2c48bdc33b30088f941fb6082e555f2874c98e20cb159d7b92b50eadfce793?s=96&d=mm&r=g","url":"https:\/\/secure.gravatar.com\/avatar\/7f2c48bdc33b30088f941fb6082e555f2874c98e20cb159d7b92b50eadfce793?s=96&d=mm&r=g","contentUrl":"https:\/\/secure.gravatar.com\/avatar\/7f2c48bdc33b30088f941fb6082e555f2874c98e20cb159d7b92b50eadfce793?s=96&d=mm&r=g","caption":"Gente de B\u00e1squet"},"sameAs":["http:\/\/gentedebasquet.com.ar\/sitio"],"url":"https:\/\/gentedebasquet.com.ar\/sitio\/author\/ulises\/"}]}},"_links":{"self":[{"href":"https:\/\/gentedebasquet.com.ar\/sitio\/wp-json\/wp\/v2\/posts\/41346","targetHints":{"allow":["GET"]}}],"collection":[{"href":"https:\/\/gentedebasquet.com.ar\/sitio\/wp-json\/wp\/v2\/posts"}],"about":[{"href":"https:\/\/gentedebasquet.com.ar\/sitio\/wp-json\/wp\/v2\/types\/post"}],"author":[{"embeddable":true,"href":"https:\/\/gentedebasquet.com.ar\/sitio\/wp-json\/wp\/v2\/users\/1"}],"replies":[{"embeddable":true,"href":"https:\/\/gentedebasquet.com.ar\/sitio\/wp-json\/wp\/v2\/comments?post=41346"}],"version-history":[{"count":0,"href":"https:\/\/gentedebasquet.com.ar\/sitio\/wp-json\/wp\/v2\/posts\/41346\/revisions"}],"wp:featuredmedia":[{"embeddable":true,"href":"https:\/\/gentedebasquet.com.ar\/sitio\/wp-json\/wp\/v2\/media\/41347"}],"wp:attachment":[{"href":"https:\/\/gentedebasquet.com.ar\/sitio\/wp-json\/wp\/v2\/media?parent=41346"}],"wp:term":[{"taxonomy":"category","embeddable":true,"href":"https:\/\/gentedebasquet.com.ar\/sitio\/wp-json\/wp\/v2\/categories?post=41346"},{"taxonomy":"post_tag","embeddable":true,"href":"https:\/\/gentedebasquet.com.ar\/sitio\/wp-json\/wp\/v2\/tags?post=41346"}],"curies":[{"name":"wp","href":"https:\/\/api.w.org\/{rel}","templated":true}]}}