{"id":41488,"date":"2014-12-14T22:21:08","date_gmt":"2014-12-15T01:21:08","guid":{"rendered":"http:\/\/www.gentedebasquet.com.ar\/?p=41488"},"modified":"2014-12-14T22:21:08","modified_gmt":"2014-12-15T01:21:08","slug":"un-capitulo-mas","status":"publish","type":"post","link":"https:\/\/gentedebasquet.com.ar\/sitio\/2014\/12\/14\/un-capitulo-mas\/","title":{"rendered":"Un cap\u00edtulo m\u00e1s"},"content":{"rendered":"<p><b>La semifinal entre 9 de Julio y Barracas, en la primera divisi\u00f3n del femenino, tendr\u00e1 que definirse en El Bosque, porque \u201cNueve\u201d sac\u00f3 su amor propio en el \u00faltimo cuarto y revirti\u00f3 una historia que le era desfavorable. Guiada por el juego y el goleo de Ana Liz Carcas y la potencia bajo el aro de Ivana L\u00f3pez, el equipo de Deminicis forz\u00f3 la definici\u00f3n de la serie a un tercer partido luego de derrotar en el Damiani 41 a 37 a Barracas. En el local las m\u00e1s productivas fueron Carcas con 17 puntos y 11 rebotes e Ivana L\u00f3pez con 10 y 7. En la visita no fueron suficientes lo aportes de Ayel\u00e9n De La Puente (10), Daniela Civardi (9) y Johanna Scheffer (8). El tercer juego ser\u00e1 el martes a las 20:30.\u00a0<\/b><\/p>\n<p>Luego de un flojo tercer cuarto, a 9 de Julio parec\u00eda esfum\u00e1rsele el a\u00f1o, pero lejos de entregarse, apret\u00f3 los dientes y logr\u00f3 estirar la serie a su \u00faltimo partido. La paridad ofensiva predomin\u00f3 en el primer tiempo y las imprecisiones se adue\u00f1aron del segundo, y aunque el goleo fue bajo el partido no escatim\u00f3 en emociones. Julieta Ortiz sorprendi\u00f3 de arranque anotando con facilidad debajo del aro y as\u00ed Barracas inici\u00f3 de la mejor manera el segundo juego de la semifinal. Pero r\u00e1pidamente el local empard\u00f3 las acciones con buena circulaci\u00f3n de bal\u00f3n y paciencia en la ofensiva.<\/p>\n<p>En el amanecer del segundo cuarto una r\u00e1faga de cinco puntos, incluyendo un triple lejano de De La Puente, le dieron m\u00e1xima de 6 (16-10) a Barracas. Pero en un abrir y cerrar de ojos un parcial de 11 a 0 le dio el mando al equipo local, que defendi\u00f3 mejor y hac\u00eda circular la bola en ataque. Sin embargo un buen ingreso desde el banco de Scheffer (5) le devolvi\u00f3 la ventaja a las de Iturralde.<\/p>\n<p>En la vuelta al parquet el partido se volvi\u00f3 impreciso e ineficaz. Las p\u00e9rdidas entre ambos equipos sumaban 8 en m\u00e1s de 4 minutos y el primer doble, con bonus, lo hizo Carcas a 5m32s. Nueve pas\u00f3 al frente pero el reingreso de De La Puente le cambi\u00f3 la cara al visitante y le devolvi\u00f3 aquella lejana diferencia de 6 puntos (34-28).<\/p>\n<p>En el ep\u00edlogo se vio todo el amor propio de 9 de Julio y la peor versi\u00f3n de Barracas \u2013anot\u00f3 solo 3 puntos-. Carcas se carg\u00f3 el equipo al hombro y marc\u00f3 el camino al triunfo. Convirti\u00f3 y asisti\u00f3 para pasar al frente con un parcial de 8 a 0. Pero otra vez Scheffer entr\u00f3 para hacer reaccionar a sus compa\u00f1eras, aunque no fue suficiente, porque el Bosque cont\u00f3 con opciones ante errores del local (y hasta 3 tiros por falta sobre la propia Scheffer) para empatar el partido pero no las pudo capitalizar. Sobre el final Carcas habilit\u00f3 con un pase lejano a Lucanera que convirti\u00f3 para estampar el definitivo 41 a 37. Esta historia tendr\u00e1 un tercer cap\u00edtulo, mientras tanto el Viola espera rival.<\/p>\n<p><b><i><span style=\"text-decoration: underline;\">S\u00edntesis:<\/span><\/i><\/b><\/p>\n<p><b>9 de Julio 41:<\/b> Ana Liz Carcas 17, Nerina Franco 2, Bernarda Marcocci 0, Carolina Arr\u00f3 2, Ivana L\u00f3pez 10 (FI) Florencia Gorriti 6, Nancy Elizondo 0, Magdalena Gorriti 0, Lucia Lucanera 4. DT: Luciano Deminicis.<\/p>\n<p><b>Barracas 37:<\/b> Ayel\u00e9n De La Puente 10, Julieta Ortiz 4, Maribel Gal\u00e9 0, Florencia Arias 0, Daniela Civardi 9 (FI) Mariana Arias 0, Micaela Puthod 0, Vanina Eguren 0, Johanna Scheffer 8, Antonela Zabala 2, Georgina Fornetti 0. DT: Juan Iturralde<\/p>\n<p><b>Parciales:<\/b> 10-11, 23-25 (13-14), 28-34 (5-9), 41-37 (13-3)<\/p>\n<p><b>\u00c1rbitros:<\/b> Lizandro Pardo \u2013 Ezequiel Weinbender.<\/p>\n<p><b>\u00a0Estadio:<\/b> N\u00e9stor Damiani (9 de Julio)<\/p>\n<p><a href=\"https:\/\/docs.google.com\/spreadsheets\/d\/16w-tODYUvUC_QvelaYilRUDX2lnquC0FsERus7Nmmzc\/pubhtml\" target=\"_blank\" rel=\"noopener\">Ver planilla<\/a><\/p>\n<p><strong>Serie:<\/strong> 1-1.<\/p>\n","protected":false},"excerpt":{"rendered":"<p>\u00abNueve\u00bb estir\u00f3 la semi femenina: le gan\u00f3 a Barracas 41 a 37 y definir\u00e1n el martes<\/p>\n","protected":false},"author":1,"featured_media":41489,"comment_status":"closed","ping_status":"open","sticky":false,"template":"","format":"standard","meta":{"jnews-multi-image_gallery":[],"jnews_single_post":[],"jnews_primary_category":[],"footnotes":""},"categories":[33,526,101],"tags":[2,571,1047,333,913],"class_list":["post-41488","post","type-post","status-publish","format-standard","has-post-thumbnail","hentry","category-femenino","category-primera-femenino-2","category-slide","tag-9dejulio","tag-analiz-carcas","tag-ayelen-de-la-puente","tag-barracas","tag-ivana-lopez"],"yoast_head":"<!-- This site is optimized with the Yoast SEO plugin v27.4 - https:\/\/yoast.com\/product\/yoast-seo-wordpress\/ -->\n<title>Un cap\u00edtulo m\u00e1s - Gente de B\u00e1squet<\/title>\n<meta name=\"robots\" content=\"index, follow, max-snippet:-1, max-image-preview:large, max-video-preview:-1\" \/>\n<link rel=\"canonical\" href=\"https:\/\/gentedebasquet.com.ar\/sitio\/2014\/12\/14\/un-capitulo-mas\/\" \/>\n<meta property=\"og:locale\" content=\"es_ES\" \/>\n<meta property=\"og:type\" content=\"article\" \/>\n<meta property=\"og:title\" content=\"Un cap\u00edtulo m\u00e1s - Gente de B\u00e1squet\" \/>\n<meta property=\"og:description\" content=\"&quot;Nueve&quot; estir\u00f3 la semi femenina: le gan\u00f3 a Barracas 41 a 37 y definir\u00e1n el martes\" \/>\n<meta property=\"og:url\" content=\"https:\/\/gentedebasquet.com.ar\/sitio\/2014\/12\/14\/un-capitulo-mas\/\" \/>\n<meta property=\"og:site_name\" content=\"Gente de B\u00e1squet\" \/>\n<meta property=\"article:published_time\" content=\"2014-12-15T01:21:08+00:00\" \/>\n<meta property=\"og:image\" content=\"https:\/\/gentedebasquet.com.ar\/sitio\/wp-content\/uploads\/2014\/12\/9.jpg\" \/>\n\t<meta property=\"og:image:width\" content=\"690\" \/>\n\t<meta property=\"og:image:height\" content=\"319\" \/>\n\t<meta property=\"og:image:type\" content=\"image\/jpeg\" \/>\n<meta name=\"author\" content=\"Gente de B\u00e1squet\" \/>\n<meta name=\"twitter:card\" content=\"summary_large_image\" \/>\n<meta name=\"twitter:label1\" content=\"Escrito por\" \/>\n\t<meta name=\"twitter:data1\" content=\"Gente de B\u00e1squet\" \/>\n\t<meta name=\"twitter:label2\" content=\"Tiempo de lectura\" \/>\n\t<meta name=\"twitter:data2\" content=\"3 minutos\" \/>\n<script type=\"application\/ld+json\" class=\"yoast-schema-graph\">{\"@context\":\"https:\\\/\\\/schema.org\",\"@graph\":[{\"@type\":\"Article\",\"@id\":\"https:\\\/\\\/gentedebasquet.com.ar\\\/sitio\\\/2014\\\/12\\\/14\\\/un-capitulo-mas\\\/#article\",\"isPartOf\":{\"@id\":\"https:\\\/\\\/gentedebasquet.com.ar\\\/sitio\\\/2014\\\/12\\\/14\\\/un-capitulo-mas\\\/\"},\"author\":{\"name\":\"Gente de B\u00e1squet\",\"@id\":\"http:\\\/\\\/gentedebasquet.com.ar\\\/sitio\\\/#\\\/schema\\\/person\\\/ca0b63bbb977369988a7bbbdc519943a\"},\"headline\":\"Un cap\u00edtulo m\u00e1s\",\"datePublished\":\"2014-12-15T01:21:08+00:00\",\"mainEntityOfPage\":{\"@id\":\"https:\\\/\\\/gentedebasquet.com.ar\\\/sitio\\\/2014\\\/12\\\/14\\\/un-capitulo-mas\\\/\"},\"wordCount\":581,\"image\":{\"@id\":\"https:\\\/\\\/gentedebasquet.com.ar\\\/sitio\\\/2014\\\/12\\\/14\\\/un-capitulo-mas\\\/#primaryimage\"},\"thumbnailUrl\":\"https:\\\/\\\/gentedebasquet.com.ar\\\/sitio\\\/wp-content\\\/uploads\\\/2014\\\/12\\\/9.jpg\",\"keywords\":[\"9 de Julio\",\"Analiz Carcas\",\"Ayel\u00e9n De la Puente\",\"Barracas\",\"Ivana L\u00f3pez\"],\"articleSection\":[\"Femenino\",\"Primera Femenino\",\"Slide\"],\"inLanguage\":\"es\"},{\"@type\":\"WebPage\",\"@id\":\"https:\\\/\\\/gentedebasquet.com.ar\\\/sitio\\\/2014\\\/12\\\/14\\\/un-capitulo-mas\\\/\",\"url\":\"https:\\\/\\\/gentedebasquet.com.ar\\\/sitio\\\/2014\\\/12\\\/14\\\/un-capitulo-mas\\\/\",\"name\":\"Un cap\u00edtulo m\u00e1s - Gente de B\u00e1squet\",\"isPartOf\":{\"@id\":\"http:\\\/\\\/gentedebasquet.com.ar\\\/sitio\\\/#website\"},\"primaryImageOfPage\":{\"@id\":\"https:\\\/\\\/gentedebasquet.com.ar\\\/sitio\\\/2014\\\/12\\\/14\\\/un-capitulo-mas\\\/#primaryimage\"},\"image\":{\"@id\":\"https:\\\/\\\/gentedebasquet.com.ar\\\/sitio\\\/2014\\\/12\\\/14\\\/un-capitulo-mas\\\/#primaryimage\"},\"thumbnailUrl\":\"https:\\\/\\\/gentedebasquet.com.ar\\\/sitio\\\/wp-content\\\/uploads\\\/2014\\\/12\\\/9.jpg\",\"datePublished\":\"2014-12-15T01:21:08+00:00\",\"author\":{\"@id\":\"http:\\\/\\\/gentedebasquet.com.ar\\\/sitio\\\/#\\\/schema\\\/person\\\/ca0b63bbb977369988a7bbbdc519943a\"},\"breadcrumb\":{\"@id\":\"https:\\\/\\\/gentedebasquet.com.ar\\\/sitio\\\/2014\\\/12\\\/14\\\/un-capitulo-mas\\\/#breadcrumb\"},\"inLanguage\":\"es\",\"potentialAction\":[{\"@type\":\"ReadAction\",\"target\":[\"https:\\\/\\\/gentedebasquet.com.ar\\\/sitio\\\/2014\\\/12\\\/14\\\/un-capitulo-mas\\\/\"]}]},{\"@type\":\"ImageObject\",\"inLanguage\":\"es\",\"@id\":\"https:\\\/\\\/gentedebasquet.com.ar\\\/sitio\\\/2014\\\/12\\\/14\\\/un-capitulo-mas\\\/#primaryimage\",\"url\":\"https:\\\/\\\/gentedebasquet.com.ar\\\/sitio\\\/wp-content\\\/uploads\\\/2014\\\/12\\\/9.jpg\",\"contentUrl\":\"https:\\\/\\\/gentedebasquet.com.ar\\\/sitio\\\/wp-content\\\/uploads\\\/2014\\\/12\\\/9.jpg\",\"width\":690,\"height\":319},{\"@type\":\"BreadcrumbList\",\"@id\":\"https:\\\/\\\/gentedebasquet.com.ar\\\/sitio\\\/2014\\\/12\\\/14\\\/un-capitulo-mas\\\/#breadcrumb\",\"itemListElement\":[{\"@type\":\"ListItem\",\"position\":1,\"name\":\"Portada\",\"item\":\"http:\\\/\\\/gentedebasquet.com.ar\\\/sitio\\\/\"},{\"@type\":\"ListItem\",\"position\":2,\"name\":\"Un cap\u00edtulo m\u00e1s\"}]},{\"@type\":\"WebSite\",\"@id\":\"http:\\\/\\\/gentedebasquet.com.ar\\\/sitio\\\/#website\",\"url\":\"http:\\\/\\\/gentedebasquet.com.ar\\\/sitio\\\/\",\"name\":\"Gente de B\u00e1squet\",\"description\":\"La revista del basquet de Bah\u00eda Blanca\",\"potentialAction\":[{\"@type\":\"SearchAction\",\"target\":{\"@type\":\"EntryPoint\",\"urlTemplate\":\"http:\\\/\\\/gentedebasquet.com.ar\\\/sitio\\\/?s={search_term_string}\"},\"query-input\":{\"@type\":\"PropertyValueSpecification\",\"valueRequired\":true,\"valueName\":\"search_term_string\"}}],\"inLanguage\":\"es\"},{\"@type\":\"Person\",\"@id\":\"http:\\\/\\\/gentedebasquet.com.ar\\\/sitio\\\/#\\\/schema\\\/person\\\/ca0b63bbb977369988a7bbbdc519943a\",\"name\":\"Gente de B\u00e1squet\",\"image\":{\"@type\":\"ImageObject\",\"inLanguage\":\"es\",\"@id\":\"https:\\\/\\\/secure.gravatar.com\\\/avatar\\\/7f2c48bdc33b30088f941fb6082e555f2874c98e20cb159d7b92b50eadfce793?s=96&d=mm&r=g\",\"url\":\"https:\\\/\\\/secure.gravatar.com\\\/avatar\\\/7f2c48bdc33b30088f941fb6082e555f2874c98e20cb159d7b92b50eadfce793?s=96&d=mm&r=g\",\"contentUrl\":\"https:\\\/\\\/secure.gravatar.com\\\/avatar\\\/7f2c48bdc33b30088f941fb6082e555f2874c98e20cb159d7b92b50eadfce793?s=96&d=mm&r=g\",\"caption\":\"Gente de B\u00e1squet\"},\"sameAs\":[\"http:\\\/\\\/gentedebasquet.com.ar\\\/sitio\"],\"url\":\"https:\\\/\\\/gentedebasquet.com.ar\\\/sitio\\\/author\\\/ulises\\\/\"}]}<\/script>\n<!-- \/ Yoast SEO plugin. -->","yoast_head_json":{"title":"Un cap\u00edtulo m\u00e1s - Gente de B\u00e1squet","robots":{"index":"index","follow":"follow","max-snippet":"max-snippet:-1","max-image-preview":"max-image-preview:large","max-video-preview":"max-video-preview:-1"},"canonical":"https:\/\/gentedebasquet.com.ar\/sitio\/2014\/12\/14\/un-capitulo-mas\/","og_locale":"es_ES","og_type":"article","og_title":"Un cap\u00edtulo m\u00e1s - Gente de B\u00e1squet","og_description":"\"Nueve\" estir\u00f3 la semi femenina: le gan\u00f3 a Barracas 41 a 37 y definir\u00e1n el martes","og_url":"https:\/\/gentedebasquet.com.ar\/sitio\/2014\/12\/14\/un-capitulo-mas\/","og_site_name":"Gente de B\u00e1squet","article_published_time":"2014-12-15T01:21:08+00:00","og_image":[{"width":690,"height":319,"url":"https:\/\/gentedebasquet.com.ar\/sitio\/wp-content\/uploads\/2014\/12\/9.jpg","type":"image\/jpeg"}],"author":"Gente de B\u00e1squet","twitter_card":"summary_large_image","twitter_misc":{"Escrito por":"Gente de B\u00e1squet","Tiempo de lectura":"3 minutos"},"schema":{"@context":"https:\/\/schema.org","@graph":[{"@type":"Article","@id":"https:\/\/gentedebasquet.com.ar\/sitio\/2014\/12\/14\/un-capitulo-mas\/#article","isPartOf":{"@id":"https:\/\/gentedebasquet.com.ar\/sitio\/2014\/12\/14\/un-capitulo-mas\/"},"author":{"name":"Gente de B\u00e1squet","@id":"http:\/\/gentedebasquet.com.ar\/sitio\/#\/schema\/person\/ca0b63bbb977369988a7bbbdc519943a"},"headline":"Un cap\u00edtulo m\u00e1s","datePublished":"2014-12-15T01:21:08+00:00","mainEntityOfPage":{"@id":"https:\/\/gentedebasquet.com.ar\/sitio\/2014\/12\/14\/un-capitulo-mas\/"},"wordCount":581,"image":{"@id":"https:\/\/gentedebasquet.com.ar\/sitio\/2014\/12\/14\/un-capitulo-mas\/#primaryimage"},"thumbnailUrl":"https:\/\/gentedebasquet.com.ar\/sitio\/wp-content\/uploads\/2014\/12\/9.jpg","keywords":["9 de Julio","Analiz Carcas","Ayel\u00e9n De la Puente","Barracas","Ivana L\u00f3pez"],"articleSection":["Femenino","Primera Femenino","Slide"],"inLanguage":"es"},{"@type":"WebPage","@id":"https:\/\/gentedebasquet.com.ar\/sitio\/2014\/12\/14\/un-capitulo-mas\/","url":"https:\/\/gentedebasquet.com.ar\/sitio\/2014\/12\/14\/un-capitulo-mas\/","name":"Un cap\u00edtulo m\u00e1s - Gente de B\u00e1squet","isPartOf":{"@id":"http:\/\/gentedebasquet.com.ar\/sitio\/#website"},"primaryImageOfPage":{"@id":"https:\/\/gentedebasquet.com.ar\/sitio\/2014\/12\/14\/un-capitulo-mas\/#primaryimage"},"image":{"@id":"https:\/\/gentedebasquet.com.ar\/sitio\/2014\/12\/14\/un-capitulo-mas\/#primaryimage"},"thumbnailUrl":"https:\/\/gentedebasquet.com.ar\/sitio\/wp-content\/uploads\/2014\/12\/9.jpg","datePublished":"2014-12-15T01:21:08+00:00","author":{"@id":"http:\/\/gentedebasquet.com.ar\/sitio\/#\/schema\/person\/ca0b63bbb977369988a7bbbdc519943a"},"breadcrumb":{"@id":"https:\/\/gentedebasquet.com.ar\/sitio\/2014\/12\/14\/un-capitulo-mas\/#breadcrumb"},"inLanguage":"es","potentialAction":[{"@type":"ReadAction","target":["https:\/\/gentedebasquet.com.ar\/sitio\/2014\/12\/14\/un-capitulo-mas\/"]}]},{"@type":"ImageObject","inLanguage":"es","@id":"https:\/\/gentedebasquet.com.ar\/sitio\/2014\/12\/14\/un-capitulo-mas\/#primaryimage","url":"https:\/\/gentedebasquet.com.ar\/sitio\/wp-content\/uploads\/2014\/12\/9.jpg","contentUrl":"https:\/\/gentedebasquet.com.ar\/sitio\/wp-content\/uploads\/2014\/12\/9.jpg","width":690,"height":319},{"@type":"BreadcrumbList","@id":"https:\/\/gentedebasquet.com.ar\/sitio\/2014\/12\/14\/un-capitulo-mas\/#breadcrumb","itemListElement":[{"@type":"ListItem","position":1,"name":"Portada","item":"http:\/\/gentedebasquet.com.ar\/sitio\/"},{"@type":"ListItem","position":2,"name":"Un cap\u00edtulo m\u00e1s"}]},{"@type":"WebSite","@id":"http:\/\/gentedebasquet.com.ar\/sitio\/#website","url":"http:\/\/gentedebasquet.com.ar\/sitio\/","name":"Gente de B\u00e1squet","description":"La revista del basquet de Bah\u00eda Blanca","potentialAction":[{"@type":"SearchAction","target":{"@type":"EntryPoint","urlTemplate":"http:\/\/gentedebasquet.com.ar\/sitio\/?s={search_term_string}"},"query-input":{"@type":"PropertyValueSpecification","valueRequired":true,"valueName":"search_term_string"}}],"inLanguage":"es"},{"@type":"Person","@id":"http:\/\/gentedebasquet.com.ar\/sitio\/#\/schema\/person\/ca0b63bbb977369988a7bbbdc519943a","name":"Gente de B\u00e1squet","image":{"@type":"ImageObject","inLanguage":"es","@id":"https:\/\/secure.gravatar.com\/avatar\/7f2c48bdc33b30088f941fb6082e555f2874c98e20cb159d7b92b50eadfce793?s=96&d=mm&r=g","url":"https:\/\/secure.gravatar.com\/avatar\/7f2c48bdc33b30088f941fb6082e555f2874c98e20cb159d7b92b50eadfce793?s=96&d=mm&r=g","contentUrl":"https:\/\/secure.gravatar.com\/avatar\/7f2c48bdc33b30088f941fb6082e555f2874c98e20cb159d7b92b50eadfce793?s=96&d=mm&r=g","caption":"Gente de B\u00e1squet"},"sameAs":["http:\/\/gentedebasquet.com.ar\/sitio"],"url":"https:\/\/gentedebasquet.com.ar\/sitio\/author\/ulises\/"}]}},"_links":{"self":[{"href":"https:\/\/gentedebasquet.com.ar\/sitio\/wp-json\/wp\/v2\/posts\/41488","targetHints":{"allow":["GET"]}}],"collection":[{"href":"https:\/\/gentedebasquet.com.ar\/sitio\/wp-json\/wp\/v2\/posts"}],"about":[{"href":"https:\/\/gentedebasquet.com.ar\/sitio\/wp-json\/wp\/v2\/types\/post"}],"author":[{"embeddable":true,"href":"https:\/\/gentedebasquet.com.ar\/sitio\/wp-json\/wp\/v2\/users\/1"}],"replies":[{"embeddable":true,"href":"https:\/\/gentedebasquet.com.ar\/sitio\/wp-json\/wp\/v2\/comments?post=41488"}],"version-history":[{"count":0,"href":"https:\/\/gentedebasquet.com.ar\/sitio\/wp-json\/wp\/v2\/posts\/41488\/revisions"}],"wp:featuredmedia":[{"embeddable":true,"href":"https:\/\/gentedebasquet.com.ar\/sitio\/wp-json\/wp\/v2\/media\/41489"}],"wp:attachment":[{"href":"https:\/\/gentedebasquet.com.ar\/sitio\/wp-json\/wp\/v2\/media?parent=41488"}],"wp:term":[{"taxonomy":"category","embeddable":true,"href":"https:\/\/gentedebasquet.com.ar\/sitio\/wp-json\/wp\/v2\/categories?post=41488"},{"taxonomy":"post_tag","embeddable":true,"href":"https:\/\/gentedebasquet.com.ar\/sitio\/wp-json\/wp\/v2\/tags?post=41488"}],"curies":[{"name":"wp","href":"https:\/\/api.w.org\/{rel}","templated":true}]}}