{"id":41512,"date":"2014-12-13T16:45:21","date_gmt":"2014-12-13T19:45:21","guid":{"rendered":"http:\/\/www.gentedebasquet.com.ar\/?p=41512"},"modified":"2014-12-13T16:45:21","modified_gmt":"2014-12-13T19:45:21","slug":"bahiense-al-frente","status":"publish","type":"post","link":"https:\/\/gentedebasquet.com.ar\/sitio\/2014\/12\/13\/bahiense-al-frente\/","title":{"rendered":"Bahiense al frente"},"content":{"rendered":"<p><b>Bahiense venci\u00f3 como visitante a 9 de Julio por 75 a 67 y dio el primer paso en las finales de Cadetes Bis. El due\u00f1o de casa domin\u00f3 durante 15 minutos y lleg\u00f3 a sacar 10, pero el \u201cTricolor\u201d reaccion\u00f3 r\u00e1pidamente, sac\u00f3 ventajas en el 3C y lo liquid\u00f3 corriendo la cancha y sumando desde la l\u00ednea. Facundo Menecozzi (21, 12 en el 4C) fue la gran figura de un ganador que adem\u00e1s puso 4 jugadores m\u00e1s en dos d\u00edgitos: Tom\u00e1s Gorosito (14, 5\/7 T2), Gonzalo Belate 13, Juan Cruz Tamis (10) y Nicol\u00e1s Kachuck (10). Por \u201c9\u201d no alcanz\u00f3 con las actuaciones de Nicol\u00e1s Valdebenito (21, 9\/17 T2) y Facundo C\u00f3rsico (15).<\/b><\/p>\n<p>El inicio mostr\u00f3 mucho mejor al due\u00f1o de casa que lograba imponer su ritmo, con C\u00f3rsico (4) haci\u00e9ndose cargo de las ofensivas y Laguzzi (3) junto con Valdebenito mostrando intensidad en ambos costados de la cancha, los de Deminisis sacaban ventajas (9-1) a mediados del parcial ante un Bahiense que no encontraba el aro (0\/6 TC) abusando del triple y pag\u00e1ndolo en el costado defensivo. Una anotaci\u00f3n de Menecozzi a 5.43 cort\u00f3 la sequ\u00eda del visitante que comenz\u00f3 a conseguir aciertos gracias a las acciones individuales de Tamis y Gorosito m\u00e1s la efectividad de Ponzoni en la l\u00ednea (4\/4 T1), pero m\u00e1s all\u00e1 que logr\u00f3 achicar las distancias, 9 de Julio mantuvo la calma y sigui\u00f3 al frente en un contexto que no contaba con goleo externo (0\/6 T3 para cada uno), ya que C\u00f3rsico (cerr\u00f3 con 6) era una v\u00eda de gol clara y ten\u00eda\u00a0 como respaldo a Valdebenito y Lezcano lo que le permiti\u00f3 cerrar los primeros 10 minutos ganando 17 a 13.<\/p>\n<p>Ya en el segundo cuarto el visitante sigui\u00f3 sin contar con gran fluidez en ataque y m\u00e1s all\u00e1 de contar con las corridas de Gorosito (4) y Belate, el \u201cTricolor\u201d parec\u00eda estar inc\u00f3modo en el juego, algo que supo maximizar 9 de Julio para sacar 10 (31-21) con menos de 4 minutos por jugar, gracias a la tenacidad de Valdebenito (6), a la capacidad atl\u00e9tica de C\u00f3rsico (4 + 6 rebotes) y a una r\u00e1faga de Laguzzi (4). Pero el local se sec\u00f3, sufri\u00f3 en el traslado (6 p\u00e9rdidas) y perdi\u00f3 el orden defensivo que tuvo en el primer per\u00edodo y medio, y Bahiense reacci\u00f3no: Menecozzi (4) corri\u00f3 la cancha, Lobo con un triple cort\u00f3 la mala punter\u00eda de su equipo desde lejos (0\/9 T3 hasta ese momento) y una solida tarea colectiva estableci\u00f3 un parcial de 11-0 que lo puso al frente (por primera vez) camino al entretiempo: 32-31.<\/p>\n<p>La paridad se mantuvo por un par de minutos (34-34), pero el visitante volvi\u00f3 a pegar esta vez con Kachuck y Tamis haci\u00e9ndose fuerte en la pintura para establecer una racha de 7-0 que le dio una buena luz (41-34 a 4.15) con un muy buen porcentaje cerca del aro (4\/4 T2, 0\/3 T3) ante un 9 de Julio que encontraba innumerables ocasiones gracias a segundas oportunidades (7 rebotes ofensivos) pero que no encontraba la manera de anotar (1\/12 T2). Pero el equipo de Deminisis dio se\u00f1ales de vida, Becchio (5, doble y triple) cort\u00f3 una racha personal (llevaba 0\/10 TC) y una grupal (\u201c9\u201d ten\u00eda 0\/12 T3) Campetti\u00a0 dominaba los tableros (5 rebotes, 4 ofensivos) y \u201c9\u201d parec\u00eda meterse en juego pero Belate (4) encontr\u00f3 respuestas corriendo la cancha y mantuvo la calma de un \u201cTricolor\u201d que ganaba 47 a 41 a falta del \u00faltimo cuarto.<\/p>\n<p>Con un par de grandes acciones de Menecozzi (6) y el acompa\u00f1amiento de Belate (3), Bahiense sac\u00f3 la m\u00e1xima de 12 (56-44) a falta de menos de 7 minutos y parec\u00eda que la historia comenzaba a liquidarse. Los tiros libres fueron esencialmente la v\u00eda de gol de la visita durante varios minutos en un partido cada vez m\u00e1s friccionado, y 9 de Julio con m\u00e1s ganas que claridad sum\u00f3 con Valdebenito (5) y Becchio (5) a la cabeza para achicar a 5 (63-58) a menos de 2 minutos por jugar. Cuando aparecieron los cortes con infracci\u00f3n, tambi\u00e9n lo hizo el temple de los chicos visitantes que sumaron desde la l\u00ednea (8\/14 T1) y movieron la bola para poder sumar en contra golpe, Menecozzi (6) y Gorosito (4) los m\u00e1s destacados en ese pasaje, para liquidar el partido y adelantarse en esta serie que define al campe\u00f3n en Cadetes Bis.<\/p>\n<p>&nbsp;<\/p>\n<p><em><b><span style=\"text-decoration: underline;\">S\u00edntesis:<\/span><\/b><\/em><\/p>\n<p><b>9 de Julio 67:<\/b> Facundo C\u00f3rsico 15 (x), Nicol\u00e1s Valdebenito 21 (x), Mart\u00edn Becchio 10 (x), Lucas Laguzzi 7 (x), Santiago Lezcano 3 (FI). Fabio Campetti 2, Diego Jaime 0, Tom\u00e1s Gonz\u00e1lez 2, Manuel Slonimsqui 0, Mart\u00edn Coleffi 0, Alex Gelvez 7. DT: Luciano Deminisis.<\/p>\n<p><b>Bahiense 75:<\/b> Agust\u00edn Bayon 0, Facundo Menecozzi 21, Gonzalo Belate 13 (x), Tom\u00e1s Gorosito 14, Nicol\u00e1s Kachuck 10 (x) (FI). Mauro Parra 0, Juan Cruz Tamis 10, Mat\u00edas Ponzoni 4, Mart\u00edn Lobo 3. DT: Jorge David.<\/p>\n<p><b>Parciales:<\/b> 17-13, 31-32 (14-19), 41-47 (10-15), 67-75 (26-28).<\/p>\n<p><b>\u00c1rbitros:<\/b> Luis Blanco \u2013 Marjorie Stuardo \u2013 Ludmila Munz.<\/p>\n<p><b>Estadio:<\/b> N\u00e9stor Damiani.<\/p>\n<p><a class=\"modalf iframe\" title=\"Planilla\" href=\"https:\/\/docs.google.com\/spreadsheets\/d\/1E05KtAfTxGX7R1c_2Z7AnUy3A45VcMtr2LYDPpVdzbk\/pubhtml\" target=\"_blank\" rel=\"noopener\">Ver Planilla<\/a><\/p>\n<p><b>Serie:<\/b>\u00a0Bahiense, 1-0..<\/p>\n","protected":false},"excerpt":{"rendered":"<p>En U17 Bis, se hiz de la primera final ante 9 de Julio, como visitante, por 75 a 67<\/p>\n","protected":false},"author":1,"featured_media":41513,"comment_status":"closed","ping_status":"open","sticky":false,"template":"","format":"standard","meta":{"jnews-multi-image_gallery":[],"jnews_single_post":[],"jnews_primary_category":[],"footnotes":""},"categories":[35],"tags":[2,5,1048,1049,1050,1051,1052,1053],"class_list":["post-41512","post","type-post","status-publish","format-standard","has-post-thumbnail","hentry","category-u17","tag-9dejulio","tag-bahiense-del-norte","tag-facundo-menecozzi","tag-gonzalo-belate","tag-juan-cruz-tamis","tag-nicolas-kachuck","tag-nicolas-valdebenito","tag-tomas-gorosito"],"yoast_head":"<!-- This site is optimized with the Yoast SEO plugin v27.5 - https:\/\/yoast.com\/product\/yoast-seo-wordpress\/ -->\n<title>Bahiense al frente - Gente de B\u00e1squet<\/title>\n<meta name=\"robots\" content=\"index, follow, max-snippet:-1, max-image-preview:large, max-video-preview:-1\" \/>\n<link rel=\"canonical\" href=\"http:\/\/gentedebasquet.com.ar\/sitio\/2014\/12\/13\/bahiense-al-frente\/\" \/>\n<meta property=\"og:locale\" content=\"es_ES\" \/>\n<meta property=\"og:type\" content=\"article\" \/>\n<meta property=\"og:title\" content=\"Bahiense al frente - Gente de B\u00e1squet\" \/>\n<meta property=\"og:description\" content=\"En U17 Bis, se hiz de la primera final ante 9 de Julio, como visitante, por 75 a 67\" \/>\n<meta property=\"og:url\" content=\"http:\/\/gentedebasquet.com.ar\/sitio\/2014\/12\/13\/bahiense-al-frente\/\" \/>\n<meta property=\"og:site_name\" content=\"Gente de B\u00e1squet\" \/>\n<meta property=\"article:published_time\" content=\"2014-12-13T19:45:21+00:00\" \/>\n<meta property=\"og:image\" content=\"http:\/\/gentedebasquet.com.ar\/sitio\/wp-content\/uploads\/2014\/12\/9-de-Julio-B-Bahiense-B-U17.jpg\" \/>\n\t<meta property=\"og:image:width\" content=\"300\" \/>\n\t<meta property=\"og:image:height\" content=\"226\" \/>\n\t<meta property=\"og:image:type\" content=\"image\/jpeg\" \/>\n<meta name=\"author\" content=\"Gente de B\u00e1squet\" \/>\n<meta name=\"twitter:card\" content=\"summary_large_image\" \/>\n<meta name=\"twitter:label1\" content=\"Escrito por\" \/>\n\t<meta name=\"twitter:data1\" content=\"Gente de B\u00e1squet\" \/>\n\t<meta name=\"twitter:label2\" content=\"Tiempo de lectura\" \/>\n\t<meta name=\"twitter:data2\" content=\"4 minutos\" \/>\n<script type=\"application\/ld+json\" class=\"yoast-schema-graph\">{\"@context\":\"https:\\\/\\\/schema.org\",\"@graph\":[{\"@type\":\"Article\",\"@id\":\"http:\\\/\\\/gentedebasquet.com.ar\\\/sitio\\\/2014\\\/12\\\/13\\\/bahiense-al-frente\\\/#article\",\"isPartOf\":{\"@id\":\"http:\\\/\\\/gentedebasquet.com.ar\\\/sitio\\\/2014\\\/12\\\/13\\\/bahiense-al-frente\\\/\"},\"author\":{\"name\":\"Gente de B\u00e1squet\",\"@id\":\"https:\\\/\\\/gentedebasquet.com.ar\\\/sitio\\\/#\\\/schema\\\/person\\\/ca0b63bbb977369988a7bbbdc519943a\"},\"headline\":\"Bahiense al frente\",\"datePublished\":\"2014-12-13T19:45:21+00:00\",\"mainEntityOfPage\":{\"@id\":\"http:\\\/\\\/gentedebasquet.com.ar\\\/sitio\\\/2014\\\/12\\\/13\\\/bahiense-al-frente\\\/\"},\"wordCount\":802,\"image\":{\"@id\":\"http:\\\/\\\/gentedebasquet.com.ar\\\/sitio\\\/2014\\\/12\\\/13\\\/bahiense-al-frente\\\/#primaryimage\"},\"thumbnailUrl\":\"https:\\\/\\\/gentedebasquet.com.ar\\\/sitio\\\/wp-content\\\/uploads\\\/2014\\\/12\\\/9-de-Julio-B-Bahiense-B-U17.jpg\",\"keywords\":[\"9 de Julio\",\"Bahiense Del Norte\",\"Facundo Menecozzi\",\"Gonzalo Belate\",\"Juan Cruz Tamis\",\"Nicol\u00e1s Kachuck\",\"Nicol\u00e1s Valdebenito\",\"Tom\u00e1s Gorosito\"],\"articleSection\":[\"U17\"],\"inLanguage\":\"es\"},{\"@type\":\"WebPage\",\"@id\":\"http:\\\/\\\/gentedebasquet.com.ar\\\/sitio\\\/2014\\\/12\\\/13\\\/bahiense-al-frente\\\/\",\"url\":\"http:\\\/\\\/gentedebasquet.com.ar\\\/sitio\\\/2014\\\/12\\\/13\\\/bahiense-al-frente\\\/\",\"name\":\"Bahiense al frente - Gente de B\u00e1squet\",\"isPartOf\":{\"@id\":\"https:\\\/\\\/gentedebasquet.com.ar\\\/sitio\\\/#website\"},\"primaryImageOfPage\":{\"@id\":\"http:\\\/\\\/gentedebasquet.com.ar\\\/sitio\\\/2014\\\/12\\\/13\\\/bahiense-al-frente\\\/#primaryimage\"},\"image\":{\"@id\":\"http:\\\/\\\/gentedebasquet.com.ar\\\/sitio\\\/2014\\\/12\\\/13\\\/bahiense-al-frente\\\/#primaryimage\"},\"thumbnailUrl\":\"https:\\\/\\\/gentedebasquet.com.ar\\\/sitio\\\/wp-content\\\/uploads\\\/2014\\\/12\\\/9-de-Julio-B-Bahiense-B-U17.jpg\",\"datePublished\":\"2014-12-13T19:45:21+00:00\",\"author\":{\"@id\":\"https:\\\/\\\/gentedebasquet.com.ar\\\/sitio\\\/#\\\/schema\\\/person\\\/ca0b63bbb977369988a7bbbdc519943a\"},\"breadcrumb\":{\"@id\":\"http:\\\/\\\/gentedebasquet.com.ar\\\/sitio\\\/2014\\\/12\\\/13\\\/bahiense-al-frente\\\/#breadcrumb\"},\"inLanguage\":\"es\",\"potentialAction\":[{\"@type\":\"ReadAction\",\"target\":[\"http:\\\/\\\/gentedebasquet.com.ar\\\/sitio\\\/2014\\\/12\\\/13\\\/bahiense-al-frente\\\/\"]}]},{\"@type\":\"ImageObject\",\"inLanguage\":\"es\",\"@id\":\"http:\\\/\\\/gentedebasquet.com.ar\\\/sitio\\\/2014\\\/12\\\/13\\\/bahiense-al-frente\\\/#primaryimage\",\"url\":\"https:\\\/\\\/gentedebasquet.com.ar\\\/sitio\\\/wp-content\\\/uploads\\\/2014\\\/12\\\/9-de-Julio-B-Bahiense-B-U17.jpg\",\"contentUrl\":\"https:\\\/\\\/gentedebasquet.com.ar\\\/sitio\\\/wp-content\\\/uploads\\\/2014\\\/12\\\/9-de-Julio-B-Bahiense-B-U17.jpg\",\"width\":300,\"height\":226},{\"@type\":\"BreadcrumbList\",\"@id\":\"http:\\\/\\\/gentedebasquet.com.ar\\\/sitio\\\/2014\\\/12\\\/13\\\/bahiense-al-frente\\\/#breadcrumb\",\"itemListElement\":[{\"@type\":\"ListItem\",\"position\":1,\"name\":\"Portada\",\"item\":\"https:\\\/\\\/gentedebasquet.com.ar\\\/sitio\\\/\"},{\"@type\":\"ListItem\",\"position\":2,\"name\":\"Bahiense al frente\"}]},{\"@type\":\"WebSite\",\"@id\":\"https:\\\/\\\/gentedebasquet.com.ar\\\/sitio\\\/#website\",\"url\":\"https:\\\/\\\/gentedebasquet.com.ar\\\/sitio\\\/\",\"name\":\"Gente de B\u00e1squet\",\"description\":\"La revista del basquet de Bah\u00eda Blanca\",\"potentialAction\":[{\"@type\":\"SearchAction\",\"target\":{\"@type\":\"EntryPoint\",\"urlTemplate\":\"https:\\\/\\\/gentedebasquet.com.ar\\\/sitio\\\/?s={search_term_string}\"},\"query-input\":{\"@type\":\"PropertyValueSpecification\",\"valueRequired\":true,\"valueName\":\"search_term_string\"}}],\"inLanguage\":\"es\"},{\"@type\":\"Person\",\"@id\":\"https:\\\/\\\/gentedebasquet.com.ar\\\/sitio\\\/#\\\/schema\\\/person\\\/ca0b63bbb977369988a7bbbdc519943a\",\"name\":\"Gente de B\u00e1squet\",\"image\":{\"@type\":\"ImageObject\",\"inLanguage\":\"es\",\"@id\":\"https:\\\/\\\/secure.gravatar.com\\\/avatar\\\/7f2c48bdc33b30088f941fb6082e555f2874c98e20cb159d7b92b50eadfce793?s=96&d=mm&r=g\",\"url\":\"https:\\\/\\\/secure.gravatar.com\\\/avatar\\\/7f2c48bdc33b30088f941fb6082e555f2874c98e20cb159d7b92b50eadfce793?s=96&d=mm&r=g\",\"contentUrl\":\"https:\\\/\\\/secure.gravatar.com\\\/avatar\\\/7f2c48bdc33b30088f941fb6082e555f2874c98e20cb159d7b92b50eadfce793?s=96&d=mm&r=g\",\"caption\":\"Gente de B\u00e1squet\"},\"sameAs\":[\"http:\\\/\\\/gentedebasquet.com.ar\\\/sitio\"],\"url\":\"https:\\\/\\\/gentedebasquet.com.ar\\\/sitio\\\/author\\\/ulises\\\/\"}]}<\/script>\n<!-- \/ Yoast SEO plugin. -->","yoast_head_json":{"title":"Bahiense al frente - Gente de B\u00e1squet","robots":{"index":"index","follow":"follow","max-snippet":"max-snippet:-1","max-image-preview":"max-image-preview:large","max-video-preview":"max-video-preview:-1"},"canonical":"http:\/\/gentedebasquet.com.ar\/sitio\/2014\/12\/13\/bahiense-al-frente\/","og_locale":"es_ES","og_type":"article","og_title":"Bahiense al frente - Gente de B\u00e1squet","og_description":"En U17 Bis, se hiz de la primera final ante 9 de Julio, como visitante, por 75 a 67","og_url":"http:\/\/gentedebasquet.com.ar\/sitio\/2014\/12\/13\/bahiense-al-frente\/","og_site_name":"Gente de B\u00e1squet","article_published_time":"2014-12-13T19:45:21+00:00","og_image":[{"width":300,"height":226,"url":"http:\/\/gentedebasquet.com.ar\/sitio\/wp-content\/uploads\/2014\/12\/9-de-Julio-B-Bahiense-B-U17.jpg","type":"image\/jpeg"}],"author":"Gente de B\u00e1squet","twitter_card":"summary_large_image","twitter_misc":{"Escrito por":"Gente de B\u00e1squet","Tiempo de lectura":"4 minutos"},"schema":{"@context":"https:\/\/schema.org","@graph":[{"@type":"Article","@id":"http:\/\/gentedebasquet.com.ar\/sitio\/2014\/12\/13\/bahiense-al-frente\/#article","isPartOf":{"@id":"http:\/\/gentedebasquet.com.ar\/sitio\/2014\/12\/13\/bahiense-al-frente\/"},"author":{"name":"Gente de B\u00e1squet","@id":"https:\/\/gentedebasquet.com.ar\/sitio\/#\/schema\/person\/ca0b63bbb977369988a7bbbdc519943a"},"headline":"Bahiense al frente","datePublished":"2014-12-13T19:45:21+00:00","mainEntityOfPage":{"@id":"http:\/\/gentedebasquet.com.ar\/sitio\/2014\/12\/13\/bahiense-al-frente\/"},"wordCount":802,"image":{"@id":"http:\/\/gentedebasquet.com.ar\/sitio\/2014\/12\/13\/bahiense-al-frente\/#primaryimage"},"thumbnailUrl":"https:\/\/gentedebasquet.com.ar\/sitio\/wp-content\/uploads\/2014\/12\/9-de-Julio-B-Bahiense-B-U17.jpg","keywords":["9 de Julio","Bahiense Del Norte","Facundo Menecozzi","Gonzalo Belate","Juan Cruz Tamis","Nicol\u00e1s Kachuck","Nicol\u00e1s Valdebenito","Tom\u00e1s Gorosito"],"articleSection":["U17"],"inLanguage":"es"},{"@type":"WebPage","@id":"http:\/\/gentedebasquet.com.ar\/sitio\/2014\/12\/13\/bahiense-al-frente\/","url":"http:\/\/gentedebasquet.com.ar\/sitio\/2014\/12\/13\/bahiense-al-frente\/","name":"Bahiense al frente - Gente de B\u00e1squet","isPartOf":{"@id":"https:\/\/gentedebasquet.com.ar\/sitio\/#website"},"primaryImageOfPage":{"@id":"http:\/\/gentedebasquet.com.ar\/sitio\/2014\/12\/13\/bahiense-al-frente\/#primaryimage"},"image":{"@id":"http:\/\/gentedebasquet.com.ar\/sitio\/2014\/12\/13\/bahiense-al-frente\/#primaryimage"},"thumbnailUrl":"https:\/\/gentedebasquet.com.ar\/sitio\/wp-content\/uploads\/2014\/12\/9-de-Julio-B-Bahiense-B-U17.jpg","datePublished":"2014-12-13T19:45:21+00:00","author":{"@id":"https:\/\/gentedebasquet.com.ar\/sitio\/#\/schema\/person\/ca0b63bbb977369988a7bbbdc519943a"},"breadcrumb":{"@id":"http:\/\/gentedebasquet.com.ar\/sitio\/2014\/12\/13\/bahiense-al-frente\/#breadcrumb"},"inLanguage":"es","potentialAction":[{"@type":"ReadAction","target":["http:\/\/gentedebasquet.com.ar\/sitio\/2014\/12\/13\/bahiense-al-frente\/"]}]},{"@type":"ImageObject","inLanguage":"es","@id":"http:\/\/gentedebasquet.com.ar\/sitio\/2014\/12\/13\/bahiense-al-frente\/#primaryimage","url":"https:\/\/gentedebasquet.com.ar\/sitio\/wp-content\/uploads\/2014\/12\/9-de-Julio-B-Bahiense-B-U17.jpg","contentUrl":"https:\/\/gentedebasquet.com.ar\/sitio\/wp-content\/uploads\/2014\/12\/9-de-Julio-B-Bahiense-B-U17.jpg","width":300,"height":226},{"@type":"BreadcrumbList","@id":"http:\/\/gentedebasquet.com.ar\/sitio\/2014\/12\/13\/bahiense-al-frente\/#breadcrumb","itemListElement":[{"@type":"ListItem","position":1,"name":"Portada","item":"https:\/\/gentedebasquet.com.ar\/sitio\/"},{"@type":"ListItem","position":2,"name":"Bahiense al frente"}]},{"@type":"WebSite","@id":"https:\/\/gentedebasquet.com.ar\/sitio\/#website","url":"https:\/\/gentedebasquet.com.ar\/sitio\/","name":"Gente de B\u00e1squet","description":"La revista del basquet de Bah\u00eda Blanca","potentialAction":[{"@type":"SearchAction","target":{"@type":"EntryPoint","urlTemplate":"https:\/\/gentedebasquet.com.ar\/sitio\/?s={search_term_string}"},"query-input":{"@type":"PropertyValueSpecification","valueRequired":true,"valueName":"search_term_string"}}],"inLanguage":"es"},{"@type":"Person","@id":"https:\/\/gentedebasquet.com.ar\/sitio\/#\/schema\/person\/ca0b63bbb977369988a7bbbdc519943a","name":"Gente de B\u00e1squet","image":{"@type":"ImageObject","inLanguage":"es","@id":"https:\/\/secure.gravatar.com\/avatar\/7f2c48bdc33b30088f941fb6082e555f2874c98e20cb159d7b92b50eadfce793?s=96&d=mm&r=g","url":"https:\/\/secure.gravatar.com\/avatar\/7f2c48bdc33b30088f941fb6082e555f2874c98e20cb159d7b92b50eadfce793?s=96&d=mm&r=g","contentUrl":"https:\/\/secure.gravatar.com\/avatar\/7f2c48bdc33b30088f941fb6082e555f2874c98e20cb159d7b92b50eadfce793?s=96&d=mm&r=g","caption":"Gente de B\u00e1squet"},"sameAs":["http:\/\/gentedebasquet.com.ar\/sitio"],"url":"https:\/\/gentedebasquet.com.ar\/sitio\/author\/ulises\/"}]}},"_links":{"self":[{"href":"https:\/\/gentedebasquet.com.ar\/sitio\/wp-json\/wp\/v2\/posts\/41512","targetHints":{"allow":["GET"]}}],"collection":[{"href":"https:\/\/gentedebasquet.com.ar\/sitio\/wp-json\/wp\/v2\/posts"}],"about":[{"href":"https:\/\/gentedebasquet.com.ar\/sitio\/wp-json\/wp\/v2\/types\/post"}],"author":[{"embeddable":true,"href":"https:\/\/gentedebasquet.com.ar\/sitio\/wp-json\/wp\/v2\/users\/1"}],"replies":[{"embeddable":true,"href":"https:\/\/gentedebasquet.com.ar\/sitio\/wp-json\/wp\/v2\/comments?post=41512"}],"version-history":[{"count":0,"href":"https:\/\/gentedebasquet.com.ar\/sitio\/wp-json\/wp\/v2\/posts\/41512\/revisions"}],"wp:featuredmedia":[{"embeddable":true,"href":"https:\/\/gentedebasquet.com.ar\/sitio\/wp-json\/wp\/v2\/media\/41513"}],"wp:attachment":[{"href":"https:\/\/gentedebasquet.com.ar\/sitio\/wp-json\/wp\/v2\/media?parent=41512"}],"wp:term":[{"taxonomy":"category","embeddable":true,"href":"https:\/\/gentedebasquet.com.ar\/sitio\/wp-json\/wp\/v2\/categories?post=41512"},{"taxonomy":"post_tag","embeddable":true,"href":"https:\/\/gentedebasquet.com.ar\/sitio\/wp-json\/wp\/v2\/tags?post=41512"}],"curies":[{"name":"wp","href":"https:\/\/api.w.org\/{rel}","templated":true}]}}