{"id":41573,"date":"2014-12-16T22:47:18","date_gmt":"2014-12-17T01:47:18","guid":{"rendered":"http:\/\/www.gentedebasquet.com.ar\/?p=41573"},"modified":"2014-12-16T22:47:18","modified_gmt":"2014-12-17T01:47:18","slug":"desde-la-linea-a-la-final","status":"publish","type":"post","link":"https:\/\/gentedebasquet.com.ar\/sitio\/2014\/12\/16\/desde-la-linea-a-la-final\/","title":{"rendered":"Desde la l\u00ednea a la final"},"content":{"rendered":"<p><b>En Barracas siguen con los festejos, ayer logr\u00f3 el ascenso a Primera, y hoy consigui\u00f3 con el equipo mayor femenino el pase a la final. Para derrotar a 9 de Julio en el tercer juego de la serie tuvo que vencer el karma de los tiro libres, es que hab\u00eda conseguido 12\/25 entre los tres cuartos y en \u00faltimo anot\u00f3 17\/22 y as\u00ed sell\u00f3 el partido 62 a 44. Sin embargo, reci\u00e9n a 5 minutos para el final fue donde comenz\u00f3 a establecer la diferencia ya que a ese momento empataban en 42. El local cont\u00f3 con el goleo de Micaela Puthod (12), Vanina Eguren (12), Ayel\u00e9n De La Puente (11) y Johanna Scheffer (9). En la visita no alcanzaron los 14 puntos y 10 rebotes de Ana Liz Carcas, ni las 13 unidades de Eliana Monzani. <\/b><\/p>\n<p>El resultado final del \u00faltimo encuentro de la semifinal entre Barracas y 9 de Julio, no refleja ni lo que fue el partido ni la serie. Es que ambos equipos protagonizaron una semifinal peleada en sus tres juegos. Sin embargo, cuando Barracas ajust\u00f3 la defensa sobre Carcas y afin\u00f3 la punter\u00eda desde la l\u00ednea pudo cerrar el \u00faltimo punto de la mejor manera. Porque no fue f\u00e1cil el comienzo para el local, las de Deminicis comenzaron con intensidad en defensa y claridad en ataque para estampar un 6-0 en tres minutos y sorprender a propios y ajenos.<\/p>\n<p>Sin embargo Barracas emparej\u00f3 las acciones y pas\u00f3 al frente con un buen cuarto de Eguren (6). El segundo periodo tuvo cinco minutos iniciales para el olvido, pero un doble y falta de Carcas despertaron las emociones del partido porque los dos equipos reaccionaron y volvieron a generar gol en cada ofensiva. 9 de Julio pas\u00f3 a dominar el tanteador, pero Scheffer con una bomba y Mariana Arias descolgando un rebote ofensivo y anotando al cristal le devolvieron el control al local.<\/p>\n<p>La tendencia se sostuvo en el 3C, otra vez cinco minutos fatales para ambos equipos y otros cinco de alto vuelo. Carcas encontr\u00f3 una socia ideal en Monzani para correr la cancha y con un parcial de 6-0 pas\u00f3 al frente \u201cnueve\u201d 30 a 27 a 2m08s para el \u00faltimo descanso, que luego se estir\u00f3 35 a 31 a 1m20s. Sin embarg\u00f3 en ese momento el partido comenzar\u00eda a cambiar, porque a partir de all\u00ed Barracas encest\u00f3 21\/26 en TL.<\/p>\n<p>En el ep\u00edlogo, el local entr\u00f3 mejor pero reci\u00e9n destrabo el juego a 5 minutos del final. Le cerr\u00f3 los caminos al aro a su rival, que hab\u00eda anotado un doble sobre la chicharra y un contraataque posterior, m\u00e1s un triple de Carcas para empatar en 42 a 5m, pero corri\u00f3 la cancha con De La Puente y Puthod en ataques consecutivos y empez\u00f3 a encaminar el triunfo.<\/p>\n<p>Barracas ajust\u00f3 la marca sobre Carcas para no dejarla recibir en 6,75m y \u201cnueve\u201d perdi\u00f3 los hilos en ataque. Se desesper\u00f3, regal\u00f3 pelotas y cort\u00f3 con foul m\u00e1s de lo habitual (11) y el local que estaba fino de la l\u00ednea no fall\u00f3, tuvo paciencia y al final se encontr\u00f3 con el merecido pasaje a la final. Ahora El Bosque enfrentar\u00e1 a Independiente por el t\u00edtulo, mientras que 9 de Julio jugar\u00e1 frente a Sportivo Bahiense por el 3er lugar.<\/p>\n<p>&nbsp;<\/p>\n<p>[vimeo]https:\/\/vimeo.com\/114732333[\/vimeo]<\/p>\n<p>&nbsp;<\/p>\n<p><b><i><span style=\"text-decoration: underline;\">S\u00edntesis:<\/span><\/i><\/b><\/p>\n<p><b>Barracas 62: <\/b>Ayel\u00e9n De La Puente\u00a0 11, Julieta Ortiz 0, Vanina Eguren 12, Antonela Zabala 8, Daniela Civardi 6 (FI) Johanna Scheffer 9, Mariana Arias 2, Florencia Arias 2, Maribel Gal\u00e9 0, Micaela Puthod 12. DT: Juan Iturralde<\/p>\n<p><b>9 de Julio 44:<\/b> Ana Liz Carcas 14, Nerina Franco 0 (x), Bernarda Marcocci 4, Carolina Arr\u00f3 4, Ivana L\u00f3pez 6 (FI) Lucia Lucanera 1, Eliana Monzani 13 (x), Nancy Elizondo 0, Florencia Gorriti 4, Magdalena Gorriti 1. DT: Luciano Deminicis<\/p>\n<p><b>Parciales:<\/b> 13-10, 22-21 (9-11), 37-35 (15-14) y 62-44 (25-9).<\/p>\n<p><b>\u00c1rbitros:<\/b> Luis Blanco &#8211;\u00a0 Ludmila Munz.<\/p>\n<p><b>Estadio:<\/b> El Bosque (Barracas).<\/p>\n<p><a href=\"https:\/\/docs.google.com\/spreadsheets\/d\/1zthwMprDE-QyztvP49TkpviBL3gY8PpBnD-D3R1omfo\/pubhtml\" target=\"_blank\" rel=\"noopener\">Ver planilla\u00a0<\/a><\/p>\n<p><strong>Serie:<\/strong> Barracas, 2-1.<\/p>\n<p>&nbsp;<\/p>\n<h6>La palabra de Micaela Puthod<\/h6>\n\n","protected":false},"excerpt":{"rendered":"<p>Con 17\/22 TL en el 4C, Barracas pas\u00f3 a la final femenina al derrotar a 9 de Julio: 62-44 <\/p>\n","protected":false},"author":1,"featured_media":41575,"comment_status":"closed","ping_status":"open","sticky":false,"template":"","format":"standard","meta":{"jnews-multi-image_gallery":[],"jnews_single_post":[],"jnews_primary_category":[],"footnotes":""},"categories":[33,526,101],"tags":[2,593,333,1043,1044,938],"class_list":["post-41573","post","type-post","status-publish","format-standard","has-post-thumbnail","hentry","category-femenino","category-primera-femenino-2","category-slide","tag-9dejulio","tag-ana-liz-carcas","tag-barracas","tag-eliana-monzani","tag-micaela-puthod","tag-vanina-eguren"],"yoast_head":"<!-- This site is optimized with the Yoast SEO plugin v27.4 - https:\/\/yoast.com\/product\/yoast-seo-wordpress\/ -->\n<title>Desde la l\u00ednea a la final - Gente de B\u00e1squet<\/title>\n<meta name=\"robots\" content=\"index, follow, max-snippet:-1, max-image-preview:large, max-video-preview:-1\" \/>\n<link rel=\"canonical\" href=\"https:\/\/gentedebasquet.com.ar\/sitio\/2014\/12\/16\/desde-la-linea-a-la-final\/\" \/>\n<meta property=\"og:locale\" content=\"es_ES\" \/>\n<meta property=\"og:type\" content=\"article\" \/>\n<meta property=\"og:title\" content=\"Desde la l\u00ednea a la final - Gente de B\u00e1squet\" \/>\n<meta property=\"og:description\" content=\"Con 17\/22 TL en el 4C, Barracas pas\u00f3 a la final femenina al derrotar a 9 de Julio: 62-44\" \/>\n<meta property=\"og:url\" content=\"https:\/\/gentedebasquet.com.ar\/sitio\/2014\/12\/16\/desde-la-linea-a-la-final\/\" \/>\n<meta property=\"og:site_name\" content=\"Gente de B\u00e1squet\" \/>\n<meta property=\"article:published_time\" content=\"2014-12-17T01:47:18+00:00\" \/>\n<meta property=\"og:image\" content=\"https:\/\/gentedebasquet.com.ar\/sitio\/wp-content\/uploads\/2014\/12\/barracas1.jpg\" \/>\n\t<meta property=\"og:image:width\" content=\"690\" \/>\n\t<meta property=\"og:image:height\" content=\"319\" \/>\n\t<meta property=\"og:image:type\" content=\"image\/jpeg\" \/>\n<meta name=\"author\" content=\"Gente de B\u00e1squet\" \/>\n<meta name=\"twitter:card\" content=\"summary_large_image\" \/>\n<meta name=\"twitter:label1\" content=\"Escrito por\" \/>\n\t<meta name=\"twitter:data1\" content=\"Gente de B\u00e1squet\" \/>\n\t<meta name=\"twitter:label2\" content=\"Tiempo de lectura\" \/>\n\t<meta name=\"twitter:data2\" content=\"3 minutos\" \/>\n<script type=\"application\/ld+json\" class=\"yoast-schema-graph\">{\"@context\":\"https:\\\/\\\/schema.org\",\"@graph\":[{\"@type\":\"Article\",\"@id\":\"https:\\\/\\\/gentedebasquet.com.ar\\\/sitio\\\/2014\\\/12\\\/16\\\/desde-la-linea-a-la-final\\\/#article\",\"isPartOf\":{\"@id\":\"https:\\\/\\\/gentedebasquet.com.ar\\\/sitio\\\/2014\\\/12\\\/16\\\/desde-la-linea-a-la-final\\\/\"},\"author\":{\"name\":\"Gente de B\u00e1squet\",\"@id\":\"http:\\\/\\\/gentedebasquet.com.ar\\\/sitio\\\/#\\\/schema\\\/person\\\/ca0b63bbb977369988a7bbbdc519943a\"},\"headline\":\"Desde la l\u00ednea a la final\",\"datePublished\":\"2014-12-17T01:47:18+00:00\",\"mainEntityOfPage\":{\"@id\":\"https:\\\/\\\/gentedebasquet.com.ar\\\/sitio\\\/2014\\\/12\\\/16\\\/desde-la-linea-a-la-final\\\/\"},\"wordCount\":656,\"image\":{\"@id\":\"https:\\\/\\\/gentedebasquet.com.ar\\\/sitio\\\/2014\\\/12\\\/16\\\/desde-la-linea-a-la-final\\\/#primaryimage\"},\"thumbnailUrl\":\"https:\\\/\\\/gentedebasquet.com.ar\\\/sitio\\\/wp-content\\\/uploads\\\/2014\\\/12\\\/barracas1.jpg\",\"keywords\":[\"9 de Julio\",\"Ana Liz Carcas\",\"Barracas\",\"Eliana Monzani\",\"Micaela Puthod\",\"Vanina Eguren\"],\"articleSection\":[\"Femenino\",\"Primera Femenino\",\"Slide\"],\"inLanguage\":\"es\"},{\"@type\":\"WebPage\",\"@id\":\"https:\\\/\\\/gentedebasquet.com.ar\\\/sitio\\\/2014\\\/12\\\/16\\\/desde-la-linea-a-la-final\\\/\",\"url\":\"https:\\\/\\\/gentedebasquet.com.ar\\\/sitio\\\/2014\\\/12\\\/16\\\/desde-la-linea-a-la-final\\\/\",\"name\":\"Desde la l\u00ednea a la final - Gente de B\u00e1squet\",\"isPartOf\":{\"@id\":\"http:\\\/\\\/gentedebasquet.com.ar\\\/sitio\\\/#website\"},\"primaryImageOfPage\":{\"@id\":\"https:\\\/\\\/gentedebasquet.com.ar\\\/sitio\\\/2014\\\/12\\\/16\\\/desde-la-linea-a-la-final\\\/#primaryimage\"},\"image\":{\"@id\":\"https:\\\/\\\/gentedebasquet.com.ar\\\/sitio\\\/2014\\\/12\\\/16\\\/desde-la-linea-a-la-final\\\/#primaryimage\"},\"thumbnailUrl\":\"https:\\\/\\\/gentedebasquet.com.ar\\\/sitio\\\/wp-content\\\/uploads\\\/2014\\\/12\\\/barracas1.jpg\",\"datePublished\":\"2014-12-17T01:47:18+00:00\",\"author\":{\"@id\":\"http:\\\/\\\/gentedebasquet.com.ar\\\/sitio\\\/#\\\/schema\\\/person\\\/ca0b63bbb977369988a7bbbdc519943a\"},\"breadcrumb\":{\"@id\":\"https:\\\/\\\/gentedebasquet.com.ar\\\/sitio\\\/2014\\\/12\\\/16\\\/desde-la-linea-a-la-final\\\/#breadcrumb\"},\"inLanguage\":\"es\",\"potentialAction\":[{\"@type\":\"ReadAction\",\"target\":[\"https:\\\/\\\/gentedebasquet.com.ar\\\/sitio\\\/2014\\\/12\\\/16\\\/desde-la-linea-a-la-final\\\/\"]}]},{\"@type\":\"ImageObject\",\"inLanguage\":\"es\",\"@id\":\"https:\\\/\\\/gentedebasquet.com.ar\\\/sitio\\\/2014\\\/12\\\/16\\\/desde-la-linea-a-la-final\\\/#primaryimage\",\"url\":\"https:\\\/\\\/gentedebasquet.com.ar\\\/sitio\\\/wp-content\\\/uploads\\\/2014\\\/12\\\/barracas1.jpg\",\"contentUrl\":\"https:\\\/\\\/gentedebasquet.com.ar\\\/sitio\\\/wp-content\\\/uploads\\\/2014\\\/12\\\/barracas1.jpg\",\"width\":690,\"height\":319},{\"@type\":\"BreadcrumbList\",\"@id\":\"https:\\\/\\\/gentedebasquet.com.ar\\\/sitio\\\/2014\\\/12\\\/16\\\/desde-la-linea-a-la-final\\\/#breadcrumb\",\"itemListElement\":[{\"@type\":\"ListItem\",\"position\":1,\"name\":\"Portada\",\"item\":\"http:\\\/\\\/gentedebasquet.com.ar\\\/sitio\\\/\"},{\"@type\":\"ListItem\",\"position\":2,\"name\":\"Desde la l\u00ednea a la final\"}]},{\"@type\":\"WebSite\",\"@id\":\"http:\\\/\\\/gentedebasquet.com.ar\\\/sitio\\\/#website\",\"url\":\"http:\\\/\\\/gentedebasquet.com.ar\\\/sitio\\\/\",\"name\":\"Gente de B\u00e1squet\",\"description\":\"La revista del basquet de Bah\u00eda Blanca\",\"potentialAction\":[{\"@type\":\"SearchAction\",\"target\":{\"@type\":\"EntryPoint\",\"urlTemplate\":\"http:\\\/\\\/gentedebasquet.com.ar\\\/sitio\\\/?s={search_term_string}\"},\"query-input\":{\"@type\":\"PropertyValueSpecification\",\"valueRequired\":true,\"valueName\":\"search_term_string\"}}],\"inLanguage\":\"es\"},{\"@type\":\"Person\",\"@id\":\"http:\\\/\\\/gentedebasquet.com.ar\\\/sitio\\\/#\\\/schema\\\/person\\\/ca0b63bbb977369988a7bbbdc519943a\",\"name\":\"Gente de B\u00e1squet\",\"image\":{\"@type\":\"ImageObject\",\"inLanguage\":\"es\",\"@id\":\"https:\\\/\\\/secure.gravatar.com\\\/avatar\\\/7f2c48bdc33b30088f941fb6082e555f2874c98e20cb159d7b92b50eadfce793?s=96&d=mm&r=g\",\"url\":\"https:\\\/\\\/secure.gravatar.com\\\/avatar\\\/7f2c48bdc33b30088f941fb6082e555f2874c98e20cb159d7b92b50eadfce793?s=96&d=mm&r=g\",\"contentUrl\":\"https:\\\/\\\/secure.gravatar.com\\\/avatar\\\/7f2c48bdc33b30088f941fb6082e555f2874c98e20cb159d7b92b50eadfce793?s=96&d=mm&r=g\",\"caption\":\"Gente de B\u00e1squet\"},\"sameAs\":[\"http:\\\/\\\/gentedebasquet.com.ar\\\/sitio\"],\"url\":\"https:\\\/\\\/gentedebasquet.com.ar\\\/sitio\\\/author\\\/ulises\\\/\"}]}<\/script>\n<!-- \/ Yoast SEO plugin. -->","yoast_head_json":{"title":"Desde la l\u00ednea a la final - Gente de B\u00e1squet","robots":{"index":"index","follow":"follow","max-snippet":"max-snippet:-1","max-image-preview":"max-image-preview:large","max-video-preview":"max-video-preview:-1"},"canonical":"https:\/\/gentedebasquet.com.ar\/sitio\/2014\/12\/16\/desde-la-linea-a-la-final\/","og_locale":"es_ES","og_type":"article","og_title":"Desde la l\u00ednea a la final - Gente de B\u00e1squet","og_description":"Con 17\/22 TL en el 4C, Barracas pas\u00f3 a la final femenina al derrotar a 9 de Julio: 62-44","og_url":"https:\/\/gentedebasquet.com.ar\/sitio\/2014\/12\/16\/desde-la-linea-a-la-final\/","og_site_name":"Gente de B\u00e1squet","article_published_time":"2014-12-17T01:47:18+00:00","og_image":[{"width":690,"height":319,"url":"https:\/\/gentedebasquet.com.ar\/sitio\/wp-content\/uploads\/2014\/12\/barracas1.jpg","type":"image\/jpeg"}],"author":"Gente de B\u00e1squet","twitter_card":"summary_large_image","twitter_misc":{"Escrito por":"Gente de B\u00e1squet","Tiempo de lectura":"3 minutos"},"schema":{"@context":"https:\/\/schema.org","@graph":[{"@type":"Article","@id":"https:\/\/gentedebasquet.com.ar\/sitio\/2014\/12\/16\/desde-la-linea-a-la-final\/#article","isPartOf":{"@id":"https:\/\/gentedebasquet.com.ar\/sitio\/2014\/12\/16\/desde-la-linea-a-la-final\/"},"author":{"name":"Gente de B\u00e1squet","@id":"http:\/\/gentedebasquet.com.ar\/sitio\/#\/schema\/person\/ca0b63bbb977369988a7bbbdc519943a"},"headline":"Desde la l\u00ednea a la final","datePublished":"2014-12-17T01:47:18+00:00","mainEntityOfPage":{"@id":"https:\/\/gentedebasquet.com.ar\/sitio\/2014\/12\/16\/desde-la-linea-a-la-final\/"},"wordCount":656,"image":{"@id":"https:\/\/gentedebasquet.com.ar\/sitio\/2014\/12\/16\/desde-la-linea-a-la-final\/#primaryimage"},"thumbnailUrl":"https:\/\/gentedebasquet.com.ar\/sitio\/wp-content\/uploads\/2014\/12\/barracas1.jpg","keywords":["9 de Julio","Ana Liz Carcas","Barracas","Eliana Monzani","Micaela Puthod","Vanina Eguren"],"articleSection":["Femenino","Primera Femenino","Slide"],"inLanguage":"es"},{"@type":"WebPage","@id":"https:\/\/gentedebasquet.com.ar\/sitio\/2014\/12\/16\/desde-la-linea-a-la-final\/","url":"https:\/\/gentedebasquet.com.ar\/sitio\/2014\/12\/16\/desde-la-linea-a-la-final\/","name":"Desde la l\u00ednea a la final - Gente de B\u00e1squet","isPartOf":{"@id":"http:\/\/gentedebasquet.com.ar\/sitio\/#website"},"primaryImageOfPage":{"@id":"https:\/\/gentedebasquet.com.ar\/sitio\/2014\/12\/16\/desde-la-linea-a-la-final\/#primaryimage"},"image":{"@id":"https:\/\/gentedebasquet.com.ar\/sitio\/2014\/12\/16\/desde-la-linea-a-la-final\/#primaryimage"},"thumbnailUrl":"https:\/\/gentedebasquet.com.ar\/sitio\/wp-content\/uploads\/2014\/12\/barracas1.jpg","datePublished":"2014-12-17T01:47:18+00:00","author":{"@id":"http:\/\/gentedebasquet.com.ar\/sitio\/#\/schema\/person\/ca0b63bbb977369988a7bbbdc519943a"},"breadcrumb":{"@id":"https:\/\/gentedebasquet.com.ar\/sitio\/2014\/12\/16\/desde-la-linea-a-la-final\/#breadcrumb"},"inLanguage":"es","potentialAction":[{"@type":"ReadAction","target":["https:\/\/gentedebasquet.com.ar\/sitio\/2014\/12\/16\/desde-la-linea-a-la-final\/"]}]},{"@type":"ImageObject","inLanguage":"es","@id":"https:\/\/gentedebasquet.com.ar\/sitio\/2014\/12\/16\/desde-la-linea-a-la-final\/#primaryimage","url":"https:\/\/gentedebasquet.com.ar\/sitio\/wp-content\/uploads\/2014\/12\/barracas1.jpg","contentUrl":"https:\/\/gentedebasquet.com.ar\/sitio\/wp-content\/uploads\/2014\/12\/barracas1.jpg","width":690,"height":319},{"@type":"BreadcrumbList","@id":"https:\/\/gentedebasquet.com.ar\/sitio\/2014\/12\/16\/desde-la-linea-a-la-final\/#breadcrumb","itemListElement":[{"@type":"ListItem","position":1,"name":"Portada","item":"http:\/\/gentedebasquet.com.ar\/sitio\/"},{"@type":"ListItem","position":2,"name":"Desde la l\u00ednea a la final"}]},{"@type":"WebSite","@id":"http:\/\/gentedebasquet.com.ar\/sitio\/#website","url":"http:\/\/gentedebasquet.com.ar\/sitio\/","name":"Gente de B\u00e1squet","description":"La revista del basquet de Bah\u00eda Blanca","potentialAction":[{"@type":"SearchAction","target":{"@type":"EntryPoint","urlTemplate":"http:\/\/gentedebasquet.com.ar\/sitio\/?s={search_term_string}"},"query-input":{"@type":"PropertyValueSpecification","valueRequired":true,"valueName":"search_term_string"}}],"inLanguage":"es"},{"@type":"Person","@id":"http:\/\/gentedebasquet.com.ar\/sitio\/#\/schema\/person\/ca0b63bbb977369988a7bbbdc519943a","name":"Gente de B\u00e1squet","image":{"@type":"ImageObject","inLanguage":"es","@id":"https:\/\/secure.gravatar.com\/avatar\/7f2c48bdc33b30088f941fb6082e555f2874c98e20cb159d7b92b50eadfce793?s=96&d=mm&r=g","url":"https:\/\/secure.gravatar.com\/avatar\/7f2c48bdc33b30088f941fb6082e555f2874c98e20cb159d7b92b50eadfce793?s=96&d=mm&r=g","contentUrl":"https:\/\/secure.gravatar.com\/avatar\/7f2c48bdc33b30088f941fb6082e555f2874c98e20cb159d7b92b50eadfce793?s=96&d=mm&r=g","caption":"Gente de B\u00e1squet"},"sameAs":["http:\/\/gentedebasquet.com.ar\/sitio"],"url":"https:\/\/gentedebasquet.com.ar\/sitio\/author\/ulises\/"}]}},"_links":{"self":[{"href":"https:\/\/gentedebasquet.com.ar\/sitio\/wp-json\/wp\/v2\/posts\/41573","targetHints":{"allow":["GET"]}}],"collection":[{"href":"https:\/\/gentedebasquet.com.ar\/sitio\/wp-json\/wp\/v2\/posts"}],"about":[{"href":"https:\/\/gentedebasquet.com.ar\/sitio\/wp-json\/wp\/v2\/types\/post"}],"author":[{"embeddable":true,"href":"https:\/\/gentedebasquet.com.ar\/sitio\/wp-json\/wp\/v2\/users\/1"}],"replies":[{"embeddable":true,"href":"https:\/\/gentedebasquet.com.ar\/sitio\/wp-json\/wp\/v2\/comments?post=41573"}],"version-history":[{"count":0,"href":"https:\/\/gentedebasquet.com.ar\/sitio\/wp-json\/wp\/v2\/posts\/41573\/revisions"}],"wp:featuredmedia":[{"embeddable":true,"href":"https:\/\/gentedebasquet.com.ar\/sitio\/wp-json\/wp\/v2\/media\/41575"}],"wp:attachment":[{"href":"https:\/\/gentedebasquet.com.ar\/sitio\/wp-json\/wp\/v2\/media?parent=41573"}],"wp:term":[{"taxonomy":"category","embeddable":true,"href":"https:\/\/gentedebasquet.com.ar\/sitio\/wp-json\/wp\/v2\/categories?post=41573"},{"taxonomy":"post_tag","embeddable":true,"href":"https:\/\/gentedebasquet.com.ar\/sitio\/wp-json\/wp\/v2\/tags?post=41573"}],"curies":[{"name":"wp","href":"https:\/\/api.w.org\/{rel}","templated":true}]}}