{"id":41695,"date":"2014-12-20T16:02:07","date_gmt":"2014-12-20T19:02:07","guid":{"rendered":"http:\/\/www.gentedebasquet.com.ar\/?p=41695"},"modified":"2014-12-20T16:02:07","modified_gmt":"2014-12-20T19:02:07","slug":"parra-no-olvidar","status":"publish","type":"post","link":"https:\/\/gentedebasquet.com.ar\/sitio\/2014\/12\/20\/parra-no-olvidar\/","title":{"rendered":"Parra no olvidar"},"content":{"rendered":"<p><strong>Bahiense del Norte venci\u00f3 en el juego definitorio a 9 de Julio por 75 a 67, cerr\u00f3 las finales de Cadetes Bis 2-1 y se consagr\u00f3 campe\u00f3n. Mauro Parra (18, con 3\/5 3p), fue el m\u00e1ximo goleador del partido. Adem\u00e1s, hubo 14 y 19 rebotes de Nico Kachuck, 12 de Tamis, 11 de Belate y 10 de Menecozzi en la visita. En el conjunto anfitri\u00f3n se destacaron Lucas Laguzzi (16), Nico Valdebenito (15) y Facundo C\u00f3rsico (13).<\/strong><\/p>\n<p>Los dos buenos partidos que ambos se ganaron como visitante, <a href=\"http:\/\/www.gentedebasquet.com.ar\/bahiense-al-frente\/\" target=\"_blank\" rel=\"noopener\">Bahiense en cancha de 9<\/a> y el propio <a href=\"http:\/\/www.gentedebasquet.com.ar\/el-nueve-estiro-la-serie\/\" target=\"_blank\" rel=\"noopener\">9 de Julio en el Manu Gin\u00f3bili<\/a>, armaron una definici\u00f3n tremenda del campeonato de Cadetes Bis. El juego fue l\u00f3gicamente friccionado, pero sin malas intenciones, y bien controlado por los jueces. Reci\u00e9n sobre el cierre del 1C, Bahiense del Norte sac\u00f3 una luz de ventaja (12-19) aprovechando la mano caliente a distancia de Menecozzi, Belate y Mauro Parra.<\/p>\n<p>En el 2C se vio la mejor versi\u00f3n de la visita, arrugando su defensa para quitarle espacio a las penetraciones de Valdebenito y C\u00f3rsico, y adue\u00f1\u00e1ndose de cuan rebote quede suelo, de la mano de Nicol\u00e1s Kachuck (totaliz\u00f3 19). Tamis tambi\u00e9n contribuy\u00f3 y Parra sigui\u00f3 encendido (2\/2 3p), otorg\u00e1ndole al equipo de Jorge David la m\u00e1xima de 15 puntos (14-29), a 5m41 del descanso largo.<\/p>\n<p>El local descont\u00f3 -triple de Valdebenito incluido- y comenz\u00f3 el 3C apenes 8 puntos abajo (26-34). Pese a que C\u00f3rsico se cargo y le quit\u00f3 variantes a su equipo, un parcial de 9-3 dej\u00f3 a 9 de Julio a 2 unidades (35-37). En ese segmento apareci\u00f3 Mart\u00edn Coleffi, castigando desde 6.75 metros y luego Fabio Campetti, canjeando por gol buenos contra ataques. Tamis y Kachuck, luchando en la pintura, le devolvieron 7 unidades de luz a la visita (40-47), que se estiraron a 8 (42-50) con un doble de Parra, y que alcanz\u00f3 a ser de 10 (43-53) con Menecozzi en la l\u00ednea.<\/p>\n<p>El local no baj\u00f3 los brazos y sigui\u00f3 forzando cada ofensiva, pese a que fue perdiendo jugadores por l\u00edmite de faltas (salieron C\u00f3rsico, Valdebenito y Coleffi). As\u00ed, logr\u00f3 ponerse a 5 tantos con 4m25 por delante, obligando al banco local a detener las acciones. Incluso, lleg\u00f3 a estar a 3 puntos (56-59). Pero un robo de Parra a Laguzzi, seguido de bandeja, liquid\u00f3 el juego. Restaban 1m30 y Bahiense pas\u00f3 a ganarlo 59-67. El reloj, lent\u00edsimo (los jueces observaron la anomal\u00eda) hizo apasionante el cierre, pero ya estaba todo terminado, Bahiense era el campe\u00f3n.<\/p>\n<p>&nbsp;<\/p>\n<p><b>S\u00edntesis<\/b><\/p>\n<p><strong>9 de Julio 67:\u00a0<\/strong>Nicol\u00e1s Valdebenito 15 (x), Mart\u00edn Becchio 1, Lucas Laguzzi 16, Facundo C\u00f3rsico 13 (x), Santiago Lezcano 4\u00a0(Fi); <span style=\"font-size: 14px; line-height: 1.5em;\">Fabio Campetti 9, Mart\u00edn Coleffi 6 (x), Tom\u00e1s Gonz\u00e1lez 0 y Alex Gelvez 0.\u00a0<\/span>DT:<span style=\"font-size: 14px; line-height: 1.5em;\">\u00a0Luciano Deminicis.<\/span><\/p>\n<p><b>Bahiense del Norte 75:<\/b>\u00a0Tom\u00e1s Gorosito 8 (x), Facundo Menecozzi 10, Gonzalo Belate 11 (x), Agust\u00edn Bay\u00f3n 0, Nicol\u00e1s Kachuck 14 (Fi); Mauro Parra 18, Juan Cruz Tamis 12 y Mart\u00edn Lobo 2.\u00a0DT:\u00a0Jorge David.<\/p>\n<p><b>Parciales:<\/b>\u00a012-19, 26-34 (14-15), 40-47 (14-13) y 67-75 (27-28).<\/p>\n<p><b>\u00c1rbitros:<\/b>\u00a0Mariano Enrique, Jorge Blanco y Luis Piedrabena.<\/p>\n<p><b>Estadio:<\/b>\u00a0N\u00e9stor Damiani (9 de Julio).<\/p>\n<p><b>Serie:\u00a0<\/b>Bahiense, 2-1<\/p>\n<p><a title=\"Planilla\" href=\"https:\/\/docs.google.com\/spreadsheets\/d\/1uyE6OLZ-I_jcRyh_6op_Cs2972JbmbKkqDBZG3R9xFQ\/pubhtml\" target=\"_blank\" rel=\"noopener\">Ver Planilla<\/a><\/p>\n","protected":false},"excerpt":{"rendered":"<p>Con 18 de Mauro, Bahiense venci\u00f3 a 9 de Julio 75-67 y fue campe\u00f3n en U17 B<\/p>\n","protected":false},"author":1,"featured_media":41696,"comment_status":"closed","ping_status":"open","sticky":false,"template":"","format":"standard","meta":{"jnews-multi-image_gallery":[],"jnews_single_post":[],"jnews_primary_category":[],"footnotes":""},"categories":[101,35],"tags":[2,5,1069,1070,1071,1051,1052],"class_list":["post-41695","post","type-post","status-publish","format-standard","has-post-thumbnail","hentry","category-slide","category-u17","tag-9dejulio","tag-bahiense-del-norte","tag-jorge-david","tag-lucas-laguzzi","tag-mauro-parra","tag-nicolas-kachuck","tag-nicolas-valdebenito"],"yoast_head":"<!-- This site is optimized with the Yoast SEO plugin v27.5 - https:\/\/yoast.com\/product\/yoast-seo-wordpress\/ -->\n<title>Parra no olvidar - Gente de B\u00e1squet<\/title>\n<meta name=\"robots\" content=\"index, follow, max-snippet:-1, max-image-preview:large, max-video-preview:-1\" \/>\n<link rel=\"canonical\" href=\"https:\/\/gentedebasquet.com.ar\/sitio\/2014\/12\/20\/parra-no-olvidar\/\" \/>\n<meta property=\"og:locale\" content=\"es_ES\" \/>\n<meta property=\"og:type\" content=\"article\" \/>\n<meta property=\"og:title\" content=\"Parra no olvidar - Gente de B\u00e1squet\" \/>\n<meta property=\"og:description\" content=\"Con 18 de Mauro, Bahiense venci\u00f3 a 9 de Julio 75-67 y fue campe\u00f3n en U17 B\" \/>\n<meta property=\"og:url\" content=\"https:\/\/gentedebasquet.com.ar\/sitio\/2014\/12\/20\/parra-no-olvidar\/\" \/>\n<meta property=\"og:site_name\" content=\"Gente de B\u00e1squet\" \/>\n<meta property=\"article:published_time\" content=\"2014-12-20T19:02:07+00:00\" \/>\n<meta property=\"og:image\" content=\"https:\/\/gentedebasquet.com.ar\/sitio\/wp-content\/uploads\/2014\/12\/9-de-Julio-Bahiense-U17-Bis.jpg\" \/>\n\t<meta property=\"og:image:width\" content=\"690\" \/>\n\t<meta property=\"og:image:height\" content=\"319\" \/>\n\t<meta property=\"og:image:type\" content=\"image\/jpeg\" \/>\n<meta name=\"author\" content=\"Gente de B\u00e1squet\" \/>\n<meta name=\"twitter:card\" content=\"summary_large_image\" \/>\n<meta name=\"twitter:label1\" content=\"Escrito por\" \/>\n\t<meta name=\"twitter:data1\" content=\"Gente de B\u00e1squet\" \/>\n\t<meta name=\"twitter:label2\" content=\"Tiempo de lectura\" \/>\n\t<meta name=\"twitter:data2\" content=\"3 minutos\" \/>\n<script type=\"application\/ld+json\" class=\"yoast-schema-graph\">{\"@context\":\"https:\\\/\\\/schema.org\",\"@graph\":[{\"@type\":\"Article\",\"@id\":\"https:\\\/\\\/gentedebasquet.com.ar\\\/sitio\\\/2014\\\/12\\\/20\\\/parra-no-olvidar\\\/#article\",\"isPartOf\":{\"@id\":\"https:\\\/\\\/gentedebasquet.com.ar\\\/sitio\\\/2014\\\/12\\\/20\\\/parra-no-olvidar\\\/\"},\"author\":{\"name\":\"Gente de B\u00e1squet\",\"@id\":\"https:\\\/\\\/gentedebasquet.com.ar\\\/sitio\\\/#\\\/schema\\\/person\\\/ca0b63bbb977369988a7bbbdc519943a\"},\"headline\":\"Parra no olvidar\",\"datePublished\":\"2014-12-20T19:02:07+00:00\",\"mainEntityOfPage\":{\"@id\":\"https:\\\/\\\/gentedebasquet.com.ar\\\/sitio\\\/2014\\\/12\\\/20\\\/parra-no-olvidar\\\/\"},\"wordCount\":512,\"image\":{\"@id\":\"https:\\\/\\\/gentedebasquet.com.ar\\\/sitio\\\/2014\\\/12\\\/20\\\/parra-no-olvidar\\\/#primaryimage\"},\"thumbnailUrl\":\"https:\\\/\\\/gentedebasquet.com.ar\\\/sitio\\\/wp-content\\\/uploads\\\/2014\\\/12\\\/9-de-Julio-Bahiense-U17-Bis.jpg\",\"keywords\":[\"9 de Julio\",\"Bahiense Del Norte\",\"Jorge David\",\"Lucas Laguzzi\",\"Mauro Parra\",\"Nicol\u00e1s Kachuck\",\"Nicol\u00e1s Valdebenito\"],\"articleSection\":[\"Slide\",\"U17\"],\"inLanguage\":\"es\"},{\"@type\":\"WebPage\",\"@id\":\"https:\\\/\\\/gentedebasquet.com.ar\\\/sitio\\\/2014\\\/12\\\/20\\\/parra-no-olvidar\\\/\",\"url\":\"https:\\\/\\\/gentedebasquet.com.ar\\\/sitio\\\/2014\\\/12\\\/20\\\/parra-no-olvidar\\\/\",\"name\":\"Parra no olvidar - Gente de B\u00e1squet\",\"isPartOf\":{\"@id\":\"https:\\\/\\\/gentedebasquet.com.ar\\\/sitio\\\/#website\"},\"primaryImageOfPage\":{\"@id\":\"https:\\\/\\\/gentedebasquet.com.ar\\\/sitio\\\/2014\\\/12\\\/20\\\/parra-no-olvidar\\\/#primaryimage\"},\"image\":{\"@id\":\"https:\\\/\\\/gentedebasquet.com.ar\\\/sitio\\\/2014\\\/12\\\/20\\\/parra-no-olvidar\\\/#primaryimage\"},\"thumbnailUrl\":\"https:\\\/\\\/gentedebasquet.com.ar\\\/sitio\\\/wp-content\\\/uploads\\\/2014\\\/12\\\/9-de-Julio-Bahiense-U17-Bis.jpg\",\"datePublished\":\"2014-12-20T19:02:07+00:00\",\"author\":{\"@id\":\"https:\\\/\\\/gentedebasquet.com.ar\\\/sitio\\\/#\\\/schema\\\/person\\\/ca0b63bbb977369988a7bbbdc519943a\"},\"breadcrumb\":{\"@id\":\"https:\\\/\\\/gentedebasquet.com.ar\\\/sitio\\\/2014\\\/12\\\/20\\\/parra-no-olvidar\\\/#breadcrumb\"},\"inLanguage\":\"es\",\"potentialAction\":[{\"@type\":\"ReadAction\",\"target\":[\"https:\\\/\\\/gentedebasquet.com.ar\\\/sitio\\\/2014\\\/12\\\/20\\\/parra-no-olvidar\\\/\"]}]},{\"@type\":\"ImageObject\",\"inLanguage\":\"es\",\"@id\":\"https:\\\/\\\/gentedebasquet.com.ar\\\/sitio\\\/2014\\\/12\\\/20\\\/parra-no-olvidar\\\/#primaryimage\",\"url\":\"https:\\\/\\\/gentedebasquet.com.ar\\\/sitio\\\/wp-content\\\/uploads\\\/2014\\\/12\\\/9-de-Julio-Bahiense-U17-Bis.jpg\",\"contentUrl\":\"https:\\\/\\\/gentedebasquet.com.ar\\\/sitio\\\/wp-content\\\/uploads\\\/2014\\\/12\\\/9-de-Julio-Bahiense-U17-Bis.jpg\",\"width\":690,\"height\":319},{\"@type\":\"BreadcrumbList\",\"@id\":\"https:\\\/\\\/gentedebasquet.com.ar\\\/sitio\\\/2014\\\/12\\\/20\\\/parra-no-olvidar\\\/#breadcrumb\",\"itemListElement\":[{\"@type\":\"ListItem\",\"position\":1,\"name\":\"Portada\",\"item\":\"https:\\\/\\\/gentedebasquet.com.ar\\\/sitio\\\/\"},{\"@type\":\"ListItem\",\"position\":2,\"name\":\"Parra no olvidar\"}]},{\"@type\":\"WebSite\",\"@id\":\"https:\\\/\\\/gentedebasquet.com.ar\\\/sitio\\\/#website\",\"url\":\"https:\\\/\\\/gentedebasquet.com.ar\\\/sitio\\\/\",\"name\":\"Gente de B\u00e1squet\",\"description\":\"La revista del basquet de Bah\u00eda Blanca\",\"potentialAction\":[{\"@type\":\"SearchAction\",\"target\":{\"@type\":\"EntryPoint\",\"urlTemplate\":\"https:\\\/\\\/gentedebasquet.com.ar\\\/sitio\\\/?s={search_term_string}\"},\"query-input\":{\"@type\":\"PropertyValueSpecification\",\"valueRequired\":true,\"valueName\":\"search_term_string\"}}],\"inLanguage\":\"es\"},{\"@type\":\"Person\",\"@id\":\"https:\\\/\\\/gentedebasquet.com.ar\\\/sitio\\\/#\\\/schema\\\/person\\\/ca0b63bbb977369988a7bbbdc519943a\",\"name\":\"Gente de B\u00e1squet\",\"image\":{\"@type\":\"ImageObject\",\"inLanguage\":\"es\",\"@id\":\"https:\\\/\\\/secure.gravatar.com\\\/avatar\\\/7f2c48bdc33b30088f941fb6082e555f2874c98e20cb159d7b92b50eadfce793?s=96&d=mm&r=g\",\"url\":\"https:\\\/\\\/secure.gravatar.com\\\/avatar\\\/7f2c48bdc33b30088f941fb6082e555f2874c98e20cb159d7b92b50eadfce793?s=96&d=mm&r=g\",\"contentUrl\":\"https:\\\/\\\/secure.gravatar.com\\\/avatar\\\/7f2c48bdc33b30088f941fb6082e555f2874c98e20cb159d7b92b50eadfce793?s=96&d=mm&r=g\",\"caption\":\"Gente de B\u00e1squet\"},\"sameAs\":[\"http:\\\/\\\/gentedebasquet.com.ar\\\/sitio\"],\"url\":\"https:\\\/\\\/gentedebasquet.com.ar\\\/sitio\\\/author\\\/ulises\\\/\"}]}<\/script>\n<!-- \/ Yoast SEO plugin. -->","yoast_head_json":{"title":"Parra no olvidar - Gente de B\u00e1squet","robots":{"index":"index","follow":"follow","max-snippet":"max-snippet:-1","max-image-preview":"max-image-preview:large","max-video-preview":"max-video-preview:-1"},"canonical":"https:\/\/gentedebasquet.com.ar\/sitio\/2014\/12\/20\/parra-no-olvidar\/","og_locale":"es_ES","og_type":"article","og_title":"Parra no olvidar - Gente de B\u00e1squet","og_description":"Con 18 de Mauro, Bahiense venci\u00f3 a 9 de Julio 75-67 y fue campe\u00f3n en U17 B","og_url":"https:\/\/gentedebasquet.com.ar\/sitio\/2014\/12\/20\/parra-no-olvidar\/","og_site_name":"Gente de B\u00e1squet","article_published_time":"2014-12-20T19:02:07+00:00","og_image":[{"width":690,"height":319,"url":"https:\/\/gentedebasquet.com.ar\/sitio\/wp-content\/uploads\/2014\/12\/9-de-Julio-Bahiense-U17-Bis.jpg","type":"image\/jpeg"}],"author":"Gente de B\u00e1squet","twitter_card":"summary_large_image","twitter_misc":{"Escrito por":"Gente de B\u00e1squet","Tiempo de lectura":"3 minutos"},"schema":{"@context":"https:\/\/schema.org","@graph":[{"@type":"Article","@id":"https:\/\/gentedebasquet.com.ar\/sitio\/2014\/12\/20\/parra-no-olvidar\/#article","isPartOf":{"@id":"https:\/\/gentedebasquet.com.ar\/sitio\/2014\/12\/20\/parra-no-olvidar\/"},"author":{"name":"Gente de B\u00e1squet","@id":"https:\/\/gentedebasquet.com.ar\/sitio\/#\/schema\/person\/ca0b63bbb977369988a7bbbdc519943a"},"headline":"Parra no olvidar","datePublished":"2014-12-20T19:02:07+00:00","mainEntityOfPage":{"@id":"https:\/\/gentedebasquet.com.ar\/sitio\/2014\/12\/20\/parra-no-olvidar\/"},"wordCount":512,"image":{"@id":"https:\/\/gentedebasquet.com.ar\/sitio\/2014\/12\/20\/parra-no-olvidar\/#primaryimage"},"thumbnailUrl":"https:\/\/gentedebasquet.com.ar\/sitio\/wp-content\/uploads\/2014\/12\/9-de-Julio-Bahiense-U17-Bis.jpg","keywords":["9 de Julio","Bahiense Del Norte","Jorge David","Lucas Laguzzi","Mauro Parra","Nicol\u00e1s Kachuck","Nicol\u00e1s Valdebenito"],"articleSection":["Slide","U17"],"inLanguage":"es"},{"@type":"WebPage","@id":"https:\/\/gentedebasquet.com.ar\/sitio\/2014\/12\/20\/parra-no-olvidar\/","url":"https:\/\/gentedebasquet.com.ar\/sitio\/2014\/12\/20\/parra-no-olvidar\/","name":"Parra no olvidar - Gente de B\u00e1squet","isPartOf":{"@id":"https:\/\/gentedebasquet.com.ar\/sitio\/#website"},"primaryImageOfPage":{"@id":"https:\/\/gentedebasquet.com.ar\/sitio\/2014\/12\/20\/parra-no-olvidar\/#primaryimage"},"image":{"@id":"https:\/\/gentedebasquet.com.ar\/sitio\/2014\/12\/20\/parra-no-olvidar\/#primaryimage"},"thumbnailUrl":"https:\/\/gentedebasquet.com.ar\/sitio\/wp-content\/uploads\/2014\/12\/9-de-Julio-Bahiense-U17-Bis.jpg","datePublished":"2014-12-20T19:02:07+00:00","author":{"@id":"https:\/\/gentedebasquet.com.ar\/sitio\/#\/schema\/person\/ca0b63bbb977369988a7bbbdc519943a"},"breadcrumb":{"@id":"https:\/\/gentedebasquet.com.ar\/sitio\/2014\/12\/20\/parra-no-olvidar\/#breadcrumb"},"inLanguage":"es","potentialAction":[{"@type":"ReadAction","target":["https:\/\/gentedebasquet.com.ar\/sitio\/2014\/12\/20\/parra-no-olvidar\/"]}]},{"@type":"ImageObject","inLanguage":"es","@id":"https:\/\/gentedebasquet.com.ar\/sitio\/2014\/12\/20\/parra-no-olvidar\/#primaryimage","url":"https:\/\/gentedebasquet.com.ar\/sitio\/wp-content\/uploads\/2014\/12\/9-de-Julio-Bahiense-U17-Bis.jpg","contentUrl":"https:\/\/gentedebasquet.com.ar\/sitio\/wp-content\/uploads\/2014\/12\/9-de-Julio-Bahiense-U17-Bis.jpg","width":690,"height":319},{"@type":"BreadcrumbList","@id":"https:\/\/gentedebasquet.com.ar\/sitio\/2014\/12\/20\/parra-no-olvidar\/#breadcrumb","itemListElement":[{"@type":"ListItem","position":1,"name":"Portada","item":"https:\/\/gentedebasquet.com.ar\/sitio\/"},{"@type":"ListItem","position":2,"name":"Parra no olvidar"}]},{"@type":"WebSite","@id":"https:\/\/gentedebasquet.com.ar\/sitio\/#website","url":"https:\/\/gentedebasquet.com.ar\/sitio\/","name":"Gente de B\u00e1squet","description":"La revista del basquet de Bah\u00eda Blanca","potentialAction":[{"@type":"SearchAction","target":{"@type":"EntryPoint","urlTemplate":"https:\/\/gentedebasquet.com.ar\/sitio\/?s={search_term_string}"},"query-input":{"@type":"PropertyValueSpecification","valueRequired":true,"valueName":"search_term_string"}}],"inLanguage":"es"},{"@type":"Person","@id":"https:\/\/gentedebasquet.com.ar\/sitio\/#\/schema\/person\/ca0b63bbb977369988a7bbbdc519943a","name":"Gente de B\u00e1squet","image":{"@type":"ImageObject","inLanguage":"es","@id":"https:\/\/secure.gravatar.com\/avatar\/7f2c48bdc33b30088f941fb6082e555f2874c98e20cb159d7b92b50eadfce793?s=96&d=mm&r=g","url":"https:\/\/secure.gravatar.com\/avatar\/7f2c48bdc33b30088f941fb6082e555f2874c98e20cb159d7b92b50eadfce793?s=96&d=mm&r=g","contentUrl":"https:\/\/secure.gravatar.com\/avatar\/7f2c48bdc33b30088f941fb6082e555f2874c98e20cb159d7b92b50eadfce793?s=96&d=mm&r=g","caption":"Gente de B\u00e1squet"},"sameAs":["http:\/\/gentedebasquet.com.ar\/sitio"],"url":"https:\/\/gentedebasquet.com.ar\/sitio\/author\/ulises\/"}]}},"_links":{"self":[{"href":"https:\/\/gentedebasquet.com.ar\/sitio\/wp-json\/wp\/v2\/posts\/41695","targetHints":{"allow":["GET"]}}],"collection":[{"href":"https:\/\/gentedebasquet.com.ar\/sitio\/wp-json\/wp\/v2\/posts"}],"about":[{"href":"https:\/\/gentedebasquet.com.ar\/sitio\/wp-json\/wp\/v2\/types\/post"}],"author":[{"embeddable":true,"href":"https:\/\/gentedebasquet.com.ar\/sitio\/wp-json\/wp\/v2\/users\/1"}],"replies":[{"embeddable":true,"href":"https:\/\/gentedebasquet.com.ar\/sitio\/wp-json\/wp\/v2\/comments?post=41695"}],"version-history":[{"count":0,"href":"https:\/\/gentedebasquet.com.ar\/sitio\/wp-json\/wp\/v2\/posts\/41695\/revisions"}],"wp:featuredmedia":[{"embeddable":true,"href":"https:\/\/gentedebasquet.com.ar\/sitio\/wp-json\/wp\/v2\/media\/41696"}],"wp:attachment":[{"href":"https:\/\/gentedebasquet.com.ar\/sitio\/wp-json\/wp\/v2\/media?parent=41695"}],"wp:term":[{"taxonomy":"category","embeddable":true,"href":"https:\/\/gentedebasquet.com.ar\/sitio\/wp-json\/wp\/v2\/categories?post=41695"},{"taxonomy":"post_tag","embeddable":true,"href":"https:\/\/gentedebasquet.com.ar\/sitio\/wp-json\/wp\/v2\/tags?post=41695"}],"curies":[{"name":"wp","href":"https:\/\/api.w.org\/{rel}","templated":true}]}}