{"id":41755,"date":"2014-12-30T23:07:58","date_gmt":"2014-12-31T02:07:58","guid":{"rendered":"http:\/\/www.gentedebasquet.com.ar\/?p=41755"},"modified":"2014-12-30T23:07:58","modified_gmt":"2014-12-31T02:07:58","slug":"ya-estan-los-mejores-3","status":"publish","type":"post","link":"https:\/\/gentedebasquet.com.ar\/sitio\/2014\/12\/30\/ya-estan-los-mejores-3\/","title":{"rendered":"\u00a1Ya est\u00e1n los mejores!"},"content":{"rendered":"<p><strong>Pas\u00f3 el momento de la votaci\u00f3n y despu\u00e9s de que casi dos mil personas dejaran su opini\u00f3n en esta p\u00e1gina, los Quintetos Ideales de Primera y Segunda son una realidad. A continuaci\u00f3n todos los detalles&#8230;<\/strong><\/p>\n<p>&nbsp;<\/p>\n<h6>PRIMERA DIVISI\u00d3N<\/h6>\n<p><strong>MEJOR BASE: MAURO ZALGUIZURI (BAHIENSE) 764 votos.<\/strong><\/p>\n<p>Menciones especiales:<\/p>\n<p>Luciano Fortelli (San Lorenzo) 732 votos y Germ\u00e1n Ressia (Olimpo) 329 votos.<\/p>\n<p>&nbsp;<\/p>\n<p><strong>MEJOR ESCOLTA: SEBASTI\u00c1N CINTI (ESTUDIANTES) 943 votos.<\/strong><\/p>\n<p>Menciones especiales:<\/p>\n<p>Mat\u00edas Chaves (Bahiense del Norte) 526 votos y Gast\u00f3n Diomedi (Villa Mitre) 277 votos.<\/p>\n<p>&nbsp;<\/p>\n<p><strong>MEJOR ALERO: FABRICIO STARC (LINIERS) 683 votos.<\/strong><\/p>\n<p>Menciones especiales:<\/p>\n<p>Agust\u00edn Dottori (9 de Julio) 658 votos y Franco Amigo (Bahiense del Norte) 161 votos.<\/p>\n<p>&nbsp;<\/p>\n<p><strong>MEJOR ALA PIVOT: DAVID PINEDA (VILLA MITRE) 1081 votos.<\/strong><\/p>\n<p>Menciones especiales:<\/p>\n<p>Mariano Pizzo (Liniers) 516 votos y Federico Radavero (Estudiantes) 250 votos.<\/p>\n<p>&nbsp;<\/p>\n<p><strong>MEJOR PIVOT: RAMIRO HEINRICH (BAHIENSE) 960 votos.<\/strong><\/p>\n<p>Menciones especiales:<\/p>\n<p>Juan Bellozas (Napost\u00e1) 773 votos y Mart\u00edn R\u00edos Lodoli (San Lorenzo) 105 votos.<\/p>\n<p>&nbsp;<\/p>\n<p><strong>MEJOR DT: ARIEL UGOLINI (VILLA MITRE) 1223 votos.<\/strong><\/p>\n<p>Menciones especiales:<\/p>\n<p>Alejandro Navallo (Bahiense) 378 y Juan Mart\u00edn L\u00f3pez (Liniers) 244 votos.<\/p>\n<p>&nbsp;<\/p>\n<p><strong>REVELACI\u00d3N: JUAN IGNACIO BELLOZAS (NAPOST\u00c1) 857 votos.<\/strong><\/p>\n<p>Menciones especiales:<\/p>\n<p>Esteban Silva (Bahiense del Norte) 610 votos y Tom\u00e1s Scarpaci (Estudiantes) 264 votos.<\/p>\n<p>&nbsp;<\/p>\n<h6>SEGUNDA DIVISI\u00d3N<\/h6>\n<p><strong>MEJOR BASE: GUSTAVO GENTILI (SPORTIVO) 829 votos.<\/strong><\/p>\n<p>Menciones especiales:<\/p>\n<p>Dalmiro Lella (Los Andes) 491 votos y Gonzalo Etchepare (Pac\u00edfico) 344 votos.<\/p>\n<p>&nbsp;<\/p>\n<p><strong>MEJOR ESCOLTA: FEDERICO HARINA (BARRACAS) 1211 votos.<\/strong><\/p>\n<p>Menciones especiales:<\/p>\n<p>Mart\u00edn Miguel (L.N.Alem) 287 votos y Hern\u00e1n Rava (Argentino) 283 votos.<\/p>\n<p>&nbsp;<\/p>\n<p><strong>MEJOR ALERO: LUCAS SANTARELLI (SPORTIVO) 753 votos.<\/strong><\/p>\n<p>Menciones especiales:<\/p>\n<p>Mariano Trellini (Barracas) 612 votos y Gast\u00f3n Ch\u00e1vez (Los Andes) 461 votos.<\/p>\n<p>&nbsp;<\/p>\n<p><strong>MEJOR ALA PIVOT: DAMI\u00c1N FOULKES (L.N.ALEM) 881 votos.<\/strong><\/p>\n<p>Menciones especiales:<\/p>\n<p>Joaqu\u00edn Larrandart (Pac\u00edfico) 704 votos y C\u00e9sar Massa (Argentino) 251 votos.<\/p>\n<p>&nbsp;<\/p>\n<p><strong>MEJOR PIVOT: AGUST\u00cdN AMORE (L.N.ALEM) 1816 votos.<\/strong><\/p>\n<p>Menciones especiales:<\/p>\n<p>Pablo Pollio (Pac\u00edfico) 93 votos y Sebasti\u00e1n Tacchetti (L.N.Alem) 22 votos.<\/p>\n<p>&nbsp;<\/p>\n<p><strong>MEJOR DT: MIGUEL LOFFREDO (L.N.ALEM) 1427 votos.<\/strong><\/p>\n<p>Menciones especiales:<\/p>\n<p>Fernando Alvarez (Sportivo) 213 votos y Juan Sergio Palumbo (Barracas) 166 votos.<\/p>\n<p>&nbsp;<\/p>\n<p><strong>REVELACI\u00d3N: WALTER GIGENA (L.N.ALEM) 933 votos.<\/strong><\/p>\n<p>Menciones especiales:<\/p>\n<p>Gast\u00f3n Ch\u00e1vez (Los Andes) 510 votos y Augusto Piore (L.N.Alem) 109 votos.<\/p>\n<p>&nbsp;<\/p>\n<p><strong>\u00a1GRACIAS a todos los que enviaron sus opiniones, y FELICITACIONES a los seleccionados!<\/strong><\/p>\n","protected":false},"excerpt":{"rendered":"<p> Los Quintetos Ideales 2014 de Primera y Segunda son una realidad<\/p>\n","protected":false},"author":1,"featured_media":41782,"comment_status":"closed","ping_status":"open","sticky":false,"template":"","format":"standard","meta":{"jnews-multi-image_gallery":[],"jnews_single_post":[],"jnews_primary_category":[],"footnotes":""},"categories":[24,101],"tags":[103],"class_list":["post-41755","post","type-post","status-publish","format-standard","has-post-thumbnail","hentry","category-overtime","category-slide","tag-quintetos-ideales"],"yoast_head":"<!-- This site is optimized with the Yoast SEO plugin v27.5 - https:\/\/yoast.com\/product\/yoast-seo-wordpress\/ -->\n<title>\u00a1Ya est\u00e1n los mejores! - Gente de B\u00e1squet<\/title>\n<meta name=\"robots\" content=\"index, follow, max-snippet:-1, max-image-preview:large, max-video-preview:-1\" \/>\n<link rel=\"canonical\" href=\"https:\/\/gentedebasquet.com.ar\/sitio\/2014\/12\/30\/ya-estan-los-mejores-3\/\" \/>\n<meta property=\"og:locale\" content=\"es_ES\" \/>\n<meta property=\"og:type\" content=\"article\" \/>\n<meta property=\"og:title\" content=\"\u00a1Ya est\u00e1n los mejores! - Gente de B\u00e1squet\" \/>\n<meta property=\"og:description\" content=\"Los Quintetos Ideales 2014 de Primera y Segunda son una realidad\" \/>\n<meta property=\"og:url\" content=\"https:\/\/gentedebasquet.com.ar\/sitio\/2014\/12\/30\/ya-estan-los-mejores-3\/\" \/>\n<meta property=\"og:site_name\" content=\"Gente de B\u00e1squet\" \/>\n<meta property=\"article:published_time\" content=\"2014-12-31T02:07:58+00:00\" \/>\n<meta property=\"og:image\" content=\"https:\/\/gentedebasquet.com.ar\/sitio\/wp-content\/uploads\/2014\/12\/Quinteto2-st.jpg\" \/>\n\t<meta property=\"og:image:width\" content=\"690\" \/>\n\t<meta property=\"og:image:height\" content=\"319\" \/>\n\t<meta property=\"og:image:type\" content=\"image\/jpeg\" \/>\n<meta name=\"author\" content=\"Gente de B\u00e1squet\" \/>\n<meta name=\"twitter:card\" content=\"summary_large_image\" \/>\n<meta name=\"twitter:label1\" content=\"Escrito por\" \/>\n\t<meta name=\"twitter:data1\" content=\"Gente de B\u00e1squet\" \/>\n\t<meta name=\"twitter:label2\" content=\"Tiempo de lectura\" \/>\n\t<meta name=\"twitter:data2\" content=\"2 minutos\" \/>\n<script type=\"application\/ld+json\" class=\"yoast-schema-graph\">{\"@context\":\"https:\\\/\\\/schema.org\",\"@graph\":[{\"@type\":\"Article\",\"@id\":\"https:\\\/\\\/gentedebasquet.com.ar\\\/sitio\\\/2014\\\/12\\\/30\\\/ya-estan-los-mejores-3\\\/#article\",\"isPartOf\":{\"@id\":\"https:\\\/\\\/gentedebasquet.com.ar\\\/sitio\\\/2014\\\/12\\\/30\\\/ya-estan-los-mejores-3\\\/\"},\"author\":{\"name\":\"Gente de B\u00e1squet\",\"@id\":\"https:\\\/\\\/gentedebasquet.com.ar\\\/sitio\\\/#\\\/schema\\\/person\\\/ca0b63bbb977369988a7bbbdc519943a\"},\"headline\":\"\u00a1Ya est\u00e1n los mejores!\",\"datePublished\":\"2014-12-31T02:07:58+00:00\",\"mainEntityOfPage\":{\"@id\":\"https:\\\/\\\/gentedebasquet.com.ar\\\/sitio\\\/2014\\\/12\\\/30\\\/ya-estan-los-mejores-3\\\/\"},\"wordCount\":375,\"image\":{\"@id\":\"https:\\\/\\\/gentedebasquet.com.ar\\\/sitio\\\/2014\\\/12\\\/30\\\/ya-estan-los-mejores-3\\\/#primaryimage\"},\"thumbnailUrl\":\"https:\\\/\\\/gentedebasquet.com.ar\\\/sitio\\\/wp-content\\\/uploads\\\/2014\\\/12\\\/Quinteto2-st.jpg\",\"keywords\":[\"Quintetos Ideales\"],\"articleSection\":[\"#Overtime\",\"Slide\"],\"inLanguage\":\"es\"},{\"@type\":\"WebPage\",\"@id\":\"https:\\\/\\\/gentedebasquet.com.ar\\\/sitio\\\/2014\\\/12\\\/30\\\/ya-estan-los-mejores-3\\\/\",\"url\":\"https:\\\/\\\/gentedebasquet.com.ar\\\/sitio\\\/2014\\\/12\\\/30\\\/ya-estan-los-mejores-3\\\/\",\"name\":\"\u00a1Ya est\u00e1n los mejores! - Gente de B\u00e1squet\",\"isPartOf\":{\"@id\":\"https:\\\/\\\/gentedebasquet.com.ar\\\/sitio\\\/#website\"},\"primaryImageOfPage\":{\"@id\":\"https:\\\/\\\/gentedebasquet.com.ar\\\/sitio\\\/2014\\\/12\\\/30\\\/ya-estan-los-mejores-3\\\/#primaryimage\"},\"image\":{\"@id\":\"https:\\\/\\\/gentedebasquet.com.ar\\\/sitio\\\/2014\\\/12\\\/30\\\/ya-estan-los-mejores-3\\\/#primaryimage\"},\"thumbnailUrl\":\"https:\\\/\\\/gentedebasquet.com.ar\\\/sitio\\\/wp-content\\\/uploads\\\/2014\\\/12\\\/Quinteto2-st.jpg\",\"datePublished\":\"2014-12-31T02:07:58+00:00\",\"author\":{\"@id\":\"https:\\\/\\\/gentedebasquet.com.ar\\\/sitio\\\/#\\\/schema\\\/person\\\/ca0b63bbb977369988a7bbbdc519943a\"},\"breadcrumb\":{\"@id\":\"https:\\\/\\\/gentedebasquet.com.ar\\\/sitio\\\/2014\\\/12\\\/30\\\/ya-estan-los-mejores-3\\\/#breadcrumb\"},\"inLanguage\":\"es\",\"potentialAction\":[{\"@type\":\"ReadAction\",\"target\":[\"https:\\\/\\\/gentedebasquet.com.ar\\\/sitio\\\/2014\\\/12\\\/30\\\/ya-estan-los-mejores-3\\\/\"]}]},{\"@type\":\"ImageObject\",\"inLanguage\":\"es\",\"@id\":\"https:\\\/\\\/gentedebasquet.com.ar\\\/sitio\\\/2014\\\/12\\\/30\\\/ya-estan-los-mejores-3\\\/#primaryimage\",\"url\":\"https:\\\/\\\/gentedebasquet.com.ar\\\/sitio\\\/wp-content\\\/uploads\\\/2014\\\/12\\\/Quinteto2-st.jpg\",\"contentUrl\":\"https:\\\/\\\/gentedebasquet.com.ar\\\/sitio\\\/wp-content\\\/uploads\\\/2014\\\/12\\\/Quinteto2-st.jpg\",\"width\":690,\"height\":319},{\"@type\":\"BreadcrumbList\",\"@id\":\"https:\\\/\\\/gentedebasquet.com.ar\\\/sitio\\\/2014\\\/12\\\/30\\\/ya-estan-los-mejores-3\\\/#breadcrumb\",\"itemListElement\":[{\"@type\":\"ListItem\",\"position\":1,\"name\":\"Portada\",\"item\":\"https:\\\/\\\/gentedebasquet.com.ar\\\/sitio\\\/\"},{\"@type\":\"ListItem\",\"position\":2,\"name\":\"\u00a1Ya est\u00e1n los mejores!\"}]},{\"@type\":\"WebSite\",\"@id\":\"https:\\\/\\\/gentedebasquet.com.ar\\\/sitio\\\/#website\",\"url\":\"https:\\\/\\\/gentedebasquet.com.ar\\\/sitio\\\/\",\"name\":\"Gente de B\u00e1squet\",\"description\":\"La revista del basquet de Bah\u00eda Blanca\",\"potentialAction\":[{\"@type\":\"SearchAction\",\"target\":{\"@type\":\"EntryPoint\",\"urlTemplate\":\"https:\\\/\\\/gentedebasquet.com.ar\\\/sitio\\\/?s={search_term_string}\"},\"query-input\":{\"@type\":\"PropertyValueSpecification\",\"valueRequired\":true,\"valueName\":\"search_term_string\"}}],\"inLanguage\":\"es\"},{\"@type\":\"Person\",\"@id\":\"https:\\\/\\\/gentedebasquet.com.ar\\\/sitio\\\/#\\\/schema\\\/person\\\/ca0b63bbb977369988a7bbbdc519943a\",\"name\":\"Gente de B\u00e1squet\",\"image\":{\"@type\":\"ImageObject\",\"inLanguage\":\"es\",\"@id\":\"https:\\\/\\\/secure.gravatar.com\\\/avatar\\\/7f2c48bdc33b30088f941fb6082e555f2874c98e20cb159d7b92b50eadfce793?s=96&d=mm&r=g\",\"url\":\"https:\\\/\\\/secure.gravatar.com\\\/avatar\\\/7f2c48bdc33b30088f941fb6082e555f2874c98e20cb159d7b92b50eadfce793?s=96&d=mm&r=g\",\"contentUrl\":\"https:\\\/\\\/secure.gravatar.com\\\/avatar\\\/7f2c48bdc33b30088f941fb6082e555f2874c98e20cb159d7b92b50eadfce793?s=96&d=mm&r=g\",\"caption\":\"Gente de B\u00e1squet\"},\"sameAs\":[\"http:\\\/\\\/gentedebasquet.com.ar\\\/sitio\"],\"url\":\"https:\\\/\\\/gentedebasquet.com.ar\\\/sitio\\\/author\\\/ulises\\\/\"}]}<\/script>\n<!-- \/ Yoast SEO plugin. -->","yoast_head_json":{"title":"\u00a1Ya est\u00e1n los mejores! - Gente de B\u00e1squet","robots":{"index":"index","follow":"follow","max-snippet":"max-snippet:-1","max-image-preview":"max-image-preview:large","max-video-preview":"max-video-preview:-1"},"canonical":"https:\/\/gentedebasquet.com.ar\/sitio\/2014\/12\/30\/ya-estan-los-mejores-3\/","og_locale":"es_ES","og_type":"article","og_title":"\u00a1Ya est\u00e1n los mejores! - Gente de B\u00e1squet","og_description":"Los Quintetos Ideales 2014 de Primera y Segunda son una realidad","og_url":"https:\/\/gentedebasquet.com.ar\/sitio\/2014\/12\/30\/ya-estan-los-mejores-3\/","og_site_name":"Gente de B\u00e1squet","article_published_time":"2014-12-31T02:07:58+00:00","og_image":[{"width":690,"height":319,"url":"https:\/\/gentedebasquet.com.ar\/sitio\/wp-content\/uploads\/2014\/12\/Quinteto2-st.jpg","type":"image\/jpeg"}],"author":"Gente de B\u00e1squet","twitter_card":"summary_large_image","twitter_misc":{"Escrito por":"Gente de B\u00e1squet","Tiempo de lectura":"2 minutos"},"schema":{"@context":"https:\/\/schema.org","@graph":[{"@type":"Article","@id":"https:\/\/gentedebasquet.com.ar\/sitio\/2014\/12\/30\/ya-estan-los-mejores-3\/#article","isPartOf":{"@id":"https:\/\/gentedebasquet.com.ar\/sitio\/2014\/12\/30\/ya-estan-los-mejores-3\/"},"author":{"name":"Gente de B\u00e1squet","@id":"https:\/\/gentedebasquet.com.ar\/sitio\/#\/schema\/person\/ca0b63bbb977369988a7bbbdc519943a"},"headline":"\u00a1Ya est\u00e1n los mejores!","datePublished":"2014-12-31T02:07:58+00:00","mainEntityOfPage":{"@id":"https:\/\/gentedebasquet.com.ar\/sitio\/2014\/12\/30\/ya-estan-los-mejores-3\/"},"wordCount":375,"image":{"@id":"https:\/\/gentedebasquet.com.ar\/sitio\/2014\/12\/30\/ya-estan-los-mejores-3\/#primaryimage"},"thumbnailUrl":"https:\/\/gentedebasquet.com.ar\/sitio\/wp-content\/uploads\/2014\/12\/Quinteto2-st.jpg","keywords":["Quintetos Ideales"],"articleSection":["#Overtime","Slide"],"inLanguage":"es"},{"@type":"WebPage","@id":"https:\/\/gentedebasquet.com.ar\/sitio\/2014\/12\/30\/ya-estan-los-mejores-3\/","url":"https:\/\/gentedebasquet.com.ar\/sitio\/2014\/12\/30\/ya-estan-los-mejores-3\/","name":"\u00a1Ya est\u00e1n los mejores! - Gente de B\u00e1squet","isPartOf":{"@id":"https:\/\/gentedebasquet.com.ar\/sitio\/#website"},"primaryImageOfPage":{"@id":"https:\/\/gentedebasquet.com.ar\/sitio\/2014\/12\/30\/ya-estan-los-mejores-3\/#primaryimage"},"image":{"@id":"https:\/\/gentedebasquet.com.ar\/sitio\/2014\/12\/30\/ya-estan-los-mejores-3\/#primaryimage"},"thumbnailUrl":"https:\/\/gentedebasquet.com.ar\/sitio\/wp-content\/uploads\/2014\/12\/Quinteto2-st.jpg","datePublished":"2014-12-31T02:07:58+00:00","author":{"@id":"https:\/\/gentedebasquet.com.ar\/sitio\/#\/schema\/person\/ca0b63bbb977369988a7bbbdc519943a"},"breadcrumb":{"@id":"https:\/\/gentedebasquet.com.ar\/sitio\/2014\/12\/30\/ya-estan-los-mejores-3\/#breadcrumb"},"inLanguage":"es","potentialAction":[{"@type":"ReadAction","target":["https:\/\/gentedebasquet.com.ar\/sitio\/2014\/12\/30\/ya-estan-los-mejores-3\/"]}]},{"@type":"ImageObject","inLanguage":"es","@id":"https:\/\/gentedebasquet.com.ar\/sitio\/2014\/12\/30\/ya-estan-los-mejores-3\/#primaryimage","url":"https:\/\/gentedebasquet.com.ar\/sitio\/wp-content\/uploads\/2014\/12\/Quinteto2-st.jpg","contentUrl":"https:\/\/gentedebasquet.com.ar\/sitio\/wp-content\/uploads\/2014\/12\/Quinteto2-st.jpg","width":690,"height":319},{"@type":"BreadcrumbList","@id":"https:\/\/gentedebasquet.com.ar\/sitio\/2014\/12\/30\/ya-estan-los-mejores-3\/#breadcrumb","itemListElement":[{"@type":"ListItem","position":1,"name":"Portada","item":"https:\/\/gentedebasquet.com.ar\/sitio\/"},{"@type":"ListItem","position":2,"name":"\u00a1Ya est\u00e1n los mejores!"}]},{"@type":"WebSite","@id":"https:\/\/gentedebasquet.com.ar\/sitio\/#website","url":"https:\/\/gentedebasquet.com.ar\/sitio\/","name":"Gente de B\u00e1squet","description":"La revista del basquet de Bah\u00eda Blanca","potentialAction":[{"@type":"SearchAction","target":{"@type":"EntryPoint","urlTemplate":"https:\/\/gentedebasquet.com.ar\/sitio\/?s={search_term_string}"},"query-input":{"@type":"PropertyValueSpecification","valueRequired":true,"valueName":"search_term_string"}}],"inLanguage":"es"},{"@type":"Person","@id":"https:\/\/gentedebasquet.com.ar\/sitio\/#\/schema\/person\/ca0b63bbb977369988a7bbbdc519943a","name":"Gente de B\u00e1squet","image":{"@type":"ImageObject","inLanguage":"es","@id":"https:\/\/secure.gravatar.com\/avatar\/7f2c48bdc33b30088f941fb6082e555f2874c98e20cb159d7b92b50eadfce793?s=96&d=mm&r=g","url":"https:\/\/secure.gravatar.com\/avatar\/7f2c48bdc33b30088f941fb6082e555f2874c98e20cb159d7b92b50eadfce793?s=96&d=mm&r=g","contentUrl":"https:\/\/secure.gravatar.com\/avatar\/7f2c48bdc33b30088f941fb6082e555f2874c98e20cb159d7b92b50eadfce793?s=96&d=mm&r=g","caption":"Gente de B\u00e1squet"},"sameAs":["http:\/\/gentedebasquet.com.ar\/sitio"],"url":"https:\/\/gentedebasquet.com.ar\/sitio\/author\/ulises\/"}]}},"_links":{"self":[{"href":"https:\/\/gentedebasquet.com.ar\/sitio\/wp-json\/wp\/v2\/posts\/41755","targetHints":{"allow":["GET"]}}],"collection":[{"href":"https:\/\/gentedebasquet.com.ar\/sitio\/wp-json\/wp\/v2\/posts"}],"about":[{"href":"https:\/\/gentedebasquet.com.ar\/sitio\/wp-json\/wp\/v2\/types\/post"}],"author":[{"embeddable":true,"href":"https:\/\/gentedebasquet.com.ar\/sitio\/wp-json\/wp\/v2\/users\/1"}],"replies":[{"embeddable":true,"href":"https:\/\/gentedebasquet.com.ar\/sitio\/wp-json\/wp\/v2\/comments?post=41755"}],"version-history":[{"count":0,"href":"https:\/\/gentedebasquet.com.ar\/sitio\/wp-json\/wp\/v2\/posts\/41755\/revisions"}],"wp:featuredmedia":[{"embeddable":true,"href":"https:\/\/gentedebasquet.com.ar\/sitio\/wp-json\/wp\/v2\/media\/41782"}],"wp:attachment":[{"href":"https:\/\/gentedebasquet.com.ar\/sitio\/wp-json\/wp\/v2\/media?parent=41755"}],"wp:term":[{"taxonomy":"category","embeddable":true,"href":"https:\/\/gentedebasquet.com.ar\/sitio\/wp-json\/wp\/v2\/categories?post=41755"},{"taxonomy":"post_tag","embeddable":true,"href":"https:\/\/gentedebasquet.com.ar\/sitio\/wp-json\/wp\/v2\/tags?post=41755"}],"curies":[{"name":"wp","href":"https:\/\/api.w.org\/{rel}","templated":true}]}}