{"id":41976,"date":"2015-01-06T14:26:56","date_gmt":"2015-01-06T17:26:56","guid":{"rendered":"http:\/\/www.gentedebasquet.com.ar\/?p=41976"},"modified":"2015-01-06T14:26:56","modified_gmt":"2015-01-06T17:26:56","slug":"regreso-bahiense-con-novedades","status":"publish","type":"post","link":"https:\/\/gentedebasquet.com.ar\/sitio\/2015\/01\/06\/regreso-bahiense-con-novedades\/","title":{"rendered":"Regres\u00f3 Bahiense, con novedades"},"content":{"rendered":"<p><strong>El Tricolor puso primera en este 2015 y ya piensa en la continuidad del Torneo Federal. Germ\u00e1n Ressia, la cara nueva del equipo, tuvo el lunes pasado su primera pr\u00e1ctica. El base ingresar\u00e1 en la lista de buena fe por Federico Sureda. Otro que no continuar\u00e1 ser\u00e1 Luciano Fernandez.<\/strong><\/p>\n<p>Despu\u00e9s de catorce d\u00edas de descanso, Bahiense retorn\u00f3 a los trabajos para afrontar la segunda parte de la temporada en este Torneo Federal 2014\/2015. Desde el pasado lunes y hasta el pr\u00f3ximo mi\u00e9rcoles el plantel trabajar\u00e1 por la ma\u00f1ana con ejercicios aer\u00f3bicos y por la noche har\u00e1n b\u00e1squet. El primer compromiso para el Tricolor ser\u00e1 el pr\u00f3ximo domingo cuando reciba a Del Progreso (General Roca), mismo rival con el que cerr\u00f3 el 2014.<\/p>\n<p>La principal noticia en esta vuelta a los entrenamientos fue la presencia de Germ\u00e1n Ressia, nueva incorporaci\u00f3n. El base, que tuvo un \u00faltimo paso por Olimpo, ingresar\u00e1 en la lista de buena fe en lugar de Federico Sureda. Otro que no continuar\u00e1 en el club es Luciano Fern\u00e1ndez. Por decisi\u00f3n personal el jugador decidi\u00f3 emigrar para encontrar m\u00e1s minutos de juego en otro equipo.<\/p>\n<p>Si bien Ressia ya podr\u00eda jugar el domingo ante el elenco rionegrino, ser\u00e1n cautelosos. Buscar\u00e1n su mejor forma f\u00edsica y basquetbolistica debido a que su \u00faltimo partido fue el 5 de noviembre pasado justamente ante Bahiense por el Torneo Local. \u201cLo vamos a llevar de a poco porque hace dos meses que no juego. Apuntamos al viaje a Mendoza del 23 de enero\u201d, se\u00f1al\u00f3.<\/p>\n<p>Sureda jug\u00f3 solamente los tres primeros encuentros de la competencia ante Olimpo, Rivadavia y Atenas Sport Club respectivamente. Promedi\u00f3 2 puntos y 0,67 rebotes en 5:33 minutos por partido. Luego algunas lesiones lo alejaron de las canchas.<\/p>\n<p>Por su parte, Fern\u00e1ndez disput\u00f3 los 14 encuentros que lleva jugados el Tricolor hasta el momento. Promedi\u00f3 3,43 puntos, 1,64 rebotes y 1,79 asistencias en 15:29 minutos por partido. Fue el tercer m\u00e1ximo asistidor (25) del equipo en esta primera parte de la temporada. Por delante de \u00e9l solo estuvieron Mauro Zalguizuri (52) y Ramiro Heinrich (28).<\/p>\n<p>En el rubro goleadores, los tres m\u00e1ximos exponentes fueron: Zalguizuri (191 \u2013 13,64 puntos por partido), Franco Amigo (188 \u2013 13,43 puntos por partido) y Mat\u00edas Chaves (185 \u2013 14,23 puntos por partido). Cabe destacar que Chaves disput\u00f3 un partido menos que los dos mencionados anteriormente.<\/p>\n<p><strong>Fuente:<\/strong> Prensa Bahiense del Norte.<\/p>\n","protected":false},"excerpt":{"rendered":"<p>Se sum\u00f3 Germ\u00e1n Ressia a la segunda parte del Federal y el torneo local <\/p>\n","protected":false},"author":1,"featured_media":41977,"comment_status":"closed","ping_status":"open","sticky":false,"template":"","format":"standard","meta":{"jnews-multi-image_gallery":[],"jnews_single_post":[],"jnews_primary_category":[],"footnotes":""},"categories":[36,39,101],"tags":[5,284,16,354],"class_list":["post-41976","post","type-post","status-publish","format-standard","has-post-thumbnail","hentry","category-federal","category-nacional","category-slide","tag-bahiense-del-norte","tag-german-ressia","tag-olimpo","tag-tfb"],"yoast_head":"<!-- This site is optimized with the Yoast SEO plugin v27.5 - https:\/\/yoast.com\/product\/yoast-seo-wordpress\/ -->\n<title>Regres\u00f3 Bahiense, con novedades - Gente de B\u00e1squet<\/title>\n<meta name=\"robots\" content=\"index, follow, max-snippet:-1, max-image-preview:large, max-video-preview:-1\" \/>\n<link rel=\"canonical\" href=\"https:\/\/gentedebasquet.com.ar\/sitio\/2015\/01\/06\/regreso-bahiense-con-novedades\/\" \/>\n<meta property=\"og:locale\" content=\"es_ES\" \/>\n<meta property=\"og:type\" content=\"article\" \/>\n<meta property=\"og:title\" content=\"Regres\u00f3 Bahiense, con novedades - Gente de B\u00e1squet\" \/>\n<meta property=\"og:description\" content=\"Se sum\u00f3 Germ\u00e1n Ressia a la segunda parte del Federal y el torneo local\" \/>\n<meta property=\"og:url\" content=\"https:\/\/gentedebasquet.com.ar\/sitio\/2015\/01\/06\/regreso-bahiense-con-novedades\/\" \/>\n<meta property=\"og:site_name\" content=\"Gente de B\u00e1squet\" \/>\n<meta property=\"article:published_time\" content=\"2015-01-06T17:26:56+00:00\" \/>\n<meta property=\"og:image\" content=\"https:\/\/gentedebasquet.com.ar\/sitio\/wp-content\/uploads\/2015\/01\/German-Ressia.jpg\" \/>\n\t<meta property=\"og:image:width\" content=\"690\" \/>\n\t<meta property=\"og:image:height\" content=\"319\" \/>\n\t<meta property=\"og:image:type\" content=\"image\/jpeg\" \/>\n<meta name=\"author\" content=\"Gente de B\u00e1squet\" \/>\n<meta name=\"twitter:card\" content=\"summary_large_image\" \/>\n<meta name=\"twitter:label1\" content=\"Escrito por\" \/>\n\t<meta name=\"twitter:data1\" content=\"Gente de B\u00e1squet\" \/>\n\t<meta name=\"twitter:label2\" content=\"Tiempo de lectura\" \/>\n\t<meta name=\"twitter:data2\" content=\"2 minutos\" \/>\n<script type=\"application\/ld+json\" class=\"yoast-schema-graph\">{\"@context\":\"https:\\\/\\\/schema.org\",\"@graph\":[{\"@type\":\"Article\",\"@id\":\"https:\\\/\\\/gentedebasquet.com.ar\\\/sitio\\\/2015\\\/01\\\/06\\\/regreso-bahiense-con-novedades\\\/#article\",\"isPartOf\":{\"@id\":\"https:\\\/\\\/gentedebasquet.com.ar\\\/sitio\\\/2015\\\/01\\\/06\\\/regreso-bahiense-con-novedades\\\/\"},\"author\":{\"name\":\"Gente de B\u00e1squet\",\"@id\":\"https:\\\/\\\/gentedebasquet.com.ar\\\/sitio\\\/#\\\/schema\\\/person\\\/ca0b63bbb977369988a7bbbdc519943a\"},\"headline\":\"Regres\u00f3 Bahiense, con novedades\",\"datePublished\":\"2015-01-06T17:26:56+00:00\",\"mainEntityOfPage\":{\"@id\":\"https:\\\/\\\/gentedebasquet.com.ar\\\/sitio\\\/2015\\\/01\\\/06\\\/regreso-bahiense-con-novedades\\\/\"},\"wordCount\":399,\"image\":{\"@id\":\"https:\\\/\\\/gentedebasquet.com.ar\\\/sitio\\\/2015\\\/01\\\/06\\\/regreso-bahiense-con-novedades\\\/#primaryimage\"},\"thumbnailUrl\":\"https:\\\/\\\/gentedebasquet.com.ar\\\/sitio\\\/wp-content\\\/uploads\\\/2015\\\/01\\\/German-Ressia.jpg\",\"keywords\":[\"Bahiense Del Norte\",\"Germ\u00e1n Ressia\",\"Ol\u00edmpo\",\"TFB\"],\"articleSection\":[\"Federal\",\"Nacional\",\"Slide\"],\"inLanguage\":\"es\"},{\"@type\":\"WebPage\",\"@id\":\"https:\\\/\\\/gentedebasquet.com.ar\\\/sitio\\\/2015\\\/01\\\/06\\\/regreso-bahiense-con-novedades\\\/\",\"url\":\"https:\\\/\\\/gentedebasquet.com.ar\\\/sitio\\\/2015\\\/01\\\/06\\\/regreso-bahiense-con-novedades\\\/\",\"name\":\"Regres\u00f3 Bahiense, con novedades - Gente de B\u00e1squet\",\"isPartOf\":{\"@id\":\"https:\\\/\\\/gentedebasquet.com.ar\\\/sitio\\\/#website\"},\"primaryImageOfPage\":{\"@id\":\"https:\\\/\\\/gentedebasquet.com.ar\\\/sitio\\\/2015\\\/01\\\/06\\\/regreso-bahiense-con-novedades\\\/#primaryimage\"},\"image\":{\"@id\":\"https:\\\/\\\/gentedebasquet.com.ar\\\/sitio\\\/2015\\\/01\\\/06\\\/regreso-bahiense-con-novedades\\\/#primaryimage\"},\"thumbnailUrl\":\"https:\\\/\\\/gentedebasquet.com.ar\\\/sitio\\\/wp-content\\\/uploads\\\/2015\\\/01\\\/German-Ressia.jpg\",\"datePublished\":\"2015-01-06T17:26:56+00:00\",\"author\":{\"@id\":\"https:\\\/\\\/gentedebasquet.com.ar\\\/sitio\\\/#\\\/schema\\\/person\\\/ca0b63bbb977369988a7bbbdc519943a\"},\"breadcrumb\":{\"@id\":\"https:\\\/\\\/gentedebasquet.com.ar\\\/sitio\\\/2015\\\/01\\\/06\\\/regreso-bahiense-con-novedades\\\/#breadcrumb\"},\"inLanguage\":\"es\",\"potentialAction\":[{\"@type\":\"ReadAction\",\"target\":[\"https:\\\/\\\/gentedebasquet.com.ar\\\/sitio\\\/2015\\\/01\\\/06\\\/regreso-bahiense-con-novedades\\\/\"]}]},{\"@type\":\"ImageObject\",\"inLanguage\":\"es\",\"@id\":\"https:\\\/\\\/gentedebasquet.com.ar\\\/sitio\\\/2015\\\/01\\\/06\\\/regreso-bahiense-con-novedades\\\/#primaryimage\",\"url\":\"https:\\\/\\\/gentedebasquet.com.ar\\\/sitio\\\/wp-content\\\/uploads\\\/2015\\\/01\\\/German-Ressia.jpg\",\"contentUrl\":\"https:\\\/\\\/gentedebasquet.com.ar\\\/sitio\\\/wp-content\\\/uploads\\\/2015\\\/01\\\/German-Ressia.jpg\",\"width\":690,\"height\":319},{\"@type\":\"BreadcrumbList\",\"@id\":\"https:\\\/\\\/gentedebasquet.com.ar\\\/sitio\\\/2015\\\/01\\\/06\\\/regreso-bahiense-con-novedades\\\/#breadcrumb\",\"itemListElement\":[{\"@type\":\"ListItem\",\"position\":1,\"name\":\"Portada\",\"item\":\"https:\\\/\\\/gentedebasquet.com.ar\\\/sitio\\\/\"},{\"@type\":\"ListItem\",\"position\":2,\"name\":\"Regres\u00f3 Bahiense, con novedades\"}]},{\"@type\":\"WebSite\",\"@id\":\"https:\\\/\\\/gentedebasquet.com.ar\\\/sitio\\\/#website\",\"url\":\"https:\\\/\\\/gentedebasquet.com.ar\\\/sitio\\\/\",\"name\":\"Gente de B\u00e1squet\",\"description\":\"La revista del basquet de Bah\u00eda Blanca\",\"potentialAction\":[{\"@type\":\"SearchAction\",\"target\":{\"@type\":\"EntryPoint\",\"urlTemplate\":\"https:\\\/\\\/gentedebasquet.com.ar\\\/sitio\\\/?s={search_term_string}\"},\"query-input\":{\"@type\":\"PropertyValueSpecification\",\"valueRequired\":true,\"valueName\":\"search_term_string\"}}],\"inLanguage\":\"es\"},{\"@type\":\"Person\",\"@id\":\"https:\\\/\\\/gentedebasquet.com.ar\\\/sitio\\\/#\\\/schema\\\/person\\\/ca0b63bbb977369988a7bbbdc519943a\",\"name\":\"Gente de B\u00e1squet\",\"image\":{\"@type\":\"ImageObject\",\"inLanguage\":\"es\",\"@id\":\"https:\\\/\\\/secure.gravatar.com\\\/avatar\\\/7f2c48bdc33b30088f941fb6082e555f2874c98e20cb159d7b92b50eadfce793?s=96&d=mm&r=g\",\"url\":\"https:\\\/\\\/secure.gravatar.com\\\/avatar\\\/7f2c48bdc33b30088f941fb6082e555f2874c98e20cb159d7b92b50eadfce793?s=96&d=mm&r=g\",\"contentUrl\":\"https:\\\/\\\/secure.gravatar.com\\\/avatar\\\/7f2c48bdc33b30088f941fb6082e555f2874c98e20cb159d7b92b50eadfce793?s=96&d=mm&r=g\",\"caption\":\"Gente de B\u00e1squet\"},\"sameAs\":[\"http:\\\/\\\/gentedebasquet.com.ar\\\/sitio\"],\"url\":\"https:\\\/\\\/gentedebasquet.com.ar\\\/sitio\\\/author\\\/ulises\\\/\"}]}<\/script>\n<!-- \/ Yoast SEO plugin. -->","yoast_head_json":{"title":"Regres\u00f3 Bahiense, con novedades - Gente de B\u00e1squet","robots":{"index":"index","follow":"follow","max-snippet":"max-snippet:-1","max-image-preview":"max-image-preview:large","max-video-preview":"max-video-preview:-1"},"canonical":"https:\/\/gentedebasquet.com.ar\/sitio\/2015\/01\/06\/regreso-bahiense-con-novedades\/","og_locale":"es_ES","og_type":"article","og_title":"Regres\u00f3 Bahiense, con novedades - Gente de B\u00e1squet","og_description":"Se sum\u00f3 Germ\u00e1n Ressia a la segunda parte del Federal y el torneo local","og_url":"https:\/\/gentedebasquet.com.ar\/sitio\/2015\/01\/06\/regreso-bahiense-con-novedades\/","og_site_name":"Gente de B\u00e1squet","article_published_time":"2015-01-06T17:26:56+00:00","og_image":[{"width":690,"height":319,"url":"https:\/\/gentedebasquet.com.ar\/sitio\/wp-content\/uploads\/2015\/01\/German-Ressia.jpg","type":"image\/jpeg"}],"author":"Gente de B\u00e1squet","twitter_card":"summary_large_image","twitter_misc":{"Escrito por":"Gente de B\u00e1squet","Tiempo de lectura":"2 minutos"},"schema":{"@context":"https:\/\/schema.org","@graph":[{"@type":"Article","@id":"https:\/\/gentedebasquet.com.ar\/sitio\/2015\/01\/06\/regreso-bahiense-con-novedades\/#article","isPartOf":{"@id":"https:\/\/gentedebasquet.com.ar\/sitio\/2015\/01\/06\/regreso-bahiense-con-novedades\/"},"author":{"name":"Gente de B\u00e1squet","@id":"https:\/\/gentedebasquet.com.ar\/sitio\/#\/schema\/person\/ca0b63bbb977369988a7bbbdc519943a"},"headline":"Regres\u00f3 Bahiense, con novedades","datePublished":"2015-01-06T17:26:56+00:00","mainEntityOfPage":{"@id":"https:\/\/gentedebasquet.com.ar\/sitio\/2015\/01\/06\/regreso-bahiense-con-novedades\/"},"wordCount":399,"image":{"@id":"https:\/\/gentedebasquet.com.ar\/sitio\/2015\/01\/06\/regreso-bahiense-con-novedades\/#primaryimage"},"thumbnailUrl":"https:\/\/gentedebasquet.com.ar\/sitio\/wp-content\/uploads\/2015\/01\/German-Ressia.jpg","keywords":["Bahiense Del Norte","Germ\u00e1n Ressia","Ol\u00edmpo","TFB"],"articleSection":["Federal","Nacional","Slide"],"inLanguage":"es"},{"@type":"WebPage","@id":"https:\/\/gentedebasquet.com.ar\/sitio\/2015\/01\/06\/regreso-bahiense-con-novedades\/","url":"https:\/\/gentedebasquet.com.ar\/sitio\/2015\/01\/06\/regreso-bahiense-con-novedades\/","name":"Regres\u00f3 Bahiense, con novedades - Gente de B\u00e1squet","isPartOf":{"@id":"https:\/\/gentedebasquet.com.ar\/sitio\/#website"},"primaryImageOfPage":{"@id":"https:\/\/gentedebasquet.com.ar\/sitio\/2015\/01\/06\/regreso-bahiense-con-novedades\/#primaryimage"},"image":{"@id":"https:\/\/gentedebasquet.com.ar\/sitio\/2015\/01\/06\/regreso-bahiense-con-novedades\/#primaryimage"},"thumbnailUrl":"https:\/\/gentedebasquet.com.ar\/sitio\/wp-content\/uploads\/2015\/01\/German-Ressia.jpg","datePublished":"2015-01-06T17:26:56+00:00","author":{"@id":"https:\/\/gentedebasquet.com.ar\/sitio\/#\/schema\/person\/ca0b63bbb977369988a7bbbdc519943a"},"breadcrumb":{"@id":"https:\/\/gentedebasquet.com.ar\/sitio\/2015\/01\/06\/regreso-bahiense-con-novedades\/#breadcrumb"},"inLanguage":"es","potentialAction":[{"@type":"ReadAction","target":["https:\/\/gentedebasquet.com.ar\/sitio\/2015\/01\/06\/regreso-bahiense-con-novedades\/"]}]},{"@type":"ImageObject","inLanguage":"es","@id":"https:\/\/gentedebasquet.com.ar\/sitio\/2015\/01\/06\/regreso-bahiense-con-novedades\/#primaryimage","url":"https:\/\/gentedebasquet.com.ar\/sitio\/wp-content\/uploads\/2015\/01\/German-Ressia.jpg","contentUrl":"https:\/\/gentedebasquet.com.ar\/sitio\/wp-content\/uploads\/2015\/01\/German-Ressia.jpg","width":690,"height":319},{"@type":"BreadcrumbList","@id":"https:\/\/gentedebasquet.com.ar\/sitio\/2015\/01\/06\/regreso-bahiense-con-novedades\/#breadcrumb","itemListElement":[{"@type":"ListItem","position":1,"name":"Portada","item":"https:\/\/gentedebasquet.com.ar\/sitio\/"},{"@type":"ListItem","position":2,"name":"Regres\u00f3 Bahiense, con novedades"}]},{"@type":"WebSite","@id":"https:\/\/gentedebasquet.com.ar\/sitio\/#website","url":"https:\/\/gentedebasquet.com.ar\/sitio\/","name":"Gente de B\u00e1squet","description":"La revista del basquet de Bah\u00eda Blanca","potentialAction":[{"@type":"SearchAction","target":{"@type":"EntryPoint","urlTemplate":"https:\/\/gentedebasquet.com.ar\/sitio\/?s={search_term_string}"},"query-input":{"@type":"PropertyValueSpecification","valueRequired":true,"valueName":"search_term_string"}}],"inLanguage":"es"},{"@type":"Person","@id":"https:\/\/gentedebasquet.com.ar\/sitio\/#\/schema\/person\/ca0b63bbb977369988a7bbbdc519943a","name":"Gente de B\u00e1squet","image":{"@type":"ImageObject","inLanguage":"es","@id":"https:\/\/secure.gravatar.com\/avatar\/7f2c48bdc33b30088f941fb6082e555f2874c98e20cb159d7b92b50eadfce793?s=96&d=mm&r=g","url":"https:\/\/secure.gravatar.com\/avatar\/7f2c48bdc33b30088f941fb6082e555f2874c98e20cb159d7b92b50eadfce793?s=96&d=mm&r=g","contentUrl":"https:\/\/secure.gravatar.com\/avatar\/7f2c48bdc33b30088f941fb6082e555f2874c98e20cb159d7b92b50eadfce793?s=96&d=mm&r=g","caption":"Gente de B\u00e1squet"},"sameAs":["http:\/\/gentedebasquet.com.ar\/sitio"],"url":"https:\/\/gentedebasquet.com.ar\/sitio\/author\/ulises\/"}]}},"_links":{"self":[{"href":"https:\/\/gentedebasquet.com.ar\/sitio\/wp-json\/wp\/v2\/posts\/41976","targetHints":{"allow":["GET"]}}],"collection":[{"href":"https:\/\/gentedebasquet.com.ar\/sitio\/wp-json\/wp\/v2\/posts"}],"about":[{"href":"https:\/\/gentedebasquet.com.ar\/sitio\/wp-json\/wp\/v2\/types\/post"}],"author":[{"embeddable":true,"href":"https:\/\/gentedebasquet.com.ar\/sitio\/wp-json\/wp\/v2\/users\/1"}],"replies":[{"embeddable":true,"href":"https:\/\/gentedebasquet.com.ar\/sitio\/wp-json\/wp\/v2\/comments?post=41976"}],"version-history":[{"count":0,"href":"https:\/\/gentedebasquet.com.ar\/sitio\/wp-json\/wp\/v2\/posts\/41976\/revisions"}],"wp:featuredmedia":[{"embeddable":true,"href":"https:\/\/gentedebasquet.com.ar\/sitio\/wp-json\/wp\/v2\/media\/41977"}],"wp:attachment":[{"href":"https:\/\/gentedebasquet.com.ar\/sitio\/wp-json\/wp\/v2\/media?parent=41976"}],"wp:term":[{"taxonomy":"category","embeddable":true,"href":"https:\/\/gentedebasquet.com.ar\/sitio\/wp-json\/wp\/v2\/categories?post=41976"},{"taxonomy":"post_tag","embeddable":true,"href":"https:\/\/gentedebasquet.com.ar\/sitio\/wp-json\/wp\/v2\/tags?post=41976"}],"curies":[{"name":"wp","href":"https:\/\/api.w.org\/{rel}","templated":true}]}}