{"id":41979,"date":"2015-01-06T17:42:44","date_gmt":"2015-01-06T20:42:44","guid":{"rendered":"http:\/\/www.gentedebasquet.com.ar\/?p=41979"},"modified":"2015-01-06T17:42:44","modified_gmt":"2015-01-06T20:42:44","slug":"arranca-la-seleccion-u14","status":"publish","type":"post","link":"https:\/\/gentedebasquet.com.ar\/sitio\/2015\/01\/06\/arranca-la-seleccion-u14\/","title":{"rendered":"Arranca la Selecci\u00f3n U14"},"content":{"rendered":"<p><strong>La Selecci\u00f3n Nacional U14 ser\u00e1 la primera en competir en 2015. Los m\u00e1s chicos fueron invitados a participar de un cuadrangular en Chile, junto al local, Uruguay y Per\u00fa. Este certamen servir\u00e1 como preparaci\u00f3n para el Sudamericano U14. El equipo ser\u00e1 dirigido por Sebasti\u00e1n Uranga y no tendr\u00e1 jugadores bahienses.<\/strong><\/p>\n<p>La temporada de selecciones formativas comenzar\u00e1 con la participaci\u00f3n de la Selecci\u00f3n Nacional U14 masculina en un cuadrangular amistoso en Ancud, Chile. El mismo se disputar\u00e1 entre el 15 y el 17 de enero, y contar\u00e1 con la participaci\u00f3n del Uruguay, Per\u00fa y Chile.<\/p>\n<p>Dicho cuadrangular servir\u00e1 como preparaci\u00f3n de cara al Sudamericano U14, torneo programado para jugarse ente el 12 y el 18 de octubre (sede a definir). La selecci\u00f3n U14 concentrar\u00e1 entre el 10 y el 14 de enero en el CeNARD, bajo las \u00f3rdenes de Sebasti\u00e1n Uranga (Director T\u00e9cnico), Gast\u00f3n Narbay y Pablo Aloy (asistentes t\u00e9cnicos).<\/p>\n<p>El plantel argentino cuenta con varias de las figuras del \u00faltimo Campeonato Argentino U13, entre las que aparecen jugadores del campe\u00f3n, Entre R\u00edos, y del subcampe\u00f3n, C\u00f3rdoba, entre otros. Adem\u00e1s, Gast\u00f3n Narbay, uno de los asistentes t\u00e9cnicos, fue designado luego de consagrarse campe\u00f3n con la selecci\u00f3n entrerriana.<\/p>\n<p>El plantel de 12 jugadores que competir\u00e1 en Chile ya se encuentra definido, pero contar\u00e1 tambi\u00e9n con la ayuda de los jugadores Valent\u00edn Beracochea y Mat\u00edas Baudot, quienes participar\u00e1n de los entrenamientos en car\u00e1cter de invitados.<\/p>\n<h6><b>SELECCI\u00d3N NACIONAL U14<\/b><\/h6>\n<p>-CARULLA, Bautista<br \/>\nClub: Hurac\u00e1n, Entre R\u00edos<br \/>\nFecha de Nacimiento: 21\/02\/2001<\/p>\n<p>-PIVIDORI, Lautaro<br \/>\nClub: Paracao, Paran\u00e1, Entre R\u00edos<br \/>\nFecha de nacimiento: 10\/08\/2001<\/p>\n<p>-GIEBERT, Tom\u00e1s<br \/>\nClub: Urquiza, Santa Elena, Entre R\u00edos<br \/>\nFecha de nacimiento: 18\/01\/2001<\/p>\n<p>-VIGNOLO, Leandro<br \/>\nClub: Rowing Club, Paran\u00e1, Entre R\u00edos<br \/>\nFecha de nacimiento: 08\/02\/2001<\/p>\n<p>-VARISCO, Ignacio<br \/>\nClub: Quique Club, Paran\u00e1, Entre R\u00edos<br \/>\nFecha de nacimiento: 27\/08\/2001<\/p>\n<p>-BERTONA, Gast\u00f3n<br \/>\nClub: Uni\u00f3n San Guillermo, Santa Fe<br \/>\nFecha de nacimiento: 13\/07\/2001<\/p>\n<p>-AMPRIMO, Ismael<br \/>\nClub: Sportivo San Genaro, Santa Fe<br \/>\nFecha de nacimiento: 15\/02\/2001<\/p>\n<p>-TARNOWYK, Francisco Nahuel<br \/>\nClub: Siglo XXI, Puerto Rico, Misiones<br \/>\nFecha de nacimiento: 14\/03\/2001<\/p>\n<p>-ALBERIONE, Nicol\u00e1s<br \/>\nClub: Instituto Atl\u00e9tico Central C\u00f3rdoba, C\u00f3rdoba<br \/>\nFecha de nacimiento: 25\/01\/2001<\/p>\n<p>-DOGLIOTTI, Lautaro<br \/>\nClub: Uni\u00f3n El\u00e9ctrica, C\u00f3rdoba<br \/>\nFecha de nacimiento: 22\/06\/2001<\/p>\n<p>-MAURIC, Leonel<br \/>\nClub: Lan\u00fas, Capital Federal<br \/>\nFecha de nacimiento: 04\/01\/2001<\/p>\n<p>-MILOVICH, M\u00e1ximo<br \/>\nClub: Obras Sanitaras, Capital Federal<br \/>\nFecha de nacimiento: 17\/04\/2001<\/p>\n<p><b>CUERPO T\u00c9CNICO<\/b><\/p>\n<p>Director T\u00e9cnico: URANGA, Sebasti\u00e1n<br \/>\nAsistente T\u00e9cnico: NARBAY, Gast\u00f3n<br \/>\nAsistente T\u00e9cnico: ALOY, Pablo Mat\u00edas<br \/>\nJefe de Equipo: Carlos Giampieri<\/p>\n<p><strong>Fuente:<\/strong>\u00a0Diego Garc\u00eda (Prensa CABB).<\/p>\n","protected":false},"excerpt":{"rendered":"<p>Sin bahienses convocados, jugar\u00e1 un cuadrangular con Chile, Uruguay y Per\u00fa<\/p>\n","protected":false},"author":1,"featured_media":41980,"comment_status":"closed","ping_status":"open","sticky":false,"template":"","format":"standard","meta":{"jnews-multi-image_gallery":[],"jnews_single_post":[],"jnews_primary_category":[],"footnotes":""},"categories":[61],"tags":[394],"class_list":["post-41979","post","type-post","status-publish","format-standard","has-post-thumbnail","hentry","category-selecciones-nacionales","tag-argentina-u14"],"yoast_head":"<!-- This site is optimized with the Yoast SEO plugin v27.5 - https:\/\/yoast.com\/product\/yoast-seo-wordpress\/ -->\n<title>Arranca la Selecci\u00f3n U14 - Gente de B\u00e1squet<\/title>\n<meta name=\"robots\" content=\"index, follow, max-snippet:-1, max-image-preview:large, max-video-preview:-1\" \/>\n<link rel=\"canonical\" href=\"https:\/\/gentedebasquet.com.ar\/sitio\/2015\/01\/06\/arranca-la-seleccion-u14\/\" \/>\n<meta property=\"og:locale\" content=\"es_ES\" \/>\n<meta property=\"og:type\" content=\"article\" \/>\n<meta property=\"og:title\" content=\"Arranca la Selecci\u00f3n U14 - Gente de B\u00e1squet\" \/>\n<meta property=\"og:description\" content=\"Sin bahienses convocados, jugar\u00e1 un cuadrangular con Chile, Uruguay y Per\u00fa\" \/>\n<meta property=\"og:url\" content=\"https:\/\/gentedebasquet.com.ar\/sitio\/2015\/01\/06\/arranca-la-seleccion-u14\/\" \/>\n<meta property=\"og:site_name\" content=\"Gente de B\u00e1squet\" \/>\n<meta property=\"article:published_time\" content=\"2015-01-06T20:42:44+00:00\" \/>\n<meta property=\"og:image\" content=\"https:\/\/gentedebasquet.com.ar\/sitio\/wp-content\/uploads\/2015\/01\/cabb.jpg\" \/>\n\t<meta property=\"og:image:width\" content=\"300\" \/>\n\t<meta property=\"og:image:height\" content=\"226\" \/>\n\t<meta property=\"og:image:type\" content=\"image\/jpeg\" \/>\n<meta name=\"author\" content=\"Gente de B\u00e1squet\" \/>\n<meta name=\"twitter:card\" content=\"summary_large_image\" \/>\n<meta name=\"twitter:label1\" content=\"Escrito por\" \/>\n\t<meta name=\"twitter:data1\" content=\"Gente de B\u00e1squet\" \/>\n\t<meta name=\"twitter:label2\" content=\"Tiempo de lectura\" \/>\n\t<meta name=\"twitter:data2\" content=\"2 minutos\" \/>\n<script type=\"application\/ld+json\" class=\"yoast-schema-graph\">{\"@context\":\"https:\\\/\\\/schema.org\",\"@graph\":[{\"@type\":\"Article\",\"@id\":\"https:\\\/\\\/gentedebasquet.com.ar\\\/sitio\\\/2015\\\/01\\\/06\\\/arranca-la-seleccion-u14\\\/#article\",\"isPartOf\":{\"@id\":\"https:\\\/\\\/gentedebasquet.com.ar\\\/sitio\\\/2015\\\/01\\\/06\\\/arranca-la-seleccion-u14\\\/\"},\"author\":{\"name\":\"Gente de B\u00e1squet\",\"@id\":\"https:\\\/\\\/gentedebasquet.com.ar\\\/sitio\\\/#\\\/schema\\\/person\\\/ca0b63bbb977369988a7bbbdc519943a\"},\"headline\":\"Arranca la Selecci\u00f3n U14\",\"datePublished\":\"2015-01-06T20:42:44+00:00\",\"mainEntityOfPage\":{\"@id\":\"https:\\\/\\\/gentedebasquet.com.ar\\\/sitio\\\/2015\\\/01\\\/06\\\/arranca-la-seleccion-u14\\\/\"},\"wordCount\":436,\"image\":{\"@id\":\"https:\\\/\\\/gentedebasquet.com.ar\\\/sitio\\\/2015\\\/01\\\/06\\\/arranca-la-seleccion-u14\\\/#primaryimage\"},\"thumbnailUrl\":\"https:\\\/\\\/gentedebasquet.com.ar\\\/sitio\\\/wp-content\\\/uploads\\\/2015\\\/01\\\/cabb.jpg\",\"keywords\":[\"Argentina U14\"],\"articleSection\":[\"Selecciones Nacionales\"],\"inLanguage\":\"es\"},{\"@type\":\"WebPage\",\"@id\":\"https:\\\/\\\/gentedebasquet.com.ar\\\/sitio\\\/2015\\\/01\\\/06\\\/arranca-la-seleccion-u14\\\/\",\"url\":\"https:\\\/\\\/gentedebasquet.com.ar\\\/sitio\\\/2015\\\/01\\\/06\\\/arranca-la-seleccion-u14\\\/\",\"name\":\"Arranca la Selecci\u00f3n U14 - Gente de B\u00e1squet\",\"isPartOf\":{\"@id\":\"https:\\\/\\\/gentedebasquet.com.ar\\\/sitio\\\/#website\"},\"primaryImageOfPage\":{\"@id\":\"https:\\\/\\\/gentedebasquet.com.ar\\\/sitio\\\/2015\\\/01\\\/06\\\/arranca-la-seleccion-u14\\\/#primaryimage\"},\"image\":{\"@id\":\"https:\\\/\\\/gentedebasquet.com.ar\\\/sitio\\\/2015\\\/01\\\/06\\\/arranca-la-seleccion-u14\\\/#primaryimage\"},\"thumbnailUrl\":\"https:\\\/\\\/gentedebasquet.com.ar\\\/sitio\\\/wp-content\\\/uploads\\\/2015\\\/01\\\/cabb.jpg\",\"datePublished\":\"2015-01-06T20:42:44+00:00\",\"author\":{\"@id\":\"https:\\\/\\\/gentedebasquet.com.ar\\\/sitio\\\/#\\\/schema\\\/person\\\/ca0b63bbb977369988a7bbbdc519943a\"},\"breadcrumb\":{\"@id\":\"https:\\\/\\\/gentedebasquet.com.ar\\\/sitio\\\/2015\\\/01\\\/06\\\/arranca-la-seleccion-u14\\\/#breadcrumb\"},\"inLanguage\":\"es\",\"potentialAction\":[{\"@type\":\"ReadAction\",\"target\":[\"https:\\\/\\\/gentedebasquet.com.ar\\\/sitio\\\/2015\\\/01\\\/06\\\/arranca-la-seleccion-u14\\\/\"]}]},{\"@type\":\"ImageObject\",\"inLanguage\":\"es\",\"@id\":\"https:\\\/\\\/gentedebasquet.com.ar\\\/sitio\\\/2015\\\/01\\\/06\\\/arranca-la-seleccion-u14\\\/#primaryimage\",\"url\":\"https:\\\/\\\/gentedebasquet.com.ar\\\/sitio\\\/wp-content\\\/uploads\\\/2015\\\/01\\\/cabb.jpg\",\"contentUrl\":\"https:\\\/\\\/gentedebasquet.com.ar\\\/sitio\\\/wp-content\\\/uploads\\\/2015\\\/01\\\/cabb.jpg\",\"width\":300,\"height\":226},{\"@type\":\"BreadcrumbList\",\"@id\":\"https:\\\/\\\/gentedebasquet.com.ar\\\/sitio\\\/2015\\\/01\\\/06\\\/arranca-la-seleccion-u14\\\/#breadcrumb\",\"itemListElement\":[{\"@type\":\"ListItem\",\"position\":1,\"name\":\"Portada\",\"item\":\"https:\\\/\\\/gentedebasquet.com.ar\\\/sitio\\\/\"},{\"@type\":\"ListItem\",\"position\":2,\"name\":\"Arranca la Selecci\u00f3n U14\"}]},{\"@type\":\"WebSite\",\"@id\":\"https:\\\/\\\/gentedebasquet.com.ar\\\/sitio\\\/#website\",\"url\":\"https:\\\/\\\/gentedebasquet.com.ar\\\/sitio\\\/\",\"name\":\"Gente de B\u00e1squet\",\"description\":\"La revista del basquet de Bah\u00eda Blanca\",\"potentialAction\":[{\"@type\":\"SearchAction\",\"target\":{\"@type\":\"EntryPoint\",\"urlTemplate\":\"https:\\\/\\\/gentedebasquet.com.ar\\\/sitio\\\/?s={search_term_string}\"},\"query-input\":{\"@type\":\"PropertyValueSpecification\",\"valueRequired\":true,\"valueName\":\"search_term_string\"}}],\"inLanguage\":\"es\"},{\"@type\":\"Person\",\"@id\":\"https:\\\/\\\/gentedebasquet.com.ar\\\/sitio\\\/#\\\/schema\\\/person\\\/ca0b63bbb977369988a7bbbdc519943a\",\"name\":\"Gente de B\u00e1squet\",\"image\":{\"@type\":\"ImageObject\",\"inLanguage\":\"es\",\"@id\":\"https:\\\/\\\/secure.gravatar.com\\\/avatar\\\/7f2c48bdc33b30088f941fb6082e555f2874c98e20cb159d7b92b50eadfce793?s=96&d=mm&r=g\",\"url\":\"https:\\\/\\\/secure.gravatar.com\\\/avatar\\\/7f2c48bdc33b30088f941fb6082e555f2874c98e20cb159d7b92b50eadfce793?s=96&d=mm&r=g\",\"contentUrl\":\"https:\\\/\\\/secure.gravatar.com\\\/avatar\\\/7f2c48bdc33b30088f941fb6082e555f2874c98e20cb159d7b92b50eadfce793?s=96&d=mm&r=g\",\"caption\":\"Gente de B\u00e1squet\"},\"sameAs\":[\"http:\\\/\\\/gentedebasquet.com.ar\\\/sitio\"],\"url\":\"https:\\\/\\\/gentedebasquet.com.ar\\\/sitio\\\/author\\\/ulises\\\/\"}]}<\/script>\n<!-- \/ Yoast SEO plugin. -->","yoast_head_json":{"title":"Arranca la Selecci\u00f3n U14 - Gente de B\u00e1squet","robots":{"index":"index","follow":"follow","max-snippet":"max-snippet:-1","max-image-preview":"max-image-preview:large","max-video-preview":"max-video-preview:-1"},"canonical":"https:\/\/gentedebasquet.com.ar\/sitio\/2015\/01\/06\/arranca-la-seleccion-u14\/","og_locale":"es_ES","og_type":"article","og_title":"Arranca la Selecci\u00f3n U14 - Gente de B\u00e1squet","og_description":"Sin bahienses convocados, jugar\u00e1 un cuadrangular con Chile, Uruguay y Per\u00fa","og_url":"https:\/\/gentedebasquet.com.ar\/sitio\/2015\/01\/06\/arranca-la-seleccion-u14\/","og_site_name":"Gente de B\u00e1squet","article_published_time":"2015-01-06T20:42:44+00:00","og_image":[{"width":300,"height":226,"url":"https:\/\/gentedebasquet.com.ar\/sitio\/wp-content\/uploads\/2015\/01\/cabb.jpg","type":"image\/jpeg"}],"author":"Gente de B\u00e1squet","twitter_card":"summary_large_image","twitter_misc":{"Escrito por":"Gente de B\u00e1squet","Tiempo de lectura":"2 minutos"},"schema":{"@context":"https:\/\/schema.org","@graph":[{"@type":"Article","@id":"https:\/\/gentedebasquet.com.ar\/sitio\/2015\/01\/06\/arranca-la-seleccion-u14\/#article","isPartOf":{"@id":"https:\/\/gentedebasquet.com.ar\/sitio\/2015\/01\/06\/arranca-la-seleccion-u14\/"},"author":{"name":"Gente de B\u00e1squet","@id":"https:\/\/gentedebasquet.com.ar\/sitio\/#\/schema\/person\/ca0b63bbb977369988a7bbbdc519943a"},"headline":"Arranca la Selecci\u00f3n U14","datePublished":"2015-01-06T20:42:44+00:00","mainEntityOfPage":{"@id":"https:\/\/gentedebasquet.com.ar\/sitio\/2015\/01\/06\/arranca-la-seleccion-u14\/"},"wordCount":436,"image":{"@id":"https:\/\/gentedebasquet.com.ar\/sitio\/2015\/01\/06\/arranca-la-seleccion-u14\/#primaryimage"},"thumbnailUrl":"https:\/\/gentedebasquet.com.ar\/sitio\/wp-content\/uploads\/2015\/01\/cabb.jpg","keywords":["Argentina U14"],"articleSection":["Selecciones Nacionales"],"inLanguage":"es"},{"@type":"WebPage","@id":"https:\/\/gentedebasquet.com.ar\/sitio\/2015\/01\/06\/arranca-la-seleccion-u14\/","url":"https:\/\/gentedebasquet.com.ar\/sitio\/2015\/01\/06\/arranca-la-seleccion-u14\/","name":"Arranca la Selecci\u00f3n U14 - Gente de B\u00e1squet","isPartOf":{"@id":"https:\/\/gentedebasquet.com.ar\/sitio\/#website"},"primaryImageOfPage":{"@id":"https:\/\/gentedebasquet.com.ar\/sitio\/2015\/01\/06\/arranca-la-seleccion-u14\/#primaryimage"},"image":{"@id":"https:\/\/gentedebasquet.com.ar\/sitio\/2015\/01\/06\/arranca-la-seleccion-u14\/#primaryimage"},"thumbnailUrl":"https:\/\/gentedebasquet.com.ar\/sitio\/wp-content\/uploads\/2015\/01\/cabb.jpg","datePublished":"2015-01-06T20:42:44+00:00","author":{"@id":"https:\/\/gentedebasquet.com.ar\/sitio\/#\/schema\/person\/ca0b63bbb977369988a7bbbdc519943a"},"breadcrumb":{"@id":"https:\/\/gentedebasquet.com.ar\/sitio\/2015\/01\/06\/arranca-la-seleccion-u14\/#breadcrumb"},"inLanguage":"es","potentialAction":[{"@type":"ReadAction","target":["https:\/\/gentedebasquet.com.ar\/sitio\/2015\/01\/06\/arranca-la-seleccion-u14\/"]}]},{"@type":"ImageObject","inLanguage":"es","@id":"https:\/\/gentedebasquet.com.ar\/sitio\/2015\/01\/06\/arranca-la-seleccion-u14\/#primaryimage","url":"https:\/\/gentedebasquet.com.ar\/sitio\/wp-content\/uploads\/2015\/01\/cabb.jpg","contentUrl":"https:\/\/gentedebasquet.com.ar\/sitio\/wp-content\/uploads\/2015\/01\/cabb.jpg","width":300,"height":226},{"@type":"BreadcrumbList","@id":"https:\/\/gentedebasquet.com.ar\/sitio\/2015\/01\/06\/arranca-la-seleccion-u14\/#breadcrumb","itemListElement":[{"@type":"ListItem","position":1,"name":"Portada","item":"https:\/\/gentedebasquet.com.ar\/sitio\/"},{"@type":"ListItem","position":2,"name":"Arranca la Selecci\u00f3n U14"}]},{"@type":"WebSite","@id":"https:\/\/gentedebasquet.com.ar\/sitio\/#website","url":"https:\/\/gentedebasquet.com.ar\/sitio\/","name":"Gente de B\u00e1squet","description":"La revista del basquet de Bah\u00eda Blanca","potentialAction":[{"@type":"SearchAction","target":{"@type":"EntryPoint","urlTemplate":"https:\/\/gentedebasquet.com.ar\/sitio\/?s={search_term_string}"},"query-input":{"@type":"PropertyValueSpecification","valueRequired":true,"valueName":"search_term_string"}}],"inLanguage":"es"},{"@type":"Person","@id":"https:\/\/gentedebasquet.com.ar\/sitio\/#\/schema\/person\/ca0b63bbb977369988a7bbbdc519943a","name":"Gente de B\u00e1squet","image":{"@type":"ImageObject","inLanguage":"es","@id":"https:\/\/secure.gravatar.com\/avatar\/7f2c48bdc33b30088f941fb6082e555f2874c98e20cb159d7b92b50eadfce793?s=96&d=mm&r=g","url":"https:\/\/secure.gravatar.com\/avatar\/7f2c48bdc33b30088f941fb6082e555f2874c98e20cb159d7b92b50eadfce793?s=96&d=mm&r=g","contentUrl":"https:\/\/secure.gravatar.com\/avatar\/7f2c48bdc33b30088f941fb6082e555f2874c98e20cb159d7b92b50eadfce793?s=96&d=mm&r=g","caption":"Gente de B\u00e1squet"},"sameAs":["http:\/\/gentedebasquet.com.ar\/sitio"],"url":"https:\/\/gentedebasquet.com.ar\/sitio\/author\/ulises\/"}]}},"_links":{"self":[{"href":"https:\/\/gentedebasquet.com.ar\/sitio\/wp-json\/wp\/v2\/posts\/41979","targetHints":{"allow":["GET"]}}],"collection":[{"href":"https:\/\/gentedebasquet.com.ar\/sitio\/wp-json\/wp\/v2\/posts"}],"about":[{"href":"https:\/\/gentedebasquet.com.ar\/sitio\/wp-json\/wp\/v2\/types\/post"}],"author":[{"embeddable":true,"href":"https:\/\/gentedebasquet.com.ar\/sitio\/wp-json\/wp\/v2\/users\/1"}],"replies":[{"embeddable":true,"href":"https:\/\/gentedebasquet.com.ar\/sitio\/wp-json\/wp\/v2\/comments?post=41979"}],"version-history":[{"count":0,"href":"https:\/\/gentedebasquet.com.ar\/sitio\/wp-json\/wp\/v2\/posts\/41979\/revisions"}],"wp:featuredmedia":[{"embeddable":true,"href":"https:\/\/gentedebasquet.com.ar\/sitio\/wp-json\/wp\/v2\/media\/41980"}],"wp:attachment":[{"href":"https:\/\/gentedebasquet.com.ar\/sitio\/wp-json\/wp\/v2\/media?parent=41979"}],"wp:term":[{"taxonomy":"category","embeddable":true,"href":"https:\/\/gentedebasquet.com.ar\/sitio\/wp-json\/wp\/v2\/categories?post=41979"},{"taxonomy":"post_tag","embeddable":true,"href":"https:\/\/gentedebasquet.com.ar\/sitio\/wp-json\/wp\/v2\/tags?post=41979"}],"curies":[{"name":"wp","href":"https:\/\/api.w.org\/{rel}","templated":true}]}}