{"id":42734,"date":"2015-03-16T15:25:49","date_gmt":"2015-03-16T18:25:49","guid":{"rendered":"http:\/\/www.gentedebasquet.com.ar\/?p=42734"},"modified":"2015-03-16T15:25:49","modified_gmt":"2015-03-16T18:25:49","slug":"estuvimos-a-la-altura-de-las-circunstancias","status":"publish","type":"post","link":"https:\/\/gentedebasquet.com.ar\/sitio\/2015\/03\/16\/estuvimos-a-la-altura-de-las-circunstancias\/","title":{"rendered":"\u00abEstuvimos a la altura\u00bb"},"content":{"rendered":"<p><b>Alejandro Navallo realiz\u00f3 un balance de lo que dej\u00f3 la fase regular para Bahiense del Norte. El t\u00e9cnico se mostr\u00f3 conforme con lo hecho por sus jugadores, apunt\u00f3 las cosas que se deben mejorar y ya comenz\u00f3 a palpitar los playoffs que se aproximan. <\/b><\/p>\n<p>Son 28 los partidos que Bahiense del Norte ya tiene en su espalda en esta nueva experiencia llamada Torneo Federal. El Tricolor fue el primer equipo que cerr\u00f3 la fase regular, se meti\u00f3 en los playoffs y ahora aguarda por saber en qu\u00e9 posici\u00f3n finalizar\u00e1 la Conferencia Andino-Patagonia. A\u00fan mantiene la ilusi\u00f3n de obtener el pasaje directo a cuartos de final.<\/p>\n<p>Alejandro Navallo, t\u00e9cnico del equipo, analiz\u00f3 lo que dej\u00f3 la actuaci\u00f3n de sus dirigidos en estos meses de competencia. \u201cYo creo que el balance es totalmente positivo. La idea era jugar un torneo que nosotros desconoc\u00edamos con un plantel compuesto por jugadores de Bah\u00eda y del torneo local, y en donde tuvieran mucha participaci\u00f3n los juveniles. Se dio tal cual lo hab\u00edamos previsto\u201d, se\u00f1al\u00f3.<\/p>\n<p>Adem\u00e1s el Colo mencion\u00f3 estar satisfecho con lo realizado por todos sus jugadores. \u201cEstuvimos a la altura de las circunstancias, fuimos un equipo muy competitivo y muy irregular porque ganamos y perdimos con todos. Hubo momentos de buen b\u00e1squet y otros con malos cierres. En algunos partidos en donde los rivales nos superaron ampliamente nos falt\u00f3 un poco de car\u00e1cter y temperamento\u201d, sostuvo.<\/p>\n<p>En cuanto al torneo en general, Navallo admiti\u00f3 que se encontraron con una competencia dif\u00edcil. \u201cNos encontramos con un torneo m\u00e1s duro de lo que pens\u00e1bamos, con jugadores que conoc\u00edamos y otros que no pero que tienen pasado en TNA o Liga Nacional\u201d. Y tambi\u00e9n cont\u00f3 que siempre inculc\u00f3 a sus dirigidos salir a jugar de la misma manera, tanto dentro como fuera de casa. \u201cComo Bah\u00eda Blanca no tiene una local\u00eda fuerte, lo que hicimos nosotros fue tratar de jugar igual tanto de local como de visitante y pudimos ganar en canchas muy dif\u00edciles como la de P\u00e9rfora, Del Progreso y otras m\u00e1s\u201d.<\/p>\n<p>Con respecto a los puntos a mejorar el entrenador mencion\u00f3 dos conceptos: desconcentraci\u00f3n y desesperaci\u00f3n. \u201cSon dos temas del equipo. Puede ser desconcentraci\u00f3n cuando entramos dormidos a los encuentros y desesperaci\u00f3n por los fallos o por el juego a medio foul de los rivales que nos sacaban de los partidos y eso nos llevaba a cerrarlos mal. Son dos cosas que tenemos que mejorar. Hay que concentrarse en jugar contra el rival y no contra cosas externas\u201d, coment\u00f3.<\/p>\n<p>Luego tambi\u00e9n apunt\u00f3 a la defensa. \u201cLo que adem\u00e1s debemos mejorar mucho es la defensa. Tuvimos partidos muy buenos y otros muy negativos en donde los rivales llegaban a 90 puntos, inclusive jugando de local, y a eso no lo podemos permitir\u201d, dijo.<\/p>\n<p>Hubo varios partidos a lo largo de la fase regular con los que Navallo se qued\u00f3 conforme por lo realizado adentro de la cancha por el equipo. Sin embargo, seg\u00fan admiti\u00f3, el primero fue especial. \u201cPor la expectativa, por lo que fue el debut y por todo el contexto, el primer partido en cancha de Olimpo va a quedar grabado en m\u00ed\u201d, mencion\u00f3.<\/p>\n<p>Para finalizar, el t\u00e9cnico palpit\u00f3 lo que se vendr\u00e1 en los playoffs. \u201cLa idea para los playoffs es tratar de dejar a los rivales en 60 puntos. La confianza est\u00e1 y creo que vamos a ser un equipo muy duro para cualquiera\u201d, concluy\u00f3.<\/p>\n<p><strong>Fuente:<\/strong> Prensa Bahiense del Norte.<\/p>\n","protected":false},"excerpt":{"rendered":"<p>Alejandro Navallo analiz\u00f3 la actuaci\u00f3n de Bahiense en lo que va del Torneo Federal<\/p>\n","protected":false},"author":1,"featured_media":42735,"comment_status":"closed","ping_status":"open","sticky":false,"template":"","format":"standard","meta":{"jnews-multi-image_gallery":[],"jnews_single_post":[],"jnews_primary_category":[],"footnotes":""},"categories":[36,39,101],"tags":[477,5],"class_list":["post-42734","post","type-post","status-publish","format-standard","has-post-thumbnail","hentry","category-federal","category-nacional","category-slide","tag-alejandro-navallo","tag-bahiense-del-norte"],"yoast_head":"<!-- This site is optimized with the Yoast SEO plugin v27.5 - https:\/\/yoast.com\/product\/yoast-seo-wordpress\/ -->\n<title>&quot;Estuvimos a la altura&quot; - Gente de B\u00e1squet<\/title>\n<meta name=\"robots\" content=\"index, follow, max-snippet:-1, max-image-preview:large, max-video-preview:-1\" \/>\n<link rel=\"canonical\" href=\"https:\/\/gentedebasquet.com.ar\/sitio\/2015\/03\/16\/estuvimos-a-la-altura-de-las-circunstancias\/\" \/>\n<meta property=\"og:locale\" content=\"es_ES\" \/>\n<meta property=\"og:type\" content=\"article\" \/>\n<meta property=\"og:title\" content=\"&quot;Estuvimos a la altura&quot; - Gente de B\u00e1squet\" \/>\n<meta property=\"og:description\" content=\"Alejandro Navallo analiz\u00f3 la actuaci\u00f3n de Bahiense en lo que va del Torneo Federal\" \/>\n<meta property=\"og:url\" content=\"https:\/\/gentedebasquet.com.ar\/sitio\/2015\/03\/16\/estuvimos-a-la-altura-de-las-circunstancias\/\" \/>\n<meta property=\"og:site_name\" content=\"Gente de B\u00e1squet\" \/>\n<meta property=\"article:published_time\" content=\"2015-03-16T18:25:49+00:00\" \/>\n<meta property=\"og:image\" content=\"https:\/\/gentedebasquet.com.ar\/sitio\/wp-content\/uploads\/2015\/03\/10628258_747495655318357_1955802889580553827_n.jpg\" \/>\n\t<meta property=\"og:image:width\" content=\"690\" \/>\n\t<meta property=\"og:image:height\" content=\"319\" \/>\n\t<meta property=\"og:image:type\" content=\"image\/jpeg\" \/>\n<meta name=\"author\" content=\"Gente de B\u00e1squet\" \/>\n<meta name=\"twitter:card\" content=\"summary_large_image\" \/>\n<meta name=\"twitter:label1\" content=\"Escrito por\" \/>\n\t<meta name=\"twitter:data1\" content=\"Gente de B\u00e1squet\" \/>\n\t<meta name=\"twitter:label2\" content=\"Tiempo de lectura\" \/>\n\t<meta name=\"twitter:data2\" content=\"3 minutos\" \/>\n<script type=\"application\/ld+json\" class=\"yoast-schema-graph\">{\"@context\":\"https:\\\/\\\/schema.org\",\"@graph\":[{\"@type\":\"Article\",\"@id\":\"https:\\\/\\\/gentedebasquet.com.ar\\\/sitio\\\/2015\\\/03\\\/16\\\/estuvimos-a-la-altura-de-las-circunstancias\\\/#article\",\"isPartOf\":{\"@id\":\"https:\\\/\\\/gentedebasquet.com.ar\\\/sitio\\\/2015\\\/03\\\/16\\\/estuvimos-a-la-altura-de-las-circunstancias\\\/\"},\"author\":{\"name\":\"Gente de B\u00e1squet\",\"@id\":\"https:\\\/\\\/gentedebasquet.com.ar\\\/sitio\\\/#\\\/schema\\\/person\\\/ca0b63bbb977369988a7bbbdc519943a\"},\"headline\":\"\u00abEstuvimos a la altura\u00bb\",\"datePublished\":\"2015-03-16T18:25:49+00:00\",\"mainEntityOfPage\":{\"@id\":\"https:\\\/\\\/gentedebasquet.com.ar\\\/sitio\\\/2015\\\/03\\\/16\\\/estuvimos-a-la-altura-de-las-circunstancias\\\/\"},\"wordCount\":601,\"image\":{\"@id\":\"https:\\\/\\\/gentedebasquet.com.ar\\\/sitio\\\/2015\\\/03\\\/16\\\/estuvimos-a-la-altura-de-las-circunstancias\\\/#primaryimage\"},\"thumbnailUrl\":\"https:\\\/\\\/gentedebasquet.com.ar\\\/sitio\\\/wp-content\\\/uploads\\\/2015\\\/03\\\/10628258_747495655318357_1955802889580553827_n.jpg\",\"keywords\":[\"Alejandro Navallo\",\"Bahiense Del Norte\"],\"articleSection\":[\"Federal\",\"Nacional\",\"Slide\"],\"inLanguage\":\"es\"},{\"@type\":\"WebPage\",\"@id\":\"https:\\\/\\\/gentedebasquet.com.ar\\\/sitio\\\/2015\\\/03\\\/16\\\/estuvimos-a-la-altura-de-las-circunstancias\\\/\",\"url\":\"https:\\\/\\\/gentedebasquet.com.ar\\\/sitio\\\/2015\\\/03\\\/16\\\/estuvimos-a-la-altura-de-las-circunstancias\\\/\",\"name\":\"\\\"Estuvimos a la altura\\\" - Gente de B\u00e1squet\",\"isPartOf\":{\"@id\":\"https:\\\/\\\/gentedebasquet.com.ar\\\/sitio\\\/#website\"},\"primaryImageOfPage\":{\"@id\":\"https:\\\/\\\/gentedebasquet.com.ar\\\/sitio\\\/2015\\\/03\\\/16\\\/estuvimos-a-la-altura-de-las-circunstancias\\\/#primaryimage\"},\"image\":{\"@id\":\"https:\\\/\\\/gentedebasquet.com.ar\\\/sitio\\\/2015\\\/03\\\/16\\\/estuvimos-a-la-altura-de-las-circunstancias\\\/#primaryimage\"},\"thumbnailUrl\":\"https:\\\/\\\/gentedebasquet.com.ar\\\/sitio\\\/wp-content\\\/uploads\\\/2015\\\/03\\\/10628258_747495655318357_1955802889580553827_n.jpg\",\"datePublished\":\"2015-03-16T18:25:49+00:00\",\"author\":{\"@id\":\"https:\\\/\\\/gentedebasquet.com.ar\\\/sitio\\\/#\\\/schema\\\/person\\\/ca0b63bbb977369988a7bbbdc519943a\"},\"breadcrumb\":{\"@id\":\"https:\\\/\\\/gentedebasquet.com.ar\\\/sitio\\\/2015\\\/03\\\/16\\\/estuvimos-a-la-altura-de-las-circunstancias\\\/#breadcrumb\"},\"inLanguage\":\"es\",\"potentialAction\":[{\"@type\":\"ReadAction\",\"target\":[\"https:\\\/\\\/gentedebasquet.com.ar\\\/sitio\\\/2015\\\/03\\\/16\\\/estuvimos-a-la-altura-de-las-circunstancias\\\/\"]}]},{\"@type\":\"ImageObject\",\"inLanguage\":\"es\",\"@id\":\"https:\\\/\\\/gentedebasquet.com.ar\\\/sitio\\\/2015\\\/03\\\/16\\\/estuvimos-a-la-altura-de-las-circunstancias\\\/#primaryimage\",\"url\":\"https:\\\/\\\/gentedebasquet.com.ar\\\/sitio\\\/wp-content\\\/uploads\\\/2015\\\/03\\\/10628258_747495655318357_1955802889580553827_n.jpg\",\"contentUrl\":\"https:\\\/\\\/gentedebasquet.com.ar\\\/sitio\\\/wp-content\\\/uploads\\\/2015\\\/03\\\/10628258_747495655318357_1955802889580553827_n.jpg\",\"width\":690,\"height\":319},{\"@type\":\"BreadcrumbList\",\"@id\":\"https:\\\/\\\/gentedebasquet.com.ar\\\/sitio\\\/2015\\\/03\\\/16\\\/estuvimos-a-la-altura-de-las-circunstancias\\\/#breadcrumb\",\"itemListElement\":[{\"@type\":\"ListItem\",\"position\":1,\"name\":\"Portada\",\"item\":\"https:\\\/\\\/gentedebasquet.com.ar\\\/sitio\\\/\"},{\"@type\":\"ListItem\",\"position\":2,\"name\":\"\u00abEstuvimos a la altura\u00bb\"}]},{\"@type\":\"WebSite\",\"@id\":\"https:\\\/\\\/gentedebasquet.com.ar\\\/sitio\\\/#website\",\"url\":\"https:\\\/\\\/gentedebasquet.com.ar\\\/sitio\\\/\",\"name\":\"Gente de B\u00e1squet\",\"description\":\"La revista del basquet de Bah\u00eda Blanca\",\"potentialAction\":[{\"@type\":\"SearchAction\",\"target\":{\"@type\":\"EntryPoint\",\"urlTemplate\":\"https:\\\/\\\/gentedebasquet.com.ar\\\/sitio\\\/?s={search_term_string}\"},\"query-input\":{\"@type\":\"PropertyValueSpecification\",\"valueRequired\":true,\"valueName\":\"search_term_string\"}}],\"inLanguage\":\"es\"},{\"@type\":\"Person\",\"@id\":\"https:\\\/\\\/gentedebasquet.com.ar\\\/sitio\\\/#\\\/schema\\\/person\\\/ca0b63bbb977369988a7bbbdc519943a\",\"name\":\"Gente de B\u00e1squet\",\"image\":{\"@type\":\"ImageObject\",\"inLanguage\":\"es\",\"@id\":\"https:\\\/\\\/secure.gravatar.com\\\/avatar\\\/7f2c48bdc33b30088f941fb6082e555f2874c98e20cb159d7b92b50eadfce793?s=96&d=mm&r=g\",\"url\":\"https:\\\/\\\/secure.gravatar.com\\\/avatar\\\/7f2c48bdc33b30088f941fb6082e555f2874c98e20cb159d7b92b50eadfce793?s=96&d=mm&r=g\",\"contentUrl\":\"https:\\\/\\\/secure.gravatar.com\\\/avatar\\\/7f2c48bdc33b30088f941fb6082e555f2874c98e20cb159d7b92b50eadfce793?s=96&d=mm&r=g\",\"caption\":\"Gente de B\u00e1squet\"},\"sameAs\":[\"http:\\\/\\\/gentedebasquet.com.ar\\\/sitio\"],\"url\":\"https:\\\/\\\/gentedebasquet.com.ar\\\/sitio\\\/author\\\/ulises\\\/\"}]}<\/script>\n<!-- \/ Yoast SEO plugin. -->","yoast_head_json":{"title":"\"Estuvimos a la altura\" - Gente de B\u00e1squet","robots":{"index":"index","follow":"follow","max-snippet":"max-snippet:-1","max-image-preview":"max-image-preview:large","max-video-preview":"max-video-preview:-1"},"canonical":"https:\/\/gentedebasquet.com.ar\/sitio\/2015\/03\/16\/estuvimos-a-la-altura-de-las-circunstancias\/","og_locale":"es_ES","og_type":"article","og_title":"\"Estuvimos a la altura\" - Gente de B\u00e1squet","og_description":"Alejandro Navallo analiz\u00f3 la actuaci\u00f3n de Bahiense en lo que va del Torneo Federal","og_url":"https:\/\/gentedebasquet.com.ar\/sitio\/2015\/03\/16\/estuvimos-a-la-altura-de-las-circunstancias\/","og_site_name":"Gente de B\u00e1squet","article_published_time":"2015-03-16T18:25:49+00:00","og_image":[{"width":690,"height":319,"url":"https:\/\/gentedebasquet.com.ar\/sitio\/wp-content\/uploads\/2015\/03\/10628258_747495655318357_1955802889580553827_n.jpg","type":"image\/jpeg"}],"author":"Gente de B\u00e1squet","twitter_card":"summary_large_image","twitter_misc":{"Escrito por":"Gente de B\u00e1squet","Tiempo de lectura":"3 minutos"},"schema":{"@context":"https:\/\/schema.org","@graph":[{"@type":"Article","@id":"https:\/\/gentedebasquet.com.ar\/sitio\/2015\/03\/16\/estuvimos-a-la-altura-de-las-circunstancias\/#article","isPartOf":{"@id":"https:\/\/gentedebasquet.com.ar\/sitio\/2015\/03\/16\/estuvimos-a-la-altura-de-las-circunstancias\/"},"author":{"name":"Gente de B\u00e1squet","@id":"https:\/\/gentedebasquet.com.ar\/sitio\/#\/schema\/person\/ca0b63bbb977369988a7bbbdc519943a"},"headline":"\u00abEstuvimos a la altura\u00bb","datePublished":"2015-03-16T18:25:49+00:00","mainEntityOfPage":{"@id":"https:\/\/gentedebasquet.com.ar\/sitio\/2015\/03\/16\/estuvimos-a-la-altura-de-las-circunstancias\/"},"wordCount":601,"image":{"@id":"https:\/\/gentedebasquet.com.ar\/sitio\/2015\/03\/16\/estuvimos-a-la-altura-de-las-circunstancias\/#primaryimage"},"thumbnailUrl":"https:\/\/gentedebasquet.com.ar\/sitio\/wp-content\/uploads\/2015\/03\/10628258_747495655318357_1955802889580553827_n.jpg","keywords":["Alejandro Navallo","Bahiense Del Norte"],"articleSection":["Federal","Nacional","Slide"],"inLanguage":"es"},{"@type":"WebPage","@id":"https:\/\/gentedebasquet.com.ar\/sitio\/2015\/03\/16\/estuvimos-a-la-altura-de-las-circunstancias\/","url":"https:\/\/gentedebasquet.com.ar\/sitio\/2015\/03\/16\/estuvimos-a-la-altura-de-las-circunstancias\/","name":"\"Estuvimos a la altura\" - Gente de B\u00e1squet","isPartOf":{"@id":"https:\/\/gentedebasquet.com.ar\/sitio\/#website"},"primaryImageOfPage":{"@id":"https:\/\/gentedebasquet.com.ar\/sitio\/2015\/03\/16\/estuvimos-a-la-altura-de-las-circunstancias\/#primaryimage"},"image":{"@id":"https:\/\/gentedebasquet.com.ar\/sitio\/2015\/03\/16\/estuvimos-a-la-altura-de-las-circunstancias\/#primaryimage"},"thumbnailUrl":"https:\/\/gentedebasquet.com.ar\/sitio\/wp-content\/uploads\/2015\/03\/10628258_747495655318357_1955802889580553827_n.jpg","datePublished":"2015-03-16T18:25:49+00:00","author":{"@id":"https:\/\/gentedebasquet.com.ar\/sitio\/#\/schema\/person\/ca0b63bbb977369988a7bbbdc519943a"},"breadcrumb":{"@id":"https:\/\/gentedebasquet.com.ar\/sitio\/2015\/03\/16\/estuvimos-a-la-altura-de-las-circunstancias\/#breadcrumb"},"inLanguage":"es","potentialAction":[{"@type":"ReadAction","target":["https:\/\/gentedebasquet.com.ar\/sitio\/2015\/03\/16\/estuvimos-a-la-altura-de-las-circunstancias\/"]}]},{"@type":"ImageObject","inLanguage":"es","@id":"https:\/\/gentedebasquet.com.ar\/sitio\/2015\/03\/16\/estuvimos-a-la-altura-de-las-circunstancias\/#primaryimage","url":"https:\/\/gentedebasquet.com.ar\/sitio\/wp-content\/uploads\/2015\/03\/10628258_747495655318357_1955802889580553827_n.jpg","contentUrl":"https:\/\/gentedebasquet.com.ar\/sitio\/wp-content\/uploads\/2015\/03\/10628258_747495655318357_1955802889580553827_n.jpg","width":690,"height":319},{"@type":"BreadcrumbList","@id":"https:\/\/gentedebasquet.com.ar\/sitio\/2015\/03\/16\/estuvimos-a-la-altura-de-las-circunstancias\/#breadcrumb","itemListElement":[{"@type":"ListItem","position":1,"name":"Portada","item":"https:\/\/gentedebasquet.com.ar\/sitio\/"},{"@type":"ListItem","position":2,"name":"\u00abEstuvimos a la altura\u00bb"}]},{"@type":"WebSite","@id":"https:\/\/gentedebasquet.com.ar\/sitio\/#website","url":"https:\/\/gentedebasquet.com.ar\/sitio\/","name":"Gente de B\u00e1squet","description":"La revista del basquet de Bah\u00eda Blanca","potentialAction":[{"@type":"SearchAction","target":{"@type":"EntryPoint","urlTemplate":"https:\/\/gentedebasquet.com.ar\/sitio\/?s={search_term_string}"},"query-input":{"@type":"PropertyValueSpecification","valueRequired":true,"valueName":"search_term_string"}}],"inLanguage":"es"},{"@type":"Person","@id":"https:\/\/gentedebasquet.com.ar\/sitio\/#\/schema\/person\/ca0b63bbb977369988a7bbbdc519943a","name":"Gente de B\u00e1squet","image":{"@type":"ImageObject","inLanguage":"es","@id":"https:\/\/secure.gravatar.com\/avatar\/7f2c48bdc33b30088f941fb6082e555f2874c98e20cb159d7b92b50eadfce793?s=96&d=mm&r=g","url":"https:\/\/secure.gravatar.com\/avatar\/7f2c48bdc33b30088f941fb6082e555f2874c98e20cb159d7b92b50eadfce793?s=96&d=mm&r=g","contentUrl":"https:\/\/secure.gravatar.com\/avatar\/7f2c48bdc33b30088f941fb6082e555f2874c98e20cb159d7b92b50eadfce793?s=96&d=mm&r=g","caption":"Gente de B\u00e1squet"},"sameAs":["http:\/\/gentedebasquet.com.ar\/sitio"],"url":"https:\/\/gentedebasquet.com.ar\/sitio\/author\/ulises\/"}]}},"_links":{"self":[{"href":"https:\/\/gentedebasquet.com.ar\/sitio\/wp-json\/wp\/v2\/posts\/42734","targetHints":{"allow":["GET"]}}],"collection":[{"href":"https:\/\/gentedebasquet.com.ar\/sitio\/wp-json\/wp\/v2\/posts"}],"about":[{"href":"https:\/\/gentedebasquet.com.ar\/sitio\/wp-json\/wp\/v2\/types\/post"}],"author":[{"embeddable":true,"href":"https:\/\/gentedebasquet.com.ar\/sitio\/wp-json\/wp\/v2\/users\/1"}],"replies":[{"embeddable":true,"href":"https:\/\/gentedebasquet.com.ar\/sitio\/wp-json\/wp\/v2\/comments?post=42734"}],"version-history":[{"count":0,"href":"https:\/\/gentedebasquet.com.ar\/sitio\/wp-json\/wp\/v2\/posts\/42734\/revisions"}],"wp:featuredmedia":[{"embeddable":true,"href":"https:\/\/gentedebasquet.com.ar\/sitio\/wp-json\/wp\/v2\/media\/42735"}],"wp:attachment":[{"href":"https:\/\/gentedebasquet.com.ar\/sitio\/wp-json\/wp\/v2\/media?parent=42734"}],"wp:term":[{"taxonomy":"category","embeddable":true,"href":"https:\/\/gentedebasquet.com.ar\/sitio\/wp-json\/wp\/v2\/categories?post=42734"},{"taxonomy":"post_tag","embeddable":true,"href":"https:\/\/gentedebasquet.com.ar\/sitio\/wp-json\/wp\/v2\/tags?post=42734"}],"curies":[{"name":"wp","href":"https:\/\/api.w.org\/{rel}","templated":true}]}}