{"id":42925,"date":"2015-03-25T00:46:19","date_gmt":"2015-03-25T03:46:19","guid":{"rendered":"http:\/\/www.gentedebasquet.com.ar\/?p=42925"},"modified":"2015-03-25T00:46:19","modified_gmt":"2015-03-25T03:46:19","slug":"paso-la-concentracion-de-los-u16","status":"publish","type":"post","link":"https:\/\/gentedebasquet.com.ar\/sitio\/2015\/03\/25\/paso-la-concentracion-de-los-u16\/","title":{"rendered":"Pas\u00f3 la concentraci\u00f3n de los U16"},"content":{"rendered":"<p><strong>La Preselecci\u00f3n Nacional trabaj\u00f3 durante la pasada semana con 20 chicos y bajo las \u00f3rdenes de Carlos Duro. El plantel, que super\u00f3 en un amistoso a un combinado U18\/U19 de River, se prepara para el FIBA Am\u00e9ricas de Bah\u00eda Blanca (del 10 al 14 de junio). Juan Cruz Marini (Pac\u00edfico) y Valent\u00edn Bettiga (Olimpo) formaron parte del plantel.<\/strong><\/p>\n<p>El pasado domingo concluy\u00f3 la segunda concentraci\u00f3n de la Preselecci\u00f3n Argentina U16, que se prepara para el FIBA Am\u00e9ricas de la categor\u00eda, que se realizar\u00e1 en Bah\u00eda Blanca, del 10 al 14 de junio. Participaron de la citaci\u00f3n 20 jugadores, bajo las \u00f3rdenes de Carlos Duro, realizando trabajos tanto f\u00edsicos como de juego.<\/p>\n<p>\u00abDesde el \u00e1rea t\u00e9cnica nos enfocamos en tres puntos centrales: integrar al proceso selectivo a los chicos de la camada 2000, continuar con los ejercicios t\u00e9cnico \/ t\u00e1cticos en la parte ofensiva y defensiva y progresar en la evaluaci\u00f3n individual de cada jugador\u00bb, se\u00f1al\u00f3 Duro. En tanto, en el aspecto f\u00edsico, se busc\u00f3 obtener la mayor cantidad de datos mediante evaluaciones de laboratorio de biomec\u00e1nica y fisiolog\u00eda, se desarrollaron aspectos meteorol\u00f3gicos de ejercicios de levantamiento en el \u00e1rea de la fuerza y se le facilit\u00f3 al plantel una serie de sugerencias en las \u00e1reas coordinativas y profilaxis de lesiones. El viernes, adem\u00e1s, el equipo disput\u00f3 un amistoso ante un combinado de River (U18 \u0096 U19), que concluy\u00f3 con victoria (69 a 62).<\/p>\n<h6>PRESELECCI\u00d3N NACIONAL U16<\/h6>\n<p>-BARALLE, Franco<br \/>\nClub: Asociaci\u00f3n Deportiva Atenas<br \/>\nFederaci\u00f3n: C\u00f3rdoba<\/p>\n<p>-L\u00d3PEZ, Lautaro<br \/>\nClub: Villa San Mart\u00edn<br \/>\nFederaci\u00f3n: Chaco<\/p>\n<p>-FARABELLO, Francisco<br \/>\nClub: Sport Club de Ca\u00f1ada de G\u00f3mez<br \/>\nFederaci\u00f3n: Santa Fe<\/p>\n<p>-CARDO, Cristian<br \/>\nClub: Sportivo Bolivar<br \/>\nFederaci\u00f3n: C\u00f3rdoba<\/p>\n<p>-ZANDOMENI, Franco<br \/>\nClub: Tokio Posadas<br \/>\nFederaci\u00f3n: Misiones<\/p>\n<p><strong>-BETTIGA, Valent\u00edn<\/strong><br \/>\nClub: Olimpo de Bah\u00eda Blanca<br \/>\nFederaci\u00f3n: Buenos Aires<\/p>\n<p>-EYDALLIN, Juli\u00e1n<br \/>\nClub: Talleres de Villa Gobernador G\u00e1lvez<br \/>\nFederaci\u00f3n: Santa Fe<\/p>\n<p>-J\u00c1PEZ, Facundo<br \/>\nClub: Argentino de Jun\u00edn<br \/>\nFederaci\u00f3n: Buenos Aires<\/p>\n<p>-YASKULKA, Santiago<br \/>\nClub: Obras Sanitarias<br \/>\nFederaci\u00f3n: FEBAMBA<\/p>\n<p><strong>-MARINI, Juan Cruz<\/strong><br \/>\nClub: Pac\u00edfico de Bah\u00eda Blanca.<br \/>\nFederaci\u00f3n: Buenos Aires<\/p>\n<p>-GRAMEGNA, Santiago Mart\u00edn<br \/>\nClub: Lan\u00fas<br \/>\nFederaci\u00f3n: FEBAMBA<\/p>\n<p>-G\u00d3MEZ, Tom\u00e1s<br \/>\nClub: N\u00e1utico Quill\u00e1<br \/>\nFederaci\u00f3n: Santa Fe<\/p>\n<p>-CUASSOLO, Ignacio<br \/>\nClub: Hind\u00fa Club<br \/>\nFederaci\u00f3n: C\u00f3rdoba<\/p>\n<p>-ALORDA, Franco<br \/>\nClub: San Mart\u00edn de Corrientes<br \/>\nFederaci\u00f3n: Corrientes<\/p>\n<p>-VILLAGRA, Francis<br \/>\nClub: Los Unitarios<br \/>\nFederaci\u00f3n: FEBAMBA<\/p>\n<p>-HENRE BERT, Cristian<br \/>\nClub: Independiente de la Paz, Entre R\u00edos.<br \/>\nFederaci\u00f3n: Entre R\u00edos<\/p>\n<p>-FRANCO, Nicol\u00e1s<br \/>\nClub: Almafuerte<br \/>\nFederaci\u00f3n: Santa Fe<\/p>\n<p>-LOVINO, Lautaro<br \/>\nClub: Uni\u00f3n de Santa Fe<br \/>\nFederaci\u00f3n: Santa Fe<\/p>\n<p>-GERMANO, Juan Cruz<br \/>\nClub: Boca Juniors<br \/>\nFederaci\u00f3n: FEBAMBA<\/p>\n<p>-CAFFARO, Francisco<br \/>\nClub: Atl\u00e9tico Trebolense<br \/>\nFederaci\u00f3n: Santa Fe<\/p>\n","protected":false},"excerpt":{"rendered":"<p>Juan Marini (Pac\u00edfico) y Bettiga (Olimpo) formaron parte de la segunda etapa<\/p>\n","protected":false},"author":1,"featured_media":42926,"comment_status":"closed","ping_status":"open","sticky":false,"template":"","format":"standard","meta":{"jnews-multi-image_gallery":[],"jnews_single_post":[],"jnews_primary_category":[],"footnotes":""},"categories":[61],"tags":[64,372,309,16,17,375],"class_list":["post-42925","post","type-post","status-publish","format-standard","has-post-thumbnail","hentry","category-selecciones-nacionales","tag-argentina-u16","tag-fiba-americas-u16","tag-juan-cruz-marini","tag-olimpo","tag-pacifico","tag-valentin-bettiga"],"yoast_head":"<!-- This site is optimized with the Yoast SEO plugin v27.5 - https:\/\/yoast.com\/product\/yoast-seo-wordpress\/ -->\n<title>Pas\u00f3 la concentraci\u00f3n de los U16 - Gente de B\u00e1squet<\/title>\n<meta name=\"robots\" content=\"index, follow, max-snippet:-1, max-image-preview:large, max-video-preview:-1\" \/>\n<link rel=\"canonical\" href=\"https:\/\/gentedebasquet.com.ar\/sitio\/2015\/03\/25\/paso-la-concentracion-de-los-u16\/\" \/>\n<meta property=\"og:locale\" content=\"es_ES\" \/>\n<meta property=\"og:type\" content=\"article\" \/>\n<meta property=\"og:title\" content=\"Pas\u00f3 la concentraci\u00f3n de los U16 - Gente de B\u00e1squet\" \/>\n<meta property=\"og:description\" content=\"Juan Marini (Pac\u00edfico) y Bettiga (Olimpo) formaron parte de la segunda etapa\" \/>\n<meta property=\"og:url\" content=\"https:\/\/gentedebasquet.com.ar\/sitio\/2015\/03\/25\/paso-la-concentracion-de-los-u16\/\" \/>\n<meta property=\"og:site_name\" content=\"Gente de B\u00e1squet\" \/>\n<meta property=\"article:published_time\" content=\"2015-03-25T03:46:19+00:00\" \/>\n<meta property=\"og:image\" content=\"https:\/\/gentedebasquet.com.ar\/sitio\/wp-content\/uploads\/2015\/03\/Marini-Bettiga-U16.jpg\" \/>\n\t<meta property=\"og:image:width\" content=\"300\" \/>\n\t<meta property=\"og:image:height\" content=\"211\" \/>\n\t<meta property=\"og:image:type\" content=\"image\/jpeg\" \/>\n<meta name=\"author\" content=\"Gente de B\u00e1squet\" \/>\n<meta name=\"twitter:card\" content=\"summary_large_image\" \/>\n<meta name=\"twitter:label1\" content=\"Escrito por\" \/>\n\t<meta name=\"twitter:data1\" content=\"Gente de B\u00e1squet\" \/>\n\t<meta name=\"twitter:label2\" content=\"Tiempo de lectura\" \/>\n\t<meta name=\"twitter:data2\" content=\"2 minutos\" \/>\n<script type=\"application\/ld+json\" class=\"yoast-schema-graph\">{\"@context\":\"https:\\\/\\\/schema.org\",\"@graph\":[{\"@type\":\"Article\",\"@id\":\"https:\\\/\\\/gentedebasquet.com.ar\\\/sitio\\\/2015\\\/03\\\/25\\\/paso-la-concentracion-de-los-u16\\\/#article\",\"isPartOf\":{\"@id\":\"https:\\\/\\\/gentedebasquet.com.ar\\\/sitio\\\/2015\\\/03\\\/25\\\/paso-la-concentracion-de-los-u16\\\/\"},\"author\":{\"name\":\"Gente de B\u00e1squet\",\"@id\":\"https:\\\/\\\/gentedebasquet.com.ar\\\/sitio\\\/#\\\/schema\\\/person\\\/ca0b63bbb977369988a7bbbdc519943a\"},\"headline\":\"Pas\u00f3 la concentraci\u00f3n de los U16\",\"datePublished\":\"2015-03-25T03:46:19+00:00\",\"mainEntityOfPage\":{\"@id\":\"https:\\\/\\\/gentedebasquet.com.ar\\\/sitio\\\/2015\\\/03\\\/25\\\/paso-la-concentracion-de-los-u16\\\/\"},\"wordCount\":477,\"image\":{\"@id\":\"https:\\\/\\\/gentedebasquet.com.ar\\\/sitio\\\/2015\\\/03\\\/25\\\/paso-la-concentracion-de-los-u16\\\/#primaryimage\"},\"thumbnailUrl\":\"https:\\\/\\\/gentedebasquet.com.ar\\\/sitio\\\/wp-content\\\/uploads\\\/2015\\\/03\\\/Marini-Bettiga-U16.jpg\",\"keywords\":[\"Argentina U16\",\"FIBA Americas U16\",\"Juan Cruz Marini\",\"Ol\u00edmpo\",\"Pacifico\",\"Valent\u00edn Bettiga\"],\"articleSection\":[\"Selecciones Nacionales\"],\"inLanguage\":\"es\"},{\"@type\":\"WebPage\",\"@id\":\"https:\\\/\\\/gentedebasquet.com.ar\\\/sitio\\\/2015\\\/03\\\/25\\\/paso-la-concentracion-de-los-u16\\\/\",\"url\":\"https:\\\/\\\/gentedebasquet.com.ar\\\/sitio\\\/2015\\\/03\\\/25\\\/paso-la-concentracion-de-los-u16\\\/\",\"name\":\"Pas\u00f3 la concentraci\u00f3n de los U16 - Gente de B\u00e1squet\",\"isPartOf\":{\"@id\":\"https:\\\/\\\/gentedebasquet.com.ar\\\/sitio\\\/#website\"},\"primaryImageOfPage\":{\"@id\":\"https:\\\/\\\/gentedebasquet.com.ar\\\/sitio\\\/2015\\\/03\\\/25\\\/paso-la-concentracion-de-los-u16\\\/#primaryimage\"},\"image\":{\"@id\":\"https:\\\/\\\/gentedebasquet.com.ar\\\/sitio\\\/2015\\\/03\\\/25\\\/paso-la-concentracion-de-los-u16\\\/#primaryimage\"},\"thumbnailUrl\":\"https:\\\/\\\/gentedebasquet.com.ar\\\/sitio\\\/wp-content\\\/uploads\\\/2015\\\/03\\\/Marini-Bettiga-U16.jpg\",\"datePublished\":\"2015-03-25T03:46:19+00:00\",\"author\":{\"@id\":\"https:\\\/\\\/gentedebasquet.com.ar\\\/sitio\\\/#\\\/schema\\\/person\\\/ca0b63bbb977369988a7bbbdc519943a\"},\"breadcrumb\":{\"@id\":\"https:\\\/\\\/gentedebasquet.com.ar\\\/sitio\\\/2015\\\/03\\\/25\\\/paso-la-concentracion-de-los-u16\\\/#breadcrumb\"},\"inLanguage\":\"es\",\"potentialAction\":[{\"@type\":\"ReadAction\",\"target\":[\"https:\\\/\\\/gentedebasquet.com.ar\\\/sitio\\\/2015\\\/03\\\/25\\\/paso-la-concentracion-de-los-u16\\\/\"]}]},{\"@type\":\"ImageObject\",\"inLanguage\":\"es\",\"@id\":\"https:\\\/\\\/gentedebasquet.com.ar\\\/sitio\\\/2015\\\/03\\\/25\\\/paso-la-concentracion-de-los-u16\\\/#primaryimage\",\"url\":\"https:\\\/\\\/gentedebasquet.com.ar\\\/sitio\\\/wp-content\\\/uploads\\\/2015\\\/03\\\/Marini-Bettiga-U16.jpg\",\"contentUrl\":\"https:\\\/\\\/gentedebasquet.com.ar\\\/sitio\\\/wp-content\\\/uploads\\\/2015\\\/03\\\/Marini-Bettiga-U16.jpg\",\"width\":300,\"height\":211},{\"@type\":\"BreadcrumbList\",\"@id\":\"https:\\\/\\\/gentedebasquet.com.ar\\\/sitio\\\/2015\\\/03\\\/25\\\/paso-la-concentracion-de-los-u16\\\/#breadcrumb\",\"itemListElement\":[{\"@type\":\"ListItem\",\"position\":1,\"name\":\"Portada\",\"item\":\"https:\\\/\\\/gentedebasquet.com.ar\\\/sitio\\\/\"},{\"@type\":\"ListItem\",\"position\":2,\"name\":\"Pas\u00f3 la concentraci\u00f3n de los U16\"}]},{\"@type\":\"WebSite\",\"@id\":\"https:\\\/\\\/gentedebasquet.com.ar\\\/sitio\\\/#website\",\"url\":\"https:\\\/\\\/gentedebasquet.com.ar\\\/sitio\\\/\",\"name\":\"Gente de B\u00e1squet\",\"description\":\"La revista del basquet de Bah\u00eda Blanca\",\"potentialAction\":[{\"@type\":\"SearchAction\",\"target\":{\"@type\":\"EntryPoint\",\"urlTemplate\":\"https:\\\/\\\/gentedebasquet.com.ar\\\/sitio\\\/?s={search_term_string}\"},\"query-input\":{\"@type\":\"PropertyValueSpecification\",\"valueRequired\":true,\"valueName\":\"search_term_string\"}}],\"inLanguage\":\"es\"},{\"@type\":\"Person\",\"@id\":\"https:\\\/\\\/gentedebasquet.com.ar\\\/sitio\\\/#\\\/schema\\\/person\\\/ca0b63bbb977369988a7bbbdc519943a\",\"name\":\"Gente de B\u00e1squet\",\"image\":{\"@type\":\"ImageObject\",\"inLanguage\":\"es\",\"@id\":\"https:\\\/\\\/secure.gravatar.com\\\/avatar\\\/7f2c48bdc33b30088f941fb6082e555f2874c98e20cb159d7b92b50eadfce793?s=96&d=mm&r=g\",\"url\":\"https:\\\/\\\/secure.gravatar.com\\\/avatar\\\/7f2c48bdc33b30088f941fb6082e555f2874c98e20cb159d7b92b50eadfce793?s=96&d=mm&r=g\",\"contentUrl\":\"https:\\\/\\\/secure.gravatar.com\\\/avatar\\\/7f2c48bdc33b30088f941fb6082e555f2874c98e20cb159d7b92b50eadfce793?s=96&d=mm&r=g\",\"caption\":\"Gente de B\u00e1squet\"},\"sameAs\":[\"http:\\\/\\\/gentedebasquet.com.ar\\\/sitio\"],\"url\":\"https:\\\/\\\/gentedebasquet.com.ar\\\/sitio\\\/author\\\/ulises\\\/\"}]}<\/script>\n<!-- \/ Yoast SEO plugin. -->","yoast_head_json":{"title":"Pas\u00f3 la concentraci\u00f3n de los U16 - Gente de B\u00e1squet","robots":{"index":"index","follow":"follow","max-snippet":"max-snippet:-1","max-image-preview":"max-image-preview:large","max-video-preview":"max-video-preview:-1"},"canonical":"https:\/\/gentedebasquet.com.ar\/sitio\/2015\/03\/25\/paso-la-concentracion-de-los-u16\/","og_locale":"es_ES","og_type":"article","og_title":"Pas\u00f3 la concentraci\u00f3n de los U16 - Gente de B\u00e1squet","og_description":"Juan Marini (Pac\u00edfico) y Bettiga (Olimpo) formaron parte de la segunda etapa","og_url":"https:\/\/gentedebasquet.com.ar\/sitio\/2015\/03\/25\/paso-la-concentracion-de-los-u16\/","og_site_name":"Gente de B\u00e1squet","article_published_time":"2015-03-25T03:46:19+00:00","og_image":[{"width":300,"height":211,"url":"https:\/\/gentedebasquet.com.ar\/sitio\/wp-content\/uploads\/2015\/03\/Marini-Bettiga-U16.jpg","type":"image\/jpeg"}],"author":"Gente de B\u00e1squet","twitter_card":"summary_large_image","twitter_misc":{"Escrito por":"Gente de B\u00e1squet","Tiempo de lectura":"2 minutos"},"schema":{"@context":"https:\/\/schema.org","@graph":[{"@type":"Article","@id":"https:\/\/gentedebasquet.com.ar\/sitio\/2015\/03\/25\/paso-la-concentracion-de-los-u16\/#article","isPartOf":{"@id":"https:\/\/gentedebasquet.com.ar\/sitio\/2015\/03\/25\/paso-la-concentracion-de-los-u16\/"},"author":{"name":"Gente de B\u00e1squet","@id":"https:\/\/gentedebasquet.com.ar\/sitio\/#\/schema\/person\/ca0b63bbb977369988a7bbbdc519943a"},"headline":"Pas\u00f3 la concentraci\u00f3n de los U16","datePublished":"2015-03-25T03:46:19+00:00","mainEntityOfPage":{"@id":"https:\/\/gentedebasquet.com.ar\/sitio\/2015\/03\/25\/paso-la-concentracion-de-los-u16\/"},"wordCount":477,"image":{"@id":"https:\/\/gentedebasquet.com.ar\/sitio\/2015\/03\/25\/paso-la-concentracion-de-los-u16\/#primaryimage"},"thumbnailUrl":"https:\/\/gentedebasquet.com.ar\/sitio\/wp-content\/uploads\/2015\/03\/Marini-Bettiga-U16.jpg","keywords":["Argentina U16","FIBA Americas U16","Juan Cruz Marini","Ol\u00edmpo","Pacifico","Valent\u00edn Bettiga"],"articleSection":["Selecciones Nacionales"],"inLanguage":"es"},{"@type":"WebPage","@id":"https:\/\/gentedebasquet.com.ar\/sitio\/2015\/03\/25\/paso-la-concentracion-de-los-u16\/","url":"https:\/\/gentedebasquet.com.ar\/sitio\/2015\/03\/25\/paso-la-concentracion-de-los-u16\/","name":"Pas\u00f3 la concentraci\u00f3n de los U16 - Gente de B\u00e1squet","isPartOf":{"@id":"https:\/\/gentedebasquet.com.ar\/sitio\/#website"},"primaryImageOfPage":{"@id":"https:\/\/gentedebasquet.com.ar\/sitio\/2015\/03\/25\/paso-la-concentracion-de-los-u16\/#primaryimage"},"image":{"@id":"https:\/\/gentedebasquet.com.ar\/sitio\/2015\/03\/25\/paso-la-concentracion-de-los-u16\/#primaryimage"},"thumbnailUrl":"https:\/\/gentedebasquet.com.ar\/sitio\/wp-content\/uploads\/2015\/03\/Marini-Bettiga-U16.jpg","datePublished":"2015-03-25T03:46:19+00:00","author":{"@id":"https:\/\/gentedebasquet.com.ar\/sitio\/#\/schema\/person\/ca0b63bbb977369988a7bbbdc519943a"},"breadcrumb":{"@id":"https:\/\/gentedebasquet.com.ar\/sitio\/2015\/03\/25\/paso-la-concentracion-de-los-u16\/#breadcrumb"},"inLanguage":"es","potentialAction":[{"@type":"ReadAction","target":["https:\/\/gentedebasquet.com.ar\/sitio\/2015\/03\/25\/paso-la-concentracion-de-los-u16\/"]}]},{"@type":"ImageObject","inLanguage":"es","@id":"https:\/\/gentedebasquet.com.ar\/sitio\/2015\/03\/25\/paso-la-concentracion-de-los-u16\/#primaryimage","url":"https:\/\/gentedebasquet.com.ar\/sitio\/wp-content\/uploads\/2015\/03\/Marini-Bettiga-U16.jpg","contentUrl":"https:\/\/gentedebasquet.com.ar\/sitio\/wp-content\/uploads\/2015\/03\/Marini-Bettiga-U16.jpg","width":300,"height":211},{"@type":"BreadcrumbList","@id":"https:\/\/gentedebasquet.com.ar\/sitio\/2015\/03\/25\/paso-la-concentracion-de-los-u16\/#breadcrumb","itemListElement":[{"@type":"ListItem","position":1,"name":"Portada","item":"https:\/\/gentedebasquet.com.ar\/sitio\/"},{"@type":"ListItem","position":2,"name":"Pas\u00f3 la concentraci\u00f3n de los U16"}]},{"@type":"WebSite","@id":"https:\/\/gentedebasquet.com.ar\/sitio\/#website","url":"https:\/\/gentedebasquet.com.ar\/sitio\/","name":"Gente de B\u00e1squet","description":"La revista del basquet de Bah\u00eda Blanca","potentialAction":[{"@type":"SearchAction","target":{"@type":"EntryPoint","urlTemplate":"https:\/\/gentedebasquet.com.ar\/sitio\/?s={search_term_string}"},"query-input":{"@type":"PropertyValueSpecification","valueRequired":true,"valueName":"search_term_string"}}],"inLanguage":"es"},{"@type":"Person","@id":"https:\/\/gentedebasquet.com.ar\/sitio\/#\/schema\/person\/ca0b63bbb977369988a7bbbdc519943a","name":"Gente de B\u00e1squet","image":{"@type":"ImageObject","inLanguage":"es","@id":"https:\/\/secure.gravatar.com\/avatar\/7f2c48bdc33b30088f941fb6082e555f2874c98e20cb159d7b92b50eadfce793?s=96&d=mm&r=g","url":"https:\/\/secure.gravatar.com\/avatar\/7f2c48bdc33b30088f941fb6082e555f2874c98e20cb159d7b92b50eadfce793?s=96&d=mm&r=g","contentUrl":"https:\/\/secure.gravatar.com\/avatar\/7f2c48bdc33b30088f941fb6082e555f2874c98e20cb159d7b92b50eadfce793?s=96&d=mm&r=g","caption":"Gente de B\u00e1squet"},"sameAs":["http:\/\/gentedebasquet.com.ar\/sitio"],"url":"https:\/\/gentedebasquet.com.ar\/sitio\/author\/ulises\/"}]}},"_links":{"self":[{"href":"https:\/\/gentedebasquet.com.ar\/sitio\/wp-json\/wp\/v2\/posts\/42925","targetHints":{"allow":["GET"]}}],"collection":[{"href":"https:\/\/gentedebasquet.com.ar\/sitio\/wp-json\/wp\/v2\/posts"}],"about":[{"href":"https:\/\/gentedebasquet.com.ar\/sitio\/wp-json\/wp\/v2\/types\/post"}],"author":[{"embeddable":true,"href":"https:\/\/gentedebasquet.com.ar\/sitio\/wp-json\/wp\/v2\/users\/1"}],"replies":[{"embeddable":true,"href":"https:\/\/gentedebasquet.com.ar\/sitio\/wp-json\/wp\/v2\/comments?post=42925"}],"version-history":[{"count":0,"href":"https:\/\/gentedebasquet.com.ar\/sitio\/wp-json\/wp\/v2\/posts\/42925\/revisions"}],"wp:featuredmedia":[{"embeddable":true,"href":"https:\/\/gentedebasquet.com.ar\/sitio\/wp-json\/wp\/v2\/media\/42926"}],"wp:attachment":[{"href":"https:\/\/gentedebasquet.com.ar\/sitio\/wp-json\/wp\/v2\/media?parent=42925"}],"wp:term":[{"taxonomy":"category","embeddable":true,"href":"https:\/\/gentedebasquet.com.ar\/sitio\/wp-json\/wp\/v2\/categories?post=42925"},{"taxonomy":"post_tag","embeddable":true,"href":"https:\/\/gentedebasquet.com.ar\/sitio\/wp-json\/wp\/v2\/tags?post=42925"}],"curies":[{"name":"wp","href":"https:\/\/api.w.org\/{rel}","templated":true}]}}