{"id":43314,"date":"2015-04-05T18:06:18","date_gmt":"2015-04-05T21:06:18","guid":{"rendered":"http:\/\/www.gentedebasquet.com.ar\/?p=43314"},"modified":"2015-04-05T18:06:18","modified_gmt":"2015-04-05T21:06:18","slug":"juany-cerca-del-ascenso","status":"publish","type":"post","link":"https:\/\/gentedebasquet.com.ar\/sitio\/2015\/04\/05\/juany-cerca-del-ascenso\/","title":{"rendered":"Juany, cerca del ascenso"},"content":{"rendered":"<p><strong>Ford Burgos, del bahiense Juan Ignacio Jasen, qued\u00f3 a un paso. Con la victoria en el derbi ante Palencia, por 85 a 62, y la derrota del Breog\u00e1n, est\u00e1 a un triunfo de ser campe\u00f3n de la fase regular de la Adecco Oro. Juany sum\u00f3\u00a011 puntos (0\/2 3p, 3\/5 2p, 5\/5 TL) y 4 rebotes en 14m13. Si el pr\u00f3ximo\u00a0viernes derrotan a Lleida regresar\u00e1n a la Liga ACB.<\/strong><\/p>\n<p><span style=\"line-height: 1.5em;\">El parcial inicial de 2-7 con el que el Quesos Cerrato dio comienzo al encuentro aport\u00f3 motivos para la esperanza para un equipo que hab\u00eda anulado durante los primeros segundos del partido a un rival que si por algo sorprende es por su autoridad durante los comienzos de partido. Pero el gigante no tard\u00f3 en despertar con un parcial de 12-0 que provoc\u00f3 el primer tiempo muerto de la noche a cargo de Natxo Lezkano. La mano de Lluis Costa desde el 4,60 permiti\u00f3 al l\u00edder colocarse una decena de puntos por delante de los palentinos avisando de sus intenciones que, apenas dos minutos m\u00e1s tarde, se hab\u00edan convertido en una realidad con los de casa 20 puntos arriba. Los de Andreu Casadevall no perdieron la ambici\u00f3n llegando a doblegar pr\u00e1cticamente a su rival al descanso de un encuentro que estaba ya visto para sentencia (49-26).<\/span><\/p>\n<p>Con bajas como la de su base titular Xavi Forcada o el escolta Guille Justo la rotaci\u00f3n del Quesos Cerrato fue restando frescura al equipo con el paso de los minutos. El acierto de Greg Grantt desde el per\u00edmetro fue el principal agente motivador para un equipo que fue perdiendo la ilusi\u00f3n con el paso de los minutos ante un l\u00edder que castigo a sus vecinos con su s\u00e9ptima derrota consecutiva quedando a un solo triunfo del ascenso directo a la Liga Endesa (85-62).<\/p>\n<p>La clave: El trabajo de equipo de un Ford Burgos en el que destacaron los 14 tantos de Miquel Feliu, los 12 de Jeff Xavier, los 11 de Albert S\u00e0bat o los 9 rebotes de Taylor Coppenrath.<\/p>\n<blockquote class=\"twitter-tweet\" lang=\"es\"><p>Casadevall: \u00abEl ascenso est\u00e1 a un paso pero hay que seguir apretando el culo y los dientes\u00bb<\/p>\n<p>\u2014 CBT_Autocid (@CBT_Autocid) <a href=\"https:\/\/twitter.com\/CBT_Autocid\/status\/584792569374187521\">abril 5, 2015<\/a><\/p><\/blockquote>\n<p><strong>Fuente:\u00a0<\/strong>Pablo Romero (<a href=\"http:\/\/www.adeccooro.es\/2015\/4\/5\/baloncesto\/j28-palma-entrega-ford-burgos-primera-opcion-match-ball-por-ascenso\/58896.aspx\" target=\"_blank\" rel=\"noopener\">FEB<\/a>).<\/p>\n<p><strong>Fotos:<\/strong> Autocid Burgos.<\/p>\n","protected":false},"excerpt":{"rendered":"<p>En la LEB Oro espa\u00f1ola, Burgos venci\u00f3 a Palencia 85-62 con 11 puntos de Jasen<\/p>\n","protected":false},"author":1,"featured_media":43320,"comment_status":"closed","ping_status":"open","sticky":false,"template":"","format":"standard","meta":{"jnews-multi-image_gallery":[],"jnews_single_post":[],"jnews_primary_category":[],"footnotes":""},"categories":[34,101],"tags":[365,539,83,540],"class_list":["post-43314","post","type-post","status-publish","format-standard","has-post-thumbnail","hentry","category-bahienses-afuera","category-slide","tag-espana","tag-ford-burgos","tag-juan-ignacio-jasen","tag-leb-oro"],"yoast_head":"<!-- This site is optimized with the Yoast SEO plugin v27.5 - https:\/\/yoast.com\/product\/yoast-seo-wordpress\/ -->\n<title>Juany, cerca del ascenso - Gente de B\u00e1squet<\/title>\n<meta name=\"robots\" content=\"index, follow, max-snippet:-1, max-image-preview:large, max-video-preview:-1\" \/>\n<link rel=\"canonical\" href=\"http:\/\/gentedebasquet.com.ar\/sitio\/2015\/04\/05\/juany-cerca-del-ascenso\/\" \/>\n<meta property=\"og:locale\" content=\"es_ES\" \/>\n<meta property=\"og:type\" content=\"article\" \/>\n<meta property=\"og:title\" content=\"Juany, cerca del ascenso - Gente de B\u00e1squet\" \/>\n<meta property=\"og:description\" content=\"En la LEB Oro espa\u00f1ola, Burgos venci\u00f3 a Palencia 85-62 con 11 puntos de Jasen\" \/>\n<meta property=\"og:url\" content=\"http:\/\/gentedebasquet.com.ar\/sitio\/2015\/04\/05\/juany-cerca-del-ascenso\/\" \/>\n<meta property=\"og:site_name\" content=\"Gente de B\u00e1squet\" \/>\n<meta property=\"article:published_time\" content=\"2015-04-05T21:06:18+00:00\" \/>\n<meta property=\"og:image\" content=\"http:\/\/gentedebasquet.com.ar\/sitio\/wp-content\/uploads\/2015\/04\/Jasen-Burgos-LEB.jpg\" \/>\n\t<meta property=\"og:image:width\" content=\"690\" \/>\n\t<meta property=\"og:image:height\" content=\"319\" \/>\n\t<meta property=\"og:image:type\" content=\"image\/jpeg\" \/>\n<meta name=\"author\" content=\"Gente de B\u00e1squet\" \/>\n<meta name=\"twitter:card\" content=\"summary_large_image\" \/>\n<meta name=\"twitter:label1\" content=\"Escrito por\" \/>\n\t<meta name=\"twitter:data1\" content=\"Gente de B\u00e1squet\" \/>\n\t<meta name=\"twitter:label2\" content=\"Tiempo de lectura\" \/>\n\t<meta name=\"twitter:data2\" content=\"2 minutos\" \/>\n<script type=\"application\/ld+json\" class=\"yoast-schema-graph\">{\"@context\":\"https:\\\/\\\/schema.org\",\"@graph\":[{\"@type\":\"Article\",\"@id\":\"http:\\\/\\\/gentedebasquet.com.ar\\\/sitio\\\/2015\\\/04\\\/05\\\/juany-cerca-del-ascenso\\\/#article\",\"isPartOf\":{\"@id\":\"http:\\\/\\\/gentedebasquet.com.ar\\\/sitio\\\/2015\\\/04\\\/05\\\/juany-cerca-del-ascenso\\\/\"},\"author\":{\"name\":\"Gente de B\u00e1squet\",\"@id\":\"https:\\\/\\\/gentedebasquet.com.ar\\\/sitio\\\/#\\\/schema\\\/person\\\/ca0b63bbb977369988a7bbbdc519943a\"},\"headline\":\"Juany, cerca del ascenso\",\"datePublished\":\"2015-04-05T21:06:18+00:00\",\"mainEntityOfPage\":{\"@id\":\"http:\\\/\\\/gentedebasquet.com.ar\\\/sitio\\\/2015\\\/04\\\/05\\\/juany-cerca-del-ascenso\\\/\"},\"wordCount\":373,\"image\":{\"@id\":\"http:\\\/\\\/gentedebasquet.com.ar\\\/sitio\\\/2015\\\/04\\\/05\\\/juany-cerca-del-ascenso\\\/#primaryimage\"},\"thumbnailUrl\":\"https:\\\/\\\/gentedebasquet.com.ar\\\/sitio\\\/wp-content\\\/uploads\\\/2015\\\/04\\\/Jasen-Burgos-LEB.jpg\",\"keywords\":[\"Espa\u00f1a\",\"Ford Burgos\",\"Juan Ignacio Jasen\",\"LEB Oro\"],\"articleSection\":[\"Bahienses Afuera\",\"Slide\"],\"inLanguage\":\"es\"},{\"@type\":\"WebPage\",\"@id\":\"http:\\\/\\\/gentedebasquet.com.ar\\\/sitio\\\/2015\\\/04\\\/05\\\/juany-cerca-del-ascenso\\\/\",\"url\":\"http:\\\/\\\/gentedebasquet.com.ar\\\/sitio\\\/2015\\\/04\\\/05\\\/juany-cerca-del-ascenso\\\/\",\"name\":\"Juany, cerca del ascenso - Gente de B\u00e1squet\",\"isPartOf\":{\"@id\":\"https:\\\/\\\/gentedebasquet.com.ar\\\/sitio\\\/#website\"},\"primaryImageOfPage\":{\"@id\":\"http:\\\/\\\/gentedebasquet.com.ar\\\/sitio\\\/2015\\\/04\\\/05\\\/juany-cerca-del-ascenso\\\/#primaryimage\"},\"image\":{\"@id\":\"http:\\\/\\\/gentedebasquet.com.ar\\\/sitio\\\/2015\\\/04\\\/05\\\/juany-cerca-del-ascenso\\\/#primaryimage\"},\"thumbnailUrl\":\"https:\\\/\\\/gentedebasquet.com.ar\\\/sitio\\\/wp-content\\\/uploads\\\/2015\\\/04\\\/Jasen-Burgos-LEB.jpg\",\"datePublished\":\"2015-04-05T21:06:18+00:00\",\"author\":{\"@id\":\"https:\\\/\\\/gentedebasquet.com.ar\\\/sitio\\\/#\\\/schema\\\/person\\\/ca0b63bbb977369988a7bbbdc519943a\"},\"breadcrumb\":{\"@id\":\"http:\\\/\\\/gentedebasquet.com.ar\\\/sitio\\\/2015\\\/04\\\/05\\\/juany-cerca-del-ascenso\\\/#breadcrumb\"},\"inLanguage\":\"es\",\"potentialAction\":[{\"@type\":\"ReadAction\",\"target\":[\"http:\\\/\\\/gentedebasquet.com.ar\\\/sitio\\\/2015\\\/04\\\/05\\\/juany-cerca-del-ascenso\\\/\"]}]},{\"@type\":\"ImageObject\",\"inLanguage\":\"es\",\"@id\":\"http:\\\/\\\/gentedebasquet.com.ar\\\/sitio\\\/2015\\\/04\\\/05\\\/juany-cerca-del-ascenso\\\/#primaryimage\",\"url\":\"https:\\\/\\\/gentedebasquet.com.ar\\\/sitio\\\/wp-content\\\/uploads\\\/2015\\\/04\\\/Jasen-Burgos-LEB.jpg\",\"contentUrl\":\"https:\\\/\\\/gentedebasquet.com.ar\\\/sitio\\\/wp-content\\\/uploads\\\/2015\\\/04\\\/Jasen-Burgos-LEB.jpg\",\"width\":690,\"height\":319},{\"@type\":\"BreadcrumbList\",\"@id\":\"http:\\\/\\\/gentedebasquet.com.ar\\\/sitio\\\/2015\\\/04\\\/05\\\/juany-cerca-del-ascenso\\\/#breadcrumb\",\"itemListElement\":[{\"@type\":\"ListItem\",\"position\":1,\"name\":\"Portada\",\"item\":\"https:\\\/\\\/gentedebasquet.com.ar\\\/sitio\\\/\"},{\"@type\":\"ListItem\",\"position\":2,\"name\":\"Juany, cerca del ascenso\"}]},{\"@type\":\"WebSite\",\"@id\":\"https:\\\/\\\/gentedebasquet.com.ar\\\/sitio\\\/#website\",\"url\":\"https:\\\/\\\/gentedebasquet.com.ar\\\/sitio\\\/\",\"name\":\"Gente de B\u00e1squet\",\"description\":\"La revista del basquet de Bah\u00eda Blanca\",\"potentialAction\":[{\"@type\":\"SearchAction\",\"target\":{\"@type\":\"EntryPoint\",\"urlTemplate\":\"https:\\\/\\\/gentedebasquet.com.ar\\\/sitio\\\/?s={search_term_string}\"},\"query-input\":{\"@type\":\"PropertyValueSpecification\",\"valueRequired\":true,\"valueName\":\"search_term_string\"}}],\"inLanguage\":\"es\"},{\"@type\":\"Person\",\"@id\":\"https:\\\/\\\/gentedebasquet.com.ar\\\/sitio\\\/#\\\/schema\\\/person\\\/ca0b63bbb977369988a7bbbdc519943a\",\"name\":\"Gente de B\u00e1squet\",\"image\":{\"@type\":\"ImageObject\",\"inLanguage\":\"es\",\"@id\":\"https:\\\/\\\/secure.gravatar.com\\\/avatar\\\/7f2c48bdc33b30088f941fb6082e555f2874c98e20cb159d7b92b50eadfce793?s=96&d=mm&r=g\",\"url\":\"https:\\\/\\\/secure.gravatar.com\\\/avatar\\\/7f2c48bdc33b30088f941fb6082e555f2874c98e20cb159d7b92b50eadfce793?s=96&d=mm&r=g\",\"contentUrl\":\"https:\\\/\\\/secure.gravatar.com\\\/avatar\\\/7f2c48bdc33b30088f941fb6082e555f2874c98e20cb159d7b92b50eadfce793?s=96&d=mm&r=g\",\"caption\":\"Gente de B\u00e1squet\"},\"sameAs\":[\"http:\\\/\\\/gentedebasquet.com.ar\\\/sitio\"],\"url\":\"https:\\\/\\\/gentedebasquet.com.ar\\\/sitio\\\/author\\\/ulises\\\/\"}]}<\/script>\n<!-- \/ Yoast SEO plugin. -->","yoast_head_json":{"title":"Juany, cerca del ascenso - Gente de B\u00e1squet","robots":{"index":"index","follow":"follow","max-snippet":"max-snippet:-1","max-image-preview":"max-image-preview:large","max-video-preview":"max-video-preview:-1"},"canonical":"http:\/\/gentedebasquet.com.ar\/sitio\/2015\/04\/05\/juany-cerca-del-ascenso\/","og_locale":"es_ES","og_type":"article","og_title":"Juany, cerca del ascenso - Gente de B\u00e1squet","og_description":"En la LEB Oro espa\u00f1ola, Burgos venci\u00f3 a Palencia 85-62 con 11 puntos de Jasen","og_url":"http:\/\/gentedebasquet.com.ar\/sitio\/2015\/04\/05\/juany-cerca-del-ascenso\/","og_site_name":"Gente de B\u00e1squet","article_published_time":"2015-04-05T21:06:18+00:00","og_image":[{"width":690,"height":319,"url":"http:\/\/gentedebasquet.com.ar\/sitio\/wp-content\/uploads\/2015\/04\/Jasen-Burgos-LEB.jpg","type":"image\/jpeg"}],"author":"Gente de B\u00e1squet","twitter_card":"summary_large_image","twitter_misc":{"Escrito por":"Gente de B\u00e1squet","Tiempo de lectura":"2 minutos"},"schema":{"@context":"https:\/\/schema.org","@graph":[{"@type":"Article","@id":"http:\/\/gentedebasquet.com.ar\/sitio\/2015\/04\/05\/juany-cerca-del-ascenso\/#article","isPartOf":{"@id":"http:\/\/gentedebasquet.com.ar\/sitio\/2015\/04\/05\/juany-cerca-del-ascenso\/"},"author":{"name":"Gente de B\u00e1squet","@id":"https:\/\/gentedebasquet.com.ar\/sitio\/#\/schema\/person\/ca0b63bbb977369988a7bbbdc519943a"},"headline":"Juany, cerca del ascenso","datePublished":"2015-04-05T21:06:18+00:00","mainEntityOfPage":{"@id":"http:\/\/gentedebasquet.com.ar\/sitio\/2015\/04\/05\/juany-cerca-del-ascenso\/"},"wordCount":373,"image":{"@id":"http:\/\/gentedebasquet.com.ar\/sitio\/2015\/04\/05\/juany-cerca-del-ascenso\/#primaryimage"},"thumbnailUrl":"https:\/\/gentedebasquet.com.ar\/sitio\/wp-content\/uploads\/2015\/04\/Jasen-Burgos-LEB.jpg","keywords":["Espa\u00f1a","Ford Burgos","Juan Ignacio Jasen","LEB Oro"],"articleSection":["Bahienses Afuera","Slide"],"inLanguage":"es"},{"@type":"WebPage","@id":"http:\/\/gentedebasquet.com.ar\/sitio\/2015\/04\/05\/juany-cerca-del-ascenso\/","url":"http:\/\/gentedebasquet.com.ar\/sitio\/2015\/04\/05\/juany-cerca-del-ascenso\/","name":"Juany, cerca del ascenso - Gente de B\u00e1squet","isPartOf":{"@id":"https:\/\/gentedebasquet.com.ar\/sitio\/#website"},"primaryImageOfPage":{"@id":"http:\/\/gentedebasquet.com.ar\/sitio\/2015\/04\/05\/juany-cerca-del-ascenso\/#primaryimage"},"image":{"@id":"http:\/\/gentedebasquet.com.ar\/sitio\/2015\/04\/05\/juany-cerca-del-ascenso\/#primaryimage"},"thumbnailUrl":"https:\/\/gentedebasquet.com.ar\/sitio\/wp-content\/uploads\/2015\/04\/Jasen-Burgos-LEB.jpg","datePublished":"2015-04-05T21:06:18+00:00","author":{"@id":"https:\/\/gentedebasquet.com.ar\/sitio\/#\/schema\/person\/ca0b63bbb977369988a7bbbdc519943a"},"breadcrumb":{"@id":"http:\/\/gentedebasquet.com.ar\/sitio\/2015\/04\/05\/juany-cerca-del-ascenso\/#breadcrumb"},"inLanguage":"es","potentialAction":[{"@type":"ReadAction","target":["http:\/\/gentedebasquet.com.ar\/sitio\/2015\/04\/05\/juany-cerca-del-ascenso\/"]}]},{"@type":"ImageObject","inLanguage":"es","@id":"http:\/\/gentedebasquet.com.ar\/sitio\/2015\/04\/05\/juany-cerca-del-ascenso\/#primaryimage","url":"https:\/\/gentedebasquet.com.ar\/sitio\/wp-content\/uploads\/2015\/04\/Jasen-Burgos-LEB.jpg","contentUrl":"https:\/\/gentedebasquet.com.ar\/sitio\/wp-content\/uploads\/2015\/04\/Jasen-Burgos-LEB.jpg","width":690,"height":319},{"@type":"BreadcrumbList","@id":"http:\/\/gentedebasquet.com.ar\/sitio\/2015\/04\/05\/juany-cerca-del-ascenso\/#breadcrumb","itemListElement":[{"@type":"ListItem","position":1,"name":"Portada","item":"https:\/\/gentedebasquet.com.ar\/sitio\/"},{"@type":"ListItem","position":2,"name":"Juany, cerca del ascenso"}]},{"@type":"WebSite","@id":"https:\/\/gentedebasquet.com.ar\/sitio\/#website","url":"https:\/\/gentedebasquet.com.ar\/sitio\/","name":"Gente de B\u00e1squet","description":"La revista del basquet de Bah\u00eda Blanca","potentialAction":[{"@type":"SearchAction","target":{"@type":"EntryPoint","urlTemplate":"https:\/\/gentedebasquet.com.ar\/sitio\/?s={search_term_string}"},"query-input":{"@type":"PropertyValueSpecification","valueRequired":true,"valueName":"search_term_string"}}],"inLanguage":"es"},{"@type":"Person","@id":"https:\/\/gentedebasquet.com.ar\/sitio\/#\/schema\/person\/ca0b63bbb977369988a7bbbdc519943a","name":"Gente de B\u00e1squet","image":{"@type":"ImageObject","inLanguage":"es","@id":"https:\/\/secure.gravatar.com\/avatar\/7f2c48bdc33b30088f941fb6082e555f2874c98e20cb159d7b92b50eadfce793?s=96&d=mm&r=g","url":"https:\/\/secure.gravatar.com\/avatar\/7f2c48bdc33b30088f941fb6082e555f2874c98e20cb159d7b92b50eadfce793?s=96&d=mm&r=g","contentUrl":"https:\/\/secure.gravatar.com\/avatar\/7f2c48bdc33b30088f941fb6082e555f2874c98e20cb159d7b92b50eadfce793?s=96&d=mm&r=g","caption":"Gente de B\u00e1squet"},"sameAs":["http:\/\/gentedebasquet.com.ar\/sitio"],"url":"https:\/\/gentedebasquet.com.ar\/sitio\/author\/ulises\/"}]}},"_links":{"self":[{"href":"https:\/\/gentedebasquet.com.ar\/sitio\/wp-json\/wp\/v2\/posts\/43314","targetHints":{"allow":["GET"]}}],"collection":[{"href":"https:\/\/gentedebasquet.com.ar\/sitio\/wp-json\/wp\/v2\/posts"}],"about":[{"href":"https:\/\/gentedebasquet.com.ar\/sitio\/wp-json\/wp\/v2\/types\/post"}],"author":[{"embeddable":true,"href":"https:\/\/gentedebasquet.com.ar\/sitio\/wp-json\/wp\/v2\/users\/1"}],"replies":[{"embeddable":true,"href":"https:\/\/gentedebasquet.com.ar\/sitio\/wp-json\/wp\/v2\/comments?post=43314"}],"version-history":[{"count":0,"href":"https:\/\/gentedebasquet.com.ar\/sitio\/wp-json\/wp\/v2\/posts\/43314\/revisions"}],"wp:featuredmedia":[{"embeddable":true,"href":"https:\/\/gentedebasquet.com.ar\/sitio\/wp-json\/wp\/v2\/media\/43320"}],"wp:attachment":[{"href":"https:\/\/gentedebasquet.com.ar\/sitio\/wp-json\/wp\/v2\/media?parent=43314"}],"wp:term":[{"taxonomy":"category","embeddable":true,"href":"https:\/\/gentedebasquet.com.ar\/sitio\/wp-json\/wp\/v2\/categories?post=43314"},{"taxonomy":"post_tag","embeddable":true,"href":"https:\/\/gentedebasquet.com.ar\/sitio\/wp-json\/wp\/v2\/tags?post=43314"}],"curies":[{"name":"wp","href":"https:\/\/api.w.org\/{rel}","templated":true}]}}