{"id":44083,"date":"2015-04-19T18:16:29","date_gmt":"2015-04-19T21:16:29","guid":{"rendered":"http:\/\/www.gentedebasquet.com.ar\/?p=44083"},"modified":"2015-04-19T18:16:29","modified_gmt":"2015-04-19T21:16:29","slug":"9-de-julio-de-punta","status":"publish","type":"post","link":"https:\/\/gentedebasquet.com.ar\/sitio\/2015\/04\/19\/9-de-julio-de-punta\/","title":{"rendered":"9 de Julio de Punta"},"content":{"rendered":"<p style=\"text-align: left;\"><strong>En el b\u00e1squetbol femenino, 9 de Julio consigui\u00f3 la segunda victoria del a\u00f1o al vencer por 63 a 36 a Altense en Punta Alta y lidera las posiciones junto a Barracas (venci\u00f3 a Independiente, 48-46). El equipo bahiense sac\u00f3 ventaja permanente a lo largo de los cuartos y no puso en duda el triunfo. Ana L\u00edz Carcas (17 puntos) y Guillermina Rial (12) fueron las goleadoras del conjunto dirigido por Luciano Deminicis. Por otro lado, Agostina Siracusa (12) y Marina Lupi (9) se destacaron en el local. Adem\u00e1s, Sportivo derrot\u00f3 a Comercial por 54-10.<\/strong><\/p>\n<p>En el estadio Armando Traini de Punta Alta, el equipo de Mat\u00edas Gebruers recibi\u00f3 a las bahienses de 9 de Julio para disputar la segunda fecha del torneo de Primera Divisi\u00f3n. El encuentro comenz\u00f3 parejo y Altense inaugur\u00f3 el marcador con dos tantos de la mano de Agostina Siracusa. Pero a lo largo del desarrollo del primer parcial, el \u00ab9\u00bb se impuso 13-6 sobre sus contrincantes aprovechando ciertas fallas en la defensa del rival.<\/p>\n<p>Ya en el segundo cuarto, las chicas de Altense resolvieron algunas cuestiones de jugadas. \u00a0Catalina Ramperez jug\u00f3 un rol fundamental en la captura de varios rebotes que favorecieron al local. En cambio, el equipo de Luciano Deminicis baj\u00f3 su rendimiento respecto al arranque del juego, posibilitando al due\u00f1o de casa acercarse en el tanteador y llegar al entretiempo solo 5 puntos abajo: 21-26.<\/p>\n<p>En el tercer cuarto Altense volvieron a mostrar fallas, con malas decisiones en ataque y falta de coordinaci\u00f3n defensiva.. Las bahienses supieron sacar provecho de tales situaciones y, gracias a la gran efectividad de sus goleadoras de turno, Ana L\u00edz Carcas y Guillermina Rial,\u00a0cerraron el tercer parcial con 12 tantos de luz: 28-40.<\/p>\n<p>Para el final del juego, el equipo de Punta Alta sinti\u00f3 el desgaste y pese a que intento recortar para armar un final m\u00e1s cerrado, no lo logr\u00f3. El desempe\u00f1o tanto en equipo como individual de las bahienses agrandaron a\u00fan m\u00e1s la diferencia. De esta forma lograron llevarse nuevamente la victoria, con el resultado final de 63 a 36.<\/p>\n<p>&nbsp;<\/p>\n<p><strong>S\u00edntesis |\u00a0<\/strong>Femenino \u2013 Fecha #2<\/p>\n<p><strong>Altense 36:<\/strong>\u00a0Paula Bracamonte 4, Agostina Siracusa 12, Stefan\u00eda Barrionuevo 0, Mar\u00eda del Mar Angalupe 0, Marina Lupi 9, Florencia Troncoso 2, Wanda Ludue\u00f1a 5, Marianela Rosales 0. Julieta Rivas 0, Karen Troncoso 0, Natasha Ogi\u00e1n 0 y Catalina Ramperez 4 DT: Mat\u00edas Gebruers.<\/p>\n<p><strong>9 de Julio 63:<\/strong>\u00a0Ana L\u00edz Carcas 17, Nerina Franco 4, Carolina Arro 6 , Joaquina Reta 1, Eliana Monzani 7, Florencia Gorriti 6, Mar\u00eda Marcocci 3, Guillermina Rial 12, Luc\u00eda Lucanera 0, Emilia Quiriti 0, Camila Leal 2 y Tamara Ottavianelli 5. DT: Luciano Deminicis.<\/p>\n<p><strong>Parciales:<\/strong>\u00a06-13, 21-26 (15-13), 28-40 (7-14) y 36-63 (8-23).<\/p>\n<p><strong>\u00c1rbitros:<\/strong>\u00a0Marjorie Stuardo y Leandro Bresson.<\/p>\n<p><strong>Estadio:<\/strong>\u00a0Armando Traini (Altense).<\/p>\n<p><a class=\"modalf iframe\" title=\"Planilla\" href=\"https:\/\/docs.google.com\/spreadsheets\/d\/1Oe4dT5kKDTZLjaNCGJInMidA7bWgoZxKMu_40Fc_Stg\/pubhtml\" target=\"_blank\" rel=\"noopener\">Ver Planilla<\/a><\/p>\n<p><strong>Colaboraci\u00f3n:<\/strong> Aldana Pozos.<\/p>\n<p><a href=\"http:\/\/www.gentedebasquet.com.ar\/primera-femenino-fixture\/\" target=\"_blank\" rel=\"noopener\"><strong><span style=\"color: #0000ff;\">FIXTURE<\/span><\/strong><\/a><\/p>\n<p><a href=\"http:\/\/www.gentedebasquet.com.ar\/primera-femenino-posiciones-2\/\" target=\"_blank\" rel=\"noopener\"><span style=\"color: #ff6600;\"><strong>POSICIONES<\/strong><\/span><\/a><\/p>\n<h6 style=\"text-align: center;\"><strong>ALTENSE<\/strong><\/h6>\n<p><a href=\"http:\/\/www.gentedebasquet.com.ar\/wp-content\/uploads\/2015\/04\/11160121_615255308574432_1082150564_n.jpg\"><img decoding=\"async\" class=\"size-full wp-image-44087 aligncenter\" alt=\"Femenino Altense\" src=\"http:\/\/www.gentedebasquet.com.ar\/wp-content\/uploads\/2015\/04\/11160121_615255308574432_1082150564_n.jpg\" width=\"640\" height=\"480\" srcset=\"https:\/\/gentedebasquet.com.ar\/sitio\/wp-content\/uploads\/2015\/04\/11160121_615255308574432_1082150564_n.jpg 640w, https:\/\/gentedebasquet.com.ar\/sitio\/wp-content\/uploads\/2015\/04\/11160121_615255308574432_1082150564_n-300x225.jpg 300w\" sizes=\"(max-width: 640px) 100vw, 640px\" \/><\/a><\/p>\n<p>&nbsp;<\/p>\n<h6 style=\"text-align: center;\"><strong>9 DE JULIO<\/strong><\/h6>\n<p style=\"text-align: center;\"><strong><\/strong><a href=\"http:\/\/www.gentedebasquet.com.ar\/wp-content\/uploads\/2015\/04\/11128117_615255055241124_66971161_n.jpg\"><img decoding=\"async\" class=\"size-full wp-image-44088 aligncenter\" alt=\"9 DE JULIO FEMENINO\" src=\"http:\/\/www.gentedebasquet.com.ar\/wp-content\/uploads\/2015\/04\/11128117_615255055241124_66971161_n.jpg\" width=\"640\" height=\"480\" srcset=\"https:\/\/gentedebasquet.com.ar\/sitio\/wp-content\/uploads\/2015\/04\/11128117_615255055241124_66971161_n.jpg 640w, https:\/\/gentedebasquet.com.ar\/sitio\/wp-content\/uploads\/2015\/04\/11128117_615255055241124_66971161_n-300x225.jpg 300w\" sizes=\"(max-width: 640px) 100vw, 640px\" \/><\/a><\/p>\n","protected":false},"excerpt":{"rendered":"<p>Las chicas de \u00ab9\u00bb vencieron como visitante a Altense, por 63 a 36<\/p>\n","protected":false},"author":36,"featured_media":44100,"comment_status":"closed","ping_status":"open","sticky":false,"template":"","format":"standard","meta":{"jnews-multi-image_gallery":[],"jnews_single_post":[],"jnews_primary_category":[],"footnotes":""},"categories":[33,526,101],"tags":[2,592,213,593,395],"class_list":["post-44083","post","type-post","status-publish","format-standard","has-post-thumbnail","hentry","category-femenino","category-primera-femenino-2","category-slide","tag-9dejulio","tag-agostina-siracusa","tag-altense","tag-ana-liz-carcas","tag-femenino"],"yoast_head":"<!-- This site is optimized with the Yoast SEO plugin v27.5 - https:\/\/yoast.com\/product\/yoast-seo-wordpress\/ -->\n<title>9 de Julio de Punta - Gente de B\u00e1squet<\/title>\n<meta name=\"robots\" content=\"index, follow, max-snippet:-1, max-image-preview:large, max-video-preview:-1\" \/>\n<link rel=\"canonical\" href=\"http:\/\/gentedebasquet.com.ar\/sitio\/2015\/04\/19\/9-de-julio-de-punta\/\" \/>\n<meta property=\"og:locale\" content=\"es_ES\" \/>\n<meta property=\"og:type\" content=\"article\" \/>\n<meta property=\"og:title\" content=\"9 de Julio de Punta - Gente de B\u00e1squet\" \/>\n<meta property=\"og:description\" content=\"Las chicas de &quot;9&quot; vencieron como visitante a Altense, por 63 a 36\" \/>\n<meta property=\"og:url\" content=\"http:\/\/gentedebasquet.com.ar\/sitio\/2015\/04\/19\/9-de-julio-de-punta\/\" \/>\n<meta property=\"og:site_name\" content=\"Gente de B\u00e1squet\" \/>\n<meta property=\"article:published_time\" content=\"2015-04-19T21:16:29+00:00\" \/>\n<meta property=\"og:image\" content=\"http:\/\/gentedebasquet.com.ar\/sitio\/wp-content\/uploads\/2015\/04\/Altense-9-de-Julio.jpg\" \/>\n\t<meta property=\"og:image:width\" content=\"690\" \/>\n\t<meta property=\"og:image:height\" content=\"319\" \/>\n\t<meta property=\"og:image:type\" content=\"image\/jpeg\" \/>\n<meta name=\"author\" content=\"Victoria Morales\" \/>\n<meta name=\"twitter:card\" content=\"summary_large_image\" \/>\n<meta name=\"twitter:label1\" content=\"Escrito por\" \/>\n\t<meta name=\"twitter:data1\" content=\"Victoria Morales\" \/>\n\t<meta name=\"twitter:label2\" content=\"Tiempo de lectura\" \/>\n\t<meta name=\"twitter:data2\" content=\"2 minutos\" \/>\n<script type=\"application\/ld+json\" class=\"yoast-schema-graph\">{\"@context\":\"https:\\\/\\\/schema.org\",\"@graph\":[{\"@type\":\"Article\",\"@id\":\"http:\\\/\\\/gentedebasquet.com.ar\\\/sitio\\\/2015\\\/04\\\/19\\\/9-de-julio-de-punta\\\/#article\",\"isPartOf\":{\"@id\":\"http:\\\/\\\/gentedebasquet.com.ar\\\/sitio\\\/2015\\\/04\\\/19\\\/9-de-julio-de-punta\\\/\"},\"author\":{\"name\":\"Victoria Morales\",\"@id\":\"https:\\\/\\\/gentedebasquet.com.ar\\\/sitio\\\/#\\\/schema\\\/person\\\/63c5569960332b4ec5a69d4e62d32375\"},\"headline\":\"9 de Julio de Punta\",\"datePublished\":\"2015-04-19T21:16:29+00:00\",\"mainEntityOfPage\":{\"@id\":\"http:\\\/\\\/gentedebasquet.com.ar\\\/sitio\\\/2015\\\/04\\\/19\\\/9-de-julio-de-punta\\\/\"},\"wordCount\":454,\"image\":{\"@id\":\"http:\\\/\\\/gentedebasquet.com.ar\\\/sitio\\\/2015\\\/04\\\/19\\\/9-de-julio-de-punta\\\/#primaryimage\"},\"thumbnailUrl\":\"https:\\\/\\\/gentedebasquet.com.ar\\\/sitio\\\/wp-content\\\/uploads\\\/2015\\\/04\\\/Altense-9-de-Julio.jpg\",\"keywords\":[\"9 de Julio\",\"Agostina Siracusa\",\"Altense\",\"Ana Liz Carcas\",\"Femenino\"],\"articleSection\":[\"Femenino\",\"Primera Femenino\",\"Slide\"],\"inLanguage\":\"es\"},{\"@type\":\"WebPage\",\"@id\":\"http:\\\/\\\/gentedebasquet.com.ar\\\/sitio\\\/2015\\\/04\\\/19\\\/9-de-julio-de-punta\\\/\",\"url\":\"http:\\\/\\\/gentedebasquet.com.ar\\\/sitio\\\/2015\\\/04\\\/19\\\/9-de-julio-de-punta\\\/\",\"name\":\"9 de Julio de Punta - Gente de B\u00e1squet\",\"isPartOf\":{\"@id\":\"https:\\\/\\\/gentedebasquet.com.ar\\\/sitio\\\/#website\"},\"primaryImageOfPage\":{\"@id\":\"http:\\\/\\\/gentedebasquet.com.ar\\\/sitio\\\/2015\\\/04\\\/19\\\/9-de-julio-de-punta\\\/#primaryimage\"},\"image\":{\"@id\":\"http:\\\/\\\/gentedebasquet.com.ar\\\/sitio\\\/2015\\\/04\\\/19\\\/9-de-julio-de-punta\\\/#primaryimage\"},\"thumbnailUrl\":\"https:\\\/\\\/gentedebasquet.com.ar\\\/sitio\\\/wp-content\\\/uploads\\\/2015\\\/04\\\/Altense-9-de-Julio.jpg\",\"datePublished\":\"2015-04-19T21:16:29+00:00\",\"author\":{\"@id\":\"https:\\\/\\\/gentedebasquet.com.ar\\\/sitio\\\/#\\\/schema\\\/person\\\/63c5569960332b4ec5a69d4e62d32375\"},\"breadcrumb\":{\"@id\":\"http:\\\/\\\/gentedebasquet.com.ar\\\/sitio\\\/2015\\\/04\\\/19\\\/9-de-julio-de-punta\\\/#breadcrumb\"},\"inLanguage\":\"es\",\"potentialAction\":[{\"@type\":\"ReadAction\",\"target\":[\"http:\\\/\\\/gentedebasquet.com.ar\\\/sitio\\\/2015\\\/04\\\/19\\\/9-de-julio-de-punta\\\/\"]}]},{\"@type\":\"ImageObject\",\"inLanguage\":\"es\",\"@id\":\"http:\\\/\\\/gentedebasquet.com.ar\\\/sitio\\\/2015\\\/04\\\/19\\\/9-de-julio-de-punta\\\/#primaryimage\",\"url\":\"https:\\\/\\\/gentedebasquet.com.ar\\\/sitio\\\/wp-content\\\/uploads\\\/2015\\\/04\\\/Altense-9-de-Julio.jpg\",\"contentUrl\":\"https:\\\/\\\/gentedebasquet.com.ar\\\/sitio\\\/wp-content\\\/uploads\\\/2015\\\/04\\\/Altense-9-de-Julio.jpg\",\"width\":690,\"height\":319},{\"@type\":\"BreadcrumbList\",\"@id\":\"http:\\\/\\\/gentedebasquet.com.ar\\\/sitio\\\/2015\\\/04\\\/19\\\/9-de-julio-de-punta\\\/#breadcrumb\",\"itemListElement\":[{\"@type\":\"ListItem\",\"position\":1,\"name\":\"Portada\",\"item\":\"https:\\\/\\\/gentedebasquet.com.ar\\\/sitio\\\/\"},{\"@type\":\"ListItem\",\"position\":2,\"name\":\"9 de Julio de Punta\"}]},{\"@type\":\"WebSite\",\"@id\":\"https:\\\/\\\/gentedebasquet.com.ar\\\/sitio\\\/#website\",\"url\":\"https:\\\/\\\/gentedebasquet.com.ar\\\/sitio\\\/\",\"name\":\"Gente de B\u00e1squet\",\"description\":\"La revista del basquet de Bah\u00eda Blanca\",\"potentialAction\":[{\"@type\":\"SearchAction\",\"target\":{\"@type\":\"EntryPoint\",\"urlTemplate\":\"https:\\\/\\\/gentedebasquet.com.ar\\\/sitio\\\/?s={search_term_string}\"},\"query-input\":{\"@type\":\"PropertyValueSpecification\",\"valueRequired\":true,\"valueName\":\"search_term_string\"}}],\"inLanguage\":\"es\"},{\"@type\":\"Person\",\"@id\":\"https:\\\/\\\/gentedebasquet.com.ar\\\/sitio\\\/#\\\/schema\\\/person\\\/63c5569960332b4ec5a69d4e62d32375\",\"name\":\"Victoria Morales\",\"image\":{\"@type\":\"ImageObject\",\"inLanguage\":\"es\",\"@id\":\"https:\\\/\\\/secure.gravatar.com\\\/avatar\\\/69081774cfd901ab06c0c8a930b30738e741c18660fe656fc13d06a1fcda5658?s=96&d=mm&r=g\",\"url\":\"https:\\\/\\\/secure.gravatar.com\\\/avatar\\\/69081774cfd901ab06c0c8a930b30738e741c18660fe656fc13d06a1fcda5658?s=96&d=mm&r=g\",\"contentUrl\":\"https:\\\/\\\/secure.gravatar.com\\\/avatar\\\/69081774cfd901ab06c0c8a930b30738e741c18660fe656fc13d06a1fcda5658?s=96&d=mm&r=g\",\"caption\":\"Victoria Morales\"},\"url\":\"https:\\\/\\\/gentedebasquet.com.ar\\\/sitio\\\/author\\\/victoria-morales\\\/\"}]}<\/script>\n<!-- \/ Yoast SEO plugin. -->","yoast_head_json":{"title":"9 de Julio de Punta - Gente de B\u00e1squet","robots":{"index":"index","follow":"follow","max-snippet":"max-snippet:-1","max-image-preview":"max-image-preview:large","max-video-preview":"max-video-preview:-1"},"canonical":"http:\/\/gentedebasquet.com.ar\/sitio\/2015\/04\/19\/9-de-julio-de-punta\/","og_locale":"es_ES","og_type":"article","og_title":"9 de Julio de Punta - Gente de B\u00e1squet","og_description":"Las chicas de \"9\" vencieron como visitante a Altense, por 63 a 36","og_url":"http:\/\/gentedebasquet.com.ar\/sitio\/2015\/04\/19\/9-de-julio-de-punta\/","og_site_name":"Gente de B\u00e1squet","article_published_time":"2015-04-19T21:16:29+00:00","og_image":[{"width":690,"height":319,"url":"http:\/\/gentedebasquet.com.ar\/sitio\/wp-content\/uploads\/2015\/04\/Altense-9-de-Julio.jpg","type":"image\/jpeg"}],"author":"Victoria Morales","twitter_card":"summary_large_image","twitter_misc":{"Escrito por":"Victoria Morales","Tiempo de lectura":"2 minutos"},"schema":{"@context":"https:\/\/schema.org","@graph":[{"@type":"Article","@id":"http:\/\/gentedebasquet.com.ar\/sitio\/2015\/04\/19\/9-de-julio-de-punta\/#article","isPartOf":{"@id":"http:\/\/gentedebasquet.com.ar\/sitio\/2015\/04\/19\/9-de-julio-de-punta\/"},"author":{"name":"Victoria Morales","@id":"https:\/\/gentedebasquet.com.ar\/sitio\/#\/schema\/person\/63c5569960332b4ec5a69d4e62d32375"},"headline":"9 de Julio de Punta","datePublished":"2015-04-19T21:16:29+00:00","mainEntityOfPage":{"@id":"http:\/\/gentedebasquet.com.ar\/sitio\/2015\/04\/19\/9-de-julio-de-punta\/"},"wordCount":454,"image":{"@id":"http:\/\/gentedebasquet.com.ar\/sitio\/2015\/04\/19\/9-de-julio-de-punta\/#primaryimage"},"thumbnailUrl":"https:\/\/gentedebasquet.com.ar\/sitio\/wp-content\/uploads\/2015\/04\/Altense-9-de-Julio.jpg","keywords":["9 de Julio","Agostina Siracusa","Altense","Ana Liz Carcas","Femenino"],"articleSection":["Femenino","Primera Femenino","Slide"],"inLanguage":"es"},{"@type":"WebPage","@id":"http:\/\/gentedebasquet.com.ar\/sitio\/2015\/04\/19\/9-de-julio-de-punta\/","url":"http:\/\/gentedebasquet.com.ar\/sitio\/2015\/04\/19\/9-de-julio-de-punta\/","name":"9 de Julio de Punta - Gente de B\u00e1squet","isPartOf":{"@id":"https:\/\/gentedebasquet.com.ar\/sitio\/#website"},"primaryImageOfPage":{"@id":"http:\/\/gentedebasquet.com.ar\/sitio\/2015\/04\/19\/9-de-julio-de-punta\/#primaryimage"},"image":{"@id":"http:\/\/gentedebasquet.com.ar\/sitio\/2015\/04\/19\/9-de-julio-de-punta\/#primaryimage"},"thumbnailUrl":"https:\/\/gentedebasquet.com.ar\/sitio\/wp-content\/uploads\/2015\/04\/Altense-9-de-Julio.jpg","datePublished":"2015-04-19T21:16:29+00:00","author":{"@id":"https:\/\/gentedebasquet.com.ar\/sitio\/#\/schema\/person\/63c5569960332b4ec5a69d4e62d32375"},"breadcrumb":{"@id":"http:\/\/gentedebasquet.com.ar\/sitio\/2015\/04\/19\/9-de-julio-de-punta\/#breadcrumb"},"inLanguage":"es","potentialAction":[{"@type":"ReadAction","target":["http:\/\/gentedebasquet.com.ar\/sitio\/2015\/04\/19\/9-de-julio-de-punta\/"]}]},{"@type":"ImageObject","inLanguage":"es","@id":"http:\/\/gentedebasquet.com.ar\/sitio\/2015\/04\/19\/9-de-julio-de-punta\/#primaryimage","url":"https:\/\/gentedebasquet.com.ar\/sitio\/wp-content\/uploads\/2015\/04\/Altense-9-de-Julio.jpg","contentUrl":"https:\/\/gentedebasquet.com.ar\/sitio\/wp-content\/uploads\/2015\/04\/Altense-9-de-Julio.jpg","width":690,"height":319},{"@type":"BreadcrumbList","@id":"http:\/\/gentedebasquet.com.ar\/sitio\/2015\/04\/19\/9-de-julio-de-punta\/#breadcrumb","itemListElement":[{"@type":"ListItem","position":1,"name":"Portada","item":"https:\/\/gentedebasquet.com.ar\/sitio\/"},{"@type":"ListItem","position":2,"name":"9 de Julio de Punta"}]},{"@type":"WebSite","@id":"https:\/\/gentedebasquet.com.ar\/sitio\/#website","url":"https:\/\/gentedebasquet.com.ar\/sitio\/","name":"Gente de B\u00e1squet","description":"La revista del basquet de Bah\u00eda Blanca","potentialAction":[{"@type":"SearchAction","target":{"@type":"EntryPoint","urlTemplate":"https:\/\/gentedebasquet.com.ar\/sitio\/?s={search_term_string}"},"query-input":{"@type":"PropertyValueSpecification","valueRequired":true,"valueName":"search_term_string"}}],"inLanguage":"es"},{"@type":"Person","@id":"https:\/\/gentedebasquet.com.ar\/sitio\/#\/schema\/person\/63c5569960332b4ec5a69d4e62d32375","name":"Victoria Morales","image":{"@type":"ImageObject","inLanguage":"es","@id":"https:\/\/secure.gravatar.com\/avatar\/69081774cfd901ab06c0c8a930b30738e741c18660fe656fc13d06a1fcda5658?s=96&d=mm&r=g","url":"https:\/\/secure.gravatar.com\/avatar\/69081774cfd901ab06c0c8a930b30738e741c18660fe656fc13d06a1fcda5658?s=96&d=mm&r=g","contentUrl":"https:\/\/secure.gravatar.com\/avatar\/69081774cfd901ab06c0c8a930b30738e741c18660fe656fc13d06a1fcda5658?s=96&d=mm&r=g","caption":"Victoria Morales"},"url":"https:\/\/gentedebasquet.com.ar\/sitio\/author\/victoria-morales\/"}]}},"_links":{"self":[{"href":"https:\/\/gentedebasquet.com.ar\/sitio\/wp-json\/wp\/v2\/posts\/44083","targetHints":{"allow":["GET"]}}],"collection":[{"href":"https:\/\/gentedebasquet.com.ar\/sitio\/wp-json\/wp\/v2\/posts"}],"about":[{"href":"https:\/\/gentedebasquet.com.ar\/sitio\/wp-json\/wp\/v2\/types\/post"}],"author":[{"embeddable":true,"href":"https:\/\/gentedebasquet.com.ar\/sitio\/wp-json\/wp\/v2\/users\/36"}],"replies":[{"embeddable":true,"href":"https:\/\/gentedebasquet.com.ar\/sitio\/wp-json\/wp\/v2\/comments?post=44083"}],"version-history":[{"count":0,"href":"https:\/\/gentedebasquet.com.ar\/sitio\/wp-json\/wp\/v2\/posts\/44083\/revisions"}],"wp:featuredmedia":[{"embeddable":true,"href":"https:\/\/gentedebasquet.com.ar\/sitio\/wp-json\/wp\/v2\/media\/44100"}],"wp:attachment":[{"href":"https:\/\/gentedebasquet.com.ar\/sitio\/wp-json\/wp\/v2\/media?parent=44083"}],"wp:term":[{"taxonomy":"category","embeddable":true,"href":"https:\/\/gentedebasquet.com.ar\/sitio\/wp-json\/wp\/v2\/categories?post=44083"},{"taxonomy":"post_tag","embeddable":true,"href":"https:\/\/gentedebasquet.com.ar\/sitio\/wp-json\/wp\/v2\/tags?post=44083"}],"curies":[{"name":"wp","href":"https:\/\/api.w.org\/{rel}","templated":true}]}}