{"id":44227,"date":"2015-04-21T13:44:49","date_gmt":"2015-04-21T16:44:49","guid":{"rendered":"http:\/\/www.gentedebasquet.com.ar\/?p=44227"},"modified":"2015-04-21T13:44:49","modified_gmt":"2015-04-21T16:44:49","slug":"el-documental-de-leon-najnudel","status":"publish","type":"post","link":"https:\/\/gentedebasquet.com.ar\/sitio\/2015\/04\/21\/el-documental-de-leon-najnudel\/","title":{"rendered":"El documental de Le\u00f3n Najnudel"},"content":{"rendered":"<p><strong>Este mi\u00e9rcoles, en el estadio Etchart, de Ferro, se realizar\u00e1 el pre estreno del documental \u00abLe\u00f3n: reflejos de una pasi\u00f3n\u00bb, sobre la vida de Le\u00f3n Najnudel, una de las personas m\u00e1s importantes en la historia del b\u00e1squet argentino y fundador de la Liga Nacional.<\/strong><\/p>\n<p>El corto dirigido por Jos\u00e9 Glusman recorre la trayectoria del entrenador a trav\u00e9s de un archivo complet\u00edsimo que se refuerza a partir de la participaci\u00f3n de jugadores, t\u00e9cnicos y protagonistas allegados a la disciplina. Najnudel no es un personaje m\u00e1s en el b\u00e1squet argentino. Y al margen de todo su empuje y dedicaci\u00f3n, tambi\u00e9n fue un DT destacado, de alt\u00edsima jerarqu\u00eda mundial, con una personalidad avasallante y emprendedora. Como expres\u00f3 el periodista Alejandro P\u00e9rez alguna vez, Le\u00f3n era un adelantado a su tiempo. Se puede comprobar en el documental e incluso leyendo viejos art\u00edculos suyos: todas sus ideas y conceptos conservan, a\u00fan hoy, una vigencia escalofriante.<\/p>\n<p>Obtuvo un t\u00edtulo de LNB con Ferro, en 1989, dos Sudamericanos de Clubes, tambi\u00e9n con el Verde (1982 y 1983) y una Copa del Rey, en Espa\u00f1a, liderando al Zaragoza (su \u00fanico paso por el exterior). En la competencia dom\u00e9stica, dirigi\u00f3 455 partidos, con 241 victorias y 214 derrotas. Pero su trayectoria no se puede reducir s\u00f3lo a los logros deportivos: su legado abri\u00f3 caminos. Y una buena porci\u00f3n de los logros obtenidos en la d\u00e9cada del 2000 por la Generaci\u00f3n Dorada se deben a la creaci\u00f3n y el fortalecimiento de la Liga, el gran proyecto de su vida (concretado, tras a\u00f1os de lucha, en 1985). La evoluci\u00f3n y superaci\u00f3n del b\u00e1squet en nuestro pa\u00eds tiene su ra\u00edz en aquel desaf\u00edo concretado con tanto esfuerzo y dedicaci\u00f3n.<\/p>\n<p>\u00abFue un poco el \u0091pap\u00e1 de todos nosotros\u0092. Cuando llegu\u00e9 a Ca\u00f1ada de G\u00f3mez, hace muchos a\u00f1os, Le\u00f3n ten\u00eda una relaci\u00f3n muy cercana con esa ciudad y tuve la posibilidad de compartir much\u00edsimas cosas con \u00e9l; mis primeros viajes al exterior coincidieron con \u00e9l. Los maestros que uno tiene en la vida son los que no te quieren ense\u00f1ar. Y Le\u00f3n no te quer\u00eda ense\u00f1ar: te ense\u00f1aba y punto. Viv\u00eda de la misma manera que pregonaba como hab\u00eda que vivir. Muchos decimos lo que hay que hacer y despu\u00e9s hacemos otra cosa. Era un adelantado, no solo en la Argentina sino en todo el mundo. Cuando viaj\u00e1bamos a Estados Unidos o Europa, en todos los lugares la gente hac\u00eda silencio para escucharlo\u00bb, lo defini\u00f3 tiempo atr\u00e1s el actual DT de la Selecci\u00f3n, Sergio Hern\u00e1ndez. Y su antecesor, Julio Lamas, comparte perspectiva: \u00abPara m\u00ed Le\u00f3n Najnudel fue la persona m\u00e1s importante del b\u00e1squet argentino porque provoc\u00f3 que se cambie la forma de competici\u00f3n. Esa Liga Nacional hizo que todos nosotros nos hici\u00e9ramos profesionales full time y que mejorara la competici\u00f3n que nos form\u00f3. Eso ya es irrepetible, no se va a poder hacer m\u00e1s y esa es la raz\u00f3n por la cual Le\u00f3n fue la persona m\u00e1s importante en la historia del b\u00e1squet argentino. Carism\u00e1tico, aglutinador de gente alrededor\u0085 Fue mi maestro, la persona que a m\u00ed me ense\u00f1\u00f3 c\u00f3mo era esto, c\u00f3mo ten\u00eda que trabajar, c\u00f3mo ten\u00eda que caminar, y que me dio todo con total generosidad y desinter\u00e9s. Ya no es objetiva mi opini\u00f3n, es una de las personas que m\u00e1s quise en la vida. Me dej\u00f3 much\u00edsimas cosas\u00bb.<\/p>\n<p>El periodista Osvaldo Orcasitas, recientemente fallecido, lo defin\u00eda con exactitud y elegancia como \u0093un ap\u00f3stol de una religi\u00f3n llamada b\u00e1squetbol\u0094. O.R.O. lo conoc\u00eda bien: \u00abVivi\u00f3 predicando para engrandecerlo. Se adelant\u00f3 a su medio. Ve\u00eda siempre m\u00e1s all\u00e1 con el don de los sabios y no se quedaba en la an\u00e9cdota de un partido, sino que su preocupaci\u00f3n profundizaba en los temas esenciales de la organizaci\u00f3n y de las estructuras\u00bb. Najnudel era carism\u00e1tico, did\u00e1ctico, formado, l\u00edder, inteligente y cr\u00edtico. Lo ten\u00eda todo. Falleci\u00f3 el 22 de abril de 1998, a las siete de la ma\u00f1ana, tras combatir durante m\u00e1s de un a\u00f1o con una leucemia perversa y dolorosa. Justo en el d\u00eda del entrenador. Otra paradoja del destino. Este documental, imprescindible para la historia del b\u00e1squet argentino, es un reconocimiento que se le deb\u00eda. Y la reivindicaci\u00f3n materializada de su figura.<\/p>\n<p><strong>LE\u00d3N EN 10 FRASES:<\/strong><\/p>\n<p>-\u00abNo hay que dejarse llevar por el nombre de un jugador. Hay muchos que no tienen fama, pero producen. A veces no son los mejores, pero producen como si lo fueran. Pero cuidado, porque yo quiero que los chicos de la cantera jueguen. Sin embargo, los procesos no se pueden demorar ni acelerar. Lo dif\u00edcil es advertir cu\u00e1ndo es el momento\u00bb.<\/p>\n<p>-\u00abLos campeones de todas las Ligas del mundo lo fueron por su plantilla nacional, no porque acierten con los extranjeros\u00bb.<\/p>\n<p>-\u00abNo hay que tener un jugador en un equipo cuando no est\u00e1 a gusto o no quiere jugar en ese club, aun cuando sea el mejor\u00bb.<\/p>\n<p>-\u00abA los entrenadores se los debe juzgar por una trayectoria y no por un lapso corto, eso me parece imprudente. Se debe evaluar qu\u00e9 logr\u00f3 y le dej\u00f3 al club despu\u00e9s de su trabajo. No es un burro el que pelea el descenso, ni un fen\u00f3meno otro que gana 15 partidos\u00bb.<\/p>\n<p>-\u00abUn entrenador es un vendedor del producto que ofrece. El m\u00edo es el de convencer a los dirigentes del camino a recorrer para lograr objetivos. Traer chicos j\u00f3venes, desarrollarlos y lograr un equipo competitivo por ese camino\u00bb.<\/p>\n<p>-\u00abYo creo en la cosa diaria, de hacer pocas cosas nuevas pero todos los d\u00edas, en cada entrenamiento. Hay entrenadores que prefieren darle al jugador una catarata de informaci\u00f3n diaria. Yo pienso que hay que darle un poco por encima de lo que es capaz de recepcionar y as\u00ed ir levant\u00e1ndole el techo. Pero no atosigarlo, una cosa por vez todos los d\u00edas. Adem\u00e1s, hay que darle cosas b\u00e1sicas del juego, nada misterioso\u00bb.<\/p>\n<p>-\u00abCreo en la simpleza y no todo el mundo est\u00e1 capacitado para ver las cosas simples. Trato de no irme de las obviedades, de las precisiones y no agarrarme de las excentricidades\u00bb.<\/p>\n<p>-\u00abEl que piense que en el b\u00e1squetbol hay cosas misteriosas est\u00e1 equivocado. Los mejores entrenadores entrenan con una simpleza tremenda, en Estados Unidos, Europa o cualquier lado, porque todav\u00eda los partidos los ganan los que mejor pasan la pelota, los que seleccionan mejor los lanzamientos, los que menos violaciones cometen, los que agarran m\u00e1s rebotes. Eso no vari\u00f3 nunca. Este es un juego de jugadores y no de entrenadores, por eso trato de aportarles detalles obvios, simples, para mejorarlos, porque son cosas peque\u00f1as las que diferencian a los jugadores\u00bb.<\/p>\n<p>-\u00abHay una frase de algunos entrenadores que repudio totalmente: \u0091Yo hice a tal jugador\u0092, dicen, y pretenden demostrar que dieron a luz a un jugador de b\u00e1squetbol. Es una gran mentira, porque el jugador es hijo de tres factores, ordenados seg\u00fan su incidencia: sus aptitudes potenciales (lo que trae de la cuna), el medio interno en que se desarrolla y la influencia de su entrenador\u00bb.<\/p>\n<p>-\u00abPara ganar hay que jugar mejor que el otro y tener algo de suerte, pero los resultados se obtienen despu\u00e9s de un trabajo continuado\u00bb.<\/p>\n<p><strong>LE\u00d3N COMO ENTRENADOR:<\/strong><\/p>\n<p>Trayectoria: Sport Club en 1986, 1987 y 1988. Ferro en 1989, 1990, 1996\/97 y 1997\/98. San Andr\u00e9s en 1990\/91. Gimnasia (CR) en 1991\/92 y 1992\/93. Boca en 1993\/94 y 1994\/95. Racing Club en 1995\/96. Dirigi\u00f3 el Zaragoza de Espa\u00f1a en 1983 y 1984.<\/p>\n<p>Menciones: Campe\u00f3n con Ferro de la Liga Nacional en 1989. Elegido mejor entrenador de la temporada en 1989. Elegido para dirigir el Juego de las Estrellas en 1988 y 1990. Campe\u00f3n con el Zaragoza de la Copa del Rey de Espa\u00f1a en 1983.<\/p>\n<p>Presencias internacionales en selecciones: Sudamericano de mayores en 1985.<\/p>\n<p>Presencias internacionales en clubes: Sudamericanos con Ferro en 1981, 1982 y 1983. Copa Williams Jones con Ferro en 1981 y 1982.<\/p>\n<p>T\u00edtulos internacionales: Campe\u00f3n con Ferro de los Sudamericanos de Clubes en 1981 y 1982.<\/p>\n<p><strong>Fuente:<\/strong> Prensa CABB.<\/p>\n","protected":false},"excerpt":{"rendered":"<p>Se realizar\u00e1 el pre estreno del documental \u00abLe\u00f3n: reflejos de una pasi\u00f3n\u00bb<\/p>\n","protected":false},"author":1,"featured_media":44228,"comment_status":"closed","ping_status":"open","sticky":false,"template":"","format":"standard","meta":{"jnews-multi-image_gallery":[],"jnews_single_post":[],"jnews_primary_category":[],"footnotes":""},"categories":[24],"tags":[605,156,606],"class_list":["post-44227","post","type-post","status-publish","format-standard","has-post-thumbnail","hentry","category-overtime","tag-documental","tag-ferro","tag-leon-najnudel"],"yoast_head":"<!-- This site is optimized with the Yoast SEO plugin v27.5 - https:\/\/yoast.com\/product\/yoast-seo-wordpress\/ -->\n<title>El documental de Le\u00f3n Najnudel - Gente de B\u00e1squet<\/title>\n<meta name=\"robots\" content=\"index, follow, max-snippet:-1, max-image-preview:large, max-video-preview:-1\" \/>\n<link rel=\"canonical\" href=\"https:\/\/gentedebasquet.com.ar\/sitio\/2015\/04\/21\/el-documental-de-leon-najnudel\/\" \/>\n<meta property=\"og:locale\" content=\"es_ES\" \/>\n<meta property=\"og:type\" content=\"article\" \/>\n<meta property=\"og:title\" content=\"El documental de Le\u00f3n Najnudel - Gente de B\u00e1squet\" \/>\n<meta property=\"og:description\" content=\"Se realizar\u00e1 el pre estreno del documental &quot;Le\u00f3n: reflejos de una pasi\u00f3n&quot;\" \/>\n<meta property=\"og:url\" content=\"https:\/\/gentedebasquet.com.ar\/sitio\/2015\/04\/21\/el-documental-de-leon-najnudel\/\" \/>\n<meta property=\"og:site_name\" content=\"Gente de B\u00e1squet\" \/>\n<meta property=\"article:published_time\" content=\"2015-04-21T16:44:49+00:00\" \/>\n<meta property=\"og:image\" content=\"https:\/\/gentedebasquet.com.ar\/sitio\/wp-content\/uploads\/2015\/04\/Leon.jpg\" \/>\n\t<meta property=\"og:image:width\" content=\"300\" \/>\n\t<meta property=\"og:image:height\" content=\"211\" \/>\n\t<meta property=\"og:image:type\" content=\"image\/jpeg\" \/>\n<meta name=\"author\" content=\"Gente de B\u00e1squet\" \/>\n<meta name=\"twitter:card\" content=\"summary_large_image\" \/>\n<meta name=\"twitter:label1\" content=\"Escrito por\" \/>\n\t<meta name=\"twitter:data1\" content=\"Gente de B\u00e1squet\" \/>\n\t<meta name=\"twitter:label2\" content=\"Tiempo de lectura\" \/>\n\t<meta name=\"twitter:data2\" content=\"7 minutos\" \/>\n<script type=\"application\/ld+json\" class=\"yoast-schema-graph\">{\"@context\":\"https:\\\/\\\/schema.org\",\"@graph\":[{\"@type\":\"Article\",\"@id\":\"https:\\\/\\\/gentedebasquet.com.ar\\\/sitio\\\/2015\\\/04\\\/21\\\/el-documental-de-leon-najnudel\\\/#article\",\"isPartOf\":{\"@id\":\"https:\\\/\\\/gentedebasquet.com.ar\\\/sitio\\\/2015\\\/04\\\/21\\\/el-documental-de-leon-najnudel\\\/\"},\"author\":{\"name\":\"Gente de B\u00e1squet\",\"@id\":\"https:\\\/\\\/gentedebasquet.com.ar\\\/sitio\\\/#\\\/schema\\\/person\\\/ca0b63bbb977369988a7bbbdc519943a\"},\"headline\":\"El documental de Le\u00f3n Najnudel\",\"datePublished\":\"2015-04-21T16:44:49+00:00\",\"mainEntityOfPage\":{\"@id\":\"https:\\\/\\\/gentedebasquet.com.ar\\\/sitio\\\/2015\\\/04\\\/21\\\/el-documental-de-leon-najnudel\\\/\"},\"wordCount\":1411,\"image\":{\"@id\":\"https:\\\/\\\/gentedebasquet.com.ar\\\/sitio\\\/2015\\\/04\\\/21\\\/el-documental-de-leon-najnudel\\\/#primaryimage\"},\"thumbnailUrl\":\"https:\\\/\\\/gentedebasquet.com.ar\\\/sitio\\\/wp-content\\\/uploads\\\/2015\\\/04\\\/Leon.jpg\",\"keywords\":[\"Documental\",\"Ferro\",\"Le\u00f3n Najnudel\"],\"articleSection\":[\"#Overtime\"],\"inLanguage\":\"es\"},{\"@type\":\"WebPage\",\"@id\":\"https:\\\/\\\/gentedebasquet.com.ar\\\/sitio\\\/2015\\\/04\\\/21\\\/el-documental-de-leon-najnudel\\\/\",\"url\":\"https:\\\/\\\/gentedebasquet.com.ar\\\/sitio\\\/2015\\\/04\\\/21\\\/el-documental-de-leon-najnudel\\\/\",\"name\":\"El documental de Le\u00f3n Najnudel - Gente de B\u00e1squet\",\"isPartOf\":{\"@id\":\"https:\\\/\\\/gentedebasquet.com.ar\\\/sitio\\\/#website\"},\"primaryImageOfPage\":{\"@id\":\"https:\\\/\\\/gentedebasquet.com.ar\\\/sitio\\\/2015\\\/04\\\/21\\\/el-documental-de-leon-najnudel\\\/#primaryimage\"},\"image\":{\"@id\":\"https:\\\/\\\/gentedebasquet.com.ar\\\/sitio\\\/2015\\\/04\\\/21\\\/el-documental-de-leon-najnudel\\\/#primaryimage\"},\"thumbnailUrl\":\"https:\\\/\\\/gentedebasquet.com.ar\\\/sitio\\\/wp-content\\\/uploads\\\/2015\\\/04\\\/Leon.jpg\",\"datePublished\":\"2015-04-21T16:44:49+00:00\",\"author\":{\"@id\":\"https:\\\/\\\/gentedebasquet.com.ar\\\/sitio\\\/#\\\/schema\\\/person\\\/ca0b63bbb977369988a7bbbdc519943a\"},\"breadcrumb\":{\"@id\":\"https:\\\/\\\/gentedebasquet.com.ar\\\/sitio\\\/2015\\\/04\\\/21\\\/el-documental-de-leon-najnudel\\\/#breadcrumb\"},\"inLanguage\":\"es\",\"potentialAction\":[{\"@type\":\"ReadAction\",\"target\":[\"https:\\\/\\\/gentedebasquet.com.ar\\\/sitio\\\/2015\\\/04\\\/21\\\/el-documental-de-leon-najnudel\\\/\"]}]},{\"@type\":\"ImageObject\",\"inLanguage\":\"es\",\"@id\":\"https:\\\/\\\/gentedebasquet.com.ar\\\/sitio\\\/2015\\\/04\\\/21\\\/el-documental-de-leon-najnudel\\\/#primaryimage\",\"url\":\"https:\\\/\\\/gentedebasquet.com.ar\\\/sitio\\\/wp-content\\\/uploads\\\/2015\\\/04\\\/Leon.jpg\",\"contentUrl\":\"https:\\\/\\\/gentedebasquet.com.ar\\\/sitio\\\/wp-content\\\/uploads\\\/2015\\\/04\\\/Leon.jpg\",\"width\":300,\"height\":211},{\"@type\":\"BreadcrumbList\",\"@id\":\"https:\\\/\\\/gentedebasquet.com.ar\\\/sitio\\\/2015\\\/04\\\/21\\\/el-documental-de-leon-najnudel\\\/#breadcrumb\",\"itemListElement\":[{\"@type\":\"ListItem\",\"position\":1,\"name\":\"Portada\",\"item\":\"https:\\\/\\\/gentedebasquet.com.ar\\\/sitio\\\/\"},{\"@type\":\"ListItem\",\"position\":2,\"name\":\"El documental de Le\u00f3n Najnudel\"}]},{\"@type\":\"WebSite\",\"@id\":\"https:\\\/\\\/gentedebasquet.com.ar\\\/sitio\\\/#website\",\"url\":\"https:\\\/\\\/gentedebasquet.com.ar\\\/sitio\\\/\",\"name\":\"Gente de B\u00e1squet\",\"description\":\"La revista del basquet de Bah\u00eda Blanca\",\"potentialAction\":[{\"@type\":\"SearchAction\",\"target\":{\"@type\":\"EntryPoint\",\"urlTemplate\":\"https:\\\/\\\/gentedebasquet.com.ar\\\/sitio\\\/?s={search_term_string}\"},\"query-input\":{\"@type\":\"PropertyValueSpecification\",\"valueRequired\":true,\"valueName\":\"search_term_string\"}}],\"inLanguage\":\"es\"},{\"@type\":\"Person\",\"@id\":\"https:\\\/\\\/gentedebasquet.com.ar\\\/sitio\\\/#\\\/schema\\\/person\\\/ca0b63bbb977369988a7bbbdc519943a\",\"name\":\"Gente de B\u00e1squet\",\"image\":{\"@type\":\"ImageObject\",\"inLanguage\":\"es\",\"@id\":\"https:\\\/\\\/secure.gravatar.com\\\/avatar\\\/7f2c48bdc33b30088f941fb6082e555f2874c98e20cb159d7b92b50eadfce793?s=96&d=mm&r=g\",\"url\":\"https:\\\/\\\/secure.gravatar.com\\\/avatar\\\/7f2c48bdc33b30088f941fb6082e555f2874c98e20cb159d7b92b50eadfce793?s=96&d=mm&r=g\",\"contentUrl\":\"https:\\\/\\\/secure.gravatar.com\\\/avatar\\\/7f2c48bdc33b30088f941fb6082e555f2874c98e20cb159d7b92b50eadfce793?s=96&d=mm&r=g\",\"caption\":\"Gente de B\u00e1squet\"},\"sameAs\":[\"http:\\\/\\\/gentedebasquet.com.ar\\\/sitio\"],\"url\":\"https:\\\/\\\/gentedebasquet.com.ar\\\/sitio\\\/author\\\/ulises\\\/\"}]}<\/script>\n<!-- \/ Yoast SEO plugin. -->","yoast_head_json":{"title":"El documental de Le\u00f3n Najnudel - Gente de B\u00e1squet","robots":{"index":"index","follow":"follow","max-snippet":"max-snippet:-1","max-image-preview":"max-image-preview:large","max-video-preview":"max-video-preview:-1"},"canonical":"https:\/\/gentedebasquet.com.ar\/sitio\/2015\/04\/21\/el-documental-de-leon-najnudel\/","og_locale":"es_ES","og_type":"article","og_title":"El documental de Le\u00f3n Najnudel - Gente de B\u00e1squet","og_description":"Se realizar\u00e1 el pre estreno del documental \"Le\u00f3n: reflejos de una pasi\u00f3n\"","og_url":"https:\/\/gentedebasquet.com.ar\/sitio\/2015\/04\/21\/el-documental-de-leon-najnudel\/","og_site_name":"Gente de B\u00e1squet","article_published_time":"2015-04-21T16:44:49+00:00","og_image":[{"width":300,"height":211,"url":"https:\/\/gentedebasquet.com.ar\/sitio\/wp-content\/uploads\/2015\/04\/Leon.jpg","type":"image\/jpeg"}],"author":"Gente de B\u00e1squet","twitter_card":"summary_large_image","twitter_misc":{"Escrito por":"Gente de B\u00e1squet","Tiempo de lectura":"7 minutos"},"schema":{"@context":"https:\/\/schema.org","@graph":[{"@type":"Article","@id":"https:\/\/gentedebasquet.com.ar\/sitio\/2015\/04\/21\/el-documental-de-leon-najnudel\/#article","isPartOf":{"@id":"https:\/\/gentedebasquet.com.ar\/sitio\/2015\/04\/21\/el-documental-de-leon-najnudel\/"},"author":{"name":"Gente de B\u00e1squet","@id":"https:\/\/gentedebasquet.com.ar\/sitio\/#\/schema\/person\/ca0b63bbb977369988a7bbbdc519943a"},"headline":"El documental de Le\u00f3n Najnudel","datePublished":"2015-04-21T16:44:49+00:00","mainEntityOfPage":{"@id":"https:\/\/gentedebasquet.com.ar\/sitio\/2015\/04\/21\/el-documental-de-leon-najnudel\/"},"wordCount":1411,"image":{"@id":"https:\/\/gentedebasquet.com.ar\/sitio\/2015\/04\/21\/el-documental-de-leon-najnudel\/#primaryimage"},"thumbnailUrl":"https:\/\/gentedebasquet.com.ar\/sitio\/wp-content\/uploads\/2015\/04\/Leon.jpg","keywords":["Documental","Ferro","Le\u00f3n Najnudel"],"articleSection":["#Overtime"],"inLanguage":"es"},{"@type":"WebPage","@id":"https:\/\/gentedebasquet.com.ar\/sitio\/2015\/04\/21\/el-documental-de-leon-najnudel\/","url":"https:\/\/gentedebasquet.com.ar\/sitio\/2015\/04\/21\/el-documental-de-leon-najnudel\/","name":"El documental de Le\u00f3n Najnudel - Gente de B\u00e1squet","isPartOf":{"@id":"https:\/\/gentedebasquet.com.ar\/sitio\/#website"},"primaryImageOfPage":{"@id":"https:\/\/gentedebasquet.com.ar\/sitio\/2015\/04\/21\/el-documental-de-leon-najnudel\/#primaryimage"},"image":{"@id":"https:\/\/gentedebasquet.com.ar\/sitio\/2015\/04\/21\/el-documental-de-leon-najnudel\/#primaryimage"},"thumbnailUrl":"https:\/\/gentedebasquet.com.ar\/sitio\/wp-content\/uploads\/2015\/04\/Leon.jpg","datePublished":"2015-04-21T16:44:49+00:00","author":{"@id":"https:\/\/gentedebasquet.com.ar\/sitio\/#\/schema\/person\/ca0b63bbb977369988a7bbbdc519943a"},"breadcrumb":{"@id":"https:\/\/gentedebasquet.com.ar\/sitio\/2015\/04\/21\/el-documental-de-leon-najnudel\/#breadcrumb"},"inLanguage":"es","potentialAction":[{"@type":"ReadAction","target":["https:\/\/gentedebasquet.com.ar\/sitio\/2015\/04\/21\/el-documental-de-leon-najnudel\/"]}]},{"@type":"ImageObject","inLanguage":"es","@id":"https:\/\/gentedebasquet.com.ar\/sitio\/2015\/04\/21\/el-documental-de-leon-najnudel\/#primaryimage","url":"https:\/\/gentedebasquet.com.ar\/sitio\/wp-content\/uploads\/2015\/04\/Leon.jpg","contentUrl":"https:\/\/gentedebasquet.com.ar\/sitio\/wp-content\/uploads\/2015\/04\/Leon.jpg","width":300,"height":211},{"@type":"BreadcrumbList","@id":"https:\/\/gentedebasquet.com.ar\/sitio\/2015\/04\/21\/el-documental-de-leon-najnudel\/#breadcrumb","itemListElement":[{"@type":"ListItem","position":1,"name":"Portada","item":"https:\/\/gentedebasquet.com.ar\/sitio\/"},{"@type":"ListItem","position":2,"name":"El documental de Le\u00f3n Najnudel"}]},{"@type":"WebSite","@id":"https:\/\/gentedebasquet.com.ar\/sitio\/#website","url":"https:\/\/gentedebasquet.com.ar\/sitio\/","name":"Gente de B\u00e1squet","description":"La revista del basquet de Bah\u00eda Blanca","potentialAction":[{"@type":"SearchAction","target":{"@type":"EntryPoint","urlTemplate":"https:\/\/gentedebasquet.com.ar\/sitio\/?s={search_term_string}"},"query-input":{"@type":"PropertyValueSpecification","valueRequired":true,"valueName":"search_term_string"}}],"inLanguage":"es"},{"@type":"Person","@id":"https:\/\/gentedebasquet.com.ar\/sitio\/#\/schema\/person\/ca0b63bbb977369988a7bbbdc519943a","name":"Gente de B\u00e1squet","image":{"@type":"ImageObject","inLanguage":"es","@id":"https:\/\/secure.gravatar.com\/avatar\/7f2c48bdc33b30088f941fb6082e555f2874c98e20cb159d7b92b50eadfce793?s=96&d=mm&r=g","url":"https:\/\/secure.gravatar.com\/avatar\/7f2c48bdc33b30088f941fb6082e555f2874c98e20cb159d7b92b50eadfce793?s=96&d=mm&r=g","contentUrl":"https:\/\/secure.gravatar.com\/avatar\/7f2c48bdc33b30088f941fb6082e555f2874c98e20cb159d7b92b50eadfce793?s=96&d=mm&r=g","caption":"Gente de B\u00e1squet"},"sameAs":["http:\/\/gentedebasquet.com.ar\/sitio"],"url":"https:\/\/gentedebasquet.com.ar\/sitio\/author\/ulises\/"}]}},"_links":{"self":[{"href":"https:\/\/gentedebasquet.com.ar\/sitio\/wp-json\/wp\/v2\/posts\/44227","targetHints":{"allow":["GET"]}}],"collection":[{"href":"https:\/\/gentedebasquet.com.ar\/sitio\/wp-json\/wp\/v2\/posts"}],"about":[{"href":"https:\/\/gentedebasquet.com.ar\/sitio\/wp-json\/wp\/v2\/types\/post"}],"author":[{"embeddable":true,"href":"https:\/\/gentedebasquet.com.ar\/sitio\/wp-json\/wp\/v2\/users\/1"}],"replies":[{"embeddable":true,"href":"https:\/\/gentedebasquet.com.ar\/sitio\/wp-json\/wp\/v2\/comments?post=44227"}],"version-history":[{"count":0,"href":"https:\/\/gentedebasquet.com.ar\/sitio\/wp-json\/wp\/v2\/posts\/44227\/revisions"}],"wp:featuredmedia":[{"embeddable":true,"href":"https:\/\/gentedebasquet.com.ar\/sitio\/wp-json\/wp\/v2\/media\/44228"}],"wp:attachment":[{"href":"https:\/\/gentedebasquet.com.ar\/sitio\/wp-json\/wp\/v2\/media?parent=44227"}],"wp:term":[{"taxonomy":"category","embeddable":true,"href":"https:\/\/gentedebasquet.com.ar\/sitio\/wp-json\/wp\/v2\/categories?post=44227"},{"taxonomy":"post_tag","embeddable":true,"href":"https:\/\/gentedebasquet.com.ar\/sitio\/wp-json\/wp\/v2\/tags?post=44227"}],"curies":[{"name":"wp","href":"https:\/\/api.w.org\/{rel}","templated":true}]}}