{"id":44250,"date":"2015-04-21T23:51:22","date_gmt":"2015-04-22T02:51:22","guid":{"rendered":"http:\/\/www.gentedebasquet.com.ar\/?p=44250"},"modified":"2015-04-21T23:51:22","modified_gmt":"2015-04-22T02:51:22","slug":"la-tercera-es-la-vencida-3","status":"publish","type":"post","link":"https:\/\/gentedebasquet.com.ar\/sitio\/2015\/04\/21\/la-tercera-es-la-vencida-3\/","title":{"rendered":"La tercera es la vencida"},"content":{"rendered":"<p><b>Comercial obtuvo su primer triunfo en el torneo al vencer a Velocidad 75 a 56 con un segundo tiempo demoledor. Amilcar Andreanelli (18, 7\/11 TC y 7 asistencias) fue el l\u00edder del equipo, quien adem\u00e1s cont\u00f3 con un goleo repartido entre Pablo Pollio (14 y 10 rebotes), Sebasti\u00e1n Tacchetti (13 y 11 recobres) y Dalmiro Lella (11). Mientras que Francisco Fuster (13, 5\/7 T2) y Agust\u00edn Marino (13) fueron los m\u00e1s efectivos por el visitante. <span style=\"color: #ff6600;\">MIR\u00c1 EL VIDEO<\/span><\/b><\/p>\n<p>Con un desarrollo de bajo calibre, Velocidad comenz\u00f3 mejor al ganar el primer segmento con Marino (4) en ataque pero principalmente neutralizando las opciones ofensivas del due\u00f1o de casa, provoc\u00e1ndole continuamente errores con el control del bal\u00f3n (5 p\u00e9rdidas). As\u00ed y todo Lella (6) se las ingeni\u00f3 para sumar para Comercial. De todas maneras las 12 p\u00e9rdidas que registraron entre ambos y 7\/26 TC que combinaron en sus lanzamientos de cancha hablan por s\u00ed solos de c\u00f3mo fue el despliegue del chico.<\/p>\n<p>Ya con el ingreso de Pollio (7 y 6 rebotes) m\u00e1s la conducci\u00f3n de Andreanelli (7, 3\/5 TC) Comercial r\u00e1pidamente se adelant\u00f3 en el marcador (23-18) y liderar el encuentro ante un elenco visitante que dependi\u00f3 de De Pastena (4) en el comienzo pero luego careci\u00f3 de alternativas ante la buena defensa que le plantearon (registr\u00f3 6\/19 TC). Para colmo de males los del puerto sumaron a Tacchetti en su goleo y junto con Pollio fueron marcando presencia en la pintura.<\/p>\n<p>Luego del descanso largo Comercial fue m\u00e1s paciente y distribuy\u00f3 mejor el bal\u00f3n en cada ofensiva, donde Ercoli (8) fue gran protagonista para comenzar a abrir el juego encontrando lanzamientos abiertos desde el per\u00edmetro (4\/6 T3) y Andreanelli (7) fue encontrando la soltura necesaria para liderar al equipo. Aunque a\u00fan deb\u00edan corregir el recobre ofensivo del rival (7), ya que con segundas chances \u201cVelo\u201d lograba descontar, principalmente con Rausemberg. No obstante con Pollio nuevamente anotando cerca del cesto, el local logr\u00f3 hacerse de una buena ventaja para jugar con m\u00e1s aire.<\/p>\n<p>Y as\u00ed fue. Andreanelli (5) se carg\u00f3 el equipo al hombro y con la clara decisi\u00f3n hacerse r\u00e1pido del bal\u00f3n y correr, Comercial continu\u00f3 estirando ventajas y controlando el tr\u00e1mite del encuentro. Pollio una vez m\u00e1s dijo presente y con Lella y Ch\u00e1vez m\u00e1s involucrados en ofensiva el funcionamiento colectivo fue imparable; a pesar de los esfuerzos individuales de Fuster (8) y Marino ante una endeble (9\/23 TC) ofensiva del visitante.<\/p>\n<p>&nbsp;<\/p>\n<p>[vimeo]http:\/\/vimeo.com\/125653771[\/vimeo]<\/p>\n<p>&nbsp;<\/p>\n<p><strong>S\u00edntesis | <\/strong>Segunda Divisi\u00f3n &#8211; Fecha #3<\/p>\n<p><strong>Comercial 75:<\/strong>\u00a0Amilcar Andreanelli 18, Dalmiro Lella 11, Gast\u00f3n Chaves 5, Ignacio Luppino 1 y Sebasti\u00e1n Tacchetti 13 \u00a0(F.I.); Mart\u00edn Godoy 3, Pablo Pollio 14, Ignacio Ercoli 8, Nicol\u00e1s Fern\u00e1ndez 0 y Ramiro Riviere 0.\u00a0DT: Sebasti\u00e1n Dodero.<\/p>\n<p><strong>Velocidad 56:<\/strong>\u00a0Francisco Fuster 13, Agust\u00edn Marino 13, Hern\u00e1n Soria 6, Gustavo Cruz 6 y Germ\u00e1n Rausemberg 4 (F.I.);\u00a0Le\u00f3n Beresovsy 6, Juan Ignacio De Pastena 6, Cristian Bisterfeld 2, Ger\u00f3nimo Arango 0 y Mart\u00edn Carina 0.\u00a0DT: Juan Gilberto Soldini.<\/p>\n<p><strong>Parciales:\u00a0<\/strong>9-10, 29-25 (20-15), 54-38 (25-13) y 75-56 (21-18).<\/p>\n<p><strong>\u00c1rbitros:<\/strong> Horacio Sed\u00e1n &#8211; Jorge Blanco.<\/p>\n<p><strong>Estadio:<\/strong>\u00a0Osvaldo Giorgetti (Comercial).<\/p>\n<p><a class=\"modalf iframe\" title=\"Planilla\" href=\"https:\/\/docs.google.com\/spreadsheets\/d\/1qncOBHn5LAC5o4ncDXdBgZRT-Y-JdhIFcgvPA2OL-zs\/pubhtml\" target=\"_blank\" rel=\"noopener\">Ver Planilla<\/a><\/p>\n<p>&nbsp;<\/p>\n<p>[vimeo]http:\/\/vimeo.com\/125643315[\/vimeo]<\/p>\n","protected":false},"excerpt":{"rendered":"<p>Comercial le gan\u00f3 a Velocidad 75-56 y obtuvo su primer triunfo en el torneo<\/p>\n","protected":false},"author":1,"featured_media":44252,"comment_status":"closed","ping_status":"open","sticky":false,"template":"","format":"standard","meta":{"jnews-multi-image_gallery":[],"jnews_single_post":[],"jnews_primary_category":[],"footnotes":""},"categories":[25,101],"tags":[548,7,151,608,609,204,21],"class_list":["post-44250","post","type-post","status-publish","format-standard","has-post-thumbnail","hentry","category-segunda","category-slide","tag-amilcar-andreanelli","tag-comercial","tag-dalmiro-lella","tag-francisco-fuster","tag-pablo-pollio","tag-sebastian-tacchetti","tag-velocidad"],"yoast_head":"<!-- This site is optimized with the Yoast SEO plugin v27.5 - https:\/\/yoast.com\/product\/yoast-seo-wordpress\/ -->\n<title>La tercera es la vencida - Gente de B\u00e1squet<\/title>\n<meta name=\"robots\" content=\"index, follow, max-snippet:-1, max-image-preview:large, max-video-preview:-1\" \/>\n<link rel=\"canonical\" href=\"http:\/\/gentedebasquet.com.ar\/sitio\/2015\/04\/21\/la-tercera-es-la-vencida-3\/\" \/>\n<meta property=\"og:locale\" content=\"es_ES\" \/>\n<meta property=\"og:type\" content=\"article\" \/>\n<meta property=\"og:title\" content=\"La tercera es la vencida - Gente de B\u00e1squet\" \/>\n<meta property=\"og:description\" content=\"Comercial le gan\u00f3 a Velocidad 75-56 y obtuvo su primer triunfo en el torneo\" \/>\n<meta property=\"og:url\" content=\"http:\/\/gentedebasquet.com.ar\/sitio\/2015\/04\/21\/la-tercera-es-la-vencida-3\/\" \/>\n<meta property=\"og:site_name\" content=\"Gente de B\u00e1squet\" \/>\n<meta property=\"article:published_time\" content=\"2015-04-22T02:51:22+00:00\" \/>\n<meta property=\"og:image\" content=\"http:\/\/gentedebasquet.com.ar\/sitio\/wp-content\/uploads\/2015\/04\/Amilcar-Andreanelli.jpg\" \/>\n\t<meta property=\"og:image:width\" content=\"690\" \/>\n\t<meta property=\"og:image:height\" content=\"391\" \/>\n\t<meta property=\"og:image:type\" content=\"image\/jpeg\" \/>\n<meta name=\"author\" content=\"Gente de B\u00e1squet\" \/>\n<meta name=\"twitter:card\" content=\"summary_large_image\" \/>\n<meta name=\"twitter:label1\" content=\"Escrito por\" \/>\n\t<meta name=\"twitter:data1\" content=\"Gente de B\u00e1squet\" \/>\n\t<meta name=\"twitter:label2\" content=\"Tiempo de lectura\" \/>\n\t<meta name=\"twitter:data2\" content=\"3 minutos\" \/>\n<script type=\"application\/ld+json\" class=\"yoast-schema-graph\">{\"@context\":\"https:\\\/\\\/schema.org\",\"@graph\":[{\"@type\":\"Article\",\"@id\":\"http:\\\/\\\/gentedebasquet.com.ar\\\/sitio\\\/2015\\\/04\\\/21\\\/la-tercera-es-la-vencida-3\\\/#article\",\"isPartOf\":{\"@id\":\"http:\\\/\\\/gentedebasquet.com.ar\\\/sitio\\\/2015\\\/04\\\/21\\\/la-tercera-es-la-vencida-3\\\/\"},\"author\":{\"name\":\"Gente de B\u00e1squet\",\"@id\":\"https:\\\/\\\/gentedebasquet.com.ar\\\/sitio\\\/#\\\/schema\\\/person\\\/ca0b63bbb977369988a7bbbdc519943a\"},\"headline\":\"La tercera es la vencida\",\"datePublished\":\"2015-04-22T02:51:22+00:00\",\"mainEntityOfPage\":{\"@id\":\"http:\\\/\\\/gentedebasquet.com.ar\\\/sitio\\\/2015\\\/04\\\/21\\\/la-tercera-es-la-vencida-3\\\/\"},\"wordCount\":517,\"image\":{\"@id\":\"http:\\\/\\\/gentedebasquet.com.ar\\\/sitio\\\/2015\\\/04\\\/21\\\/la-tercera-es-la-vencida-3\\\/#primaryimage\"},\"thumbnailUrl\":\"https:\\\/\\\/gentedebasquet.com.ar\\\/sitio\\\/wp-content\\\/uploads\\\/2015\\\/04\\\/Amilcar-Andreanelli.jpg\",\"keywords\":[\"Amilcar Andreanelli\",\"Comercial\",\"Dalmiro Lella\",\"Francisco Fuster\",\"Pablo Pollio\",\"Sebasti\u00e1n Tacchetti\",\"Velocidad\"],\"articleSection\":[\"Segunda\",\"Slide\"],\"inLanguage\":\"es\"},{\"@type\":\"WebPage\",\"@id\":\"http:\\\/\\\/gentedebasquet.com.ar\\\/sitio\\\/2015\\\/04\\\/21\\\/la-tercera-es-la-vencida-3\\\/\",\"url\":\"http:\\\/\\\/gentedebasquet.com.ar\\\/sitio\\\/2015\\\/04\\\/21\\\/la-tercera-es-la-vencida-3\\\/\",\"name\":\"La tercera es la vencida - Gente de B\u00e1squet\",\"isPartOf\":{\"@id\":\"https:\\\/\\\/gentedebasquet.com.ar\\\/sitio\\\/#website\"},\"primaryImageOfPage\":{\"@id\":\"http:\\\/\\\/gentedebasquet.com.ar\\\/sitio\\\/2015\\\/04\\\/21\\\/la-tercera-es-la-vencida-3\\\/#primaryimage\"},\"image\":{\"@id\":\"http:\\\/\\\/gentedebasquet.com.ar\\\/sitio\\\/2015\\\/04\\\/21\\\/la-tercera-es-la-vencida-3\\\/#primaryimage\"},\"thumbnailUrl\":\"https:\\\/\\\/gentedebasquet.com.ar\\\/sitio\\\/wp-content\\\/uploads\\\/2015\\\/04\\\/Amilcar-Andreanelli.jpg\",\"datePublished\":\"2015-04-22T02:51:22+00:00\",\"author\":{\"@id\":\"https:\\\/\\\/gentedebasquet.com.ar\\\/sitio\\\/#\\\/schema\\\/person\\\/ca0b63bbb977369988a7bbbdc519943a\"},\"breadcrumb\":{\"@id\":\"http:\\\/\\\/gentedebasquet.com.ar\\\/sitio\\\/2015\\\/04\\\/21\\\/la-tercera-es-la-vencida-3\\\/#breadcrumb\"},\"inLanguage\":\"es\",\"potentialAction\":[{\"@type\":\"ReadAction\",\"target\":[\"http:\\\/\\\/gentedebasquet.com.ar\\\/sitio\\\/2015\\\/04\\\/21\\\/la-tercera-es-la-vencida-3\\\/\"]}]},{\"@type\":\"ImageObject\",\"inLanguage\":\"es\",\"@id\":\"http:\\\/\\\/gentedebasquet.com.ar\\\/sitio\\\/2015\\\/04\\\/21\\\/la-tercera-es-la-vencida-3\\\/#primaryimage\",\"url\":\"https:\\\/\\\/gentedebasquet.com.ar\\\/sitio\\\/wp-content\\\/uploads\\\/2015\\\/04\\\/Amilcar-Andreanelli.jpg\",\"contentUrl\":\"https:\\\/\\\/gentedebasquet.com.ar\\\/sitio\\\/wp-content\\\/uploads\\\/2015\\\/04\\\/Amilcar-Andreanelli.jpg\",\"width\":690,\"height\":391},{\"@type\":\"BreadcrumbList\",\"@id\":\"http:\\\/\\\/gentedebasquet.com.ar\\\/sitio\\\/2015\\\/04\\\/21\\\/la-tercera-es-la-vencida-3\\\/#breadcrumb\",\"itemListElement\":[{\"@type\":\"ListItem\",\"position\":1,\"name\":\"Portada\",\"item\":\"https:\\\/\\\/gentedebasquet.com.ar\\\/sitio\\\/\"},{\"@type\":\"ListItem\",\"position\":2,\"name\":\"La tercera es la vencida\"}]},{\"@type\":\"WebSite\",\"@id\":\"https:\\\/\\\/gentedebasquet.com.ar\\\/sitio\\\/#website\",\"url\":\"https:\\\/\\\/gentedebasquet.com.ar\\\/sitio\\\/\",\"name\":\"Gente de B\u00e1squet\",\"description\":\"La revista del basquet de Bah\u00eda Blanca\",\"potentialAction\":[{\"@type\":\"SearchAction\",\"target\":{\"@type\":\"EntryPoint\",\"urlTemplate\":\"https:\\\/\\\/gentedebasquet.com.ar\\\/sitio\\\/?s={search_term_string}\"},\"query-input\":{\"@type\":\"PropertyValueSpecification\",\"valueRequired\":true,\"valueName\":\"search_term_string\"}}],\"inLanguage\":\"es\"},{\"@type\":\"Person\",\"@id\":\"https:\\\/\\\/gentedebasquet.com.ar\\\/sitio\\\/#\\\/schema\\\/person\\\/ca0b63bbb977369988a7bbbdc519943a\",\"name\":\"Gente de B\u00e1squet\",\"image\":{\"@type\":\"ImageObject\",\"inLanguage\":\"es\",\"@id\":\"https:\\\/\\\/secure.gravatar.com\\\/avatar\\\/7f2c48bdc33b30088f941fb6082e555f2874c98e20cb159d7b92b50eadfce793?s=96&d=mm&r=g\",\"url\":\"https:\\\/\\\/secure.gravatar.com\\\/avatar\\\/7f2c48bdc33b30088f941fb6082e555f2874c98e20cb159d7b92b50eadfce793?s=96&d=mm&r=g\",\"contentUrl\":\"https:\\\/\\\/secure.gravatar.com\\\/avatar\\\/7f2c48bdc33b30088f941fb6082e555f2874c98e20cb159d7b92b50eadfce793?s=96&d=mm&r=g\",\"caption\":\"Gente de B\u00e1squet\"},\"sameAs\":[\"http:\\\/\\\/gentedebasquet.com.ar\\\/sitio\"],\"url\":\"https:\\\/\\\/gentedebasquet.com.ar\\\/sitio\\\/author\\\/ulises\\\/\"}]}<\/script>\n<!-- \/ Yoast SEO plugin. -->","yoast_head_json":{"title":"La tercera es la vencida - Gente de B\u00e1squet","robots":{"index":"index","follow":"follow","max-snippet":"max-snippet:-1","max-image-preview":"max-image-preview:large","max-video-preview":"max-video-preview:-1"},"canonical":"http:\/\/gentedebasquet.com.ar\/sitio\/2015\/04\/21\/la-tercera-es-la-vencida-3\/","og_locale":"es_ES","og_type":"article","og_title":"La tercera es la vencida - Gente de B\u00e1squet","og_description":"Comercial le gan\u00f3 a Velocidad 75-56 y obtuvo su primer triunfo en el torneo","og_url":"http:\/\/gentedebasquet.com.ar\/sitio\/2015\/04\/21\/la-tercera-es-la-vencida-3\/","og_site_name":"Gente de B\u00e1squet","article_published_time":"2015-04-22T02:51:22+00:00","og_image":[{"width":690,"height":391,"url":"http:\/\/gentedebasquet.com.ar\/sitio\/wp-content\/uploads\/2015\/04\/Amilcar-Andreanelli.jpg","type":"image\/jpeg"}],"author":"Gente de B\u00e1squet","twitter_card":"summary_large_image","twitter_misc":{"Escrito por":"Gente de B\u00e1squet","Tiempo de lectura":"3 minutos"},"schema":{"@context":"https:\/\/schema.org","@graph":[{"@type":"Article","@id":"http:\/\/gentedebasquet.com.ar\/sitio\/2015\/04\/21\/la-tercera-es-la-vencida-3\/#article","isPartOf":{"@id":"http:\/\/gentedebasquet.com.ar\/sitio\/2015\/04\/21\/la-tercera-es-la-vencida-3\/"},"author":{"name":"Gente de B\u00e1squet","@id":"https:\/\/gentedebasquet.com.ar\/sitio\/#\/schema\/person\/ca0b63bbb977369988a7bbbdc519943a"},"headline":"La tercera es la vencida","datePublished":"2015-04-22T02:51:22+00:00","mainEntityOfPage":{"@id":"http:\/\/gentedebasquet.com.ar\/sitio\/2015\/04\/21\/la-tercera-es-la-vencida-3\/"},"wordCount":517,"image":{"@id":"http:\/\/gentedebasquet.com.ar\/sitio\/2015\/04\/21\/la-tercera-es-la-vencida-3\/#primaryimage"},"thumbnailUrl":"https:\/\/gentedebasquet.com.ar\/sitio\/wp-content\/uploads\/2015\/04\/Amilcar-Andreanelli.jpg","keywords":["Amilcar Andreanelli","Comercial","Dalmiro Lella","Francisco Fuster","Pablo Pollio","Sebasti\u00e1n Tacchetti","Velocidad"],"articleSection":["Segunda","Slide"],"inLanguage":"es"},{"@type":"WebPage","@id":"http:\/\/gentedebasquet.com.ar\/sitio\/2015\/04\/21\/la-tercera-es-la-vencida-3\/","url":"http:\/\/gentedebasquet.com.ar\/sitio\/2015\/04\/21\/la-tercera-es-la-vencida-3\/","name":"La tercera es la vencida - Gente de B\u00e1squet","isPartOf":{"@id":"https:\/\/gentedebasquet.com.ar\/sitio\/#website"},"primaryImageOfPage":{"@id":"http:\/\/gentedebasquet.com.ar\/sitio\/2015\/04\/21\/la-tercera-es-la-vencida-3\/#primaryimage"},"image":{"@id":"http:\/\/gentedebasquet.com.ar\/sitio\/2015\/04\/21\/la-tercera-es-la-vencida-3\/#primaryimage"},"thumbnailUrl":"https:\/\/gentedebasquet.com.ar\/sitio\/wp-content\/uploads\/2015\/04\/Amilcar-Andreanelli.jpg","datePublished":"2015-04-22T02:51:22+00:00","author":{"@id":"https:\/\/gentedebasquet.com.ar\/sitio\/#\/schema\/person\/ca0b63bbb977369988a7bbbdc519943a"},"breadcrumb":{"@id":"http:\/\/gentedebasquet.com.ar\/sitio\/2015\/04\/21\/la-tercera-es-la-vencida-3\/#breadcrumb"},"inLanguage":"es","potentialAction":[{"@type":"ReadAction","target":["http:\/\/gentedebasquet.com.ar\/sitio\/2015\/04\/21\/la-tercera-es-la-vencida-3\/"]}]},{"@type":"ImageObject","inLanguage":"es","@id":"http:\/\/gentedebasquet.com.ar\/sitio\/2015\/04\/21\/la-tercera-es-la-vencida-3\/#primaryimage","url":"https:\/\/gentedebasquet.com.ar\/sitio\/wp-content\/uploads\/2015\/04\/Amilcar-Andreanelli.jpg","contentUrl":"https:\/\/gentedebasquet.com.ar\/sitio\/wp-content\/uploads\/2015\/04\/Amilcar-Andreanelli.jpg","width":690,"height":391},{"@type":"BreadcrumbList","@id":"http:\/\/gentedebasquet.com.ar\/sitio\/2015\/04\/21\/la-tercera-es-la-vencida-3\/#breadcrumb","itemListElement":[{"@type":"ListItem","position":1,"name":"Portada","item":"https:\/\/gentedebasquet.com.ar\/sitio\/"},{"@type":"ListItem","position":2,"name":"La tercera es la vencida"}]},{"@type":"WebSite","@id":"https:\/\/gentedebasquet.com.ar\/sitio\/#website","url":"https:\/\/gentedebasquet.com.ar\/sitio\/","name":"Gente de B\u00e1squet","description":"La revista del basquet de Bah\u00eda Blanca","potentialAction":[{"@type":"SearchAction","target":{"@type":"EntryPoint","urlTemplate":"https:\/\/gentedebasquet.com.ar\/sitio\/?s={search_term_string}"},"query-input":{"@type":"PropertyValueSpecification","valueRequired":true,"valueName":"search_term_string"}}],"inLanguage":"es"},{"@type":"Person","@id":"https:\/\/gentedebasquet.com.ar\/sitio\/#\/schema\/person\/ca0b63bbb977369988a7bbbdc519943a","name":"Gente de B\u00e1squet","image":{"@type":"ImageObject","inLanguage":"es","@id":"https:\/\/secure.gravatar.com\/avatar\/7f2c48bdc33b30088f941fb6082e555f2874c98e20cb159d7b92b50eadfce793?s=96&d=mm&r=g","url":"https:\/\/secure.gravatar.com\/avatar\/7f2c48bdc33b30088f941fb6082e555f2874c98e20cb159d7b92b50eadfce793?s=96&d=mm&r=g","contentUrl":"https:\/\/secure.gravatar.com\/avatar\/7f2c48bdc33b30088f941fb6082e555f2874c98e20cb159d7b92b50eadfce793?s=96&d=mm&r=g","caption":"Gente de B\u00e1squet"},"sameAs":["http:\/\/gentedebasquet.com.ar\/sitio"],"url":"https:\/\/gentedebasquet.com.ar\/sitio\/author\/ulises\/"}]}},"_links":{"self":[{"href":"https:\/\/gentedebasquet.com.ar\/sitio\/wp-json\/wp\/v2\/posts\/44250","targetHints":{"allow":["GET"]}}],"collection":[{"href":"https:\/\/gentedebasquet.com.ar\/sitio\/wp-json\/wp\/v2\/posts"}],"about":[{"href":"https:\/\/gentedebasquet.com.ar\/sitio\/wp-json\/wp\/v2\/types\/post"}],"author":[{"embeddable":true,"href":"https:\/\/gentedebasquet.com.ar\/sitio\/wp-json\/wp\/v2\/users\/1"}],"replies":[{"embeddable":true,"href":"https:\/\/gentedebasquet.com.ar\/sitio\/wp-json\/wp\/v2\/comments?post=44250"}],"version-history":[{"count":0,"href":"https:\/\/gentedebasquet.com.ar\/sitio\/wp-json\/wp\/v2\/posts\/44250\/revisions"}],"wp:featuredmedia":[{"embeddable":true,"href":"https:\/\/gentedebasquet.com.ar\/sitio\/wp-json\/wp\/v2\/media\/44252"}],"wp:attachment":[{"href":"https:\/\/gentedebasquet.com.ar\/sitio\/wp-json\/wp\/v2\/media?parent=44250"}],"wp:term":[{"taxonomy":"category","embeddable":true,"href":"https:\/\/gentedebasquet.com.ar\/sitio\/wp-json\/wp\/v2\/categories?post=44250"},{"taxonomy":"post_tag","embeddable":true,"href":"https:\/\/gentedebasquet.com.ar\/sitio\/wp-json\/wp\/v2\/tags?post=44250"}],"curies":[{"name":"wp","href":"https:\/\/api.w.org\/{rel}","templated":true}]}}