{"id":44257,"date":"2015-04-21T23:52:13","date_gmt":"2015-04-22T02:52:13","guid":{"rendered":"http:\/\/www.gentedebasquet.com.ar\/?p=44257"},"modified":"2015-04-21T23:52:13","modified_gmt":"2015-04-22T02:52:13","slug":"feliz-estreno-2","status":"publish","type":"post","link":"https:\/\/gentedebasquet.com.ar\/sitio\/2015\/04\/21\/feliz-estreno-2\/","title":{"rendered":"Feliz estreno"},"content":{"rendered":"<p><b>En el estreno oficial de su nuevo parquet, Sportivo Bahiense barri\u00f3 87-61 a Los Andes. Luego de un primer tiempo parejo, el Tricolor destrab\u00f3 el encuentro en el tercer cap\u00edtulo con un parcial demoledor (30-12) y luego lo pudo cerrar c\u00f3modamente. Fabi\u00e1n Gendana (20 pts \u2013 6\/8 T3) fue la gran figura de la noche. Adem\u00e1s hubo buenas actuaciones de Lucas Santarelli (12), Joaqu\u00edn Tuero (10) y Tom\u00e1s Santarelli (10). En el elenco puntaltense sobresali\u00f3 Guido Canella (20). <span style=\"color: #ff6600;\">MIR\u00c1 EL VIDEO<\/span><\/b><\/p>\n<p>El inicio del encuentro fue favorable a Los Andes. Con los rompimientos de Canella (6) y la presencia debajo de los tableros de Polchi (5) y Amigo (4), el conjunto de Carbonell sac\u00f3 la primera luz de ventaja. Con un poco m\u00e1s de dos minutos en el reloj se adelant\u00f3 15-11. Sportivo por su parte reaccion\u00f3 mediante las bombas de Gendana (2\/3) y lo que hizo Tomas Santarelli (4) en la pintura contraria. En un cuarto que tuvo muchas imprecisiones (11 perdidas), la visita se fue arriba 15-14 al descanso.<\/p>\n<p>Sportivo sali\u00f3 mejor parado en la continuidad del juego. A trav\u00e9s de un parcial de 7-2 pudo pasar al frente 21-17 a 6m43s del cierre. El banco de relevos fue quien le dio soluciones en ofensiva a Alvarez. La buena mano de Tuero (8), la versatilidad de Lucas Santarelli (4) y el predominio en la zona pintada de Mart\u00ednez (4) renovaron los aires de Sportivo. En Los Andes, Amigo (5) y Polchi (4) siguieron exigiendo en el poste bajo. Adem\u00e1s llegando desde atr\u00e1s se sum\u00f3 Agalupe (6) para dar una mano en el goleo. El Tricolor se fue en ventaja al descanso m\u00e1s largo por tres unidades (35-32).<\/p>\n<p>A la vuelta de los vestuarios fue cuando se dio el quiebre del partido. Con porcentajes tremendos (6\/7 T3 \u2013 6\/7 T2), Sportivo se llev\u00f3 el periodo por 30-12 y sac\u00f3 una distancia abultada de cara al final. Las bombas de Gendana (9 puntos), Lucas Santarelli (5) y Asnaghi (3), m\u00e1s la insistencia en la pintura de Tom\u00e1s Santarelli (6)\u00a0 y el oportunismo de Villoldo (5) le dieron multiples variantes en ataque al local. El Tricolor defendi\u00f3 fuerte y en ofensiva se paso bien la bola y tom\u00f3 buenas determinaciones. As\u00ed la m\u00e1xima lleg\u00f3 a ser de 21 puntos (65-44). Los puntos de Zangla (7) fueron lo \u00fanico que mantuvo vivo a Los Andes en el encuentro.<\/p>\n<p>Con veinte puntos de diferencia, dif\u00edcilmente la situaci\u00f3n del encuentro iba a dar un giro. Es por eso que el \u00faltimo cuarto solo sirvi\u00f3 para que el due\u00f1o de casa alargue su brecha en el resultado. Comandado por Gentili (8) y Ponce (4), los dirigidos por Alvarez se escaparon 80-54 con 3m43s por jugar. A partir de ah\u00ed solo rest\u00f3 que pase el tiempo. Sportivo Bahiense inaugur\u00f3 oficialmente su nuevo parquet con una gran victoria ante Los Andes. Por ahora, el Tricolor va de menor a mayor en este Ciudad de Bah\u00eda Blanca.<\/p>\n<p>&nbsp;<\/p>\n<p>[vimeo]http:\/\/vimeo.com\/125642077[\/vimeo]<\/p>\n<p>&nbsp;<\/p>\n<p><b>S\u00edntesis\u00a0| <\/b>Segunda Divisi\u00f3n \u2013 Fecha #3<\/p>\n<p><b>Sportivo Bahiense 87:<\/b>\u00a0Gustavo Gentili 9, Fabi\u00e1n Gendana 20, Yoel Asnaghi 6, Juan Ignacio Blasco 2 y Tom\u00e1s Santarelli 10 (Fi).\u00a0Nicol\u00e1s Mart\u00ednez 6, Gabriel De la Torre 0, Lucas Santarelli 12, Joaqu\u00edn Tuero 10, Mart\u00edn Villoldo\u00a0 8, Axel Hammerschmidt 0, Juan Ponce 4.\u00a0DT: Fernando \u00c1lvarez.<\/p>\n<p><b>Los Andres (Punta Alta) 61:\u00a0<\/b>Jerem\u00edas Gonc\u00e1lvez 2, Ignacio Sella 0 (x), Guido Canella 20, Marcos Polchi 9, Mat\u00edas Amigo 9 (Fi). Fabio Zangla 7, Daniel Agalupe 11, Leandro Rodr\u00edguez 2, Marcos Moran 0 y Mauro Murcilli 0.\u00a0 DT: Leandro Carbonell.<\/p>\n<p><b>Parciales:\u00a0<\/b>14-15, 35-32 (21-17), 65-44 (30-12) y 87-61 (22-17).<\/p>\n<p><b>\u00c1rbitros:<\/b>\u00a0Alejandro Go\u00f1i \u2013 Sebasti\u00e1n Giannino<\/p>\n<p><b>Estadio:<\/b>\u00a0Eladio Santos (Sportivo Bahiense).<\/p>\n<p><a class=\"modalf iframe\" title=\"Planilla\" href=\"https:\/\/docs.google.com\/spreadsheets\/d\/11bpHc_hb8EJ3s9LfNJWTXVm1iAoecCSV-Dcj2bVaJoI\/pubhtml?gid=1713954197&amp;single=true\" target=\"_blank\" rel=\"noopener\">Ver Planilla<\/a><\/p>\n<p>&nbsp;<\/p>\n<p>[vimeo]http:\/\/vimeo.com\/125639004[\/vimeo]<\/p>\n","protected":false},"excerpt":{"rendered":"<p>Sportivo inaugur\u00f3 su nuevo parquet con una victoria ante Los Andes por 87-61<\/p>\n","protected":false},"author":1,"featured_media":44265,"comment_status":"closed","ping_status":"open","sticky":false,"template":"","format":"standard","meta":{"jnews-multi-image_gallery":[],"jnews_single_post":[],"jnews_primary_category":[],"footnotes":""},"categories":[25,101],"tags":[610,264,331,363,207,20],"class_list":["post-44257","post","type-post","status-publish","format-standard","has-post-thumbnail","hentry","category-segunda","category-slide","tag-eladio-santos","tag-fabian-gendana","tag-guido-canella","tag-los-andes-punta-alta","tag-lucas-santarelli","tag-sportivo-bahiense"],"yoast_head":"<!-- This site is optimized with the Yoast SEO plugin v27.5 - https:\/\/yoast.com\/product\/yoast-seo-wordpress\/ -->\n<title>Feliz estreno - Gente de B\u00e1squet<\/title>\n<meta name=\"robots\" content=\"index, follow, max-snippet:-1, max-image-preview:large, max-video-preview:-1\" \/>\n<link rel=\"canonical\" href=\"https:\/\/gentedebasquet.com.ar\/sitio\/2015\/04\/21\/feliz-estreno-2\/\" \/>\n<meta property=\"og:locale\" content=\"es_ES\" \/>\n<meta property=\"og:type\" content=\"article\" \/>\n<meta property=\"og:title\" content=\"Feliz estreno - Gente de B\u00e1squet\" \/>\n<meta property=\"og:description\" content=\"Sportivo inaugur\u00f3 su nuevo parquet con una victoria ante Los Andes por 87-61\" \/>\n<meta property=\"og:url\" content=\"https:\/\/gentedebasquet.com.ar\/sitio\/2015\/04\/21\/feliz-estreno-2\/\" \/>\n<meta property=\"og:site_name\" content=\"Gente de B\u00e1squet\" \/>\n<meta property=\"article:published_time\" content=\"2015-04-22T02:52:13+00:00\" \/>\n<meta property=\"og:image\" content=\"https:\/\/gentedebasquet.com.ar\/sitio\/wp-content\/uploads\/2015\/04\/DSC_0003.jpg\" \/>\n\t<meta property=\"og:image:width\" content=\"690\" \/>\n\t<meta property=\"og:image:height\" content=\"319\" \/>\n\t<meta property=\"og:image:type\" content=\"image\/jpeg\" \/>\n<meta name=\"author\" content=\"Gente de B\u00e1squet\" \/>\n<meta name=\"twitter:card\" content=\"summary_large_image\" \/>\n<meta name=\"twitter:label1\" content=\"Escrito por\" \/>\n\t<meta name=\"twitter:data1\" content=\"Gente de B\u00e1squet\" \/>\n\t<meta name=\"twitter:label2\" content=\"Tiempo de lectura\" \/>\n\t<meta name=\"twitter:data2\" content=\"3 minutos\" \/>\n<script type=\"application\/ld+json\" class=\"yoast-schema-graph\">{\"@context\":\"https:\\\/\\\/schema.org\",\"@graph\":[{\"@type\":\"Article\",\"@id\":\"https:\\\/\\\/gentedebasquet.com.ar\\\/sitio\\\/2015\\\/04\\\/21\\\/feliz-estreno-2\\\/#article\",\"isPartOf\":{\"@id\":\"https:\\\/\\\/gentedebasquet.com.ar\\\/sitio\\\/2015\\\/04\\\/21\\\/feliz-estreno-2\\\/\"},\"author\":{\"name\":\"Gente de B\u00e1squet\",\"@id\":\"https:\\\/\\\/gentedebasquet.com.ar\\\/sitio\\\/#\\\/schema\\\/person\\\/ca0b63bbb977369988a7bbbdc519943a\"},\"headline\":\"Feliz estreno\",\"datePublished\":\"2015-04-22T02:52:13+00:00\",\"mainEntityOfPage\":{\"@id\":\"https:\\\/\\\/gentedebasquet.com.ar\\\/sitio\\\/2015\\\/04\\\/21\\\/feliz-estreno-2\\\/\"},\"wordCount\":597,\"image\":{\"@id\":\"https:\\\/\\\/gentedebasquet.com.ar\\\/sitio\\\/2015\\\/04\\\/21\\\/feliz-estreno-2\\\/#primaryimage\"},\"thumbnailUrl\":\"https:\\\/\\\/gentedebasquet.com.ar\\\/sitio\\\/wp-content\\\/uploads\\\/2015\\\/04\\\/DSC_0003.jpg\",\"keywords\":[\"Eladio Santos\",\"Fabian Gendana\",\"Guido Canella\",\"Los Andes (Punta Alta)\",\"Lucas Santarelli\",\"Sportivo Bahiense\"],\"articleSection\":[\"Segunda\",\"Slide\"],\"inLanguage\":\"es\"},{\"@type\":\"WebPage\",\"@id\":\"https:\\\/\\\/gentedebasquet.com.ar\\\/sitio\\\/2015\\\/04\\\/21\\\/feliz-estreno-2\\\/\",\"url\":\"https:\\\/\\\/gentedebasquet.com.ar\\\/sitio\\\/2015\\\/04\\\/21\\\/feliz-estreno-2\\\/\",\"name\":\"Feliz estreno - Gente de B\u00e1squet\",\"isPartOf\":{\"@id\":\"https:\\\/\\\/gentedebasquet.com.ar\\\/sitio\\\/#website\"},\"primaryImageOfPage\":{\"@id\":\"https:\\\/\\\/gentedebasquet.com.ar\\\/sitio\\\/2015\\\/04\\\/21\\\/feliz-estreno-2\\\/#primaryimage\"},\"image\":{\"@id\":\"https:\\\/\\\/gentedebasquet.com.ar\\\/sitio\\\/2015\\\/04\\\/21\\\/feliz-estreno-2\\\/#primaryimage\"},\"thumbnailUrl\":\"https:\\\/\\\/gentedebasquet.com.ar\\\/sitio\\\/wp-content\\\/uploads\\\/2015\\\/04\\\/DSC_0003.jpg\",\"datePublished\":\"2015-04-22T02:52:13+00:00\",\"author\":{\"@id\":\"https:\\\/\\\/gentedebasquet.com.ar\\\/sitio\\\/#\\\/schema\\\/person\\\/ca0b63bbb977369988a7bbbdc519943a\"},\"breadcrumb\":{\"@id\":\"https:\\\/\\\/gentedebasquet.com.ar\\\/sitio\\\/2015\\\/04\\\/21\\\/feliz-estreno-2\\\/#breadcrumb\"},\"inLanguage\":\"es\",\"potentialAction\":[{\"@type\":\"ReadAction\",\"target\":[\"https:\\\/\\\/gentedebasquet.com.ar\\\/sitio\\\/2015\\\/04\\\/21\\\/feliz-estreno-2\\\/\"]}]},{\"@type\":\"ImageObject\",\"inLanguage\":\"es\",\"@id\":\"https:\\\/\\\/gentedebasquet.com.ar\\\/sitio\\\/2015\\\/04\\\/21\\\/feliz-estreno-2\\\/#primaryimage\",\"url\":\"https:\\\/\\\/gentedebasquet.com.ar\\\/sitio\\\/wp-content\\\/uploads\\\/2015\\\/04\\\/DSC_0003.jpg\",\"contentUrl\":\"https:\\\/\\\/gentedebasquet.com.ar\\\/sitio\\\/wp-content\\\/uploads\\\/2015\\\/04\\\/DSC_0003.jpg\",\"width\":690,\"height\":319},{\"@type\":\"BreadcrumbList\",\"@id\":\"https:\\\/\\\/gentedebasquet.com.ar\\\/sitio\\\/2015\\\/04\\\/21\\\/feliz-estreno-2\\\/#breadcrumb\",\"itemListElement\":[{\"@type\":\"ListItem\",\"position\":1,\"name\":\"Portada\",\"item\":\"https:\\\/\\\/gentedebasquet.com.ar\\\/sitio\\\/\"},{\"@type\":\"ListItem\",\"position\":2,\"name\":\"Feliz estreno\"}]},{\"@type\":\"WebSite\",\"@id\":\"https:\\\/\\\/gentedebasquet.com.ar\\\/sitio\\\/#website\",\"url\":\"https:\\\/\\\/gentedebasquet.com.ar\\\/sitio\\\/\",\"name\":\"Gente de B\u00e1squet\",\"description\":\"La revista del basquet de Bah\u00eda Blanca\",\"potentialAction\":[{\"@type\":\"SearchAction\",\"target\":{\"@type\":\"EntryPoint\",\"urlTemplate\":\"https:\\\/\\\/gentedebasquet.com.ar\\\/sitio\\\/?s={search_term_string}\"},\"query-input\":{\"@type\":\"PropertyValueSpecification\",\"valueRequired\":true,\"valueName\":\"search_term_string\"}}],\"inLanguage\":\"es\"},{\"@type\":\"Person\",\"@id\":\"https:\\\/\\\/gentedebasquet.com.ar\\\/sitio\\\/#\\\/schema\\\/person\\\/ca0b63bbb977369988a7bbbdc519943a\",\"name\":\"Gente de B\u00e1squet\",\"image\":{\"@type\":\"ImageObject\",\"inLanguage\":\"es\",\"@id\":\"https:\\\/\\\/secure.gravatar.com\\\/avatar\\\/7f2c48bdc33b30088f941fb6082e555f2874c98e20cb159d7b92b50eadfce793?s=96&d=mm&r=g\",\"url\":\"https:\\\/\\\/secure.gravatar.com\\\/avatar\\\/7f2c48bdc33b30088f941fb6082e555f2874c98e20cb159d7b92b50eadfce793?s=96&d=mm&r=g\",\"contentUrl\":\"https:\\\/\\\/secure.gravatar.com\\\/avatar\\\/7f2c48bdc33b30088f941fb6082e555f2874c98e20cb159d7b92b50eadfce793?s=96&d=mm&r=g\",\"caption\":\"Gente de B\u00e1squet\"},\"sameAs\":[\"http:\\\/\\\/gentedebasquet.com.ar\\\/sitio\"],\"url\":\"https:\\\/\\\/gentedebasquet.com.ar\\\/sitio\\\/author\\\/ulises\\\/\"}]}<\/script>\n<!-- \/ Yoast SEO plugin. -->","yoast_head_json":{"title":"Feliz estreno - Gente de B\u00e1squet","robots":{"index":"index","follow":"follow","max-snippet":"max-snippet:-1","max-image-preview":"max-image-preview:large","max-video-preview":"max-video-preview:-1"},"canonical":"https:\/\/gentedebasquet.com.ar\/sitio\/2015\/04\/21\/feliz-estreno-2\/","og_locale":"es_ES","og_type":"article","og_title":"Feliz estreno - Gente de B\u00e1squet","og_description":"Sportivo inaugur\u00f3 su nuevo parquet con una victoria ante Los Andes por 87-61","og_url":"https:\/\/gentedebasquet.com.ar\/sitio\/2015\/04\/21\/feliz-estreno-2\/","og_site_name":"Gente de B\u00e1squet","article_published_time":"2015-04-22T02:52:13+00:00","og_image":[{"width":690,"height":319,"url":"https:\/\/gentedebasquet.com.ar\/sitio\/wp-content\/uploads\/2015\/04\/DSC_0003.jpg","type":"image\/jpeg"}],"author":"Gente de B\u00e1squet","twitter_card":"summary_large_image","twitter_misc":{"Escrito por":"Gente de B\u00e1squet","Tiempo de lectura":"3 minutos"},"schema":{"@context":"https:\/\/schema.org","@graph":[{"@type":"Article","@id":"https:\/\/gentedebasquet.com.ar\/sitio\/2015\/04\/21\/feliz-estreno-2\/#article","isPartOf":{"@id":"https:\/\/gentedebasquet.com.ar\/sitio\/2015\/04\/21\/feliz-estreno-2\/"},"author":{"name":"Gente de B\u00e1squet","@id":"https:\/\/gentedebasquet.com.ar\/sitio\/#\/schema\/person\/ca0b63bbb977369988a7bbbdc519943a"},"headline":"Feliz estreno","datePublished":"2015-04-22T02:52:13+00:00","mainEntityOfPage":{"@id":"https:\/\/gentedebasquet.com.ar\/sitio\/2015\/04\/21\/feliz-estreno-2\/"},"wordCount":597,"image":{"@id":"https:\/\/gentedebasquet.com.ar\/sitio\/2015\/04\/21\/feliz-estreno-2\/#primaryimage"},"thumbnailUrl":"https:\/\/gentedebasquet.com.ar\/sitio\/wp-content\/uploads\/2015\/04\/DSC_0003.jpg","keywords":["Eladio Santos","Fabian Gendana","Guido Canella","Los Andes (Punta Alta)","Lucas Santarelli","Sportivo Bahiense"],"articleSection":["Segunda","Slide"],"inLanguage":"es"},{"@type":"WebPage","@id":"https:\/\/gentedebasquet.com.ar\/sitio\/2015\/04\/21\/feliz-estreno-2\/","url":"https:\/\/gentedebasquet.com.ar\/sitio\/2015\/04\/21\/feliz-estreno-2\/","name":"Feliz estreno - Gente de B\u00e1squet","isPartOf":{"@id":"https:\/\/gentedebasquet.com.ar\/sitio\/#website"},"primaryImageOfPage":{"@id":"https:\/\/gentedebasquet.com.ar\/sitio\/2015\/04\/21\/feliz-estreno-2\/#primaryimage"},"image":{"@id":"https:\/\/gentedebasquet.com.ar\/sitio\/2015\/04\/21\/feliz-estreno-2\/#primaryimage"},"thumbnailUrl":"https:\/\/gentedebasquet.com.ar\/sitio\/wp-content\/uploads\/2015\/04\/DSC_0003.jpg","datePublished":"2015-04-22T02:52:13+00:00","author":{"@id":"https:\/\/gentedebasquet.com.ar\/sitio\/#\/schema\/person\/ca0b63bbb977369988a7bbbdc519943a"},"breadcrumb":{"@id":"https:\/\/gentedebasquet.com.ar\/sitio\/2015\/04\/21\/feliz-estreno-2\/#breadcrumb"},"inLanguage":"es","potentialAction":[{"@type":"ReadAction","target":["https:\/\/gentedebasquet.com.ar\/sitio\/2015\/04\/21\/feliz-estreno-2\/"]}]},{"@type":"ImageObject","inLanguage":"es","@id":"https:\/\/gentedebasquet.com.ar\/sitio\/2015\/04\/21\/feliz-estreno-2\/#primaryimage","url":"https:\/\/gentedebasquet.com.ar\/sitio\/wp-content\/uploads\/2015\/04\/DSC_0003.jpg","contentUrl":"https:\/\/gentedebasquet.com.ar\/sitio\/wp-content\/uploads\/2015\/04\/DSC_0003.jpg","width":690,"height":319},{"@type":"BreadcrumbList","@id":"https:\/\/gentedebasquet.com.ar\/sitio\/2015\/04\/21\/feliz-estreno-2\/#breadcrumb","itemListElement":[{"@type":"ListItem","position":1,"name":"Portada","item":"https:\/\/gentedebasquet.com.ar\/sitio\/"},{"@type":"ListItem","position":2,"name":"Feliz estreno"}]},{"@type":"WebSite","@id":"https:\/\/gentedebasquet.com.ar\/sitio\/#website","url":"https:\/\/gentedebasquet.com.ar\/sitio\/","name":"Gente de B\u00e1squet","description":"La revista del basquet de Bah\u00eda Blanca","potentialAction":[{"@type":"SearchAction","target":{"@type":"EntryPoint","urlTemplate":"https:\/\/gentedebasquet.com.ar\/sitio\/?s={search_term_string}"},"query-input":{"@type":"PropertyValueSpecification","valueRequired":true,"valueName":"search_term_string"}}],"inLanguage":"es"},{"@type":"Person","@id":"https:\/\/gentedebasquet.com.ar\/sitio\/#\/schema\/person\/ca0b63bbb977369988a7bbbdc519943a","name":"Gente de B\u00e1squet","image":{"@type":"ImageObject","inLanguage":"es","@id":"https:\/\/secure.gravatar.com\/avatar\/7f2c48bdc33b30088f941fb6082e555f2874c98e20cb159d7b92b50eadfce793?s=96&d=mm&r=g","url":"https:\/\/secure.gravatar.com\/avatar\/7f2c48bdc33b30088f941fb6082e555f2874c98e20cb159d7b92b50eadfce793?s=96&d=mm&r=g","contentUrl":"https:\/\/secure.gravatar.com\/avatar\/7f2c48bdc33b30088f941fb6082e555f2874c98e20cb159d7b92b50eadfce793?s=96&d=mm&r=g","caption":"Gente de B\u00e1squet"},"sameAs":["http:\/\/gentedebasquet.com.ar\/sitio"],"url":"https:\/\/gentedebasquet.com.ar\/sitio\/author\/ulises\/"}]}},"_links":{"self":[{"href":"https:\/\/gentedebasquet.com.ar\/sitio\/wp-json\/wp\/v2\/posts\/44257","targetHints":{"allow":["GET"]}}],"collection":[{"href":"https:\/\/gentedebasquet.com.ar\/sitio\/wp-json\/wp\/v2\/posts"}],"about":[{"href":"https:\/\/gentedebasquet.com.ar\/sitio\/wp-json\/wp\/v2\/types\/post"}],"author":[{"embeddable":true,"href":"https:\/\/gentedebasquet.com.ar\/sitio\/wp-json\/wp\/v2\/users\/1"}],"replies":[{"embeddable":true,"href":"https:\/\/gentedebasquet.com.ar\/sitio\/wp-json\/wp\/v2\/comments?post=44257"}],"version-history":[{"count":0,"href":"https:\/\/gentedebasquet.com.ar\/sitio\/wp-json\/wp\/v2\/posts\/44257\/revisions"}],"wp:featuredmedia":[{"embeddable":true,"href":"https:\/\/gentedebasquet.com.ar\/sitio\/wp-json\/wp\/v2\/media\/44265"}],"wp:attachment":[{"href":"https:\/\/gentedebasquet.com.ar\/sitio\/wp-json\/wp\/v2\/media?parent=44257"}],"wp:term":[{"taxonomy":"category","embeddable":true,"href":"https:\/\/gentedebasquet.com.ar\/sitio\/wp-json\/wp\/v2\/categories?post=44257"},{"taxonomy":"post_tag","embeddable":true,"href":"https:\/\/gentedebasquet.com.ar\/sitio\/wp-json\/wp\/v2\/tags?post=44257"}],"curies":[{"name":"wp","href":"https:\/\/api.w.org\/{rel}","templated":true}]}}