{"id":44312,"date":"2015-04-22T23:11:24","date_gmt":"2015-04-23T02:11:24","guid":{"rendered":"http:\/\/www.gentedebasquet.com.ar\/?p=44312"},"modified":"2015-04-22T23:11:24","modified_gmt":"2015-04-23T02:11:24","slug":"olimpo-tambien-esta-en-semis","status":"publish","type":"post","link":"https:\/\/gentedebasquet.com.ar\/sitio\/2015\/04\/22\/olimpo-tambien-esta-en-semis\/","title":{"rendered":"Olimpo tambi\u00e9n est\u00e1 en semis"},"content":{"rendered":"<p><strong>El aurinegro derrot\u00f3 al elenco juninense por 105 a 89 y cerr\u00f3 los cuartos de final regionales 3-2. En la pr\u00f3xima instancia deber\u00e1 enfrentar, con desventaja de local\u00eda, a Gimnasia La Plata, que cuenta con Leonardo La Bella y el ex Villa Mitre H\u00e9rman Banegas. Juan Pablo Mor\u00e1n (20, con 4\/5 3p) y Emilio Gim\u00e9nez (19 de valoraci\u00f3n) fueron los m\u00e1s destacados en el local. Bahiense, por su parte, ir\u00e1 contra Atenas de Patagones desde el viernes.<\/strong><\/p>\n<p>Sufriendo hasta el \u00faltimo minuto, pese a obtener 22 puntos de ventaja a 3m36 del cierre, Olimpo Basket se convirti\u00f3 en semifinalista del Torneo Federal, por la Regi\u00f3n Sur, y continuar\u00e1 aumentando su protagonismo dentro del tercer escal\u00f3n del b\u00e1squet argentino. En la pr\u00f3xima etapa, que dar\u00e1 inicio el venidero domingo, el aurinegro enfrentar\u00e1 a Gimnasia y Esgrima La Plata.<\/p>\n<p>Tal como ocurri\u00f3 en los dos primeros puntos de la serie, Olimpo y Sarmiento entregaron un arranque duro y ajustado, con buenos porcentajes de campo. Y fue a partir del 3C cuando el aurinegro logr\u00f3 una ventaja tranquilizadora para poder cerrar el compromiso sin mayores problemas. En este caso, el conjunto visitante tom\u00f3 el control en el inicio con la mano caliente de Pasquinelli (4\/6 2p en el 1C) y Corniglia (4\/4) y se mantuvo al frente (17-22).<\/p>\n<p>Tras el primer minuto de Maceratesi, Mor\u00e1n comenz\u00f3 a jugar, Olimpo entr\u00f3 en confianza e igual\u00f3 el tanteador con buen pasaje de Mar\u00edn y Agust\u00edn S\u00e1nchez. El 2C fue similar, pero el base aurinegro lo cerr\u00f3 con un triple sobre la chicharra que le dio renta de 7 puntos para dar inicio al complemento. All\u00ed comenz\u00f3 a verse el verdadero Olimpo, m\u00e1s fuerte atr\u00e1s y buscando a Piuma y Villanueva como alternativas de gol. La diferencia se estir\u00f3, Mor\u00e1n acert\u00f3 otra vez desde 6.75 metros (Olimpo tir\u00f3 12\/23) y la buena contenci\u00f3n de los internos visitantes depar\u00f3 en m\u00e1s responsabilidades para Jonatan Ledesma, que provoc\u00f3 faltas y cobr\u00f3 en la l\u00ednea (7\/9).<\/p>\n<p>La m\u00e1xima lleg\u00f3 a 3m36 del final, tras una conversi\u00f3n de Villanueva (90-68). Pareci\u00f3 dejar el partido liquidado, pero jugado por jugado Sarmiento comenz\u00f3 a tirar en los primeros segundos de cada posesi\u00f3n y sell\u00f3 un parcial de 19-4 para quedar a 7 tantos (94-87) a 1m31. No obstante, un robo de Emilio Gim\u00e9nez y un triplazo de Miguel terminaron de estampar la clasificaci\u00f3n del aurinegro. Se viene Gimnasia La Plata; esa ser\u00e1 otra historia.<\/p>\n<p><iframe loading=\"lazy\" src=\"https:\/\/www.youtube.com\/embed\/fhTxQNdSwEY\" height=\"315\" width=\"560\" allowfullscreen=\"\" frameborder=\"0\"><\/iframe><\/p>\n<p><b>\u00a0<\/b><\/p>\n<p><b>S\u00edntesis | <\/b>Torneo Federal &#8211; Playoffs #5<\/p>\n<p><b>Olimpo Basket 105:<\/b>\u00a0Juan Pablo Mor\u00e1n 20, Lucas Mar\u00edn 18, Lucas Villanueva 9, Marcelo Piuma 17, Marcos Fern\u00e1ndez 0 (Fi); Emilio Gim\u00e9nez 9, Agust\u00edn S\u00e1nchez 7, Lorenzo Capponi 11, Cristian Miguel 12, Facundo Arens 1, Franco Ruesga 0 y Luciano Fortelli 1.\u00a0DT: Franco Maceratesi.<\/p>\n<p><b>Sarmiento (Jun\u00edn) 89:\u00a0<\/b>Jonatan Ledesma 20,<b> <\/b>Mauro Araujo 8, Giuliano Marelli 17, Javier Corniglia 19, Mart\u00edn Pasquinelli 19 (Fi); Nicol\u00e1s Godoy 2, Bautista Arrascaete 4, Emanuel Fontana 0 y Leandro Bordoy 0. DT: Mario Andrade.<\/p>\n<p><b>Parciales:\u00a0<\/b>25-25, 48-41 (23-16), 70-59 (22-18) y 105-89 (35-30).<\/p>\n<p><b>\u00c1rbitros:\u00a0<\/b>Gabriel Velasco (Trelew) \u2013 Mario Sauer (Carmen de Patagones).<\/p>\n<p><b>Estadio:\u00a0<\/b>Norberto Tom\u00e1s (Olimpo).<\/p>\n<p><a href=\"http:\/\/www.fibalivestats.com\/matches\/16999\/15\/29\/20\/8762CMyIRw\/\" target=\"_blank\" rel=\"noopener\">ESTAD\u00cdSTICAS OFICIALES<\/a><\/p>\n<p><b>Serie:<\/b> Olimpo Basket, 3-2.<\/p>\n<p><b>Fotos:<\/b> Prensa Olimpo Basket.<\/p>\n","protected":false},"excerpt":{"rendered":"<p>Venci\u00f3 a Sarmiento (Jun\u00edn) por 105-89, cerr\u00f3 la serie 3-2 e ir\u00e1 por Gimnasia La Plata<\/p>\n","protected":false},"author":1,"featured_media":44313,"comment_status":"closed","ping_status":"open","sticky":false,"template":"","format":"standard","meta":{"jnews-multi-image_gallery":[],"jnews_single_post":[],"jnews_primary_category":[],"footnotes":""},"categories":[36,39,101],"tags":[111,348,97,282,353,16,350,354],"class_list":["post-44312","post","type-post","status-publish","format-standard","has-post-thumbnail","hentry","category-federal","category-nacional","category-slide","tag-agustin-sanchez","tag-emilio-gimenez","tag-gimnasia-lp","tag-juan-pablo-moran","tag-lucas-marin","tag-olimpo","tag-sarmiento-junin","tag-tfb"],"yoast_head":"<!-- This site is optimized with the Yoast SEO plugin v27.5 - https:\/\/yoast.com\/product\/yoast-seo-wordpress\/ -->\n<title>Olimpo tambi\u00e9n est\u00e1 en semis - Gente de B\u00e1squet<\/title>\n<meta name=\"robots\" content=\"index, follow, max-snippet:-1, max-image-preview:large, max-video-preview:-1\" \/>\n<link rel=\"canonical\" href=\"http:\/\/gentedebasquet.com.ar\/sitio\/2015\/04\/22\/olimpo-tambien-esta-en-semis\/\" \/>\n<meta property=\"og:locale\" content=\"es_ES\" \/>\n<meta property=\"og:type\" content=\"article\" \/>\n<meta property=\"og:title\" content=\"Olimpo tambi\u00e9n est\u00e1 en semis - Gente de B\u00e1squet\" \/>\n<meta property=\"og:description\" content=\"Venci\u00f3 a Sarmiento (Jun\u00edn) por 105-89, cerr\u00f3 la serie 3-2 e ir\u00e1 por Gimnasia La Plata\" \/>\n<meta property=\"og:url\" content=\"http:\/\/gentedebasquet.com.ar\/sitio\/2015\/04\/22\/olimpo-tambien-esta-en-semis\/\" \/>\n<meta property=\"og:site_name\" content=\"Gente de B\u00e1squet\" \/>\n<meta property=\"article:published_time\" content=\"2015-04-23T02:11:24+00:00\" \/>\n<meta property=\"og:image\" content=\"http:\/\/gentedebasquet.com.ar\/sitio\/wp-content\/uploads\/2015\/04\/DSC_0104.jpg\" \/>\n\t<meta property=\"og:image:width\" content=\"690\" \/>\n\t<meta property=\"og:image:height\" content=\"319\" \/>\n\t<meta property=\"og:image:type\" content=\"image\/jpeg\" \/>\n<meta name=\"author\" content=\"Gente de B\u00e1squet\" \/>\n<meta name=\"twitter:card\" content=\"summary_large_image\" \/>\n<meta name=\"twitter:label1\" content=\"Escrito por\" \/>\n\t<meta name=\"twitter:data1\" content=\"Gente de B\u00e1squet\" \/>\n\t<meta name=\"twitter:label2\" content=\"Tiempo de lectura\" \/>\n\t<meta name=\"twitter:data2\" content=\"3 minutos\" \/>\n<script type=\"application\/ld+json\" class=\"yoast-schema-graph\">{\"@context\":\"https:\\\/\\\/schema.org\",\"@graph\":[{\"@type\":\"Article\",\"@id\":\"http:\\\/\\\/gentedebasquet.com.ar\\\/sitio\\\/2015\\\/04\\\/22\\\/olimpo-tambien-esta-en-semis\\\/#article\",\"isPartOf\":{\"@id\":\"http:\\\/\\\/gentedebasquet.com.ar\\\/sitio\\\/2015\\\/04\\\/22\\\/olimpo-tambien-esta-en-semis\\\/\"},\"author\":{\"name\":\"Gente de B\u00e1squet\",\"@id\":\"https:\\\/\\\/gentedebasquet.com.ar\\\/sitio\\\/#\\\/schema\\\/person\\\/ca0b63bbb977369988a7bbbdc519943a\"},\"headline\":\"Olimpo tambi\u00e9n est\u00e1 en semis\",\"datePublished\":\"2015-04-23T02:11:24+00:00\",\"mainEntityOfPage\":{\"@id\":\"http:\\\/\\\/gentedebasquet.com.ar\\\/sitio\\\/2015\\\/04\\\/22\\\/olimpo-tambien-esta-en-semis\\\/\"},\"wordCount\":527,\"image\":{\"@id\":\"http:\\\/\\\/gentedebasquet.com.ar\\\/sitio\\\/2015\\\/04\\\/22\\\/olimpo-tambien-esta-en-semis\\\/#primaryimage\"},\"thumbnailUrl\":\"https:\\\/\\\/gentedebasquet.com.ar\\\/sitio\\\/wp-content\\\/uploads\\\/2015\\\/04\\\/DSC_0104.jpg\",\"keywords\":[\"Agust\u00edn S\u00e1nchez\",\"Emilio Gimenez\",\"Gimnasia LP\",\"Juan Pablo Mor\u00e1n\",\"Lucas Mar\u00edn\",\"Ol\u00edmpo\",\"Sarmiento Jun\u00edn\",\"TFB\"],\"articleSection\":[\"Federal\",\"Nacional\",\"Slide\"],\"inLanguage\":\"es\"},{\"@type\":\"WebPage\",\"@id\":\"http:\\\/\\\/gentedebasquet.com.ar\\\/sitio\\\/2015\\\/04\\\/22\\\/olimpo-tambien-esta-en-semis\\\/\",\"url\":\"http:\\\/\\\/gentedebasquet.com.ar\\\/sitio\\\/2015\\\/04\\\/22\\\/olimpo-tambien-esta-en-semis\\\/\",\"name\":\"Olimpo tambi\u00e9n est\u00e1 en semis - Gente de B\u00e1squet\",\"isPartOf\":{\"@id\":\"https:\\\/\\\/gentedebasquet.com.ar\\\/sitio\\\/#website\"},\"primaryImageOfPage\":{\"@id\":\"http:\\\/\\\/gentedebasquet.com.ar\\\/sitio\\\/2015\\\/04\\\/22\\\/olimpo-tambien-esta-en-semis\\\/#primaryimage\"},\"image\":{\"@id\":\"http:\\\/\\\/gentedebasquet.com.ar\\\/sitio\\\/2015\\\/04\\\/22\\\/olimpo-tambien-esta-en-semis\\\/#primaryimage\"},\"thumbnailUrl\":\"https:\\\/\\\/gentedebasquet.com.ar\\\/sitio\\\/wp-content\\\/uploads\\\/2015\\\/04\\\/DSC_0104.jpg\",\"datePublished\":\"2015-04-23T02:11:24+00:00\",\"author\":{\"@id\":\"https:\\\/\\\/gentedebasquet.com.ar\\\/sitio\\\/#\\\/schema\\\/person\\\/ca0b63bbb977369988a7bbbdc519943a\"},\"breadcrumb\":{\"@id\":\"http:\\\/\\\/gentedebasquet.com.ar\\\/sitio\\\/2015\\\/04\\\/22\\\/olimpo-tambien-esta-en-semis\\\/#breadcrumb\"},\"inLanguage\":\"es\",\"potentialAction\":[{\"@type\":\"ReadAction\",\"target\":[\"http:\\\/\\\/gentedebasquet.com.ar\\\/sitio\\\/2015\\\/04\\\/22\\\/olimpo-tambien-esta-en-semis\\\/\"]}]},{\"@type\":\"ImageObject\",\"inLanguage\":\"es\",\"@id\":\"http:\\\/\\\/gentedebasquet.com.ar\\\/sitio\\\/2015\\\/04\\\/22\\\/olimpo-tambien-esta-en-semis\\\/#primaryimage\",\"url\":\"https:\\\/\\\/gentedebasquet.com.ar\\\/sitio\\\/wp-content\\\/uploads\\\/2015\\\/04\\\/DSC_0104.jpg\",\"contentUrl\":\"https:\\\/\\\/gentedebasquet.com.ar\\\/sitio\\\/wp-content\\\/uploads\\\/2015\\\/04\\\/DSC_0104.jpg\",\"width\":690,\"height\":319},{\"@type\":\"BreadcrumbList\",\"@id\":\"http:\\\/\\\/gentedebasquet.com.ar\\\/sitio\\\/2015\\\/04\\\/22\\\/olimpo-tambien-esta-en-semis\\\/#breadcrumb\",\"itemListElement\":[{\"@type\":\"ListItem\",\"position\":1,\"name\":\"Portada\",\"item\":\"https:\\\/\\\/gentedebasquet.com.ar\\\/sitio\\\/\"},{\"@type\":\"ListItem\",\"position\":2,\"name\":\"Olimpo tambi\u00e9n est\u00e1 en semis\"}]},{\"@type\":\"WebSite\",\"@id\":\"https:\\\/\\\/gentedebasquet.com.ar\\\/sitio\\\/#website\",\"url\":\"https:\\\/\\\/gentedebasquet.com.ar\\\/sitio\\\/\",\"name\":\"Gente de B\u00e1squet\",\"description\":\"La revista del basquet de Bah\u00eda Blanca\",\"potentialAction\":[{\"@type\":\"SearchAction\",\"target\":{\"@type\":\"EntryPoint\",\"urlTemplate\":\"https:\\\/\\\/gentedebasquet.com.ar\\\/sitio\\\/?s={search_term_string}\"},\"query-input\":{\"@type\":\"PropertyValueSpecification\",\"valueRequired\":true,\"valueName\":\"search_term_string\"}}],\"inLanguage\":\"es\"},{\"@type\":\"Person\",\"@id\":\"https:\\\/\\\/gentedebasquet.com.ar\\\/sitio\\\/#\\\/schema\\\/person\\\/ca0b63bbb977369988a7bbbdc519943a\",\"name\":\"Gente de B\u00e1squet\",\"image\":{\"@type\":\"ImageObject\",\"inLanguage\":\"es\",\"@id\":\"https:\\\/\\\/secure.gravatar.com\\\/avatar\\\/7f2c48bdc33b30088f941fb6082e555f2874c98e20cb159d7b92b50eadfce793?s=96&d=mm&r=g\",\"url\":\"https:\\\/\\\/secure.gravatar.com\\\/avatar\\\/7f2c48bdc33b30088f941fb6082e555f2874c98e20cb159d7b92b50eadfce793?s=96&d=mm&r=g\",\"contentUrl\":\"https:\\\/\\\/secure.gravatar.com\\\/avatar\\\/7f2c48bdc33b30088f941fb6082e555f2874c98e20cb159d7b92b50eadfce793?s=96&d=mm&r=g\",\"caption\":\"Gente de B\u00e1squet\"},\"sameAs\":[\"http:\\\/\\\/gentedebasquet.com.ar\\\/sitio\"],\"url\":\"https:\\\/\\\/gentedebasquet.com.ar\\\/sitio\\\/author\\\/ulises\\\/\"}]}<\/script>\n<!-- \/ Yoast SEO plugin. -->","yoast_head_json":{"title":"Olimpo tambi\u00e9n est\u00e1 en semis - Gente de B\u00e1squet","robots":{"index":"index","follow":"follow","max-snippet":"max-snippet:-1","max-image-preview":"max-image-preview:large","max-video-preview":"max-video-preview:-1"},"canonical":"http:\/\/gentedebasquet.com.ar\/sitio\/2015\/04\/22\/olimpo-tambien-esta-en-semis\/","og_locale":"es_ES","og_type":"article","og_title":"Olimpo tambi\u00e9n est\u00e1 en semis - Gente de B\u00e1squet","og_description":"Venci\u00f3 a Sarmiento (Jun\u00edn) por 105-89, cerr\u00f3 la serie 3-2 e ir\u00e1 por Gimnasia La Plata","og_url":"http:\/\/gentedebasquet.com.ar\/sitio\/2015\/04\/22\/olimpo-tambien-esta-en-semis\/","og_site_name":"Gente de B\u00e1squet","article_published_time":"2015-04-23T02:11:24+00:00","og_image":[{"width":690,"height":319,"url":"http:\/\/gentedebasquet.com.ar\/sitio\/wp-content\/uploads\/2015\/04\/DSC_0104.jpg","type":"image\/jpeg"}],"author":"Gente de B\u00e1squet","twitter_card":"summary_large_image","twitter_misc":{"Escrito por":"Gente de B\u00e1squet","Tiempo de lectura":"3 minutos"},"schema":{"@context":"https:\/\/schema.org","@graph":[{"@type":"Article","@id":"http:\/\/gentedebasquet.com.ar\/sitio\/2015\/04\/22\/olimpo-tambien-esta-en-semis\/#article","isPartOf":{"@id":"http:\/\/gentedebasquet.com.ar\/sitio\/2015\/04\/22\/olimpo-tambien-esta-en-semis\/"},"author":{"name":"Gente de B\u00e1squet","@id":"https:\/\/gentedebasquet.com.ar\/sitio\/#\/schema\/person\/ca0b63bbb977369988a7bbbdc519943a"},"headline":"Olimpo tambi\u00e9n est\u00e1 en semis","datePublished":"2015-04-23T02:11:24+00:00","mainEntityOfPage":{"@id":"http:\/\/gentedebasquet.com.ar\/sitio\/2015\/04\/22\/olimpo-tambien-esta-en-semis\/"},"wordCount":527,"image":{"@id":"http:\/\/gentedebasquet.com.ar\/sitio\/2015\/04\/22\/olimpo-tambien-esta-en-semis\/#primaryimage"},"thumbnailUrl":"https:\/\/gentedebasquet.com.ar\/sitio\/wp-content\/uploads\/2015\/04\/DSC_0104.jpg","keywords":["Agust\u00edn S\u00e1nchez","Emilio Gimenez","Gimnasia LP","Juan Pablo Mor\u00e1n","Lucas Mar\u00edn","Ol\u00edmpo","Sarmiento Jun\u00edn","TFB"],"articleSection":["Federal","Nacional","Slide"],"inLanguage":"es"},{"@type":"WebPage","@id":"http:\/\/gentedebasquet.com.ar\/sitio\/2015\/04\/22\/olimpo-tambien-esta-en-semis\/","url":"http:\/\/gentedebasquet.com.ar\/sitio\/2015\/04\/22\/olimpo-tambien-esta-en-semis\/","name":"Olimpo tambi\u00e9n est\u00e1 en semis - Gente de B\u00e1squet","isPartOf":{"@id":"https:\/\/gentedebasquet.com.ar\/sitio\/#website"},"primaryImageOfPage":{"@id":"http:\/\/gentedebasquet.com.ar\/sitio\/2015\/04\/22\/olimpo-tambien-esta-en-semis\/#primaryimage"},"image":{"@id":"http:\/\/gentedebasquet.com.ar\/sitio\/2015\/04\/22\/olimpo-tambien-esta-en-semis\/#primaryimage"},"thumbnailUrl":"https:\/\/gentedebasquet.com.ar\/sitio\/wp-content\/uploads\/2015\/04\/DSC_0104.jpg","datePublished":"2015-04-23T02:11:24+00:00","author":{"@id":"https:\/\/gentedebasquet.com.ar\/sitio\/#\/schema\/person\/ca0b63bbb977369988a7bbbdc519943a"},"breadcrumb":{"@id":"http:\/\/gentedebasquet.com.ar\/sitio\/2015\/04\/22\/olimpo-tambien-esta-en-semis\/#breadcrumb"},"inLanguage":"es","potentialAction":[{"@type":"ReadAction","target":["http:\/\/gentedebasquet.com.ar\/sitio\/2015\/04\/22\/olimpo-tambien-esta-en-semis\/"]}]},{"@type":"ImageObject","inLanguage":"es","@id":"http:\/\/gentedebasquet.com.ar\/sitio\/2015\/04\/22\/olimpo-tambien-esta-en-semis\/#primaryimage","url":"https:\/\/gentedebasquet.com.ar\/sitio\/wp-content\/uploads\/2015\/04\/DSC_0104.jpg","contentUrl":"https:\/\/gentedebasquet.com.ar\/sitio\/wp-content\/uploads\/2015\/04\/DSC_0104.jpg","width":690,"height":319},{"@type":"BreadcrumbList","@id":"http:\/\/gentedebasquet.com.ar\/sitio\/2015\/04\/22\/olimpo-tambien-esta-en-semis\/#breadcrumb","itemListElement":[{"@type":"ListItem","position":1,"name":"Portada","item":"https:\/\/gentedebasquet.com.ar\/sitio\/"},{"@type":"ListItem","position":2,"name":"Olimpo tambi\u00e9n est\u00e1 en semis"}]},{"@type":"WebSite","@id":"https:\/\/gentedebasquet.com.ar\/sitio\/#website","url":"https:\/\/gentedebasquet.com.ar\/sitio\/","name":"Gente de B\u00e1squet","description":"La revista del basquet de Bah\u00eda Blanca","potentialAction":[{"@type":"SearchAction","target":{"@type":"EntryPoint","urlTemplate":"https:\/\/gentedebasquet.com.ar\/sitio\/?s={search_term_string}"},"query-input":{"@type":"PropertyValueSpecification","valueRequired":true,"valueName":"search_term_string"}}],"inLanguage":"es"},{"@type":"Person","@id":"https:\/\/gentedebasquet.com.ar\/sitio\/#\/schema\/person\/ca0b63bbb977369988a7bbbdc519943a","name":"Gente de B\u00e1squet","image":{"@type":"ImageObject","inLanguage":"es","@id":"https:\/\/secure.gravatar.com\/avatar\/7f2c48bdc33b30088f941fb6082e555f2874c98e20cb159d7b92b50eadfce793?s=96&d=mm&r=g","url":"https:\/\/secure.gravatar.com\/avatar\/7f2c48bdc33b30088f941fb6082e555f2874c98e20cb159d7b92b50eadfce793?s=96&d=mm&r=g","contentUrl":"https:\/\/secure.gravatar.com\/avatar\/7f2c48bdc33b30088f941fb6082e555f2874c98e20cb159d7b92b50eadfce793?s=96&d=mm&r=g","caption":"Gente de B\u00e1squet"},"sameAs":["http:\/\/gentedebasquet.com.ar\/sitio"],"url":"https:\/\/gentedebasquet.com.ar\/sitio\/author\/ulises\/"}]}},"_links":{"self":[{"href":"https:\/\/gentedebasquet.com.ar\/sitio\/wp-json\/wp\/v2\/posts\/44312","targetHints":{"allow":["GET"]}}],"collection":[{"href":"https:\/\/gentedebasquet.com.ar\/sitio\/wp-json\/wp\/v2\/posts"}],"about":[{"href":"https:\/\/gentedebasquet.com.ar\/sitio\/wp-json\/wp\/v2\/types\/post"}],"author":[{"embeddable":true,"href":"https:\/\/gentedebasquet.com.ar\/sitio\/wp-json\/wp\/v2\/users\/1"}],"replies":[{"embeddable":true,"href":"https:\/\/gentedebasquet.com.ar\/sitio\/wp-json\/wp\/v2\/comments?post=44312"}],"version-history":[{"count":0,"href":"https:\/\/gentedebasquet.com.ar\/sitio\/wp-json\/wp\/v2\/posts\/44312\/revisions"}],"wp:featuredmedia":[{"embeddable":true,"href":"https:\/\/gentedebasquet.com.ar\/sitio\/wp-json\/wp\/v2\/media\/44313"}],"wp:attachment":[{"href":"https:\/\/gentedebasquet.com.ar\/sitio\/wp-json\/wp\/v2\/media?parent=44312"}],"wp:term":[{"taxonomy":"category","embeddable":true,"href":"https:\/\/gentedebasquet.com.ar\/sitio\/wp-json\/wp\/v2\/categories?post=44312"},{"taxonomy":"post_tag","embeddable":true,"href":"https:\/\/gentedebasquet.com.ar\/sitio\/wp-json\/wp\/v2\/tags?post=44312"}],"curies":[{"name":"wp","href":"https:\/\/api.w.org\/{rel}","templated":true}]}}