{"id":44332,"date":"2015-04-23T23:37:43","date_gmt":"2015-04-24T02:37:43","guid":{"rendered":"http:\/\/www.gentedebasquet.com.ar\/?p=44332"},"modified":"2015-04-23T23:37:43","modified_gmt":"2015-04-24T02:37:43","slug":"si-no-se-sufre-no-vale-2","status":"publish","type":"post","link":"https:\/\/gentedebasquet.com.ar\/sitio\/2015\/04\/23\/si-no-se-sufre-no-vale-2\/","title":{"rendered":"Si no se sufre, no vale"},"content":{"rendered":"<p><b>Villa Mitre logr\u00f3 una dificultosa victoria como visitante ante El Nacional, por 75 a 70.\u00a0 El conjunto de Ariel Ugolini ubic\u00f3 a cuatro jugadores por encima del doble d\u00edgito, destac\u00e1ndose las tareas de Gast\u00f3n Diomedi (18 puntos, 2-5 en T3, 4-8 en T2 y 4-5 en TL) y David Pineda (15, con 7-7 en TL, 4-8 en T2 y 7 rebotes.\u00a0 En el local, Nicol\u00e1s Quiroga (14, con 5-6 en T2 y 11\u00a0 rebotes) y Francisco Hoffman (13, con 2-6 en T3 y 3-3 en T2) fueron los de mejor rendimiento.<\/b><\/p>\n<p>Sufriendo, yendo de menor a mayor, ajustando cuarto a cuarto disposiciones t\u00e1cticas, fue que el tricolor se hizo de un ajustado y laborioso triunfo en el Hermanos Ciccioli, ante un El Nacional que demostr\u00f3 que (contra todo pron\u00f3stico) puede resultar una parada muy complicada en la temporada 2015.<\/p>\n<p>Desde el arranque, los dirigidos por Juan Garc\u00eda hicieron sentir su local\u00eda ante un inusual marco de buen p\u00fablico.\u00a0 El celeste puso mucha gente a defender la zona pintada, y logr\u00f3 que Villa Mitre cierre un abismal 1C en porcentaje de campo (2-16).\u00a0 Clave fue en el segmento la tarea de poste bajo de Nicol\u00e1s Quiroga (4 rebotes y dos tapones) y el aporte ofensivo desde el banco de Pomar Garbarino (6).<\/p>\n<p>Ya en el 2C, comenz\u00f3 a notarse la mano de Ugolini en el planteo del partido: por momentos, el tricolor marc\u00f3 en zona 2-3 para cortar el juego interno del local.\u00a0 Y en ataque, dos triples consecutivos de Diomedi y un tanto de Pineda aprovechando una mejor circulaci\u00f3n del bal\u00f3n en el per\u00edodo, permitieron firmar parcial de 8-0 para la visita en apenas 2m29s minutos.\u00a0 Sin embargo, los de Garc\u00eda tambi\u00e9n encontraron respuestas desde el per\u00edmetro (3-7) y de la mano de \u201cPancho\u201d Hoffman (5) se fueron al descanso largo arriba en el electr\u00f3nico (35-31).<\/p>\n<p>Al regreso de los vestuarios, Villa Mitre volvi\u00f3 a defender en zona, pero concedi\u00f3 un poco el tiro perimetral a un Braian Alonso que conect\u00f3 dos veces desde los 6,75 metros, posibilitando a El Nacional concretar racha de 10-3 en los primeros 3m23s del 3C. Sin embargo, el tricolor respondi\u00f3 con otro parcial: 11-3 en otros 3 minutos de juego, aprovechando las arremetidas al aro de Diomedi (6) y dejando sentadas las bases para un final abierto (52-49).<\/p>\n<p>En el ep\u00edlogo, el conjunto de Ariel Ugolini termin\u00f3 de concretar el envi\u00f3n an\u00edmico\/t\u00e9cnico que produjo a lo largo de todo el encuentro y, mediante seguidilla de 12-4 en 4 minutos del 4C, comenz\u00f3 a encaminar al tricolor al triunfo.\u00a0 La explosi\u00f3n de Berdini en el segmento (10) y la excelente tarea defensiva de Villla Mitre, utilizando en algunos momentos zona 2-3, en otros doble marca al bal\u00f3n y trampa en mitad de cancha, provocaron un descontrol en el manejo del bal\u00f3n para El Nacional (7 p\u00e9rdidas).<\/p>\n<p>Un desperfecto en el tablero electr\u00f3nico demor\u00f3 las acciones durante 10 minutos aproximadamente, a falta de dos para el final con el marcador 67-70 a favor de la visita, luego de dos triples consecutivos del local que achicaron el d\u00e9ficit.\u00a0 Quiroga tuvo la chance de colocar al celeste abajo por la m\u00ednima, pero marr\u00f3 dos libres que dos segundos m\u00e1s tarde, Marcelo Berdini sumar\u00eda a la ventaja global y definitiva a favor de Villa Mitre.<\/p>\n<p>Una cosa m\u00e1s: a prestar atenci\u00f3n a Carlos P\u00e9rez, el nuevo juvenil que incorpor\u00f3 Villa Mitre para la temporada 2015. \u00a0El proveniente de Brown de Puerto Madryn sum\u00f3 buena cantidad de minutos y puntos (17 en total) en sus dos primeras presentaciones con el tricolor.<\/p>\n<p>[youtube]https:\/\/www.youtube.com\/watch?v=L1Gg0uulPrY[\/youtube]<\/p>\n<p>&nbsp;<\/p>\n<p><strong>S\u00edntesis |\u00a0<\/strong>Primera Divisi\u00f3n &#8211; Fecha #3<\/p>\n<p><strong>El Nacional 70:\u00a0<\/strong>Braian Alonso 12, Federico Harina 6, Francisco Hoffman 13, Francisco Desimoni 0, Nicol\u00e1s Quiroga 14 (FI); Mat\u00edas Monteoliva 5 (x), Pomar Garbarino 10, Gonzalo Moreyra 0, Nicol\u00e1s Vera 2, Emiliano Iraola 5, Facundo Mart\u00ednez 3. \u00a0D.T: Juan Andr\u00e9s Garc\u00eda.<\/p>\n<p><strong>Villa Mitre 75:\u00a0<\/strong>Marcelo Berdini 11, Gast\u00f3n Diomedi 18, Nicol\u00e1s Renzi 13, David Pineda 15, Javier Bollo 9 (FI); Carlos P\u00e9rez 9, Santiago Bussetti 0. \u00a0D.T: Ariel Ugolini.<\/p>\n<p><strong>Parciales:\u00a0<\/strong>17-10, 35-31 (18-21), 52-49 (17-18), 70-75 (18-26).<\/p>\n<p><strong>\u00c1rbitros:\u00a0<\/strong>Eduardo Ferreyra &#8211; Alejandro Go\u00f1i.<\/p>\n<p><strong>Estadio:\u00a0<\/strong>Hermanos Ciccioli (El Nacional).<\/p>\n<p><a class=\"modalf iframe\" title=\"Planilla\" href=\"https:\/\/docs.google.com\/spreadsheets\/d\/1HBIovnZ8QwfqSq40u10mtCFAaXOHZzMPxJC5crDYyXs\/pubhtml\" target=\"_blank\" rel=\"noopener\">Ver Planilla<\/a><\/p>\n<p>&nbsp;<\/p>\n<p>[youtube]https:\/\/www.youtube.com\/watch?v=WpQvvdkurLQ[\/youtube]<\/p>\n","protected":false},"excerpt":{"rendered":"<p>Villa Mitre pele\u00f3 cuesta arriba todo el partido, pero venci\u00f3 a El Nacional 75 a 70<\/p>\n","protected":false},"author":1,"featured_media":44333,"comment_status":"closed","ping_status":"open","sticky":false,"template":"","format":"standard","meta":{"jnews-multi-image_gallery":[],"jnews_single_post":[],"jnews_primary_category":[],"footnotes":""},"categories":[23,101],"tags":[613,228,614,615,321,283,232,616],"class_list":["post-44332","post","type-post","status-publish","format-standard","has-post-thumbnail","hentry","category-primera","category-slide","tag-braian-alonso","tag-david-pineda","tag-francisco-hoffman","tag-gaston-diomedi","tag-marcelo-berdini","tag-nicolas-quiroga","tag-nicolas-renzi","tag-pomar-garbarino"],"yoast_head":"<!-- This site is optimized with the Yoast SEO plugin v27.5 - https:\/\/yoast.com\/product\/yoast-seo-wordpress\/ -->\n<title>Si no se sufre, no vale - Gente de B\u00e1squet<\/title>\n<meta name=\"robots\" content=\"index, follow, max-snippet:-1, max-image-preview:large, max-video-preview:-1\" \/>\n<link rel=\"canonical\" href=\"http:\/\/gentedebasquet.com.ar\/sitio\/2015\/04\/23\/si-no-se-sufre-no-vale-2\/\" \/>\n<meta property=\"og:locale\" content=\"es_ES\" \/>\n<meta property=\"og:type\" content=\"article\" \/>\n<meta property=\"og:title\" content=\"Si no se sufre, no vale - Gente de B\u00e1squet\" \/>\n<meta property=\"og:description\" content=\"Villa Mitre pele\u00f3 cuesta arriba todo el partido, pero venci\u00f3 a El Nacional 75 a 70\" \/>\n<meta property=\"og:url\" content=\"http:\/\/gentedebasquet.com.ar\/sitio\/2015\/04\/23\/si-no-se-sufre-no-vale-2\/\" \/>\n<meta property=\"og:site_name\" content=\"Gente de B\u00e1squet\" \/>\n<meta property=\"article:published_time\" content=\"2015-04-24T02:37:43+00:00\" \/>\n<meta property=\"og:image\" content=\"http:\/\/gentedebasquet.com.ar\/sitio\/wp-content\/uploads\/2015\/04\/diomedi.jpg\" \/>\n\t<meta property=\"og:image:width\" content=\"690\" \/>\n\t<meta property=\"og:image:height\" content=\"319\" \/>\n\t<meta property=\"og:image:type\" content=\"image\/jpeg\" \/>\n<meta name=\"author\" content=\"Gente de B\u00e1squet\" \/>\n<meta name=\"twitter:card\" content=\"summary_large_image\" \/>\n<meta name=\"twitter:label1\" content=\"Escrito por\" \/>\n\t<meta name=\"twitter:data1\" content=\"Gente de B\u00e1squet\" \/>\n\t<meta name=\"twitter:label2\" content=\"Tiempo de lectura\" \/>\n\t<meta name=\"twitter:data2\" content=\"4 minutos\" \/>\n<script type=\"application\/ld+json\" class=\"yoast-schema-graph\">{\"@context\":\"https:\\\/\\\/schema.org\",\"@graph\":[{\"@type\":\"Article\",\"@id\":\"http:\\\/\\\/gentedebasquet.com.ar\\\/sitio\\\/2015\\\/04\\\/23\\\/si-no-se-sufre-no-vale-2\\\/#article\",\"isPartOf\":{\"@id\":\"http:\\\/\\\/gentedebasquet.com.ar\\\/sitio\\\/2015\\\/04\\\/23\\\/si-no-se-sufre-no-vale-2\\\/\"},\"author\":{\"name\":\"Gente de B\u00e1squet\",\"@id\":\"https:\\\/\\\/gentedebasquet.com.ar\\\/sitio\\\/#\\\/schema\\\/person\\\/ca0b63bbb977369988a7bbbdc519943a\"},\"headline\":\"Si no se sufre, no vale\",\"datePublished\":\"2015-04-24T02:37:43+00:00\",\"mainEntityOfPage\":{\"@id\":\"http:\\\/\\\/gentedebasquet.com.ar\\\/sitio\\\/2015\\\/04\\\/23\\\/si-no-se-sufre-no-vale-2\\\/\"},\"wordCount\":724,\"image\":{\"@id\":\"http:\\\/\\\/gentedebasquet.com.ar\\\/sitio\\\/2015\\\/04\\\/23\\\/si-no-se-sufre-no-vale-2\\\/#primaryimage\"},\"thumbnailUrl\":\"https:\\\/\\\/gentedebasquet.com.ar\\\/sitio\\\/wp-content\\\/uploads\\\/2015\\\/04\\\/diomedi.jpg\",\"keywords\":[\"braian alonso\",\"David Pineda\",\"Francisco Hoffman\",\"Gaston Diomedi\",\"Marcelo Berdini\",\"Nicol\u00e1s Quiroga\",\"Nicol\u00e1s Renzi\",\"pomar garbarino\"],\"articleSection\":[\"Primera\",\"Slide\"],\"inLanguage\":\"es\"},{\"@type\":\"WebPage\",\"@id\":\"http:\\\/\\\/gentedebasquet.com.ar\\\/sitio\\\/2015\\\/04\\\/23\\\/si-no-se-sufre-no-vale-2\\\/\",\"url\":\"http:\\\/\\\/gentedebasquet.com.ar\\\/sitio\\\/2015\\\/04\\\/23\\\/si-no-se-sufre-no-vale-2\\\/\",\"name\":\"Si no se sufre, no vale - Gente de B\u00e1squet\",\"isPartOf\":{\"@id\":\"https:\\\/\\\/gentedebasquet.com.ar\\\/sitio\\\/#website\"},\"primaryImageOfPage\":{\"@id\":\"http:\\\/\\\/gentedebasquet.com.ar\\\/sitio\\\/2015\\\/04\\\/23\\\/si-no-se-sufre-no-vale-2\\\/#primaryimage\"},\"image\":{\"@id\":\"http:\\\/\\\/gentedebasquet.com.ar\\\/sitio\\\/2015\\\/04\\\/23\\\/si-no-se-sufre-no-vale-2\\\/#primaryimage\"},\"thumbnailUrl\":\"https:\\\/\\\/gentedebasquet.com.ar\\\/sitio\\\/wp-content\\\/uploads\\\/2015\\\/04\\\/diomedi.jpg\",\"datePublished\":\"2015-04-24T02:37:43+00:00\",\"author\":{\"@id\":\"https:\\\/\\\/gentedebasquet.com.ar\\\/sitio\\\/#\\\/schema\\\/person\\\/ca0b63bbb977369988a7bbbdc519943a\"},\"breadcrumb\":{\"@id\":\"http:\\\/\\\/gentedebasquet.com.ar\\\/sitio\\\/2015\\\/04\\\/23\\\/si-no-se-sufre-no-vale-2\\\/#breadcrumb\"},\"inLanguage\":\"es\",\"potentialAction\":[{\"@type\":\"ReadAction\",\"target\":[\"http:\\\/\\\/gentedebasquet.com.ar\\\/sitio\\\/2015\\\/04\\\/23\\\/si-no-se-sufre-no-vale-2\\\/\"]}]},{\"@type\":\"ImageObject\",\"inLanguage\":\"es\",\"@id\":\"http:\\\/\\\/gentedebasquet.com.ar\\\/sitio\\\/2015\\\/04\\\/23\\\/si-no-se-sufre-no-vale-2\\\/#primaryimage\",\"url\":\"https:\\\/\\\/gentedebasquet.com.ar\\\/sitio\\\/wp-content\\\/uploads\\\/2015\\\/04\\\/diomedi.jpg\",\"contentUrl\":\"https:\\\/\\\/gentedebasquet.com.ar\\\/sitio\\\/wp-content\\\/uploads\\\/2015\\\/04\\\/diomedi.jpg\",\"width\":690,\"height\":319},{\"@type\":\"BreadcrumbList\",\"@id\":\"http:\\\/\\\/gentedebasquet.com.ar\\\/sitio\\\/2015\\\/04\\\/23\\\/si-no-se-sufre-no-vale-2\\\/#breadcrumb\",\"itemListElement\":[{\"@type\":\"ListItem\",\"position\":1,\"name\":\"Portada\",\"item\":\"https:\\\/\\\/gentedebasquet.com.ar\\\/sitio\\\/\"},{\"@type\":\"ListItem\",\"position\":2,\"name\":\"Si no se sufre, no vale\"}]},{\"@type\":\"WebSite\",\"@id\":\"https:\\\/\\\/gentedebasquet.com.ar\\\/sitio\\\/#website\",\"url\":\"https:\\\/\\\/gentedebasquet.com.ar\\\/sitio\\\/\",\"name\":\"Gente de B\u00e1squet\",\"description\":\"La revista del basquet de Bah\u00eda Blanca\",\"potentialAction\":[{\"@type\":\"SearchAction\",\"target\":{\"@type\":\"EntryPoint\",\"urlTemplate\":\"https:\\\/\\\/gentedebasquet.com.ar\\\/sitio\\\/?s={search_term_string}\"},\"query-input\":{\"@type\":\"PropertyValueSpecification\",\"valueRequired\":true,\"valueName\":\"search_term_string\"}}],\"inLanguage\":\"es\"},{\"@type\":\"Person\",\"@id\":\"https:\\\/\\\/gentedebasquet.com.ar\\\/sitio\\\/#\\\/schema\\\/person\\\/ca0b63bbb977369988a7bbbdc519943a\",\"name\":\"Gente de B\u00e1squet\",\"image\":{\"@type\":\"ImageObject\",\"inLanguage\":\"es\",\"@id\":\"https:\\\/\\\/secure.gravatar.com\\\/avatar\\\/7f2c48bdc33b30088f941fb6082e555f2874c98e20cb159d7b92b50eadfce793?s=96&d=mm&r=g\",\"url\":\"https:\\\/\\\/secure.gravatar.com\\\/avatar\\\/7f2c48bdc33b30088f941fb6082e555f2874c98e20cb159d7b92b50eadfce793?s=96&d=mm&r=g\",\"contentUrl\":\"https:\\\/\\\/secure.gravatar.com\\\/avatar\\\/7f2c48bdc33b30088f941fb6082e555f2874c98e20cb159d7b92b50eadfce793?s=96&d=mm&r=g\",\"caption\":\"Gente de B\u00e1squet\"},\"sameAs\":[\"http:\\\/\\\/gentedebasquet.com.ar\\\/sitio\"],\"url\":\"https:\\\/\\\/gentedebasquet.com.ar\\\/sitio\\\/author\\\/ulises\\\/\"}]}<\/script>\n<!-- \/ Yoast SEO plugin. -->","yoast_head_json":{"title":"Si no se sufre, no vale - Gente de B\u00e1squet","robots":{"index":"index","follow":"follow","max-snippet":"max-snippet:-1","max-image-preview":"max-image-preview:large","max-video-preview":"max-video-preview:-1"},"canonical":"http:\/\/gentedebasquet.com.ar\/sitio\/2015\/04\/23\/si-no-se-sufre-no-vale-2\/","og_locale":"es_ES","og_type":"article","og_title":"Si no se sufre, no vale - Gente de B\u00e1squet","og_description":"Villa Mitre pele\u00f3 cuesta arriba todo el partido, pero venci\u00f3 a El Nacional 75 a 70","og_url":"http:\/\/gentedebasquet.com.ar\/sitio\/2015\/04\/23\/si-no-se-sufre-no-vale-2\/","og_site_name":"Gente de B\u00e1squet","article_published_time":"2015-04-24T02:37:43+00:00","og_image":[{"width":690,"height":319,"url":"http:\/\/gentedebasquet.com.ar\/sitio\/wp-content\/uploads\/2015\/04\/diomedi.jpg","type":"image\/jpeg"}],"author":"Gente de B\u00e1squet","twitter_card":"summary_large_image","twitter_misc":{"Escrito por":"Gente de B\u00e1squet","Tiempo de lectura":"4 minutos"},"schema":{"@context":"https:\/\/schema.org","@graph":[{"@type":"Article","@id":"http:\/\/gentedebasquet.com.ar\/sitio\/2015\/04\/23\/si-no-se-sufre-no-vale-2\/#article","isPartOf":{"@id":"http:\/\/gentedebasquet.com.ar\/sitio\/2015\/04\/23\/si-no-se-sufre-no-vale-2\/"},"author":{"name":"Gente de B\u00e1squet","@id":"https:\/\/gentedebasquet.com.ar\/sitio\/#\/schema\/person\/ca0b63bbb977369988a7bbbdc519943a"},"headline":"Si no se sufre, no vale","datePublished":"2015-04-24T02:37:43+00:00","mainEntityOfPage":{"@id":"http:\/\/gentedebasquet.com.ar\/sitio\/2015\/04\/23\/si-no-se-sufre-no-vale-2\/"},"wordCount":724,"image":{"@id":"http:\/\/gentedebasquet.com.ar\/sitio\/2015\/04\/23\/si-no-se-sufre-no-vale-2\/#primaryimage"},"thumbnailUrl":"https:\/\/gentedebasquet.com.ar\/sitio\/wp-content\/uploads\/2015\/04\/diomedi.jpg","keywords":["braian alonso","David Pineda","Francisco Hoffman","Gaston Diomedi","Marcelo Berdini","Nicol\u00e1s Quiroga","Nicol\u00e1s Renzi","pomar garbarino"],"articleSection":["Primera","Slide"],"inLanguage":"es"},{"@type":"WebPage","@id":"http:\/\/gentedebasquet.com.ar\/sitio\/2015\/04\/23\/si-no-se-sufre-no-vale-2\/","url":"http:\/\/gentedebasquet.com.ar\/sitio\/2015\/04\/23\/si-no-se-sufre-no-vale-2\/","name":"Si no se sufre, no vale - Gente de B\u00e1squet","isPartOf":{"@id":"https:\/\/gentedebasquet.com.ar\/sitio\/#website"},"primaryImageOfPage":{"@id":"http:\/\/gentedebasquet.com.ar\/sitio\/2015\/04\/23\/si-no-se-sufre-no-vale-2\/#primaryimage"},"image":{"@id":"http:\/\/gentedebasquet.com.ar\/sitio\/2015\/04\/23\/si-no-se-sufre-no-vale-2\/#primaryimage"},"thumbnailUrl":"https:\/\/gentedebasquet.com.ar\/sitio\/wp-content\/uploads\/2015\/04\/diomedi.jpg","datePublished":"2015-04-24T02:37:43+00:00","author":{"@id":"https:\/\/gentedebasquet.com.ar\/sitio\/#\/schema\/person\/ca0b63bbb977369988a7bbbdc519943a"},"breadcrumb":{"@id":"http:\/\/gentedebasquet.com.ar\/sitio\/2015\/04\/23\/si-no-se-sufre-no-vale-2\/#breadcrumb"},"inLanguage":"es","potentialAction":[{"@type":"ReadAction","target":["http:\/\/gentedebasquet.com.ar\/sitio\/2015\/04\/23\/si-no-se-sufre-no-vale-2\/"]}]},{"@type":"ImageObject","inLanguage":"es","@id":"http:\/\/gentedebasquet.com.ar\/sitio\/2015\/04\/23\/si-no-se-sufre-no-vale-2\/#primaryimage","url":"https:\/\/gentedebasquet.com.ar\/sitio\/wp-content\/uploads\/2015\/04\/diomedi.jpg","contentUrl":"https:\/\/gentedebasquet.com.ar\/sitio\/wp-content\/uploads\/2015\/04\/diomedi.jpg","width":690,"height":319},{"@type":"BreadcrumbList","@id":"http:\/\/gentedebasquet.com.ar\/sitio\/2015\/04\/23\/si-no-se-sufre-no-vale-2\/#breadcrumb","itemListElement":[{"@type":"ListItem","position":1,"name":"Portada","item":"https:\/\/gentedebasquet.com.ar\/sitio\/"},{"@type":"ListItem","position":2,"name":"Si no se sufre, no vale"}]},{"@type":"WebSite","@id":"https:\/\/gentedebasquet.com.ar\/sitio\/#website","url":"https:\/\/gentedebasquet.com.ar\/sitio\/","name":"Gente de B\u00e1squet","description":"La revista del basquet de Bah\u00eda Blanca","potentialAction":[{"@type":"SearchAction","target":{"@type":"EntryPoint","urlTemplate":"https:\/\/gentedebasquet.com.ar\/sitio\/?s={search_term_string}"},"query-input":{"@type":"PropertyValueSpecification","valueRequired":true,"valueName":"search_term_string"}}],"inLanguage":"es"},{"@type":"Person","@id":"https:\/\/gentedebasquet.com.ar\/sitio\/#\/schema\/person\/ca0b63bbb977369988a7bbbdc519943a","name":"Gente de B\u00e1squet","image":{"@type":"ImageObject","inLanguage":"es","@id":"https:\/\/secure.gravatar.com\/avatar\/7f2c48bdc33b30088f941fb6082e555f2874c98e20cb159d7b92b50eadfce793?s=96&d=mm&r=g","url":"https:\/\/secure.gravatar.com\/avatar\/7f2c48bdc33b30088f941fb6082e555f2874c98e20cb159d7b92b50eadfce793?s=96&d=mm&r=g","contentUrl":"https:\/\/secure.gravatar.com\/avatar\/7f2c48bdc33b30088f941fb6082e555f2874c98e20cb159d7b92b50eadfce793?s=96&d=mm&r=g","caption":"Gente de B\u00e1squet"},"sameAs":["http:\/\/gentedebasquet.com.ar\/sitio"],"url":"https:\/\/gentedebasquet.com.ar\/sitio\/author\/ulises\/"}]}},"_links":{"self":[{"href":"https:\/\/gentedebasquet.com.ar\/sitio\/wp-json\/wp\/v2\/posts\/44332","targetHints":{"allow":["GET"]}}],"collection":[{"href":"https:\/\/gentedebasquet.com.ar\/sitio\/wp-json\/wp\/v2\/posts"}],"about":[{"href":"https:\/\/gentedebasquet.com.ar\/sitio\/wp-json\/wp\/v2\/types\/post"}],"author":[{"embeddable":true,"href":"https:\/\/gentedebasquet.com.ar\/sitio\/wp-json\/wp\/v2\/users\/1"}],"replies":[{"embeddable":true,"href":"https:\/\/gentedebasquet.com.ar\/sitio\/wp-json\/wp\/v2\/comments?post=44332"}],"version-history":[{"count":0,"href":"https:\/\/gentedebasquet.com.ar\/sitio\/wp-json\/wp\/v2\/posts\/44332\/revisions"}],"wp:featuredmedia":[{"embeddable":true,"href":"https:\/\/gentedebasquet.com.ar\/sitio\/wp-json\/wp\/v2\/media\/44333"}],"wp:attachment":[{"href":"https:\/\/gentedebasquet.com.ar\/sitio\/wp-json\/wp\/v2\/media?parent=44332"}],"wp:term":[{"taxonomy":"category","embeddable":true,"href":"https:\/\/gentedebasquet.com.ar\/sitio\/wp-json\/wp\/v2\/categories?post=44332"},{"taxonomy":"post_tag","embeddable":true,"href":"https:\/\/gentedebasquet.com.ar\/sitio\/wp-json\/wp\/v2\/tags?post=44332"}],"curies":[{"name":"wp","href":"https:\/\/api.w.org\/{rel}","templated":true}]}}