{"id":44554,"date":"2015-04-26T22:51:38","date_gmt":"2015-04-27T01:51:38","guid":{"rendered":"http:\/\/www.gentedebasquet.com.ar\/?p=44554"},"modified":"2015-04-26T22:51:38","modified_gmt":"2015-04-27T01:51:38","slug":"olimpo-pego-primero","status":"publish","type":"post","link":"https:\/\/gentedebasquet.com.ar\/sitio\/2015\/04\/26\/olimpo-pego-primero\/","title":{"rendered":"Olimpo peg\u00f3 primero"},"content":{"rendered":"<p><strong>El aurinegro venci\u00f3 en La Plata a Gimnasia por 86 a 82, recuper\u00f3 la ventaja de local\u00eda y se adelant\u00f3 1-0 en la semifinales del Torneo Federal. Ingres\u00f3 enchufado (12-26) y control\u00f3 a La Bella con Marcos Fern\u00e1ndez. Luego soport\u00f3 el embate del Lobo con goleo en Mar\u00edn (24), Mor\u00e1n (21) y Piuma (22). Este martes ir\u00e1 el segundo punto, tambi\u00e9n en la ciudad de las diagonales.<\/strong><\/p>\n<p>Con clima de final, as\u00ed se vivi\u00f3 adentro y afuera de la cancha. La gente acompa\u00f1o de gran manera y el partido fue vibrante hasta los \u00faltimos segundos.\u00a0La eficacia del visitante fue la clave, con un gran primer tiempo de Marcelo Piuma y un complemento vital de Lucas Mar\u00edn, el goleador con 24 tantos.\u00a0En el lobo Lisandro Villa igual\u00f3 esa cifra y fue lo m\u00e1s alto, para destacar el ingreso de Gonzalo Sotelo, que aport\u00f3 15 unidades, producto de 5 triples.<\/p>\n<p>Las acciones comenzaron favorables al aurinegro, que de arranque sacaba una buena ventaja en el marcador y lo hac\u00eda correr de atr\u00e1s al Mens Sana. La estrategia de cortar el circuito desde el arranque, sobremarcando a Leonardo La Bella con Marcos Fern\u00e1ndez, daba resultado, la figura de Facundo Fillol se hac\u00eda presente igualmente y se limaban ventajas para finalizar 20-27 abajo ese primer cuarto.<\/p>\n<p>En el segundo periodo, hubo un cambio de tim\u00f3n, creci\u00f3 la intensidad defensiva y con la inyecci\u00f3n en ataque que daba Sotelo desde el per\u00edmetro, se concretaba un r\u00e1pido parcial de 14-3 para que los Triperos estuvieran al frente y se vayan de esa manera al entretiempo, 40-39.<\/p>\n<p>Con la vuelta al juego, tambi\u00e9n volvi\u00f3 el dominio del elenco de Franco Maceratesi, que nuevamente presion\u00f3 con severidad a la salida de La Bella e intent\u00f3 hacer lo mismo frente a Villa con la marca del juvenil Emilio Gim\u00e9nez, que igualmente no pudo cumplir la tarea. Un parcial de 14-23 desfavorable, lo dej\u00f3 al Albiazul nuevamente abajo de cara al periodo final, 62-54.<\/p>\n<p>En el desarrollo de esos \u00faltimos diez minutos, se mantuvo el liderazgo visitante y hasta parec\u00eda que lo cerraba c\u00f3modo Olimpo, porque a falta de 1:15 para la chicharra, la brecha era de 10 tantos. Sin embargo,\u00a0a fuerza de presi\u00f3n y con m\u00e1s amor propio que otra cosa, los Triperos se pusieron a una posesi\u00f3n de distancia, con 10 segundos en el reloj y la pelota en su poder,\u00a0pero el tiro salvador no apareci\u00f3, Fillol que ven\u00eda de convertir un triple, no pudo con el consecutivo y un simple luego de Juan Pablo Mor\u00e1n, sentenci\u00f3 el duelo.<\/p>\n<p>&nbsp;<\/p>\n<p><b>S\u00edntesis | <\/b>Torneo Federal &#8211; Semifinal #1<\/p>\n<p><b style=\"line-height: 1.5em;\">Gimnasia (La Plata) 82:\u00a0<\/b>Pedro\u00a0<span style=\"line-height: 1.5em;\">P\u00e9rez Di Salvo 0, Leonardo La Bella 7, Facundo Fillol 19, Lisandro Villa 24 (x), H\u00e9rman Banegas 9 (Fi); Gonzalo Sotelo 15 y Esteben Rusconi 8. DT: C\u00e9sar Adriani.<\/span><\/p>\n<p><b>Olimpo 86: <\/b>Juan Pablo\u00a0Mor\u00e1n 21, Lucas Mar\u00edn 24, Emilio Gim\u00e9nez, Marcos Fern\u00e1ndez 0, Marcelo Piuma 22 (Fi); Lucas Villanueva 9, Lorenzo Capponi 6, Franco Ruesga 2, Agust\u00edn S\u00e1nchez 1 y Cristian Miguel 1. DT: Franco Maceratesi.<\/p>\n<p><strong>Parciales:\u00a0<\/strong>20-27, 40-39 (20-12), 54-62 (14-23) y 82-86 (28-24).<\/p>\n<p><b>\u00c1rbitros: <\/b>Mart\u00edn\u00a0Ib\u00e1\u00f1ez &#8211; Mat\u00edas Sotelo.<\/p>\n<p><a href=\"http:\/\/www.fibalivestats.com\/matches\/16999\/15\/37\/35\/837Aate4nIQrk\/\" target=\"_blank\" rel=\"noopener\">ESTAD\u00cdSTICAS OFICIALES<\/a><\/p>\n<p><strong>Fuente:<\/strong> Prensa GELP.<\/p>\n<p><strong>Foto:\u00a0<\/strong>Andr\u00e9s Milstein (Aurinegro Web).<\/p>\n","protected":false},"excerpt":{"rendered":"<p>El aurinegro venci\u00f3 en La Plata a Gimnasia por 86 a 82 y se adelant\u00f3 1-0<\/p>\n","protected":false},"author":1,"featured_media":44555,"comment_status":"closed","ping_status":"open","sticky":false,"template":"","format":"standard","meta":{"jnews-multi-image_gallery":[],"jnews_single_post":[],"jnews_primary_category":[],"footnotes":""},"categories":[36,39,101],"tags":[97,230,282,38,353,356,443,16,354],"class_list":["post-44554","post","type-post","status-publish","format-standard","has-post-thumbnail","hentry","category-federal","category-nacional","category-slide","tag-gimnasia-lp","tag-herman-banegas","tag-juan-pablo-moran","tag-leonardo-la-bella","tag-lucas-marin","tag-marcelo-piuma","tag-marcos-fernandez","tag-olimpo","tag-tfb"],"yoast_head":"<!-- This site is optimized with the Yoast SEO plugin v27.5 - https:\/\/yoast.com\/product\/yoast-seo-wordpress\/ -->\n<title>Olimpo peg\u00f3 primero - Gente de B\u00e1squet<\/title>\n<meta name=\"robots\" content=\"index, follow, max-snippet:-1, max-image-preview:large, max-video-preview:-1\" \/>\n<link rel=\"canonical\" href=\"http:\/\/gentedebasquet.com.ar\/sitio\/2015\/04\/26\/olimpo-pego-primero\/\" \/>\n<meta property=\"og:locale\" content=\"es_ES\" \/>\n<meta property=\"og:type\" content=\"article\" \/>\n<meta property=\"og:title\" content=\"Olimpo peg\u00f3 primero - Gente de B\u00e1squet\" \/>\n<meta property=\"og:description\" content=\"El aurinegro venci\u00f3 en La Plata a Gimnasia por 86 a 82 y se adelant\u00f3 1-0\" \/>\n<meta property=\"og:url\" content=\"http:\/\/gentedebasquet.com.ar\/sitio\/2015\/04\/26\/olimpo-pego-primero\/\" \/>\n<meta property=\"og:site_name\" content=\"Gente de B\u00e1squet\" \/>\n<meta property=\"article:published_time\" content=\"2015-04-27T01:51:38+00:00\" \/>\n<meta property=\"og:image\" content=\"http:\/\/gentedebasquet.com.ar\/sitio\/wp-content\/uploads\/2015\/04\/Olimpo-Gimnasia-LP.jpg\" \/>\n\t<meta property=\"og:image:width\" content=\"690\" \/>\n\t<meta property=\"og:image:height\" content=\"319\" \/>\n\t<meta property=\"og:image:type\" content=\"image\/jpeg\" \/>\n<meta name=\"author\" content=\"Gente de B\u00e1squet\" \/>\n<meta name=\"twitter:card\" content=\"summary_large_image\" \/>\n<meta name=\"twitter:label1\" content=\"Escrito por\" \/>\n\t<meta name=\"twitter:data1\" content=\"Gente de B\u00e1squet\" \/>\n\t<meta name=\"twitter:label2\" content=\"Tiempo de lectura\" \/>\n\t<meta name=\"twitter:data2\" content=\"3 minutos\" \/>\n<script type=\"application\/ld+json\" class=\"yoast-schema-graph\">{\"@context\":\"https:\\\/\\\/schema.org\",\"@graph\":[{\"@type\":\"Article\",\"@id\":\"http:\\\/\\\/gentedebasquet.com.ar\\\/sitio\\\/2015\\\/04\\\/26\\\/olimpo-pego-primero\\\/#article\",\"isPartOf\":{\"@id\":\"http:\\\/\\\/gentedebasquet.com.ar\\\/sitio\\\/2015\\\/04\\\/26\\\/olimpo-pego-primero\\\/\"},\"author\":{\"name\":\"Gente de B\u00e1squet\",\"@id\":\"https:\\\/\\\/gentedebasquet.com.ar\\\/sitio\\\/#\\\/schema\\\/person\\\/ca0b63bbb977369988a7bbbdc519943a\"},\"headline\":\"Olimpo peg\u00f3 primero\",\"datePublished\":\"2015-04-27T01:51:38+00:00\",\"mainEntityOfPage\":{\"@id\":\"http:\\\/\\\/gentedebasquet.com.ar\\\/sitio\\\/2015\\\/04\\\/26\\\/olimpo-pego-primero\\\/\"},\"wordCount\":541,\"image\":{\"@id\":\"http:\\\/\\\/gentedebasquet.com.ar\\\/sitio\\\/2015\\\/04\\\/26\\\/olimpo-pego-primero\\\/#primaryimage\"},\"thumbnailUrl\":\"https:\\\/\\\/gentedebasquet.com.ar\\\/sitio\\\/wp-content\\\/uploads\\\/2015\\\/04\\\/Olimpo-Gimnasia-LP.jpg\",\"keywords\":[\"Gimnasia LP\",\"Herman Banegas\",\"Juan Pablo Mor\u00e1n\",\"Leonardo La Bella\",\"Lucas Mar\u00edn\",\"Marcelo Piuma\",\"Marcos Fern\u00e1ndez\",\"Ol\u00edmpo\",\"TFB\"],\"articleSection\":[\"Federal\",\"Nacional\",\"Slide\"],\"inLanguage\":\"es\"},{\"@type\":\"WebPage\",\"@id\":\"http:\\\/\\\/gentedebasquet.com.ar\\\/sitio\\\/2015\\\/04\\\/26\\\/olimpo-pego-primero\\\/\",\"url\":\"http:\\\/\\\/gentedebasquet.com.ar\\\/sitio\\\/2015\\\/04\\\/26\\\/olimpo-pego-primero\\\/\",\"name\":\"Olimpo peg\u00f3 primero - Gente de B\u00e1squet\",\"isPartOf\":{\"@id\":\"https:\\\/\\\/gentedebasquet.com.ar\\\/sitio\\\/#website\"},\"primaryImageOfPage\":{\"@id\":\"http:\\\/\\\/gentedebasquet.com.ar\\\/sitio\\\/2015\\\/04\\\/26\\\/olimpo-pego-primero\\\/#primaryimage\"},\"image\":{\"@id\":\"http:\\\/\\\/gentedebasquet.com.ar\\\/sitio\\\/2015\\\/04\\\/26\\\/olimpo-pego-primero\\\/#primaryimage\"},\"thumbnailUrl\":\"https:\\\/\\\/gentedebasquet.com.ar\\\/sitio\\\/wp-content\\\/uploads\\\/2015\\\/04\\\/Olimpo-Gimnasia-LP.jpg\",\"datePublished\":\"2015-04-27T01:51:38+00:00\",\"author\":{\"@id\":\"https:\\\/\\\/gentedebasquet.com.ar\\\/sitio\\\/#\\\/schema\\\/person\\\/ca0b63bbb977369988a7bbbdc519943a\"},\"breadcrumb\":{\"@id\":\"http:\\\/\\\/gentedebasquet.com.ar\\\/sitio\\\/2015\\\/04\\\/26\\\/olimpo-pego-primero\\\/#breadcrumb\"},\"inLanguage\":\"es\",\"potentialAction\":[{\"@type\":\"ReadAction\",\"target\":[\"http:\\\/\\\/gentedebasquet.com.ar\\\/sitio\\\/2015\\\/04\\\/26\\\/olimpo-pego-primero\\\/\"]}]},{\"@type\":\"ImageObject\",\"inLanguage\":\"es\",\"@id\":\"http:\\\/\\\/gentedebasquet.com.ar\\\/sitio\\\/2015\\\/04\\\/26\\\/olimpo-pego-primero\\\/#primaryimage\",\"url\":\"https:\\\/\\\/gentedebasquet.com.ar\\\/sitio\\\/wp-content\\\/uploads\\\/2015\\\/04\\\/Olimpo-Gimnasia-LP.jpg\",\"contentUrl\":\"https:\\\/\\\/gentedebasquet.com.ar\\\/sitio\\\/wp-content\\\/uploads\\\/2015\\\/04\\\/Olimpo-Gimnasia-LP.jpg\",\"width\":690,\"height\":319},{\"@type\":\"BreadcrumbList\",\"@id\":\"http:\\\/\\\/gentedebasquet.com.ar\\\/sitio\\\/2015\\\/04\\\/26\\\/olimpo-pego-primero\\\/#breadcrumb\",\"itemListElement\":[{\"@type\":\"ListItem\",\"position\":1,\"name\":\"Portada\",\"item\":\"https:\\\/\\\/gentedebasquet.com.ar\\\/sitio\\\/\"},{\"@type\":\"ListItem\",\"position\":2,\"name\":\"Olimpo peg\u00f3 primero\"}]},{\"@type\":\"WebSite\",\"@id\":\"https:\\\/\\\/gentedebasquet.com.ar\\\/sitio\\\/#website\",\"url\":\"https:\\\/\\\/gentedebasquet.com.ar\\\/sitio\\\/\",\"name\":\"Gente de B\u00e1squet\",\"description\":\"La revista del basquet de Bah\u00eda Blanca\",\"potentialAction\":[{\"@type\":\"SearchAction\",\"target\":{\"@type\":\"EntryPoint\",\"urlTemplate\":\"https:\\\/\\\/gentedebasquet.com.ar\\\/sitio\\\/?s={search_term_string}\"},\"query-input\":{\"@type\":\"PropertyValueSpecification\",\"valueRequired\":true,\"valueName\":\"search_term_string\"}}],\"inLanguage\":\"es\"},{\"@type\":\"Person\",\"@id\":\"https:\\\/\\\/gentedebasquet.com.ar\\\/sitio\\\/#\\\/schema\\\/person\\\/ca0b63bbb977369988a7bbbdc519943a\",\"name\":\"Gente de B\u00e1squet\",\"image\":{\"@type\":\"ImageObject\",\"inLanguage\":\"es\",\"@id\":\"https:\\\/\\\/secure.gravatar.com\\\/avatar\\\/7f2c48bdc33b30088f941fb6082e555f2874c98e20cb159d7b92b50eadfce793?s=96&d=mm&r=g\",\"url\":\"https:\\\/\\\/secure.gravatar.com\\\/avatar\\\/7f2c48bdc33b30088f941fb6082e555f2874c98e20cb159d7b92b50eadfce793?s=96&d=mm&r=g\",\"contentUrl\":\"https:\\\/\\\/secure.gravatar.com\\\/avatar\\\/7f2c48bdc33b30088f941fb6082e555f2874c98e20cb159d7b92b50eadfce793?s=96&d=mm&r=g\",\"caption\":\"Gente de B\u00e1squet\"},\"sameAs\":[\"http:\\\/\\\/gentedebasquet.com.ar\\\/sitio\"],\"url\":\"https:\\\/\\\/gentedebasquet.com.ar\\\/sitio\\\/author\\\/ulises\\\/\"}]}<\/script>\n<!-- \/ Yoast SEO plugin. -->","yoast_head_json":{"title":"Olimpo peg\u00f3 primero - Gente de B\u00e1squet","robots":{"index":"index","follow":"follow","max-snippet":"max-snippet:-1","max-image-preview":"max-image-preview:large","max-video-preview":"max-video-preview:-1"},"canonical":"http:\/\/gentedebasquet.com.ar\/sitio\/2015\/04\/26\/olimpo-pego-primero\/","og_locale":"es_ES","og_type":"article","og_title":"Olimpo peg\u00f3 primero - Gente de B\u00e1squet","og_description":"El aurinegro venci\u00f3 en La Plata a Gimnasia por 86 a 82 y se adelant\u00f3 1-0","og_url":"http:\/\/gentedebasquet.com.ar\/sitio\/2015\/04\/26\/olimpo-pego-primero\/","og_site_name":"Gente de B\u00e1squet","article_published_time":"2015-04-27T01:51:38+00:00","og_image":[{"width":690,"height":319,"url":"http:\/\/gentedebasquet.com.ar\/sitio\/wp-content\/uploads\/2015\/04\/Olimpo-Gimnasia-LP.jpg","type":"image\/jpeg"}],"author":"Gente de B\u00e1squet","twitter_card":"summary_large_image","twitter_misc":{"Escrito por":"Gente de B\u00e1squet","Tiempo de lectura":"3 minutos"},"schema":{"@context":"https:\/\/schema.org","@graph":[{"@type":"Article","@id":"http:\/\/gentedebasquet.com.ar\/sitio\/2015\/04\/26\/olimpo-pego-primero\/#article","isPartOf":{"@id":"http:\/\/gentedebasquet.com.ar\/sitio\/2015\/04\/26\/olimpo-pego-primero\/"},"author":{"name":"Gente de B\u00e1squet","@id":"https:\/\/gentedebasquet.com.ar\/sitio\/#\/schema\/person\/ca0b63bbb977369988a7bbbdc519943a"},"headline":"Olimpo peg\u00f3 primero","datePublished":"2015-04-27T01:51:38+00:00","mainEntityOfPage":{"@id":"http:\/\/gentedebasquet.com.ar\/sitio\/2015\/04\/26\/olimpo-pego-primero\/"},"wordCount":541,"image":{"@id":"http:\/\/gentedebasquet.com.ar\/sitio\/2015\/04\/26\/olimpo-pego-primero\/#primaryimage"},"thumbnailUrl":"https:\/\/gentedebasquet.com.ar\/sitio\/wp-content\/uploads\/2015\/04\/Olimpo-Gimnasia-LP.jpg","keywords":["Gimnasia LP","Herman Banegas","Juan Pablo Mor\u00e1n","Leonardo La Bella","Lucas Mar\u00edn","Marcelo Piuma","Marcos Fern\u00e1ndez","Ol\u00edmpo","TFB"],"articleSection":["Federal","Nacional","Slide"],"inLanguage":"es"},{"@type":"WebPage","@id":"http:\/\/gentedebasquet.com.ar\/sitio\/2015\/04\/26\/olimpo-pego-primero\/","url":"http:\/\/gentedebasquet.com.ar\/sitio\/2015\/04\/26\/olimpo-pego-primero\/","name":"Olimpo peg\u00f3 primero - Gente de B\u00e1squet","isPartOf":{"@id":"https:\/\/gentedebasquet.com.ar\/sitio\/#website"},"primaryImageOfPage":{"@id":"http:\/\/gentedebasquet.com.ar\/sitio\/2015\/04\/26\/olimpo-pego-primero\/#primaryimage"},"image":{"@id":"http:\/\/gentedebasquet.com.ar\/sitio\/2015\/04\/26\/olimpo-pego-primero\/#primaryimage"},"thumbnailUrl":"https:\/\/gentedebasquet.com.ar\/sitio\/wp-content\/uploads\/2015\/04\/Olimpo-Gimnasia-LP.jpg","datePublished":"2015-04-27T01:51:38+00:00","author":{"@id":"https:\/\/gentedebasquet.com.ar\/sitio\/#\/schema\/person\/ca0b63bbb977369988a7bbbdc519943a"},"breadcrumb":{"@id":"http:\/\/gentedebasquet.com.ar\/sitio\/2015\/04\/26\/olimpo-pego-primero\/#breadcrumb"},"inLanguage":"es","potentialAction":[{"@type":"ReadAction","target":["http:\/\/gentedebasquet.com.ar\/sitio\/2015\/04\/26\/olimpo-pego-primero\/"]}]},{"@type":"ImageObject","inLanguage":"es","@id":"http:\/\/gentedebasquet.com.ar\/sitio\/2015\/04\/26\/olimpo-pego-primero\/#primaryimage","url":"https:\/\/gentedebasquet.com.ar\/sitio\/wp-content\/uploads\/2015\/04\/Olimpo-Gimnasia-LP.jpg","contentUrl":"https:\/\/gentedebasquet.com.ar\/sitio\/wp-content\/uploads\/2015\/04\/Olimpo-Gimnasia-LP.jpg","width":690,"height":319},{"@type":"BreadcrumbList","@id":"http:\/\/gentedebasquet.com.ar\/sitio\/2015\/04\/26\/olimpo-pego-primero\/#breadcrumb","itemListElement":[{"@type":"ListItem","position":1,"name":"Portada","item":"https:\/\/gentedebasquet.com.ar\/sitio\/"},{"@type":"ListItem","position":2,"name":"Olimpo peg\u00f3 primero"}]},{"@type":"WebSite","@id":"https:\/\/gentedebasquet.com.ar\/sitio\/#website","url":"https:\/\/gentedebasquet.com.ar\/sitio\/","name":"Gente de B\u00e1squet","description":"La revista del basquet de Bah\u00eda Blanca","potentialAction":[{"@type":"SearchAction","target":{"@type":"EntryPoint","urlTemplate":"https:\/\/gentedebasquet.com.ar\/sitio\/?s={search_term_string}"},"query-input":{"@type":"PropertyValueSpecification","valueRequired":true,"valueName":"search_term_string"}}],"inLanguage":"es"},{"@type":"Person","@id":"https:\/\/gentedebasquet.com.ar\/sitio\/#\/schema\/person\/ca0b63bbb977369988a7bbbdc519943a","name":"Gente de B\u00e1squet","image":{"@type":"ImageObject","inLanguage":"es","@id":"https:\/\/secure.gravatar.com\/avatar\/7f2c48bdc33b30088f941fb6082e555f2874c98e20cb159d7b92b50eadfce793?s=96&d=mm&r=g","url":"https:\/\/secure.gravatar.com\/avatar\/7f2c48bdc33b30088f941fb6082e555f2874c98e20cb159d7b92b50eadfce793?s=96&d=mm&r=g","contentUrl":"https:\/\/secure.gravatar.com\/avatar\/7f2c48bdc33b30088f941fb6082e555f2874c98e20cb159d7b92b50eadfce793?s=96&d=mm&r=g","caption":"Gente de B\u00e1squet"},"sameAs":["http:\/\/gentedebasquet.com.ar\/sitio"],"url":"https:\/\/gentedebasquet.com.ar\/sitio\/author\/ulises\/"}]}},"_links":{"self":[{"href":"https:\/\/gentedebasquet.com.ar\/sitio\/wp-json\/wp\/v2\/posts\/44554","targetHints":{"allow":["GET"]}}],"collection":[{"href":"https:\/\/gentedebasquet.com.ar\/sitio\/wp-json\/wp\/v2\/posts"}],"about":[{"href":"https:\/\/gentedebasquet.com.ar\/sitio\/wp-json\/wp\/v2\/types\/post"}],"author":[{"embeddable":true,"href":"https:\/\/gentedebasquet.com.ar\/sitio\/wp-json\/wp\/v2\/users\/1"}],"replies":[{"embeddable":true,"href":"https:\/\/gentedebasquet.com.ar\/sitio\/wp-json\/wp\/v2\/comments?post=44554"}],"version-history":[{"count":0,"href":"https:\/\/gentedebasquet.com.ar\/sitio\/wp-json\/wp\/v2\/posts\/44554\/revisions"}],"wp:featuredmedia":[{"embeddable":true,"href":"https:\/\/gentedebasquet.com.ar\/sitio\/wp-json\/wp\/v2\/media\/44555"}],"wp:attachment":[{"href":"https:\/\/gentedebasquet.com.ar\/sitio\/wp-json\/wp\/v2\/media?parent=44554"}],"wp:term":[{"taxonomy":"category","embeddable":true,"href":"https:\/\/gentedebasquet.com.ar\/sitio\/wp-json\/wp\/v2\/categories?post=44554"},{"taxonomy":"post_tag","embeddable":true,"href":"https:\/\/gentedebasquet.com.ar\/sitio\/wp-json\/wp\/v2\/tags?post=44554"}],"curies":[{"name":"wp","href":"https:\/\/api.w.org\/{rel}","templated":true}]}}