{"id":44582,"date":"2015-04-27T23:55:01","date_gmt":"2015-04-28T02:55:01","guid":{"rendered":"http:\/\/www.gentedebasquet.com.ar\/?p=44582"},"modified":"2015-04-27T23:55:01","modified_gmt":"2015-04-28T02:55:01","slug":"se-tomo-un-suplemento-y-lo-gano","status":"publish","type":"post","link":"https:\/\/gentedebasquet.com.ar\/sitio\/2015\/04\/27\/se-tomo-un-suplemento-y-lo-gano\/","title":{"rendered":"Se tom\u00f3 un suplemento y lo gan\u00f3"},"content":{"rendered":"<p><strong>El Nacional venci\u00f3 79-69 a Estudiantes y complet\u00f3 la fecha inicial de Primera. El conjunto de Garc\u00eda fue dominado por el \u00abalbo\u00bb durante gran parte del partido. Sin embargo, levant\u00f3 su nivel de juego en el tercer per\u00edodo e igual\u00f3 los tantos a 1s del cierre con una anotaci\u00f3n de Federico Harina (62-62). Luego, fue muy superior en el suplementario. Francisco Hoffman y Harina fueron los goleadores con 17 y 15 puntos cada uno. Agust\u00edn Amore, por su parte, fue el destacado de la visita con 19 unidades.<\/strong><\/p>\n<p>El partido comenz\u00f3 con una gran cuenta de lanzamientos errados para el local (tom\u00f3 9 rebotes ofensivos en el 1C). Solo en tiros de dos, El Nacional convirti\u00f3 2\/13. Esta situaci\u00f3n fue claramente aprovechada por Estudiantes que se puso en ventaja desde el comienzo con un gran juego colectivo. An\u00edbal Buzzo asisti\u00f3 en dos ocasiones a Agust\u00edn Amore que cosech\u00f3 5 unidades en este cuarto.<\/p>\n<p>El partido continuaba y El Nacional empeoraba a\u00fan m\u00e1s. En este cuarto solo logr\u00f3 convertir 9 tantos, la misma cantidad de puntos que consigui\u00f3 Amore en este per\u00edodo (4\/5 en cancha). Estudiantes se alej\u00f3 en el marcador hasta lograr 9 unidades de luz (19-28) a 2m43 del descanso largo.\u00a0Sin embargo, el local comenz\u00f3 a tomar vuelo en el tercer per\u00edodo, mejor\u00f3 su nivel de juego y acort\u00f3 notablemente la diferencia. Federico Harina sum\u00f3 6 puntos, mientras que Alonso y Hoffman aportaban otros 4 tantos cada uno.<\/p>\n<p>En los \u00faltimos diez minutos la falta de efectividad se instal\u00f3 en Albo (12 puntos en todo el cuarto). Por su parte, El Nacional no sac\u00f3 el pie del acelerador y tras un triple de Hoffman igual\u00f3 el resultado (56-56). All\u00ed comenz\u00f3 una ida y vuelta que manten\u00eda a los equipos en igualdad de condiciones. Faltando 3s, Tom\u00e1s Scarpaci aventaj\u00f3 a Estudiantes 62-60. A El Nacional le quedaba muy poco tiempo para igualar o ir a TS; sin embargo, tras ser asistido por Alonso, Harina pivoteo y de media vuelta consigui\u00f3 el doble que empat\u00f3 el marcador (62-62). La \u00faltima la tuvo Amore, pero su lanzamiento fue muy corto.<\/p>\n<p>En el tiempo adicional, el local demostr\u00f3 un claro dominio y Estudiantes perdi\u00f3 tres pelotas. Harina y Hoffman anotaron de larga distancia (68-64) y Alonso efectiviz\u00f3 en la l\u00ednea de libres (5\/6 en TS). De esta forma, El Nacional se qued\u00f3 con el segmento por 17-7, triunf\u00f3 79-69 y sum\u00f3 su segunda victoria del a\u00f1o.<\/p>\n<p>&nbsp;<\/p>\n<p>[vimeo]http:\/\/vimeo.com\/126221627[\/vimeo]<\/p>\n<p>&nbsp;<\/p>\n<p><b>S\u00edntesis<\/b> | Primera Divisi\u00f3n &#8211; Fecha #1<\/p>\n<p><b>El Nacional 79<\/b>: Francisco Desimoni 5, Nicol\u00e1s Quiroga 12, Braian Alonso 11, Federico Harina 15, Francisco Hoffman 17 (FI); Mat\u00edas Monteoliva 14, Pomar Garbarino 3, Gonzalo Moreyra 0, Nicol\u00e1s Vera 2, Emiliano Iraola 0, Facundo Mart\u00ednez 0. DT: Juan A. Garc\u00eda<br \/>\n<b><\/b><\/p>\n<p><b>Estudiantes 69<\/b>: Tom\u00e1s Scarpaci 14, An\u00edbal Buzzo 17, Federico Radavero 11, Gonzalo Badano 0 (x), Agust\u00edn Amore 19 (FI); Ger\u00f3nimo Mitoire 2, Nicol\u00e1s S\u00e1nchez 4, Joaqu\u00edn S\u00e1nchez 2.l DT: Guillermo L\u00f3pez<br \/>\n<b><\/b><\/p>\n<p><b>Parciales<\/b>: 12-18, 21-32 (9-14), 41-50 (20-18) y 62-62 (21-12)<\/p>\n<p><strong>Suplementario:<\/strong> 79-69 (17-7).<\/p>\n<p><b>\u00c1rbitros<\/b>: Miguel Firpo &#8211; Diego Kessler<\/p>\n<p><b>Estadio<\/b><strong>: <\/strong>Hermanos Ciccioli (El Nacional).<\/p>\n<p><a class=\"modalf iframe\" title=\"Planilla\" href=\"https:\/\/docs.google.com\/spreadsheets\/d\/1tfG9rkbWAi6pK473PG9D1JeLdym2CuzUVmrYl4qRQGE\/pubhtml\" target=\"_blank\" rel=\"noopener\">Ver Planilla<\/a><\/p>\n<p>&nbsp;<\/p>\n<p>[vimeo]http:\/\/vimeo.com\/126213941[\/vimeo]<\/p>\n","protected":false},"excerpt":{"rendered":"<p>Tras igualar en 62 el tiempo reguar, El Nacional derrot\u00f3 a Estudiantes por 79 a 69<\/p>\n","protected":false},"author":1,"featured_media":44581,"comment_status":"closed","ping_status":"open","sticky":false,"template":"","format":"standard","meta":{"jnews-multi-image_gallery":[],"jnews_single_post":[],"jnews_primary_category":[],"footnotes":""},"categories":[23,101],"tags":[201,613,9,11,209,626,625],"class_list":["post-44582","post","type-post","status-publish","format-standard","has-post-thumbnail","hentry","category-primera","category-slide","tag-agustin-amore","tag-braian-alonso","tag-el-nacional","tag-estudiantes","tag-federico-harina","tag-francisco-hoffmann","tag-tomas-scarpaci"],"yoast_head":"<!-- This site is optimized with the Yoast SEO plugin v27.5 - https:\/\/yoast.com\/product\/yoast-seo-wordpress\/ -->\n<title>Se tom\u00f3 un suplemento y lo gan\u00f3 - Gente de B\u00e1squet<\/title>\n<meta name=\"robots\" content=\"index, follow, max-snippet:-1, max-image-preview:large, max-video-preview:-1\" \/>\n<link rel=\"canonical\" href=\"https:\/\/gentedebasquet.com.ar\/sitio\/2015\/04\/27\/se-tomo-un-suplemento-y-lo-gano\/\" \/>\n<meta property=\"og:locale\" content=\"es_ES\" \/>\n<meta property=\"og:type\" content=\"article\" \/>\n<meta property=\"og:title\" content=\"Se tom\u00f3 un suplemento y lo gan\u00f3 - Gente de B\u00e1squet\" \/>\n<meta property=\"og:description\" content=\"Tras igualar en 62 el tiempo reguar, El Nacional derrot\u00f3 a Estudiantes por 79 a 69\" \/>\n<meta property=\"og:url\" content=\"https:\/\/gentedebasquet.com.ar\/sitio\/2015\/04\/27\/se-tomo-un-suplemento-y-lo-gano\/\" \/>\n<meta property=\"og:site_name\" content=\"Gente de B\u00e1squet\" \/>\n<meta property=\"article:published_time\" content=\"2015-04-28T02:55:01+00:00\" \/>\n<meta property=\"og:image\" content=\"https:\/\/gentedebasquet.com.ar\/sitio\/wp-content\/uploads\/2015\/04\/El-Naiconal-Estudiantes-Quiroga.jpg\" \/>\n\t<meta property=\"og:image:width\" content=\"690\" \/>\n\t<meta property=\"og:image:height\" content=\"319\" \/>\n\t<meta property=\"og:image:type\" content=\"image\/jpeg\" \/>\n<meta name=\"author\" content=\"Gente de B\u00e1squet\" \/>\n<meta name=\"twitter:card\" content=\"summary_large_image\" \/>\n<meta name=\"twitter:label1\" content=\"Escrito por\" \/>\n\t<meta name=\"twitter:data1\" content=\"Gente de B\u00e1squet\" \/>\n\t<meta name=\"twitter:label2\" content=\"Tiempo de lectura\" \/>\n\t<meta name=\"twitter:data2\" content=\"3 minutos\" \/>\n<script type=\"application\/ld+json\" class=\"yoast-schema-graph\">{\"@context\":\"https:\\\/\\\/schema.org\",\"@graph\":[{\"@type\":\"Article\",\"@id\":\"https:\\\/\\\/gentedebasquet.com.ar\\\/sitio\\\/2015\\\/04\\\/27\\\/se-tomo-un-suplemento-y-lo-gano\\\/#article\",\"isPartOf\":{\"@id\":\"https:\\\/\\\/gentedebasquet.com.ar\\\/sitio\\\/2015\\\/04\\\/27\\\/se-tomo-un-suplemento-y-lo-gano\\\/\"},\"author\":{\"name\":\"Gente de B\u00e1squet\",\"@id\":\"https:\\\/\\\/gentedebasquet.com.ar\\\/sitio\\\/#\\\/schema\\\/person\\\/ca0b63bbb977369988a7bbbdc519943a\"},\"headline\":\"Se tom\u00f3 un suplemento y lo gan\u00f3\",\"datePublished\":\"2015-04-28T02:55:01+00:00\",\"mainEntityOfPage\":{\"@id\":\"https:\\\/\\\/gentedebasquet.com.ar\\\/sitio\\\/2015\\\/04\\\/27\\\/se-tomo-un-suplemento-y-lo-gano\\\/\"},\"wordCount\":524,\"image\":{\"@id\":\"https:\\\/\\\/gentedebasquet.com.ar\\\/sitio\\\/2015\\\/04\\\/27\\\/se-tomo-un-suplemento-y-lo-gano\\\/#primaryimage\"},\"thumbnailUrl\":\"https:\\\/\\\/gentedebasquet.com.ar\\\/sitio\\\/wp-content\\\/uploads\\\/2015\\\/04\\\/El-Naiconal-Estudiantes-Quiroga.jpg\",\"keywords\":[\"Agust\u00edn Amore\",\"braian alonso\",\"El Nacional\",\"Estudiantes\",\"Federico Harina\",\"Francisco Hoffmann\",\"Tom\u00e1s Scarpaci\"],\"articleSection\":[\"Primera\",\"Slide\"],\"inLanguage\":\"es\"},{\"@type\":\"WebPage\",\"@id\":\"https:\\\/\\\/gentedebasquet.com.ar\\\/sitio\\\/2015\\\/04\\\/27\\\/se-tomo-un-suplemento-y-lo-gano\\\/\",\"url\":\"https:\\\/\\\/gentedebasquet.com.ar\\\/sitio\\\/2015\\\/04\\\/27\\\/se-tomo-un-suplemento-y-lo-gano\\\/\",\"name\":\"Se tom\u00f3 un suplemento y lo gan\u00f3 - Gente de B\u00e1squet\",\"isPartOf\":{\"@id\":\"https:\\\/\\\/gentedebasquet.com.ar\\\/sitio\\\/#website\"},\"primaryImageOfPage\":{\"@id\":\"https:\\\/\\\/gentedebasquet.com.ar\\\/sitio\\\/2015\\\/04\\\/27\\\/se-tomo-un-suplemento-y-lo-gano\\\/#primaryimage\"},\"image\":{\"@id\":\"https:\\\/\\\/gentedebasquet.com.ar\\\/sitio\\\/2015\\\/04\\\/27\\\/se-tomo-un-suplemento-y-lo-gano\\\/#primaryimage\"},\"thumbnailUrl\":\"https:\\\/\\\/gentedebasquet.com.ar\\\/sitio\\\/wp-content\\\/uploads\\\/2015\\\/04\\\/El-Naiconal-Estudiantes-Quiroga.jpg\",\"datePublished\":\"2015-04-28T02:55:01+00:00\",\"author\":{\"@id\":\"https:\\\/\\\/gentedebasquet.com.ar\\\/sitio\\\/#\\\/schema\\\/person\\\/ca0b63bbb977369988a7bbbdc519943a\"},\"breadcrumb\":{\"@id\":\"https:\\\/\\\/gentedebasquet.com.ar\\\/sitio\\\/2015\\\/04\\\/27\\\/se-tomo-un-suplemento-y-lo-gano\\\/#breadcrumb\"},\"inLanguage\":\"es\",\"potentialAction\":[{\"@type\":\"ReadAction\",\"target\":[\"https:\\\/\\\/gentedebasquet.com.ar\\\/sitio\\\/2015\\\/04\\\/27\\\/se-tomo-un-suplemento-y-lo-gano\\\/\"]}]},{\"@type\":\"ImageObject\",\"inLanguage\":\"es\",\"@id\":\"https:\\\/\\\/gentedebasquet.com.ar\\\/sitio\\\/2015\\\/04\\\/27\\\/se-tomo-un-suplemento-y-lo-gano\\\/#primaryimage\",\"url\":\"https:\\\/\\\/gentedebasquet.com.ar\\\/sitio\\\/wp-content\\\/uploads\\\/2015\\\/04\\\/El-Naiconal-Estudiantes-Quiroga.jpg\",\"contentUrl\":\"https:\\\/\\\/gentedebasquet.com.ar\\\/sitio\\\/wp-content\\\/uploads\\\/2015\\\/04\\\/El-Naiconal-Estudiantes-Quiroga.jpg\",\"width\":690,\"height\":319},{\"@type\":\"BreadcrumbList\",\"@id\":\"https:\\\/\\\/gentedebasquet.com.ar\\\/sitio\\\/2015\\\/04\\\/27\\\/se-tomo-un-suplemento-y-lo-gano\\\/#breadcrumb\",\"itemListElement\":[{\"@type\":\"ListItem\",\"position\":1,\"name\":\"Portada\",\"item\":\"https:\\\/\\\/gentedebasquet.com.ar\\\/sitio\\\/\"},{\"@type\":\"ListItem\",\"position\":2,\"name\":\"Se tom\u00f3 un suplemento y lo gan\u00f3\"}]},{\"@type\":\"WebSite\",\"@id\":\"https:\\\/\\\/gentedebasquet.com.ar\\\/sitio\\\/#website\",\"url\":\"https:\\\/\\\/gentedebasquet.com.ar\\\/sitio\\\/\",\"name\":\"Gente de B\u00e1squet\",\"description\":\"La revista del basquet de Bah\u00eda Blanca\",\"potentialAction\":[{\"@type\":\"SearchAction\",\"target\":{\"@type\":\"EntryPoint\",\"urlTemplate\":\"https:\\\/\\\/gentedebasquet.com.ar\\\/sitio\\\/?s={search_term_string}\"},\"query-input\":{\"@type\":\"PropertyValueSpecification\",\"valueRequired\":true,\"valueName\":\"search_term_string\"}}],\"inLanguage\":\"es\"},{\"@type\":\"Person\",\"@id\":\"https:\\\/\\\/gentedebasquet.com.ar\\\/sitio\\\/#\\\/schema\\\/person\\\/ca0b63bbb977369988a7bbbdc519943a\",\"name\":\"Gente de B\u00e1squet\",\"image\":{\"@type\":\"ImageObject\",\"inLanguage\":\"es\",\"@id\":\"https:\\\/\\\/secure.gravatar.com\\\/avatar\\\/7f2c48bdc33b30088f941fb6082e555f2874c98e20cb159d7b92b50eadfce793?s=96&d=mm&r=g\",\"url\":\"https:\\\/\\\/secure.gravatar.com\\\/avatar\\\/7f2c48bdc33b30088f941fb6082e555f2874c98e20cb159d7b92b50eadfce793?s=96&d=mm&r=g\",\"contentUrl\":\"https:\\\/\\\/secure.gravatar.com\\\/avatar\\\/7f2c48bdc33b30088f941fb6082e555f2874c98e20cb159d7b92b50eadfce793?s=96&d=mm&r=g\",\"caption\":\"Gente de B\u00e1squet\"},\"sameAs\":[\"http:\\\/\\\/gentedebasquet.com.ar\\\/sitio\"],\"url\":\"https:\\\/\\\/gentedebasquet.com.ar\\\/sitio\\\/author\\\/ulises\\\/\"}]}<\/script>\n<!-- \/ Yoast SEO plugin. -->","yoast_head_json":{"title":"Se tom\u00f3 un suplemento y lo gan\u00f3 - Gente de B\u00e1squet","robots":{"index":"index","follow":"follow","max-snippet":"max-snippet:-1","max-image-preview":"max-image-preview:large","max-video-preview":"max-video-preview:-1"},"canonical":"https:\/\/gentedebasquet.com.ar\/sitio\/2015\/04\/27\/se-tomo-un-suplemento-y-lo-gano\/","og_locale":"es_ES","og_type":"article","og_title":"Se tom\u00f3 un suplemento y lo gan\u00f3 - Gente de B\u00e1squet","og_description":"Tras igualar en 62 el tiempo reguar, El Nacional derrot\u00f3 a Estudiantes por 79 a 69","og_url":"https:\/\/gentedebasquet.com.ar\/sitio\/2015\/04\/27\/se-tomo-un-suplemento-y-lo-gano\/","og_site_name":"Gente de B\u00e1squet","article_published_time":"2015-04-28T02:55:01+00:00","og_image":[{"width":690,"height":319,"url":"https:\/\/gentedebasquet.com.ar\/sitio\/wp-content\/uploads\/2015\/04\/El-Naiconal-Estudiantes-Quiroga.jpg","type":"image\/jpeg"}],"author":"Gente de B\u00e1squet","twitter_card":"summary_large_image","twitter_misc":{"Escrito por":"Gente de B\u00e1squet","Tiempo de lectura":"3 minutos"},"schema":{"@context":"https:\/\/schema.org","@graph":[{"@type":"Article","@id":"https:\/\/gentedebasquet.com.ar\/sitio\/2015\/04\/27\/se-tomo-un-suplemento-y-lo-gano\/#article","isPartOf":{"@id":"https:\/\/gentedebasquet.com.ar\/sitio\/2015\/04\/27\/se-tomo-un-suplemento-y-lo-gano\/"},"author":{"name":"Gente de B\u00e1squet","@id":"https:\/\/gentedebasquet.com.ar\/sitio\/#\/schema\/person\/ca0b63bbb977369988a7bbbdc519943a"},"headline":"Se tom\u00f3 un suplemento y lo gan\u00f3","datePublished":"2015-04-28T02:55:01+00:00","mainEntityOfPage":{"@id":"https:\/\/gentedebasquet.com.ar\/sitio\/2015\/04\/27\/se-tomo-un-suplemento-y-lo-gano\/"},"wordCount":524,"image":{"@id":"https:\/\/gentedebasquet.com.ar\/sitio\/2015\/04\/27\/se-tomo-un-suplemento-y-lo-gano\/#primaryimage"},"thumbnailUrl":"https:\/\/gentedebasquet.com.ar\/sitio\/wp-content\/uploads\/2015\/04\/El-Naiconal-Estudiantes-Quiroga.jpg","keywords":["Agust\u00edn Amore","braian alonso","El Nacional","Estudiantes","Federico Harina","Francisco Hoffmann","Tom\u00e1s Scarpaci"],"articleSection":["Primera","Slide"],"inLanguage":"es"},{"@type":"WebPage","@id":"https:\/\/gentedebasquet.com.ar\/sitio\/2015\/04\/27\/se-tomo-un-suplemento-y-lo-gano\/","url":"https:\/\/gentedebasquet.com.ar\/sitio\/2015\/04\/27\/se-tomo-un-suplemento-y-lo-gano\/","name":"Se tom\u00f3 un suplemento y lo gan\u00f3 - Gente de B\u00e1squet","isPartOf":{"@id":"https:\/\/gentedebasquet.com.ar\/sitio\/#website"},"primaryImageOfPage":{"@id":"https:\/\/gentedebasquet.com.ar\/sitio\/2015\/04\/27\/se-tomo-un-suplemento-y-lo-gano\/#primaryimage"},"image":{"@id":"https:\/\/gentedebasquet.com.ar\/sitio\/2015\/04\/27\/se-tomo-un-suplemento-y-lo-gano\/#primaryimage"},"thumbnailUrl":"https:\/\/gentedebasquet.com.ar\/sitio\/wp-content\/uploads\/2015\/04\/El-Naiconal-Estudiantes-Quiroga.jpg","datePublished":"2015-04-28T02:55:01+00:00","author":{"@id":"https:\/\/gentedebasquet.com.ar\/sitio\/#\/schema\/person\/ca0b63bbb977369988a7bbbdc519943a"},"breadcrumb":{"@id":"https:\/\/gentedebasquet.com.ar\/sitio\/2015\/04\/27\/se-tomo-un-suplemento-y-lo-gano\/#breadcrumb"},"inLanguage":"es","potentialAction":[{"@type":"ReadAction","target":["https:\/\/gentedebasquet.com.ar\/sitio\/2015\/04\/27\/se-tomo-un-suplemento-y-lo-gano\/"]}]},{"@type":"ImageObject","inLanguage":"es","@id":"https:\/\/gentedebasquet.com.ar\/sitio\/2015\/04\/27\/se-tomo-un-suplemento-y-lo-gano\/#primaryimage","url":"https:\/\/gentedebasquet.com.ar\/sitio\/wp-content\/uploads\/2015\/04\/El-Naiconal-Estudiantes-Quiroga.jpg","contentUrl":"https:\/\/gentedebasquet.com.ar\/sitio\/wp-content\/uploads\/2015\/04\/El-Naiconal-Estudiantes-Quiroga.jpg","width":690,"height":319},{"@type":"BreadcrumbList","@id":"https:\/\/gentedebasquet.com.ar\/sitio\/2015\/04\/27\/se-tomo-un-suplemento-y-lo-gano\/#breadcrumb","itemListElement":[{"@type":"ListItem","position":1,"name":"Portada","item":"https:\/\/gentedebasquet.com.ar\/sitio\/"},{"@type":"ListItem","position":2,"name":"Se tom\u00f3 un suplemento y lo gan\u00f3"}]},{"@type":"WebSite","@id":"https:\/\/gentedebasquet.com.ar\/sitio\/#website","url":"https:\/\/gentedebasquet.com.ar\/sitio\/","name":"Gente de B\u00e1squet","description":"La revista del basquet de Bah\u00eda Blanca","potentialAction":[{"@type":"SearchAction","target":{"@type":"EntryPoint","urlTemplate":"https:\/\/gentedebasquet.com.ar\/sitio\/?s={search_term_string}"},"query-input":{"@type":"PropertyValueSpecification","valueRequired":true,"valueName":"search_term_string"}}],"inLanguage":"es"},{"@type":"Person","@id":"https:\/\/gentedebasquet.com.ar\/sitio\/#\/schema\/person\/ca0b63bbb977369988a7bbbdc519943a","name":"Gente de B\u00e1squet","image":{"@type":"ImageObject","inLanguage":"es","@id":"https:\/\/secure.gravatar.com\/avatar\/7f2c48bdc33b30088f941fb6082e555f2874c98e20cb159d7b92b50eadfce793?s=96&d=mm&r=g","url":"https:\/\/secure.gravatar.com\/avatar\/7f2c48bdc33b30088f941fb6082e555f2874c98e20cb159d7b92b50eadfce793?s=96&d=mm&r=g","contentUrl":"https:\/\/secure.gravatar.com\/avatar\/7f2c48bdc33b30088f941fb6082e555f2874c98e20cb159d7b92b50eadfce793?s=96&d=mm&r=g","caption":"Gente de B\u00e1squet"},"sameAs":["http:\/\/gentedebasquet.com.ar\/sitio"],"url":"https:\/\/gentedebasquet.com.ar\/sitio\/author\/ulises\/"}]}},"_links":{"self":[{"href":"https:\/\/gentedebasquet.com.ar\/sitio\/wp-json\/wp\/v2\/posts\/44582","targetHints":{"allow":["GET"]}}],"collection":[{"href":"https:\/\/gentedebasquet.com.ar\/sitio\/wp-json\/wp\/v2\/posts"}],"about":[{"href":"https:\/\/gentedebasquet.com.ar\/sitio\/wp-json\/wp\/v2\/types\/post"}],"author":[{"embeddable":true,"href":"https:\/\/gentedebasquet.com.ar\/sitio\/wp-json\/wp\/v2\/users\/1"}],"replies":[{"embeddable":true,"href":"https:\/\/gentedebasquet.com.ar\/sitio\/wp-json\/wp\/v2\/comments?post=44582"}],"version-history":[{"count":0,"href":"https:\/\/gentedebasquet.com.ar\/sitio\/wp-json\/wp\/v2\/posts\/44582\/revisions"}],"wp:featuredmedia":[{"embeddable":true,"href":"https:\/\/gentedebasquet.com.ar\/sitio\/wp-json\/wp\/v2\/media\/44581"}],"wp:attachment":[{"href":"https:\/\/gentedebasquet.com.ar\/sitio\/wp-json\/wp\/v2\/media?parent=44582"}],"wp:term":[{"taxonomy":"category","embeddable":true,"href":"https:\/\/gentedebasquet.com.ar\/sitio\/wp-json\/wp\/v2\/categories?post=44582"},{"taxonomy":"post_tag","embeddable":true,"href":"https:\/\/gentedebasquet.com.ar\/sitio\/wp-json\/wp\/v2\/tags?post=44582"}],"curies":[{"name":"wp","href":"https:\/\/api.w.org\/{rel}","templated":true}]}}