{"id":44593,"date":"2015-04-27T23:54:54","date_gmt":"2015-04-28T02:54:54","guid":{"rendered":"http:\/\/www.gentedebasquet.com.ar\/?p=44593"},"modified":"2015-04-27T23:54:54","modified_gmt":"2015-04-28T02:54:54","slug":"fue-tomando-tri-color","status":"publish","type":"post","link":"https:\/\/gentedebasquet.com.ar\/sitio\/2015\/04\/27\/fue-tomando-tri-color\/","title":{"rendered":"Fue tomando tri-color"},"content":{"rendered":"<p><b>En uno de los reprogramados por lluvia de la primera fecha, Villa Mitre vapule\u00f3 80-59 a 9 de Julio en el N\u00e9stor Damiani. El Tricolor comenz\u00f3 frio y a partir del segundo cuarto calent\u00f3 motores, se impuso en la lucha a\u00e9rea (47 a 29) y se llev\u00f3 c\u00f3modamente el encuentro. Nicol\u00e1s Renzi (18 pts \u2013 17 reb) fue la gran figura de la noche. Adem\u00e1s hubo otros cuatro jugadores en la visita que quedaron en dos d\u00edgitos de puntos: Javier Bollo (15), David Pineda (11), Gast\u00f3n Diomedi (11) y Carlos P\u00e9rez (11). En el local no alcanz\u00f3 con la buena actuaci\u00f3n de Mart\u00edn Ayala (20).<\/b><\/p>\n<p>La gran intensidad con la que entr\u00f3 9 de Julio al partido sorprendi\u00f3 a Villa Mitre. Por eso, el inicio del encuentro fue favorable al due\u00f1o de casa. A partir de la buena conducci\u00f3n de Pena (5) y la decisi\u00f3n del t\u00e1ndem: Ayala (7) \u2013 Thorp (4) se escap\u00f3 15-6 con 3 minutos en el reloj. Adem\u00e1s el Nueve carg\u00f3 bien los rebotes en ambos tableros. El Verde por su parte, comenz\u00f3 frio y equivocando los caminos (0\/6 T3 \u2013 3 perdidas). Con la salida de Thorp, por acumulaci\u00f3n de faltas (3), lleg\u00f3 la reacci\u00f3n del Tricolor comandada por Pineda (6). De cara al primer descanso la visita pudo recortar la distancia e irse siete unidades abajo (19-12).<\/p>\n<p>Otra fue la actitud y el ritmo de Villa Mitre en el segundo periodo, m\u00e1s all\u00e1 de que el due\u00f1o de casa tambi\u00e9n bajo su intensidad en defensa. El elenco de Ugolini calent\u00f3 motores y comenz\u00f3 a inclinar la balanza hacia su lado. Mediante un parcial de 15-2, que se cerr\u00f3 con un doble y bonus de Renzi, el Tricolor pas\u00f3 al frente 27-21 con menos de cinco minutos por jugar. Dos bombas consecutivas, una de Ayala y otra de Pena, despertaron a 9 de Julio. No obstante el Verde contest\u00f3 mediante Diomedi (7), Bollo (5) y P\u00e9rez (5) para seguir al frente. Con una diferencia de cuatro puntos, la visita se fue al frente del resultado (39-35).<\/p>\n<p>La vuelta de los vestuarios trajo consigo el quiebre definitivo del partido. Un pasaje de 11-3 en el inicio, que tuvo como estandarte a Bollo (4), le dio una ventaja importante al Verde (38-50). Cuatro puntos consecutivos de Ayala parecieron despertar a 9 de Julio pero esto duro un abrir y cerrar de ojos. Los 5m32s que estuvo sin anotar el Nueve fueron demasiado. Con las bombas de Renzi y Berdini, m\u00e1s las penetraciones hacia el canasto de Diomedi, el Tricolor sac\u00f3 su m\u00e1xima hasta ese momento (42-60).<\/p>\n<p>Con buena rotaci\u00f3n de pelota y tomando buenas determinaciones, la Villa pudo cerrar c\u00f3modamente el encuentro. La constancia de Renzi (7) continu\u00f3 d\u00e1ndole aire en ataque a la visita. Del otro lado, mediante los triples de Mart\u00ednez, Blazquez y Pe\u00f1alver, el Nueve fue limando un poco la diferencia en contra. A la frutilla del postre en Villa Mitre la pusieron los puntos de los pibes Mailo (3) y Farinella (2) en el cierre. As\u00ed el conjunto de Ugolini meti\u00f3 su tercera victoria en igual cantidad de presentaciones y sigue a paso firme por el Ciudad de Bah\u00eda Blanca.<\/p>\n<p>&nbsp;<\/p>\n<p>[vimeo]http:\/\/vimeo.com\/126215350[\/vimeo]<\/p>\n<p>&nbsp;<\/p>\n<p><b>S\u00edntesis<\/b>\u00a0| Primera Divisi\u00f3n \u2013 Fecha #1<\/p>\n<p><b>9 de Julio 59:<\/b>\u00a0Agust\u00edn Pena 11, Fernando Pe\u00f1alver 9, Mat\u00edas Ayala 20, Jonathan Thorp 4, Jos\u00e9 Luis Mart\u00ednez 8 (Fi). Milton Ruesga 2, Mat\u00edas Lopez 0, Mauro Blazquez 5, Mariano Davi 0. DT: Emiliano Rold\u00e1n.<\/p>\n<p><b>Villa Mitre 80:\u00a0<\/b>Marcelo Berdini 6, Gast\u00f3n Diomedi 11, Nicol\u00e1s Renzi 18, David Pineda 11, Javier Bollo 15 (FI); Carlos P\u00e9rez 11, Santiago Bussetti 2, Mat\u00edas Mailo 4, Mat\u00edas Farinella 2, Leandro Repetti 0. \u00a0DT: Ariel Ugolini.<\/p>\n<p><b>Parciales:<\/b>\u00a019-12, 35-39 (16-27), 44-60 (9-21) y 59-80 (15-20).<\/p>\n<p><b>\u00c1rbitros:<\/b>\u00a0N\u00e9stor Schernenco \u2013 Javier S\u00e1nchez<\/p>\n<p><b>Estadio:<\/b>\u00a0N\u00e9stor Damiani (9 de Julio).<\/p>\n<p><a class=\"modalf iframe\" title=\"Planilla\" href=\"https:\/\/docs.google.com\/spreadsheets\/d\/10YIM5G74Qw-saM157DPUrmqHIpIroOJ5u49_P5TnvCw\/pubhtml?gid=1857886668&amp;single=true\" target=\"_blank\" rel=\"noopener\">Ver Planilla<\/a><\/p>\n<p>&nbsp;<\/p>\n<p>[vimeo]http:\/\/vimeo.com\/126212928[\/vimeo]<\/p>\n","protected":false},"excerpt":{"rendered":"<p>A Villa Mitre le cost\u00f3 entrar en ritmo, pero venci\u00f3 80-59 a 9 de Julio<\/p>\n","protected":false},"author":1,"featured_media":44594,"comment_status":"closed","ping_status":"open","sticky":false,"template":"","format":"standard","meta":{"jnews-multi-image_gallery":[],"jnews_single_post":[],"jnews_primary_category":[],"footnotes":""},"categories":[23,101],"tags":[2,22],"class_list":["post-44593","post","type-post","status-publish","format-standard","has-post-thumbnail","hentry","category-primera","category-slide","tag-9dejulio","tag-villa-mitre"],"yoast_head":"<!-- This site is optimized with the Yoast SEO plugin v27.5 - https:\/\/yoast.com\/product\/yoast-seo-wordpress\/ -->\n<title>Fue tomando tri-color - Gente de B\u00e1squet<\/title>\n<meta name=\"robots\" content=\"index, follow, max-snippet:-1, max-image-preview:large, max-video-preview:-1\" \/>\n<link rel=\"canonical\" href=\"https:\/\/gentedebasquet.com.ar\/sitio\/2015\/04\/27\/fue-tomando-tri-color\/\" \/>\n<meta property=\"og:locale\" content=\"es_ES\" \/>\n<meta property=\"og:type\" content=\"article\" \/>\n<meta property=\"og:title\" content=\"Fue tomando tri-color - Gente de B\u00e1squet\" \/>\n<meta property=\"og:description\" content=\"A Villa Mitre le cost\u00f3 entrar en ritmo, pero venci\u00f3 80-59 a 9 de Julio\" \/>\n<meta property=\"og:url\" content=\"https:\/\/gentedebasquet.com.ar\/sitio\/2015\/04\/27\/fue-tomando-tri-color\/\" \/>\n<meta property=\"og:site_name\" content=\"Gente de B\u00e1squet\" \/>\n<meta property=\"article:published_time\" content=\"2015-04-28T02:54:54+00:00\" \/>\n<meta property=\"og:image\" content=\"https:\/\/gentedebasquet.com.ar\/sitio\/wp-content\/uploads\/2015\/04\/IMG_20150427_211659825.jpg\" \/>\n\t<meta property=\"og:image:width\" content=\"690\" \/>\n\t<meta property=\"og:image:height\" content=\"319\" \/>\n\t<meta property=\"og:image:type\" content=\"image\/jpeg\" \/>\n<meta name=\"author\" content=\"Gente de B\u00e1squet\" \/>\n<meta name=\"twitter:card\" content=\"summary_large_image\" \/>\n<meta name=\"twitter:label1\" content=\"Escrito por\" \/>\n\t<meta name=\"twitter:data1\" content=\"Gente de B\u00e1squet\" \/>\n\t<meta name=\"twitter:label2\" content=\"Tiempo de lectura\" \/>\n\t<meta name=\"twitter:data2\" content=\"3 minutos\" \/>\n<script type=\"application\/ld+json\" class=\"yoast-schema-graph\">{\"@context\":\"https:\\\/\\\/schema.org\",\"@graph\":[{\"@type\":\"Article\",\"@id\":\"https:\\\/\\\/gentedebasquet.com.ar\\\/sitio\\\/2015\\\/04\\\/27\\\/fue-tomando-tri-color\\\/#article\",\"isPartOf\":{\"@id\":\"https:\\\/\\\/gentedebasquet.com.ar\\\/sitio\\\/2015\\\/04\\\/27\\\/fue-tomando-tri-color\\\/\"},\"author\":{\"name\":\"Gente de B\u00e1squet\",\"@id\":\"https:\\\/\\\/gentedebasquet.com.ar\\\/sitio\\\/#\\\/schema\\\/person\\\/ca0b63bbb977369988a7bbbdc519943a\"},\"headline\":\"Fue tomando tri-color\",\"datePublished\":\"2015-04-28T02:54:54+00:00\",\"mainEntityOfPage\":{\"@id\":\"https:\\\/\\\/gentedebasquet.com.ar\\\/sitio\\\/2015\\\/04\\\/27\\\/fue-tomando-tri-color\\\/\"},\"wordCount\":634,\"image\":{\"@id\":\"https:\\\/\\\/gentedebasquet.com.ar\\\/sitio\\\/2015\\\/04\\\/27\\\/fue-tomando-tri-color\\\/#primaryimage\"},\"thumbnailUrl\":\"https:\\\/\\\/gentedebasquet.com.ar\\\/sitio\\\/wp-content\\\/uploads\\\/2015\\\/04\\\/IMG_20150427_211659825.jpg\",\"keywords\":[\"9 de Julio\",\"Villa Mitre\"],\"articleSection\":[\"Primera\",\"Slide\"],\"inLanguage\":\"es\"},{\"@type\":\"WebPage\",\"@id\":\"https:\\\/\\\/gentedebasquet.com.ar\\\/sitio\\\/2015\\\/04\\\/27\\\/fue-tomando-tri-color\\\/\",\"url\":\"https:\\\/\\\/gentedebasquet.com.ar\\\/sitio\\\/2015\\\/04\\\/27\\\/fue-tomando-tri-color\\\/\",\"name\":\"Fue tomando tri-color - Gente de B\u00e1squet\",\"isPartOf\":{\"@id\":\"https:\\\/\\\/gentedebasquet.com.ar\\\/sitio\\\/#website\"},\"primaryImageOfPage\":{\"@id\":\"https:\\\/\\\/gentedebasquet.com.ar\\\/sitio\\\/2015\\\/04\\\/27\\\/fue-tomando-tri-color\\\/#primaryimage\"},\"image\":{\"@id\":\"https:\\\/\\\/gentedebasquet.com.ar\\\/sitio\\\/2015\\\/04\\\/27\\\/fue-tomando-tri-color\\\/#primaryimage\"},\"thumbnailUrl\":\"https:\\\/\\\/gentedebasquet.com.ar\\\/sitio\\\/wp-content\\\/uploads\\\/2015\\\/04\\\/IMG_20150427_211659825.jpg\",\"datePublished\":\"2015-04-28T02:54:54+00:00\",\"author\":{\"@id\":\"https:\\\/\\\/gentedebasquet.com.ar\\\/sitio\\\/#\\\/schema\\\/person\\\/ca0b63bbb977369988a7bbbdc519943a\"},\"breadcrumb\":{\"@id\":\"https:\\\/\\\/gentedebasquet.com.ar\\\/sitio\\\/2015\\\/04\\\/27\\\/fue-tomando-tri-color\\\/#breadcrumb\"},\"inLanguage\":\"es\",\"potentialAction\":[{\"@type\":\"ReadAction\",\"target\":[\"https:\\\/\\\/gentedebasquet.com.ar\\\/sitio\\\/2015\\\/04\\\/27\\\/fue-tomando-tri-color\\\/\"]}]},{\"@type\":\"ImageObject\",\"inLanguage\":\"es\",\"@id\":\"https:\\\/\\\/gentedebasquet.com.ar\\\/sitio\\\/2015\\\/04\\\/27\\\/fue-tomando-tri-color\\\/#primaryimage\",\"url\":\"https:\\\/\\\/gentedebasquet.com.ar\\\/sitio\\\/wp-content\\\/uploads\\\/2015\\\/04\\\/IMG_20150427_211659825.jpg\",\"contentUrl\":\"https:\\\/\\\/gentedebasquet.com.ar\\\/sitio\\\/wp-content\\\/uploads\\\/2015\\\/04\\\/IMG_20150427_211659825.jpg\",\"width\":690,\"height\":319},{\"@type\":\"BreadcrumbList\",\"@id\":\"https:\\\/\\\/gentedebasquet.com.ar\\\/sitio\\\/2015\\\/04\\\/27\\\/fue-tomando-tri-color\\\/#breadcrumb\",\"itemListElement\":[{\"@type\":\"ListItem\",\"position\":1,\"name\":\"Portada\",\"item\":\"https:\\\/\\\/gentedebasquet.com.ar\\\/sitio\\\/\"},{\"@type\":\"ListItem\",\"position\":2,\"name\":\"Fue tomando tri-color\"}]},{\"@type\":\"WebSite\",\"@id\":\"https:\\\/\\\/gentedebasquet.com.ar\\\/sitio\\\/#website\",\"url\":\"https:\\\/\\\/gentedebasquet.com.ar\\\/sitio\\\/\",\"name\":\"Gente de B\u00e1squet\",\"description\":\"La revista del basquet de Bah\u00eda Blanca\",\"potentialAction\":[{\"@type\":\"SearchAction\",\"target\":{\"@type\":\"EntryPoint\",\"urlTemplate\":\"https:\\\/\\\/gentedebasquet.com.ar\\\/sitio\\\/?s={search_term_string}\"},\"query-input\":{\"@type\":\"PropertyValueSpecification\",\"valueRequired\":true,\"valueName\":\"search_term_string\"}}],\"inLanguage\":\"es\"},{\"@type\":\"Person\",\"@id\":\"https:\\\/\\\/gentedebasquet.com.ar\\\/sitio\\\/#\\\/schema\\\/person\\\/ca0b63bbb977369988a7bbbdc519943a\",\"name\":\"Gente de B\u00e1squet\",\"image\":{\"@type\":\"ImageObject\",\"inLanguage\":\"es\",\"@id\":\"https:\\\/\\\/secure.gravatar.com\\\/avatar\\\/7f2c48bdc33b30088f941fb6082e555f2874c98e20cb159d7b92b50eadfce793?s=96&d=mm&r=g\",\"url\":\"https:\\\/\\\/secure.gravatar.com\\\/avatar\\\/7f2c48bdc33b30088f941fb6082e555f2874c98e20cb159d7b92b50eadfce793?s=96&d=mm&r=g\",\"contentUrl\":\"https:\\\/\\\/secure.gravatar.com\\\/avatar\\\/7f2c48bdc33b30088f941fb6082e555f2874c98e20cb159d7b92b50eadfce793?s=96&d=mm&r=g\",\"caption\":\"Gente de B\u00e1squet\"},\"sameAs\":[\"http:\\\/\\\/gentedebasquet.com.ar\\\/sitio\"],\"url\":\"https:\\\/\\\/gentedebasquet.com.ar\\\/sitio\\\/author\\\/ulises\\\/\"}]}<\/script>\n<!-- \/ Yoast SEO plugin. -->","yoast_head_json":{"title":"Fue tomando tri-color - Gente de B\u00e1squet","robots":{"index":"index","follow":"follow","max-snippet":"max-snippet:-1","max-image-preview":"max-image-preview:large","max-video-preview":"max-video-preview:-1"},"canonical":"https:\/\/gentedebasquet.com.ar\/sitio\/2015\/04\/27\/fue-tomando-tri-color\/","og_locale":"es_ES","og_type":"article","og_title":"Fue tomando tri-color - Gente de B\u00e1squet","og_description":"A Villa Mitre le cost\u00f3 entrar en ritmo, pero venci\u00f3 80-59 a 9 de Julio","og_url":"https:\/\/gentedebasquet.com.ar\/sitio\/2015\/04\/27\/fue-tomando-tri-color\/","og_site_name":"Gente de B\u00e1squet","article_published_time":"2015-04-28T02:54:54+00:00","og_image":[{"width":690,"height":319,"url":"https:\/\/gentedebasquet.com.ar\/sitio\/wp-content\/uploads\/2015\/04\/IMG_20150427_211659825.jpg","type":"image\/jpeg"}],"author":"Gente de B\u00e1squet","twitter_card":"summary_large_image","twitter_misc":{"Escrito por":"Gente de B\u00e1squet","Tiempo de lectura":"3 minutos"},"schema":{"@context":"https:\/\/schema.org","@graph":[{"@type":"Article","@id":"https:\/\/gentedebasquet.com.ar\/sitio\/2015\/04\/27\/fue-tomando-tri-color\/#article","isPartOf":{"@id":"https:\/\/gentedebasquet.com.ar\/sitio\/2015\/04\/27\/fue-tomando-tri-color\/"},"author":{"name":"Gente de B\u00e1squet","@id":"https:\/\/gentedebasquet.com.ar\/sitio\/#\/schema\/person\/ca0b63bbb977369988a7bbbdc519943a"},"headline":"Fue tomando tri-color","datePublished":"2015-04-28T02:54:54+00:00","mainEntityOfPage":{"@id":"https:\/\/gentedebasquet.com.ar\/sitio\/2015\/04\/27\/fue-tomando-tri-color\/"},"wordCount":634,"image":{"@id":"https:\/\/gentedebasquet.com.ar\/sitio\/2015\/04\/27\/fue-tomando-tri-color\/#primaryimage"},"thumbnailUrl":"https:\/\/gentedebasquet.com.ar\/sitio\/wp-content\/uploads\/2015\/04\/IMG_20150427_211659825.jpg","keywords":["9 de Julio","Villa Mitre"],"articleSection":["Primera","Slide"],"inLanguage":"es"},{"@type":"WebPage","@id":"https:\/\/gentedebasquet.com.ar\/sitio\/2015\/04\/27\/fue-tomando-tri-color\/","url":"https:\/\/gentedebasquet.com.ar\/sitio\/2015\/04\/27\/fue-tomando-tri-color\/","name":"Fue tomando tri-color - Gente de B\u00e1squet","isPartOf":{"@id":"https:\/\/gentedebasquet.com.ar\/sitio\/#website"},"primaryImageOfPage":{"@id":"https:\/\/gentedebasquet.com.ar\/sitio\/2015\/04\/27\/fue-tomando-tri-color\/#primaryimage"},"image":{"@id":"https:\/\/gentedebasquet.com.ar\/sitio\/2015\/04\/27\/fue-tomando-tri-color\/#primaryimage"},"thumbnailUrl":"https:\/\/gentedebasquet.com.ar\/sitio\/wp-content\/uploads\/2015\/04\/IMG_20150427_211659825.jpg","datePublished":"2015-04-28T02:54:54+00:00","author":{"@id":"https:\/\/gentedebasquet.com.ar\/sitio\/#\/schema\/person\/ca0b63bbb977369988a7bbbdc519943a"},"breadcrumb":{"@id":"https:\/\/gentedebasquet.com.ar\/sitio\/2015\/04\/27\/fue-tomando-tri-color\/#breadcrumb"},"inLanguage":"es","potentialAction":[{"@type":"ReadAction","target":["https:\/\/gentedebasquet.com.ar\/sitio\/2015\/04\/27\/fue-tomando-tri-color\/"]}]},{"@type":"ImageObject","inLanguage":"es","@id":"https:\/\/gentedebasquet.com.ar\/sitio\/2015\/04\/27\/fue-tomando-tri-color\/#primaryimage","url":"https:\/\/gentedebasquet.com.ar\/sitio\/wp-content\/uploads\/2015\/04\/IMG_20150427_211659825.jpg","contentUrl":"https:\/\/gentedebasquet.com.ar\/sitio\/wp-content\/uploads\/2015\/04\/IMG_20150427_211659825.jpg","width":690,"height":319},{"@type":"BreadcrumbList","@id":"https:\/\/gentedebasquet.com.ar\/sitio\/2015\/04\/27\/fue-tomando-tri-color\/#breadcrumb","itemListElement":[{"@type":"ListItem","position":1,"name":"Portada","item":"https:\/\/gentedebasquet.com.ar\/sitio\/"},{"@type":"ListItem","position":2,"name":"Fue tomando tri-color"}]},{"@type":"WebSite","@id":"https:\/\/gentedebasquet.com.ar\/sitio\/#website","url":"https:\/\/gentedebasquet.com.ar\/sitio\/","name":"Gente de B\u00e1squet","description":"La revista del basquet de Bah\u00eda Blanca","potentialAction":[{"@type":"SearchAction","target":{"@type":"EntryPoint","urlTemplate":"https:\/\/gentedebasquet.com.ar\/sitio\/?s={search_term_string}"},"query-input":{"@type":"PropertyValueSpecification","valueRequired":true,"valueName":"search_term_string"}}],"inLanguage":"es"},{"@type":"Person","@id":"https:\/\/gentedebasquet.com.ar\/sitio\/#\/schema\/person\/ca0b63bbb977369988a7bbbdc519943a","name":"Gente de B\u00e1squet","image":{"@type":"ImageObject","inLanguage":"es","@id":"https:\/\/secure.gravatar.com\/avatar\/7f2c48bdc33b30088f941fb6082e555f2874c98e20cb159d7b92b50eadfce793?s=96&d=mm&r=g","url":"https:\/\/secure.gravatar.com\/avatar\/7f2c48bdc33b30088f941fb6082e555f2874c98e20cb159d7b92b50eadfce793?s=96&d=mm&r=g","contentUrl":"https:\/\/secure.gravatar.com\/avatar\/7f2c48bdc33b30088f941fb6082e555f2874c98e20cb159d7b92b50eadfce793?s=96&d=mm&r=g","caption":"Gente de B\u00e1squet"},"sameAs":["http:\/\/gentedebasquet.com.ar\/sitio"],"url":"https:\/\/gentedebasquet.com.ar\/sitio\/author\/ulises\/"}]}},"_links":{"self":[{"href":"https:\/\/gentedebasquet.com.ar\/sitio\/wp-json\/wp\/v2\/posts\/44593","targetHints":{"allow":["GET"]}}],"collection":[{"href":"https:\/\/gentedebasquet.com.ar\/sitio\/wp-json\/wp\/v2\/posts"}],"about":[{"href":"https:\/\/gentedebasquet.com.ar\/sitio\/wp-json\/wp\/v2\/types\/post"}],"author":[{"embeddable":true,"href":"https:\/\/gentedebasquet.com.ar\/sitio\/wp-json\/wp\/v2\/users\/1"}],"replies":[{"embeddable":true,"href":"https:\/\/gentedebasquet.com.ar\/sitio\/wp-json\/wp\/v2\/comments?post=44593"}],"version-history":[{"count":0,"href":"https:\/\/gentedebasquet.com.ar\/sitio\/wp-json\/wp\/v2\/posts\/44593\/revisions"}],"wp:featuredmedia":[{"embeddable":true,"href":"https:\/\/gentedebasquet.com.ar\/sitio\/wp-json\/wp\/v2\/media\/44594"}],"wp:attachment":[{"href":"https:\/\/gentedebasquet.com.ar\/sitio\/wp-json\/wp\/v2\/media?parent=44593"}],"wp:term":[{"taxonomy":"category","embeddable":true,"href":"https:\/\/gentedebasquet.com.ar\/sitio\/wp-json\/wp\/v2\/categories?post=44593"},{"taxonomy":"post_tag","embeddable":true,"href":"https:\/\/gentedebasquet.com.ar\/sitio\/wp-json\/wp\/v2\/tags?post=44593"}],"curies":[{"name":"wp","href":"https:\/\/api.w.org\/{rel}","templated":true}]}}