{"id":44920,"date":"2015-05-02T23:55:58","date_gmt":"2015-05-03T02:55:58","guid":{"rendered":"http:\/\/www.gentedebasquet.com.ar\/?p=44920"},"modified":"2015-05-02T23:55:58","modified_gmt":"2015-05-03T02:55:58","slug":"con-la-frente-en-alto-3","status":"publish","type":"post","link":"https:\/\/gentedebasquet.com.ar\/sitio\/2015\/05\/02\/con-la-frente-en-alto-3\/","title":{"rendered":"Con la frente en alto"},"content":{"rendered":"<p><b>Bahiense del Norte no pudo con Atenas (Patagones) y culmin\u00f3 su temporada en este Torneo Federal. El elenco de la Comarca lo venci\u00f3 79-73 y sell\u00f3 la serie de semifinales por 3-1. Mat\u00edas Chaves (19) fue el goleador de la noche y estuvo bien secundado por Esteban Silva (18), Ramiro Heinrich (14) y Franco Pennacchiotti (13). Juan Manuel Ruiz y Mart\u00edn Aguirrezabala (18 cada uno), fueron los mejores en la visita. A pesar de la eliminaci\u00f3n, el Tricolor redonde\u00f3 una gran temporada en su primera experiencia federal.<\/b><\/p>\n<p>Con aciertos y errores, Bahiense del Norte recorri\u00f3 su camino por este Torneo Federal 2014\/2015. En su primera temporada, el Tricolor pudo meterse entre los 16 mejores equipos con un plantel compuesto por jugadores del club. En frente tuvo a un duro rival: Atenas (Patagones), que consigui\u00f3 su pase a la final para luchar por un ascenso al TNA frente al ganador de Estudiantes (La Plata) y Uni\u00f3n (Sunchales).<\/p>\n<p>Al Tricolor le cost\u00f3 calentar motores en el inicio, encima Atenas entr\u00f3 derecho con los tiros externos (4\/6) y se distanci\u00f3 18-11 con 3:57 por jugar. Alejandro Navallo se vio obligado a pedir minuto e hizo reaccionar a sus dirigidos. Ajustando la defensa y teniendo como l\u00edderes ofensivos a Silva (9) y Chaves (5) logr\u00f3 nivelar las acciones y hasta pas\u00f3 al frente. Mediante un pasaje de 13-0, que se cerr\u00f3 con dos simples de Pennacchiotti, el local se fue al primer descanso corto 24-18 arriba.<\/p>\n<p>El inicio del segundo cap\u00edtulo fue una prolongaci\u00f3n del cierre del primer segmento. Con una defensa aguerrida, Bahiense sec\u00f3 a su rival, tanto que lleg\u00f3 a estar los cuatro minutos iniciales sin anotar. En el otro lado, tras un triple de Silva y una conversi\u00f3n cerca del aro de Barbero, el equipo bahiense sac\u00f3 once de ventaja (29-18). El buen andar del Tricolor tuvo una laguna en el cierre de periodo. Solo anot\u00f3 cuatro puntos en los \u00faltimos 3:33 minutos de juego. Atenas, m\u00e1s all\u00e1 de los tantos que llegaron desde la l\u00ednea de libres, se mostr\u00f3 err\u00e1tico y no pudo achicar demasiado la brecha. Al descanso largo el local se fue ganando 39-32.<\/p>\n<p>Con una t\u00e9cnica por lado para los bancos, el tercer cuarto se torn\u00f3 demasiado friccionado. El panorama fue a\u00fan m\u00e1s complicado para Bahiense cuando Chaves acumul\u00f3 cuatro infracciones y Barbero se fue por cinco. Con Lucas Bianco (6) y Ru\u00edz (6) como exponentes en ofensiva, los de Patagones se mantuvieron en partido. Adem\u00e1s, a trav\u00e9s de su defensa, llevaron al anfitri\u00f3n a tomar algunas decisiones desacertadas. Por los puntos en la l\u00ednea de libres de Chaves (4) y Pennacchiotti (3), m\u00e1s las unidades que sum\u00f3 Heinrich (6) debajo de los tableros, el local cerr\u00f3 el tercer cuarto 57-52. Lo \u00faltimo que dej\u00f3 el segmento fue una jugada de pizarr\u00f3n de Navallo que termin\u00f3 con un doble de Heinrich.<\/p>\n<p>Un parcial de 15-3, que tuvo como protagonistas a Romano y Lucas Bianco, puso arriba por siete unidades al visitante (60-67) con 4:41 en el reloj. Si bien el Tricolor nunca baj\u00f3 los brazos y mediante una bomba de Silva se puso a cuatro (67-71), la diferencia se hizo irremontable. Un triple de Ruiz a falta de 1:42, fue lo que termin\u00f3 inclinando la balanza para el lado de la visita. As\u00ed Bahiense culmin\u00f3 su camino en esta primera temporada federal. El objetivo de foguear a los jugadores del club se cumpli\u00f3 y con creces. Sin dudas, el elenco de Navallo estuvo a la altura de las circunstancias.<\/p>\n<p><b>S\u00edntesis |\u00a0<\/b>Torneo Federal \u2013 Semifinales #4<\/p>\n<p><b>Bahiense del Norte 73:\u00a0<\/b>Mat\u00edas Chaves 19 (x), Esteban Silva 18, Franco Amigo 7 (x), Franco Pennacchiotti 13 y Ramiro Heinrich 14 (Fi). Ignacio Gerbaudo 0, Andr\u00e9s Barbero 2 (x), Juan Ignacio Diomedi 0, Kevin Zambrano 0. DT: Alejandro Navallo.<\/p>\n<p><b>Atenas (Patagones) 79:<\/b>\u00a0Hern\u00e1n Etchepare 13, Federico Grun 0, Lucas Bianco 17, Mart\u00edn Aguirrezabala 18 y Mauro Bianco 5 (x) (Fi). C\u00e9sar Lavoratornuovo 3, Bruno Romano 5, Juan Manuel Ru\u00edz 18. DT: Guillermo Bogliacino.<\/p>\n<p><b>Parciales:<\/b>\u00a024-18, 39-32 (15-14), 57-52 (18-20) y 73-79 (16-27).<\/p>\n<p><b>\u00c1rbitros:<\/b>\u00a0Gabriel Velasco (Trelew) \u2013 Cristian Carrasco (Cipolletti)<\/p>\n<p><b>Estadio:<\/b>\u00a0Manu Gin\u00f3bili (Bahiense).<\/p>\n<p><a href=\"http:\/\/www.fibalivestats.com\/matches\/16999\/15\/43\/68\/68wT1J0cuMXX6\/\" target=\"_blank\" rel=\"noopener\"><strong>ESTAD\u00cdSTICAS OFICIALES\u00a0<\/strong><\/a><\/p>\n<p>&nbsp;<\/p>\n","protected":false},"excerpt":{"rendered":"<p>Bahiense cay\u00f3 frente a Atenas (P) por 79 a 73 y qued\u00f3 eliminado del TFB.<\/p>\n","protected":false},"author":1,"featured_media":44924,"comment_status":"closed","ping_status":"open","sticky":false,"template":"","format":"standard","meta":{"jnews-multi-image_gallery":[],"jnews_single_post":[],"jnews_primary_category":[],"footnotes":""},"categories":[36,39,101],"tags":[85,5],"class_list":["post-44920","post","type-post","status-publish","format-standard","has-post-thumbnail","hentry","category-federal","category-nacional","category-slide","tag-atenas-patagones","tag-bahiense-del-norte"],"yoast_head":"<!-- This site is optimized with the Yoast SEO plugin v27.5 - https:\/\/yoast.com\/product\/yoast-seo-wordpress\/ -->\n<title>Con la frente en alto - Gente de B\u00e1squet<\/title>\n<meta name=\"robots\" content=\"index, follow, max-snippet:-1, max-image-preview:large, max-video-preview:-1\" \/>\n<link rel=\"canonical\" href=\"http:\/\/gentedebasquet.com.ar\/sitio\/2015\/05\/02\/con-la-frente-en-alto-3\/\" \/>\n<meta property=\"og:locale\" content=\"es_ES\" \/>\n<meta property=\"og:type\" content=\"article\" \/>\n<meta property=\"og:title\" content=\"Con la frente en alto - Gente de B\u00e1squet\" \/>\n<meta property=\"og:description\" content=\"Bahiense cay\u00f3 frente a Atenas (P) por 79 a 73 y qued\u00f3 eliminado del TFB.\" \/>\n<meta property=\"og:url\" content=\"http:\/\/gentedebasquet.com.ar\/sitio\/2015\/05\/02\/con-la-frente-en-alto-3\/\" \/>\n<meta property=\"og:site_name\" content=\"Gente de B\u00e1squet\" \/>\n<meta property=\"article:published_time\" content=\"2015-05-03T02:55:58+00:00\" \/>\n<meta property=\"og:image\" content=\"http:\/\/gentedebasquet.com.ar\/sitio\/wp-content\/uploads\/2015\/05\/DSC_0043-2.jpg\" \/>\n\t<meta property=\"og:image:width\" content=\"690\" \/>\n\t<meta property=\"og:image:height\" content=\"319\" \/>\n\t<meta property=\"og:image:type\" content=\"image\/jpeg\" \/>\n<meta name=\"author\" content=\"Gente de B\u00e1squet\" \/>\n<meta name=\"twitter:card\" content=\"summary_large_image\" \/>\n<meta name=\"twitter:label1\" content=\"Escrito por\" \/>\n\t<meta name=\"twitter:data1\" content=\"Gente de B\u00e1squet\" \/>\n\t<meta name=\"twitter:label2\" content=\"Tiempo de lectura\" \/>\n\t<meta name=\"twitter:data2\" content=\"3 minutos\" \/>\n<script type=\"application\/ld+json\" class=\"yoast-schema-graph\">{\"@context\":\"https:\\\/\\\/schema.org\",\"@graph\":[{\"@type\":\"Article\",\"@id\":\"http:\\\/\\\/gentedebasquet.com.ar\\\/sitio\\\/2015\\\/05\\\/02\\\/con-la-frente-en-alto-3\\\/#article\",\"isPartOf\":{\"@id\":\"http:\\\/\\\/gentedebasquet.com.ar\\\/sitio\\\/2015\\\/05\\\/02\\\/con-la-frente-en-alto-3\\\/\"},\"author\":{\"name\":\"Gente de B\u00e1squet\",\"@id\":\"https:\\\/\\\/gentedebasquet.com.ar\\\/sitio\\\/#\\\/schema\\\/person\\\/ca0b63bbb977369988a7bbbdc519943a\"},\"headline\":\"Con la frente en alto\",\"datePublished\":\"2015-05-03T02:55:58+00:00\",\"mainEntityOfPage\":{\"@id\":\"http:\\\/\\\/gentedebasquet.com.ar\\\/sitio\\\/2015\\\/05\\\/02\\\/con-la-frente-en-alto-3\\\/\"},\"wordCount\":680,\"image\":{\"@id\":\"http:\\\/\\\/gentedebasquet.com.ar\\\/sitio\\\/2015\\\/05\\\/02\\\/con-la-frente-en-alto-3\\\/#primaryimage\"},\"thumbnailUrl\":\"https:\\\/\\\/gentedebasquet.com.ar\\\/sitio\\\/wp-content\\\/uploads\\\/2015\\\/05\\\/DSC_0043-2.jpg\",\"keywords\":[\"Atenas Patagones\",\"Bahiense Del Norte\"],\"articleSection\":[\"Federal\",\"Nacional\",\"Slide\"],\"inLanguage\":\"es\"},{\"@type\":\"WebPage\",\"@id\":\"http:\\\/\\\/gentedebasquet.com.ar\\\/sitio\\\/2015\\\/05\\\/02\\\/con-la-frente-en-alto-3\\\/\",\"url\":\"http:\\\/\\\/gentedebasquet.com.ar\\\/sitio\\\/2015\\\/05\\\/02\\\/con-la-frente-en-alto-3\\\/\",\"name\":\"Con la frente en alto - Gente de B\u00e1squet\",\"isPartOf\":{\"@id\":\"https:\\\/\\\/gentedebasquet.com.ar\\\/sitio\\\/#website\"},\"primaryImageOfPage\":{\"@id\":\"http:\\\/\\\/gentedebasquet.com.ar\\\/sitio\\\/2015\\\/05\\\/02\\\/con-la-frente-en-alto-3\\\/#primaryimage\"},\"image\":{\"@id\":\"http:\\\/\\\/gentedebasquet.com.ar\\\/sitio\\\/2015\\\/05\\\/02\\\/con-la-frente-en-alto-3\\\/#primaryimage\"},\"thumbnailUrl\":\"https:\\\/\\\/gentedebasquet.com.ar\\\/sitio\\\/wp-content\\\/uploads\\\/2015\\\/05\\\/DSC_0043-2.jpg\",\"datePublished\":\"2015-05-03T02:55:58+00:00\",\"author\":{\"@id\":\"https:\\\/\\\/gentedebasquet.com.ar\\\/sitio\\\/#\\\/schema\\\/person\\\/ca0b63bbb977369988a7bbbdc519943a\"},\"breadcrumb\":{\"@id\":\"http:\\\/\\\/gentedebasquet.com.ar\\\/sitio\\\/2015\\\/05\\\/02\\\/con-la-frente-en-alto-3\\\/#breadcrumb\"},\"inLanguage\":\"es\",\"potentialAction\":[{\"@type\":\"ReadAction\",\"target\":[\"http:\\\/\\\/gentedebasquet.com.ar\\\/sitio\\\/2015\\\/05\\\/02\\\/con-la-frente-en-alto-3\\\/\"]}]},{\"@type\":\"ImageObject\",\"inLanguage\":\"es\",\"@id\":\"http:\\\/\\\/gentedebasquet.com.ar\\\/sitio\\\/2015\\\/05\\\/02\\\/con-la-frente-en-alto-3\\\/#primaryimage\",\"url\":\"https:\\\/\\\/gentedebasquet.com.ar\\\/sitio\\\/wp-content\\\/uploads\\\/2015\\\/05\\\/DSC_0043-2.jpg\",\"contentUrl\":\"https:\\\/\\\/gentedebasquet.com.ar\\\/sitio\\\/wp-content\\\/uploads\\\/2015\\\/05\\\/DSC_0043-2.jpg\",\"width\":690,\"height\":319},{\"@type\":\"BreadcrumbList\",\"@id\":\"http:\\\/\\\/gentedebasquet.com.ar\\\/sitio\\\/2015\\\/05\\\/02\\\/con-la-frente-en-alto-3\\\/#breadcrumb\",\"itemListElement\":[{\"@type\":\"ListItem\",\"position\":1,\"name\":\"Portada\",\"item\":\"https:\\\/\\\/gentedebasquet.com.ar\\\/sitio\\\/\"},{\"@type\":\"ListItem\",\"position\":2,\"name\":\"Con la frente en alto\"}]},{\"@type\":\"WebSite\",\"@id\":\"https:\\\/\\\/gentedebasquet.com.ar\\\/sitio\\\/#website\",\"url\":\"https:\\\/\\\/gentedebasquet.com.ar\\\/sitio\\\/\",\"name\":\"Gente de B\u00e1squet\",\"description\":\"La revista del basquet de Bah\u00eda Blanca\",\"potentialAction\":[{\"@type\":\"SearchAction\",\"target\":{\"@type\":\"EntryPoint\",\"urlTemplate\":\"https:\\\/\\\/gentedebasquet.com.ar\\\/sitio\\\/?s={search_term_string}\"},\"query-input\":{\"@type\":\"PropertyValueSpecification\",\"valueRequired\":true,\"valueName\":\"search_term_string\"}}],\"inLanguage\":\"es\"},{\"@type\":\"Person\",\"@id\":\"https:\\\/\\\/gentedebasquet.com.ar\\\/sitio\\\/#\\\/schema\\\/person\\\/ca0b63bbb977369988a7bbbdc519943a\",\"name\":\"Gente de B\u00e1squet\",\"image\":{\"@type\":\"ImageObject\",\"inLanguage\":\"es\",\"@id\":\"https:\\\/\\\/secure.gravatar.com\\\/avatar\\\/7f2c48bdc33b30088f941fb6082e555f2874c98e20cb159d7b92b50eadfce793?s=96&d=mm&r=g\",\"url\":\"https:\\\/\\\/secure.gravatar.com\\\/avatar\\\/7f2c48bdc33b30088f941fb6082e555f2874c98e20cb159d7b92b50eadfce793?s=96&d=mm&r=g\",\"contentUrl\":\"https:\\\/\\\/secure.gravatar.com\\\/avatar\\\/7f2c48bdc33b30088f941fb6082e555f2874c98e20cb159d7b92b50eadfce793?s=96&d=mm&r=g\",\"caption\":\"Gente de B\u00e1squet\"},\"sameAs\":[\"http:\\\/\\\/gentedebasquet.com.ar\\\/sitio\"],\"url\":\"https:\\\/\\\/gentedebasquet.com.ar\\\/sitio\\\/author\\\/ulises\\\/\"}]}<\/script>\n<!-- \/ Yoast SEO plugin. -->","yoast_head_json":{"title":"Con la frente en alto - Gente de B\u00e1squet","robots":{"index":"index","follow":"follow","max-snippet":"max-snippet:-1","max-image-preview":"max-image-preview:large","max-video-preview":"max-video-preview:-1"},"canonical":"http:\/\/gentedebasquet.com.ar\/sitio\/2015\/05\/02\/con-la-frente-en-alto-3\/","og_locale":"es_ES","og_type":"article","og_title":"Con la frente en alto - Gente de B\u00e1squet","og_description":"Bahiense cay\u00f3 frente a Atenas (P) por 79 a 73 y qued\u00f3 eliminado del TFB.","og_url":"http:\/\/gentedebasquet.com.ar\/sitio\/2015\/05\/02\/con-la-frente-en-alto-3\/","og_site_name":"Gente de B\u00e1squet","article_published_time":"2015-05-03T02:55:58+00:00","og_image":[{"width":690,"height":319,"url":"http:\/\/gentedebasquet.com.ar\/sitio\/wp-content\/uploads\/2015\/05\/DSC_0043-2.jpg","type":"image\/jpeg"}],"author":"Gente de B\u00e1squet","twitter_card":"summary_large_image","twitter_misc":{"Escrito por":"Gente de B\u00e1squet","Tiempo de lectura":"3 minutos"},"schema":{"@context":"https:\/\/schema.org","@graph":[{"@type":"Article","@id":"http:\/\/gentedebasquet.com.ar\/sitio\/2015\/05\/02\/con-la-frente-en-alto-3\/#article","isPartOf":{"@id":"http:\/\/gentedebasquet.com.ar\/sitio\/2015\/05\/02\/con-la-frente-en-alto-3\/"},"author":{"name":"Gente de B\u00e1squet","@id":"https:\/\/gentedebasquet.com.ar\/sitio\/#\/schema\/person\/ca0b63bbb977369988a7bbbdc519943a"},"headline":"Con la frente en alto","datePublished":"2015-05-03T02:55:58+00:00","mainEntityOfPage":{"@id":"http:\/\/gentedebasquet.com.ar\/sitio\/2015\/05\/02\/con-la-frente-en-alto-3\/"},"wordCount":680,"image":{"@id":"http:\/\/gentedebasquet.com.ar\/sitio\/2015\/05\/02\/con-la-frente-en-alto-3\/#primaryimage"},"thumbnailUrl":"https:\/\/gentedebasquet.com.ar\/sitio\/wp-content\/uploads\/2015\/05\/DSC_0043-2.jpg","keywords":["Atenas Patagones","Bahiense Del Norte"],"articleSection":["Federal","Nacional","Slide"],"inLanguage":"es"},{"@type":"WebPage","@id":"http:\/\/gentedebasquet.com.ar\/sitio\/2015\/05\/02\/con-la-frente-en-alto-3\/","url":"http:\/\/gentedebasquet.com.ar\/sitio\/2015\/05\/02\/con-la-frente-en-alto-3\/","name":"Con la frente en alto - Gente de B\u00e1squet","isPartOf":{"@id":"https:\/\/gentedebasquet.com.ar\/sitio\/#website"},"primaryImageOfPage":{"@id":"http:\/\/gentedebasquet.com.ar\/sitio\/2015\/05\/02\/con-la-frente-en-alto-3\/#primaryimage"},"image":{"@id":"http:\/\/gentedebasquet.com.ar\/sitio\/2015\/05\/02\/con-la-frente-en-alto-3\/#primaryimage"},"thumbnailUrl":"https:\/\/gentedebasquet.com.ar\/sitio\/wp-content\/uploads\/2015\/05\/DSC_0043-2.jpg","datePublished":"2015-05-03T02:55:58+00:00","author":{"@id":"https:\/\/gentedebasquet.com.ar\/sitio\/#\/schema\/person\/ca0b63bbb977369988a7bbbdc519943a"},"breadcrumb":{"@id":"http:\/\/gentedebasquet.com.ar\/sitio\/2015\/05\/02\/con-la-frente-en-alto-3\/#breadcrumb"},"inLanguage":"es","potentialAction":[{"@type":"ReadAction","target":["http:\/\/gentedebasquet.com.ar\/sitio\/2015\/05\/02\/con-la-frente-en-alto-3\/"]}]},{"@type":"ImageObject","inLanguage":"es","@id":"http:\/\/gentedebasquet.com.ar\/sitio\/2015\/05\/02\/con-la-frente-en-alto-3\/#primaryimage","url":"https:\/\/gentedebasquet.com.ar\/sitio\/wp-content\/uploads\/2015\/05\/DSC_0043-2.jpg","contentUrl":"https:\/\/gentedebasquet.com.ar\/sitio\/wp-content\/uploads\/2015\/05\/DSC_0043-2.jpg","width":690,"height":319},{"@type":"BreadcrumbList","@id":"http:\/\/gentedebasquet.com.ar\/sitio\/2015\/05\/02\/con-la-frente-en-alto-3\/#breadcrumb","itemListElement":[{"@type":"ListItem","position":1,"name":"Portada","item":"https:\/\/gentedebasquet.com.ar\/sitio\/"},{"@type":"ListItem","position":2,"name":"Con la frente en alto"}]},{"@type":"WebSite","@id":"https:\/\/gentedebasquet.com.ar\/sitio\/#website","url":"https:\/\/gentedebasquet.com.ar\/sitio\/","name":"Gente de B\u00e1squet","description":"La revista del basquet de Bah\u00eda Blanca","potentialAction":[{"@type":"SearchAction","target":{"@type":"EntryPoint","urlTemplate":"https:\/\/gentedebasquet.com.ar\/sitio\/?s={search_term_string}"},"query-input":{"@type":"PropertyValueSpecification","valueRequired":true,"valueName":"search_term_string"}}],"inLanguage":"es"},{"@type":"Person","@id":"https:\/\/gentedebasquet.com.ar\/sitio\/#\/schema\/person\/ca0b63bbb977369988a7bbbdc519943a","name":"Gente de B\u00e1squet","image":{"@type":"ImageObject","inLanguage":"es","@id":"https:\/\/secure.gravatar.com\/avatar\/7f2c48bdc33b30088f941fb6082e555f2874c98e20cb159d7b92b50eadfce793?s=96&d=mm&r=g","url":"https:\/\/secure.gravatar.com\/avatar\/7f2c48bdc33b30088f941fb6082e555f2874c98e20cb159d7b92b50eadfce793?s=96&d=mm&r=g","contentUrl":"https:\/\/secure.gravatar.com\/avatar\/7f2c48bdc33b30088f941fb6082e555f2874c98e20cb159d7b92b50eadfce793?s=96&d=mm&r=g","caption":"Gente de B\u00e1squet"},"sameAs":["http:\/\/gentedebasquet.com.ar\/sitio"],"url":"https:\/\/gentedebasquet.com.ar\/sitio\/author\/ulises\/"}]}},"_links":{"self":[{"href":"https:\/\/gentedebasquet.com.ar\/sitio\/wp-json\/wp\/v2\/posts\/44920","targetHints":{"allow":["GET"]}}],"collection":[{"href":"https:\/\/gentedebasquet.com.ar\/sitio\/wp-json\/wp\/v2\/posts"}],"about":[{"href":"https:\/\/gentedebasquet.com.ar\/sitio\/wp-json\/wp\/v2\/types\/post"}],"author":[{"embeddable":true,"href":"https:\/\/gentedebasquet.com.ar\/sitio\/wp-json\/wp\/v2\/users\/1"}],"replies":[{"embeddable":true,"href":"https:\/\/gentedebasquet.com.ar\/sitio\/wp-json\/wp\/v2\/comments?post=44920"}],"version-history":[{"count":0,"href":"https:\/\/gentedebasquet.com.ar\/sitio\/wp-json\/wp\/v2\/posts\/44920\/revisions"}],"wp:featuredmedia":[{"embeddable":true,"href":"https:\/\/gentedebasquet.com.ar\/sitio\/wp-json\/wp\/v2\/media\/44924"}],"wp:attachment":[{"href":"https:\/\/gentedebasquet.com.ar\/sitio\/wp-json\/wp\/v2\/media?parent=44920"}],"wp:term":[{"taxonomy":"category","embeddable":true,"href":"https:\/\/gentedebasquet.com.ar\/sitio\/wp-json\/wp\/v2\/categories?post=44920"},{"taxonomy":"post_tag","embeddable":true,"href":"https:\/\/gentedebasquet.com.ar\/sitio\/wp-json\/wp\/v2\/tags?post=44920"}],"curies":[{"name":"wp","href":"https:\/\/api.w.org\/{rel}","templated":true}]}}