{"id":45126,"date":"2015-05-06T23:30:42","date_gmt":"2015-05-07T02:30:42","guid":{"rendered":"http:\/\/www.gentedebasquet.com.ar\/?p=45126"},"modified":"2015-05-06T23:30:42","modified_gmt":"2015-05-07T02:30:42","slug":"bautismo-de-fuego","status":"publish","type":"post","link":"https:\/\/gentedebasquet.com.ar\/sitio\/2015\/05\/06\/bautismo-de-fuego\/","title":{"rendered":"Bautismo de fuego"},"content":{"rendered":"<p><strong>Con un alt\u00edsimo porcentaje a distancia, Barracas Central derrot\u00f3 a Olimpo por 91 a 77 y logr\u00f3 la primera victoria de la temporada. En el local, Reiner (23) tir\u00f3 5\/6 en triples, Alema\u00f1y (20) 5\/9 y Ranieri (16) 4\/7; englobando un 14\/24 temible. Adem\u00e1s, Cleppe (23 y 7 rebotes) da\u00f1\u00f3 en la pintura. En el aurinegro sobresalieron Bettiga (18) y Victoria (15). <span style=\"color: #ff6600;\">MIR\u00c1 EL VIDEO<\/span><\/strong><\/p>\n<p>Cinco fechas le llev\u00f3 a Barracas Central poder ganar un partido en su regreso a Primera Divisi\u00f3n. Si bien estuvo cerca en dos ocasiones, en el Casanova y ante Bahiense del Norte, reci\u00e9n en el duelo ante Olimpo pudo alzarse con la victoria, por 91 a 77. El conjunto de Juan Sergio Palumbo le imprimi\u00f3 v\u00e9rtigo al juego, aprovech\u00f3 errores de coordinaci\u00f3n en un juvenil equipo aurinegro y ametrall\u00f3 a distancia (14\/24) para poder festejar.<\/p>\n<p>Barracas comenz\u00f3 10-2 con triples de Alema\u00f1y y Ranieri y marc\u00f3 el camino. Olimpo entr\u00f3 en juego a partir de una bomba de Lahuel Silva y buenas anotaciones de Arens, con lanzamientos de cuatro metros. Incluso, pas\u00f3 al frente (12-14) a 2m02 del cierre del 1C. Luego, el partido se emparej\u00f3 hasta el arranque del segundo segmento, cuando mediante una jugada de doble y falta de Bert\u00f3n y un triplazo de Alema\u00f1y, el local sell\u00f3 un parcial de 10-0 que le dio ventaja de 15 (34-19).<\/p>\n<p>A partir de all\u00ed, se jug\u00f3 al ritmo del due\u00f1o de casa, con Cleppe dominando la pintura (10\/12 2P), y el aurinegro se mantuvo en partido gracias al goleo de Victoria (3\/4 3p), llegando desde el banco. M\u00e1s a\u00fan, una jugada de triple a la antigua, post rebote ofensivo, de Agust\u00edn S\u00e1nchez, acerc\u00f3 a Olimpo a 7 tantos (46-39) en el amanecer del 3C. Pero una falta, seguida de t\u00e9cnica a Capponi, le dio puntos en la l\u00ednea a Alema\u00f1y para que Barracas encamine el juego.<\/p>\n<p>La ventaja no era determinante, pero la seguidilla de triples que lleg\u00f3 a continuaci\u00f3n dej\u00f3 sin reacci\u00f3n a Olimpo. Alema\u00f1y -en tres ocasiones-, Ranieri -en dos- y Reiner, anotaron de manera consecutiva para dotar de energ\u00eda a Barracas y escapar: 64-47, 67-50, 70-53 y 75-58. La luz fue siempre de 17 puntos porque el visitante contest\u00f3 de la misma manera, v\u00eda Victoria y Bettiga&#8230; hasta que no le pudo seguir el ritmo.<\/p>\n<p>&nbsp;<\/p>\n<p>[vimeo]http:\/\/vimeo.com\/127120952[\/vimeo]<\/p>\n<p>&nbsp;<\/p>\n<p><strong>S\u00edntesis | <\/strong>Primera\u00a0Divisi\u00f3n &#8211; Fecha #5<\/p>\n<p><strong style=\"line-height: 1.5em;\">Barracas Central 91: <\/strong><span style=\"line-height: 1.5em;\">Juli\u00e1n Horvath 0, Sebasti\u00e1n Ranieri 16, Leonel Alema\u00f1y 20, Ezequiel Falcetta 4, Mart\u00edn Cleppe 23 (Fi); Maximiliano Bert\u00f3n 5, Juan Ignacio Reiner 23, Mariano N\u00fa\u00f1ez 0 y Mat\u00edas Fornetti 0. DT: Juan Sergio Palumbo.<\/span><\/p>\n<p><strong>Olimpo 77:<\/strong> Luciano Fortelli 0, Lorenzo Capponi 5, Valent\u00edn Bettiga 18, Lahuel Silva 12 (x), Agust\u00edn S\u00e1nchez 7 (Fi); Facundo Arens 12, Federico Montenegro 2, Franco Ruesga 0, Cristian Victoria 15 y Joaqu\u00edn Godio 6. DT: Franco Maceratesi.<\/p>\n<p><strong>Parciales: <\/strong>19-17, 44-34 (25-17), 75-58 (31-24) y 91-77 (16-19).<\/p>\n<p><strong>\u00c1rbitros:<\/strong>\u00a0Miguel Firpo &#8211; Mauro Reyes.<\/p>\n<p><strong>Estadio:<\/strong>\u00a0El Bosque (Barracas).<\/p>\n<p><a class=\"modalf iframe\" title=\"Planilla\" href=\"https:\/\/docs.google.com\/spreadsheets\/d\/1YVQLNtJfCD68w0GskIr4aYXlqX5e7CPHfJvP-vGjN6Q\/pubhtml\" target=\"_blank\" rel=\"noopener\">Ver Planilla<\/a><\/p>\n<p>&nbsp;<\/p>\n<p>[vimeo]http:\/\/vimeo.com\/127122318[\/vimeo]<\/p>\n","protected":false},"excerpt":{"rendered":"<p>Quemando redes, Barracas obtuvo la primera victoria del a\u00f1o: 91-77 a Olimpo<\/p>\n","protected":false},"author":1,"featured_media":45127,"comment_status":"closed","ping_status":"open","sticky":false,"template":"","format":"standard","meta":{"jnews-multi-image_gallery":[],"jnews_single_post":[],"jnews_primary_category":[],"footnotes":""},"categories":[23,101],"tags":[6,212,289,16,203,375],"class_list":["post-45126","post","type-post","status-publish","format-standard","has-post-thumbnail","hentry","category-primera","category-slide","tag-barracas-central","tag-juan-ignacio-reiner","tag-leonel-alemany","tag-olimpo","tag-sebastian-ranieri","tag-valentin-bettiga"],"yoast_head":"<!-- This site is optimized with the Yoast SEO plugin v27.5 - https:\/\/yoast.com\/product\/yoast-seo-wordpress\/ -->\n<title>Bautismo de fuego - Gente de B\u00e1squet<\/title>\n<meta name=\"robots\" content=\"index, follow, max-snippet:-1, max-image-preview:large, max-video-preview:-1\" \/>\n<link rel=\"canonical\" href=\"http:\/\/gentedebasquet.com.ar\/sitio\/2015\/05\/06\/bautismo-de-fuego\/\" \/>\n<meta property=\"og:locale\" content=\"es_ES\" \/>\n<meta property=\"og:type\" content=\"article\" \/>\n<meta property=\"og:title\" content=\"Bautismo de fuego - Gente de B\u00e1squet\" \/>\n<meta property=\"og:description\" content=\"Quemando redes, Barracas obtuvo la primera victoria del a\u00f1o: 91-77 a Olimpo\" \/>\n<meta property=\"og:url\" content=\"http:\/\/gentedebasquet.com.ar\/sitio\/2015\/05\/06\/bautismo-de-fuego\/\" \/>\n<meta property=\"og:site_name\" content=\"Gente de B\u00e1squet\" \/>\n<meta property=\"article:published_time\" content=\"2015-05-07T02:30:42+00:00\" \/>\n<meta property=\"og:image\" content=\"http:\/\/gentedebasquet.com.ar\/sitio\/wp-content\/uploads\/2015\/05\/Barracas-Olimpo-Reiner.jpg\" \/>\n\t<meta property=\"og:image:width\" content=\"690\" \/>\n\t<meta property=\"og:image:height\" content=\"319\" \/>\n\t<meta property=\"og:image:type\" content=\"image\/jpeg\" \/>\n<meta name=\"author\" content=\"Gente de B\u00e1squet\" \/>\n<meta name=\"twitter:card\" content=\"summary_large_image\" \/>\n<meta name=\"twitter:label1\" content=\"Escrito por\" \/>\n\t<meta name=\"twitter:data1\" content=\"Gente de B\u00e1squet\" \/>\n\t<meta name=\"twitter:label2\" content=\"Tiempo de lectura\" \/>\n\t<meta name=\"twitter:data2\" content=\"2 minutos\" \/>\n<script type=\"application\/ld+json\" class=\"yoast-schema-graph\">{\"@context\":\"https:\\\/\\\/schema.org\",\"@graph\":[{\"@type\":\"Article\",\"@id\":\"http:\\\/\\\/gentedebasquet.com.ar\\\/sitio\\\/2015\\\/05\\\/06\\\/bautismo-de-fuego\\\/#article\",\"isPartOf\":{\"@id\":\"http:\\\/\\\/gentedebasquet.com.ar\\\/sitio\\\/2015\\\/05\\\/06\\\/bautismo-de-fuego\\\/\"},\"author\":{\"name\":\"Gente de B\u00e1squet\",\"@id\":\"https:\\\/\\\/gentedebasquet.com.ar\\\/sitio\\\/#\\\/schema\\\/person\\\/ca0b63bbb977369988a7bbbdc519943a\"},\"headline\":\"Bautismo de fuego\",\"datePublished\":\"2015-05-07T02:30:42+00:00\",\"mainEntityOfPage\":{\"@id\":\"http:\\\/\\\/gentedebasquet.com.ar\\\/sitio\\\/2015\\\/05\\\/06\\\/bautismo-de-fuego\\\/\"},\"wordCount\":495,\"image\":{\"@id\":\"http:\\\/\\\/gentedebasquet.com.ar\\\/sitio\\\/2015\\\/05\\\/06\\\/bautismo-de-fuego\\\/#primaryimage\"},\"thumbnailUrl\":\"https:\\\/\\\/gentedebasquet.com.ar\\\/sitio\\\/wp-content\\\/uploads\\\/2015\\\/05\\\/Barracas-Olimpo-Reiner.jpg\",\"keywords\":[\"Barracas Central\",\"Juan Ignacio Reiner\",\"Leonel Alema\u00f1y\",\"Ol\u00edmpo\",\"Sebasti\u00e1n Ranieri\",\"Valent\u00edn Bettiga\"],\"articleSection\":[\"Primera\",\"Slide\"],\"inLanguage\":\"es\"},{\"@type\":\"WebPage\",\"@id\":\"http:\\\/\\\/gentedebasquet.com.ar\\\/sitio\\\/2015\\\/05\\\/06\\\/bautismo-de-fuego\\\/\",\"url\":\"http:\\\/\\\/gentedebasquet.com.ar\\\/sitio\\\/2015\\\/05\\\/06\\\/bautismo-de-fuego\\\/\",\"name\":\"Bautismo de fuego - Gente de B\u00e1squet\",\"isPartOf\":{\"@id\":\"https:\\\/\\\/gentedebasquet.com.ar\\\/sitio\\\/#website\"},\"primaryImageOfPage\":{\"@id\":\"http:\\\/\\\/gentedebasquet.com.ar\\\/sitio\\\/2015\\\/05\\\/06\\\/bautismo-de-fuego\\\/#primaryimage\"},\"image\":{\"@id\":\"http:\\\/\\\/gentedebasquet.com.ar\\\/sitio\\\/2015\\\/05\\\/06\\\/bautismo-de-fuego\\\/#primaryimage\"},\"thumbnailUrl\":\"https:\\\/\\\/gentedebasquet.com.ar\\\/sitio\\\/wp-content\\\/uploads\\\/2015\\\/05\\\/Barracas-Olimpo-Reiner.jpg\",\"datePublished\":\"2015-05-07T02:30:42+00:00\",\"author\":{\"@id\":\"https:\\\/\\\/gentedebasquet.com.ar\\\/sitio\\\/#\\\/schema\\\/person\\\/ca0b63bbb977369988a7bbbdc519943a\"},\"breadcrumb\":{\"@id\":\"http:\\\/\\\/gentedebasquet.com.ar\\\/sitio\\\/2015\\\/05\\\/06\\\/bautismo-de-fuego\\\/#breadcrumb\"},\"inLanguage\":\"es\",\"potentialAction\":[{\"@type\":\"ReadAction\",\"target\":[\"http:\\\/\\\/gentedebasquet.com.ar\\\/sitio\\\/2015\\\/05\\\/06\\\/bautismo-de-fuego\\\/\"]}]},{\"@type\":\"ImageObject\",\"inLanguage\":\"es\",\"@id\":\"http:\\\/\\\/gentedebasquet.com.ar\\\/sitio\\\/2015\\\/05\\\/06\\\/bautismo-de-fuego\\\/#primaryimage\",\"url\":\"https:\\\/\\\/gentedebasquet.com.ar\\\/sitio\\\/wp-content\\\/uploads\\\/2015\\\/05\\\/Barracas-Olimpo-Reiner.jpg\",\"contentUrl\":\"https:\\\/\\\/gentedebasquet.com.ar\\\/sitio\\\/wp-content\\\/uploads\\\/2015\\\/05\\\/Barracas-Olimpo-Reiner.jpg\",\"width\":690,\"height\":319},{\"@type\":\"BreadcrumbList\",\"@id\":\"http:\\\/\\\/gentedebasquet.com.ar\\\/sitio\\\/2015\\\/05\\\/06\\\/bautismo-de-fuego\\\/#breadcrumb\",\"itemListElement\":[{\"@type\":\"ListItem\",\"position\":1,\"name\":\"Portada\",\"item\":\"https:\\\/\\\/gentedebasquet.com.ar\\\/sitio\\\/\"},{\"@type\":\"ListItem\",\"position\":2,\"name\":\"Bautismo de fuego\"}]},{\"@type\":\"WebSite\",\"@id\":\"https:\\\/\\\/gentedebasquet.com.ar\\\/sitio\\\/#website\",\"url\":\"https:\\\/\\\/gentedebasquet.com.ar\\\/sitio\\\/\",\"name\":\"Gente de B\u00e1squet\",\"description\":\"La revista del basquet de Bah\u00eda Blanca\",\"potentialAction\":[{\"@type\":\"SearchAction\",\"target\":{\"@type\":\"EntryPoint\",\"urlTemplate\":\"https:\\\/\\\/gentedebasquet.com.ar\\\/sitio\\\/?s={search_term_string}\"},\"query-input\":{\"@type\":\"PropertyValueSpecification\",\"valueRequired\":true,\"valueName\":\"search_term_string\"}}],\"inLanguage\":\"es\"},{\"@type\":\"Person\",\"@id\":\"https:\\\/\\\/gentedebasquet.com.ar\\\/sitio\\\/#\\\/schema\\\/person\\\/ca0b63bbb977369988a7bbbdc519943a\",\"name\":\"Gente de B\u00e1squet\",\"image\":{\"@type\":\"ImageObject\",\"inLanguage\":\"es\",\"@id\":\"https:\\\/\\\/secure.gravatar.com\\\/avatar\\\/7f2c48bdc33b30088f941fb6082e555f2874c98e20cb159d7b92b50eadfce793?s=96&d=mm&r=g\",\"url\":\"https:\\\/\\\/secure.gravatar.com\\\/avatar\\\/7f2c48bdc33b30088f941fb6082e555f2874c98e20cb159d7b92b50eadfce793?s=96&d=mm&r=g\",\"contentUrl\":\"https:\\\/\\\/secure.gravatar.com\\\/avatar\\\/7f2c48bdc33b30088f941fb6082e555f2874c98e20cb159d7b92b50eadfce793?s=96&d=mm&r=g\",\"caption\":\"Gente de B\u00e1squet\"},\"sameAs\":[\"http:\\\/\\\/gentedebasquet.com.ar\\\/sitio\"],\"url\":\"https:\\\/\\\/gentedebasquet.com.ar\\\/sitio\\\/author\\\/ulises\\\/\"}]}<\/script>\n<!-- \/ Yoast SEO plugin. -->","yoast_head_json":{"title":"Bautismo de fuego - Gente de B\u00e1squet","robots":{"index":"index","follow":"follow","max-snippet":"max-snippet:-1","max-image-preview":"max-image-preview:large","max-video-preview":"max-video-preview:-1"},"canonical":"http:\/\/gentedebasquet.com.ar\/sitio\/2015\/05\/06\/bautismo-de-fuego\/","og_locale":"es_ES","og_type":"article","og_title":"Bautismo de fuego - Gente de B\u00e1squet","og_description":"Quemando redes, Barracas obtuvo la primera victoria del a\u00f1o: 91-77 a Olimpo","og_url":"http:\/\/gentedebasquet.com.ar\/sitio\/2015\/05\/06\/bautismo-de-fuego\/","og_site_name":"Gente de B\u00e1squet","article_published_time":"2015-05-07T02:30:42+00:00","og_image":[{"width":690,"height":319,"url":"http:\/\/gentedebasquet.com.ar\/sitio\/wp-content\/uploads\/2015\/05\/Barracas-Olimpo-Reiner.jpg","type":"image\/jpeg"}],"author":"Gente de B\u00e1squet","twitter_card":"summary_large_image","twitter_misc":{"Escrito por":"Gente de B\u00e1squet","Tiempo de lectura":"2 minutos"},"schema":{"@context":"https:\/\/schema.org","@graph":[{"@type":"Article","@id":"http:\/\/gentedebasquet.com.ar\/sitio\/2015\/05\/06\/bautismo-de-fuego\/#article","isPartOf":{"@id":"http:\/\/gentedebasquet.com.ar\/sitio\/2015\/05\/06\/bautismo-de-fuego\/"},"author":{"name":"Gente de B\u00e1squet","@id":"https:\/\/gentedebasquet.com.ar\/sitio\/#\/schema\/person\/ca0b63bbb977369988a7bbbdc519943a"},"headline":"Bautismo de fuego","datePublished":"2015-05-07T02:30:42+00:00","mainEntityOfPage":{"@id":"http:\/\/gentedebasquet.com.ar\/sitio\/2015\/05\/06\/bautismo-de-fuego\/"},"wordCount":495,"image":{"@id":"http:\/\/gentedebasquet.com.ar\/sitio\/2015\/05\/06\/bautismo-de-fuego\/#primaryimage"},"thumbnailUrl":"https:\/\/gentedebasquet.com.ar\/sitio\/wp-content\/uploads\/2015\/05\/Barracas-Olimpo-Reiner.jpg","keywords":["Barracas Central","Juan Ignacio Reiner","Leonel Alema\u00f1y","Ol\u00edmpo","Sebasti\u00e1n Ranieri","Valent\u00edn Bettiga"],"articleSection":["Primera","Slide"],"inLanguage":"es"},{"@type":"WebPage","@id":"http:\/\/gentedebasquet.com.ar\/sitio\/2015\/05\/06\/bautismo-de-fuego\/","url":"http:\/\/gentedebasquet.com.ar\/sitio\/2015\/05\/06\/bautismo-de-fuego\/","name":"Bautismo de fuego - Gente de B\u00e1squet","isPartOf":{"@id":"https:\/\/gentedebasquet.com.ar\/sitio\/#website"},"primaryImageOfPage":{"@id":"http:\/\/gentedebasquet.com.ar\/sitio\/2015\/05\/06\/bautismo-de-fuego\/#primaryimage"},"image":{"@id":"http:\/\/gentedebasquet.com.ar\/sitio\/2015\/05\/06\/bautismo-de-fuego\/#primaryimage"},"thumbnailUrl":"https:\/\/gentedebasquet.com.ar\/sitio\/wp-content\/uploads\/2015\/05\/Barracas-Olimpo-Reiner.jpg","datePublished":"2015-05-07T02:30:42+00:00","author":{"@id":"https:\/\/gentedebasquet.com.ar\/sitio\/#\/schema\/person\/ca0b63bbb977369988a7bbbdc519943a"},"breadcrumb":{"@id":"http:\/\/gentedebasquet.com.ar\/sitio\/2015\/05\/06\/bautismo-de-fuego\/#breadcrumb"},"inLanguage":"es","potentialAction":[{"@type":"ReadAction","target":["http:\/\/gentedebasquet.com.ar\/sitio\/2015\/05\/06\/bautismo-de-fuego\/"]}]},{"@type":"ImageObject","inLanguage":"es","@id":"http:\/\/gentedebasquet.com.ar\/sitio\/2015\/05\/06\/bautismo-de-fuego\/#primaryimage","url":"https:\/\/gentedebasquet.com.ar\/sitio\/wp-content\/uploads\/2015\/05\/Barracas-Olimpo-Reiner.jpg","contentUrl":"https:\/\/gentedebasquet.com.ar\/sitio\/wp-content\/uploads\/2015\/05\/Barracas-Olimpo-Reiner.jpg","width":690,"height":319},{"@type":"BreadcrumbList","@id":"http:\/\/gentedebasquet.com.ar\/sitio\/2015\/05\/06\/bautismo-de-fuego\/#breadcrumb","itemListElement":[{"@type":"ListItem","position":1,"name":"Portada","item":"https:\/\/gentedebasquet.com.ar\/sitio\/"},{"@type":"ListItem","position":2,"name":"Bautismo de fuego"}]},{"@type":"WebSite","@id":"https:\/\/gentedebasquet.com.ar\/sitio\/#website","url":"https:\/\/gentedebasquet.com.ar\/sitio\/","name":"Gente de B\u00e1squet","description":"La revista del basquet de Bah\u00eda Blanca","potentialAction":[{"@type":"SearchAction","target":{"@type":"EntryPoint","urlTemplate":"https:\/\/gentedebasquet.com.ar\/sitio\/?s={search_term_string}"},"query-input":{"@type":"PropertyValueSpecification","valueRequired":true,"valueName":"search_term_string"}}],"inLanguage":"es"},{"@type":"Person","@id":"https:\/\/gentedebasquet.com.ar\/sitio\/#\/schema\/person\/ca0b63bbb977369988a7bbbdc519943a","name":"Gente de B\u00e1squet","image":{"@type":"ImageObject","inLanguage":"es","@id":"https:\/\/secure.gravatar.com\/avatar\/7f2c48bdc33b30088f941fb6082e555f2874c98e20cb159d7b92b50eadfce793?s=96&d=mm&r=g","url":"https:\/\/secure.gravatar.com\/avatar\/7f2c48bdc33b30088f941fb6082e555f2874c98e20cb159d7b92b50eadfce793?s=96&d=mm&r=g","contentUrl":"https:\/\/secure.gravatar.com\/avatar\/7f2c48bdc33b30088f941fb6082e555f2874c98e20cb159d7b92b50eadfce793?s=96&d=mm&r=g","caption":"Gente de B\u00e1squet"},"sameAs":["http:\/\/gentedebasquet.com.ar\/sitio"],"url":"https:\/\/gentedebasquet.com.ar\/sitio\/author\/ulises\/"}]}},"_links":{"self":[{"href":"https:\/\/gentedebasquet.com.ar\/sitio\/wp-json\/wp\/v2\/posts\/45126","targetHints":{"allow":["GET"]}}],"collection":[{"href":"https:\/\/gentedebasquet.com.ar\/sitio\/wp-json\/wp\/v2\/posts"}],"about":[{"href":"https:\/\/gentedebasquet.com.ar\/sitio\/wp-json\/wp\/v2\/types\/post"}],"author":[{"embeddable":true,"href":"https:\/\/gentedebasquet.com.ar\/sitio\/wp-json\/wp\/v2\/users\/1"}],"replies":[{"embeddable":true,"href":"https:\/\/gentedebasquet.com.ar\/sitio\/wp-json\/wp\/v2\/comments?post=45126"}],"version-history":[{"count":0,"href":"https:\/\/gentedebasquet.com.ar\/sitio\/wp-json\/wp\/v2\/posts\/45126\/revisions"}],"wp:featuredmedia":[{"embeddable":true,"href":"https:\/\/gentedebasquet.com.ar\/sitio\/wp-json\/wp\/v2\/media\/45127"}],"wp:attachment":[{"href":"https:\/\/gentedebasquet.com.ar\/sitio\/wp-json\/wp\/v2\/media?parent=45126"}],"wp:term":[{"taxonomy":"category","embeddable":true,"href":"https:\/\/gentedebasquet.com.ar\/sitio\/wp-json\/wp\/v2\/categories?post=45126"},{"taxonomy":"post_tag","embeddable":true,"href":"https:\/\/gentedebasquet.com.ar\/sitio\/wp-json\/wp\/v2\/tags?post=45126"}],"curies":[{"name":"wp","href":"https:\/\/api.w.org\/{rel}","templated":true}]}}