{"id":45129,"date":"2015-05-06T23:10:14","date_gmt":"2015-05-07T02:10:14","guid":{"rendered":"http:\/\/www.gentedebasquet.com.ar\/?p=45129"},"modified":"2015-05-06T23:10:14","modified_gmt":"2015-05-07T02:10:14","slug":"nacion-3d","status":"publish","type":"post","link":"https:\/\/gentedebasquet.com.ar\/sitio\/2015\/05\/06\/nacion-3d\/","title":{"rendered":"Naci\u00f3n 3D"},"content":{"rendered":"<p><b>El Nacional contin\u00faa haci\u00e9ndose fuerte en la quinta (2 de 3 ganados) tras derrotar a 9 de Julio por 79 a 61.\u00a0 El conjunto dirigido por Juan Garc\u00eda nunca concedi\u00f3 la ventaja en el encuentro, amparado en una buena noche desde los 6,75 mts (10-24, 42 %).\u00a0 El local ubic\u00f3 a 5 jugadores por encima del doble d\u00edgito de anotaci\u00f3n, destac\u00e1ndose las tareas de Nicol\u00e1s Quiroga (14 puntos, con 5-9 en t2 y 9 rebotes) y Franciso Hoffman (17, 4-6 en t3 y 6 rebotes).\u00a0 En la visita, no bast\u00f3 con los aportes de Gonzalo Spikerman y Jonatan Thorp (13 cada uno). \u00a0<span style=\"color: #ff6600;\">MIR\u00c1 EL VIDEO<\/span>.<\/b><\/p>\n<p>El dominio de El Nacional fue claro desde el 1C (26-13), impulsado por una r\u00e1faga de 10-2 en apenas 2m24s de juego.\u00a0 Mat\u00edas Monteoliva (en el d\u00eda de su cumplea\u00f1os) tuvo el regalo inmejorable en un excepcional per\u00edodo ofensivo (10, incluyendo dos triples).\u00a0 Adem\u00e1s, el celeste domin\u00f3 la lucha a\u00e9rea (13 a 5) y cerr\u00f3 bien el canasto a los internos del \u201c9\u201d, relegando al conjunto de Rold\u00e1n a un bajo porcentaje de campo (5-15).<\/p>\n<p>En el 2C, la visita reaccion\u00f3 mediante racha de 13-6 en 4m, con buenas intervenciones de Spikerman (4) y Mauro Bl\u00e1zquez (5) quienes con decisi\u00f3n apostaron por atacar la canasta.\u00a0 As\u00ed y todo, la tarea de Nico Quiroga (3) y el buen ingreso de Nicol\u00e1s Vera (4) en la zona pintada, m\u00e1s dos bombas (Monteoliva e Iraola) mantuvieron la ventaja de El Nacional de cara al entretiempo (43-34).<\/p>\n<p>Al regreso de los vestuarios, los de Garc\u00eda volvieron a impactar en el marcador (14-7 en 4m37s) ante un at\u00f3nito 9 de Julio (2-8 en TC en ese tramo).\u00a0 Hubo una buena conducci\u00f3n de Braian Alonso (reparti\u00f3 3 asistencias), pero el punto fuerte del celeste fue en el tiro perimetral (4-5) en donde Pancho Hoffman se luci\u00f3 (3 triples).\u00a0 De cara al cierre, el partido estaba pr\u00e1cticamente liquidado (67-52).<\/p>\n<p>En el ep\u00edlogo hubo poco juego (12-9) y ambos equipos parecieron aceptar el resultado ya plasmado. \u00a0Sin embargo la nota la dio Jorge Scheffer,<a href=\"http:\/\/www.gentedebasquet.com.ar\/villa-mitre-calienta-motores\/\" target=\"_blank\" rel=\"noopener\"> quien al igual que en la fecha del lunes, en Villa Mitre<\/a>, volvi\u00f3 a demorar el final del encuentro unos minutos, porque de nuevo expuls\u00f3 a un simpatizante de la parcialidad visitante que lo increp\u00f3 verbalmente.\u00a0 Poco pareci\u00f3 afectar esto lo que fue una contundente victoria de El Nacional en su casa.<\/p>\n<p>&nbsp;<\/p>\n<p>[youtube]https:\/\/youtu.be\/amhXbH7lDW4[\/youtube]<\/p>\n<p>&nbsp;<\/p>\n<p><b>S\u00edntesis<\/b> | Primera Divisi\u00f3n \u2013 Fecha#5<\/p>\n<p><b>El Nacional 79: <\/b>Mat\u00edas Monteoliva 13, Federico Harina 0, Francisco Hoffman 17, Nicol\u00e1s Quiroga 14, Francisco Desimoni 9 (FI); Federico Ilekis 3, Esteban Arteaga 0, Gonzalo Moreyra 0, Nicol\u00e1s Vera 10, Braian Alonso 3, Emiliano Iraola 10, Facundo Carrizo 0.\u00a0 D.T: Juan Andr\u00e9s Garc\u00eda.<\/p>\n<p><b>9 de Julio 61: <\/b>Agust\u00edn Pena 8, Gonzalo Spikerman 13, Mart\u00edn Ayala 6, Jos\u00e9 Luis Mart\u00ednez 8, Jonatan Thorp 13 (FI); Milton Ruesga 1, Mauro Bl\u00e1zquez 6, Francisco Bonaguro 4.\u00a0 D.T: Emiliano Rold\u00e1n.<\/p>\n<p><b>Parciales: <\/b>26-13, 43-34 (17-21), 67-52 (21-18), 79-61 (12-9).<\/p>\n<p><b>\u00c1rbitros: <\/b>Jorge Scheffer \u2013 Diego Kessler.<\/p>\n<p><b>Estadio: <\/b>Hermanos Ciccioli (El Nacional).<\/p>\n<p><a class=\"modalf iframe\" title=\"Planilla\" href=\"https:\/\/docs.google.com\/spreadsheets\/d\/1GbuhvUraDUSkGEBu78SM_HVd2FefZCeZi7ZzeLXn15Y\/pubhtml\" target=\"_blank\" rel=\"noopener\">Ver Planilla<\/a><\/p>\n<p>&nbsp;<\/p>\n<p>[youtube]https:\/\/www.youtube.com\/watch?v=sSJLYNzHGPs[\/youtube]<\/p>\n","protected":false},"excerpt":{"rendered":"<p>Desde los 6,75 (10-24) El Nacional venci\u00f3 a 9 de Julio por 79 a 61.<\/p>\n","protected":false},"author":1,"featured_media":45131,"comment_status":"closed","ping_status":"open","sticky":false,"template":"","format":"standard","meta":{"jnews-multi-image_gallery":[],"jnews_single_post":[],"jnews_primary_category":[],"footnotes":""},"categories":[23,101],"tags":[2,9,661,614,141,662,663,283,664],"class_list":["post-45129","post","type-post","status-publish","format-standard","has-post-thumbnail","hentry","category-primera","category-slide","tag-9dejulio","tag-el-nacional","tag-emiliano-iraola","tag-francisco-hoffman","tag-gonzalo-spikerman","tag-jonatan-thorp","tag-matias-monteoliva","tag-nicolas-quiroga","tag-nicolas-vera"],"yoast_head":"<!-- This site is optimized with the Yoast SEO plugin v27.5 - https:\/\/yoast.com\/product\/yoast-seo-wordpress\/ -->\n<title>Naci\u00f3n 3D - Gente de B\u00e1squet<\/title>\n<meta name=\"robots\" content=\"index, follow, max-snippet:-1, max-image-preview:large, max-video-preview:-1\" \/>\n<link rel=\"canonical\" href=\"http:\/\/gentedebasquet.com.ar\/sitio\/2015\/05\/06\/nacion-3d\/\" \/>\n<meta property=\"og:locale\" content=\"es_ES\" \/>\n<meta property=\"og:type\" content=\"article\" \/>\n<meta property=\"og:title\" content=\"Naci\u00f3n 3D - Gente de B\u00e1squet\" \/>\n<meta property=\"og:description\" content=\"Desde los 6,75 (10-24) El Nacional venci\u00f3 a 9 de Julio por 79 a 61.\" \/>\n<meta property=\"og:url\" content=\"http:\/\/gentedebasquet.com.ar\/sitio\/2015\/05\/06\/nacion-3d\/\" \/>\n<meta property=\"og:site_name\" content=\"Gente de B\u00e1squet\" \/>\n<meta property=\"article:published_time\" content=\"2015-05-07T02:10:14+00:00\" \/>\n<meta property=\"og:image\" content=\"http:\/\/gentedebasquet.com.ar\/sitio\/wp-content\/uploads\/2015\/05\/wp_ss_20150506_0003.png\" \/>\n\t<meta property=\"og:image:width\" content=\"690\" \/>\n\t<meta property=\"og:image:height\" content=\"319\" \/>\n\t<meta property=\"og:image:type\" content=\"image\/png\" \/>\n<meta name=\"author\" content=\"Gente de B\u00e1squet\" \/>\n<meta name=\"twitter:card\" content=\"summary_large_image\" \/>\n<meta name=\"twitter:label1\" content=\"Escrito por\" \/>\n\t<meta name=\"twitter:data1\" content=\"Gente de B\u00e1squet\" \/>\n\t<meta name=\"twitter:label2\" content=\"Tiempo de lectura\" \/>\n\t<meta name=\"twitter:data2\" content=\"3 minutos\" \/>\n<script type=\"application\/ld+json\" class=\"yoast-schema-graph\">{\"@context\":\"https:\\\/\\\/schema.org\",\"@graph\":[{\"@type\":\"Article\",\"@id\":\"http:\\\/\\\/gentedebasquet.com.ar\\\/sitio\\\/2015\\\/05\\\/06\\\/nacion-3d\\\/#article\",\"isPartOf\":{\"@id\":\"http:\\\/\\\/gentedebasquet.com.ar\\\/sitio\\\/2015\\\/05\\\/06\\\/nacion-3d\\\/\"},\"author\":{\"name\":\"Gente de B\u00e1squet\",\"@id\":\"https:\\\/\\\/gentedebasquet.com.ar\\\/sitio\\\/#\\\/schema\\\/person\\\/ca0b63bbb977369988a7bbbdc519943a\"},\"headline\":\"Naci\u00f3n 3D\",\"datePublished\":\"2015-05-07T02:10:14+00:00\",\"mainEntityOfPage\":{\"@id\":\"http:\\\/\\\/gentedebasquet.com.ar\\\/sitio\\\/2015\\\/05\\\/06\\\/nacion-3d\\\/\"},\"wordCount\":508,\"image\":{\"@id\":\"http:\\\/\\\/gentedebasquet.com.ar\\\/sitio\\\/2015\\\/05\\\/06\\\/nacion-3d\\\/#primaryimage\"},\"thumbnailUrl\":\"https:\\\/\\\/gentedebasquet.com.ar\\\/sitio\\\/wp-content\\\/uploads\\\/2015\\\/05\\\/wp_ss_20150506_0003.png\",\"keywords\":[\"9 de Julio\",\"El Nacional\",\"Emiliano Iraola\",\"Francisco Hoffman\",\"Gonzalo Spikerman\",\"Jonatan Thorp\",\"Mat\u00edas Monteoliva\",\"Nicol\u00e1s Quiroga\",\"Nicol\u00e1s Vera\"],\"articleSection\":[\"Primera\",\"Slide\"],\"inLanguage\":\"es\"},{\"@type\":\"WebPage\",\"@id\":\"http:\\\/\\\/gentedebasquet.com.ar\\\/sitio\\\/2015\\\/05\\\/06\\\/nacion-3d\\\/\",\"url\":\"http:\\\/\\\/gentedebasquet.com.ar\\\/sitio\\\/2015\\\/05\\\/06\\\/nacion-3d\\\/\",\"name\":\"Naci\u00f3n 3D - Gente de B\u00e1squet\",\"isPartOf\":{\"@id\":\"https:\\\/\\\/gentedebasquet.com.ar\\\/sitio\\\/#website\"},\"primaryImageOfPage\":{\"@id\":\"http:\\\/\\\/gentedebasquet.com.ar\\\/sitio\\\/2015\\\/05\\\/06\\\/nacion-3d\\\/#primaryimage\"},\"image\":{\"@id\":\"http:\\\/\\\/gentedebasquet.com.ar\\\/sitio\\\/2015\\\/05\\\/06\\\/nacion-3d\\\/#primaryimage\"},\"thumbnailUrl\":\"https:\\\/\\\/gentedebasquet.com.ar\\\/sitio\\\/wp-content\\\/uploads\\\/2015\\\/05\\\/wp_ss_20150506_0003.png\",\"datePublished\":\"2015-05-07T02:10:14+00:00\",\"author\":{\"@id\":\"https:\\\/\\\/gentedebasquet.com.ar\\\/sitio\\\/#\\\/schema\\\/person\\\/ca0b63bbb977369988a7bbbdc519943a\"},\"breadcrumb\":{\"@id\":\"http:\\\/\\\/gentedebasquet.com.ar\\\/sitio\\\/2015\\\/05\\\/06\\\/nacion-3d\\\/#breadcrumb\"},\"inLanguage\":\"es\",\"potentialAction\":[{\"@type\":\"ReadAction\",\"target\":[\"http:\\\/\\\/gentedebasquet.com.ar\\\/sitio\\\/2015\\\/05\\\/06\\\/nacion-3d\\\/\"]}]},{\"@type\":\"ImageObject\",\"inLanguage\":\"es\",\"@id\":\"http:\\\/\\\/gentedebasquet.com.ar\\\/sitio\\\/2015\\\/05\\\/06\\\/nacion-3d\\\/#primaryimage\",\"url\":\"https:\\\/\\\/gentedebasquet.com.ar\\\/sitio\\\/wp-content\\\/uploads\\\/2015\\\/05\\\/wp_ss_20150506_0003.png\",\"contentUrl\":\"https:\\\/\\\/gentedebasquet.com.ar\\\/sitio\\\/wp-content\\\/uploads\\\/2015\\\/05\\\/wp_ss_20150506_0003.png\",\"width\":690,\"height\":319},{\"@type\":\"BreadcrumbList\",\"@id\":\"http:\\\/\\\/gentedebasquet.com.ar\\\/sitio\\\/2015\\\/05\\\/06\\\/nacion-3d\\\/#breadcrumb\",\"itemListElement\":[{\"@type\":\"ListItem\",\"position\":1,\"name\":\"Portada\",\"item\":\"https:\\\/\\\/gentedebasquet.com.ar\\\/sitio\\\/\"},{\"@type\":\"ListItem\",\"position\":2,\"name\":\"Naci\u00f3n 3D\"}]},{\"@type\":\"WebSite\",\"@id\":\"https:\\\/\\\/gentedebasquet.com.ar\\\/sitio\\\/#website\",\"url\":\"https:\\\/\\\/gentedebasquet.com.ar\\\/sitio\\\/\",\"name\":\"Gente de B\u00e1squet\",\"description\":\"La revista del basquet de Bah\u00eda Blanca\",\"potentialAction\":[{\"@type\":\"SearchAction\",\"target\":{\"@type\":\"EntryPoint\",\"urlTemplate\":\"https:\\\/\\\/gentedebasquet.com.ar\\\/sitio\\\/?s={search_term_string}\"},\"query-input\":{\"@type\":\"PropertyValueSpecification\",\"valueRequired\":true,\"valueName\":\"search_term_string\"}}],\"inLanguage\":\"es\"},{\"@type\":\"Person\",\"@id\":\"https:\\\/\\\/gentedebasquet.com.ar\\\/sitio\\\/#\\\/schema\\\/person\\\/ca0b63bbb977369988a7bbbdc519943a\",\"name\":\"Gente de B\u00e1squet\",\"image\":{\"@type\":\"ImageObject\",\"inLanguage\":\"es\",\"@id\":\"https:\\\/\\\/secure.gravatar.com\\\/avatar\\\/7f2c48bdc33b30088f941fb6082e555f2874c98e20cb159d7b92b50eadfce793?s=96&d=mm&r=g\",\"url\":\"https:\\\/\\\/secure.gravatar.com\\\/avatar\\\/7f2c48bdc33b30088f941fb6082e555f2874c98e20cb159d7b92b50eadfce793?s=96&d=mm&r=g\",\"contentUrl\":\"https:\\\/\\\/secure.gravatar.com\\\/avatar\\\/7f2c48bdc33b30088f941fb6082e555f2874c98e20cb159d7b92b50eadfce793?s=96&d=mm&r=g\",\"caption\":\"Gente de B\u00e1squet\"},\"sameAs\":[\"http:\\\/\\\/gentedebasquet.com.ar\\\/sitio\"],\"url\":\"https:\\\/\\\/gentedebasquet.com.ar\\\/sitio\\\/author\\\/ulises\\\/\"}]}<\/script>\n<!-- \/ Yoast SEO plugin. -->","yoast_head_json":{"title":"Naci\u00f3n 3D - Gente de B\u00e1squet","robots":{"index":"index","follow":"follow","max-snippet":"max-snippet:-1","max-image-preview":"max-image-preview:large","max-video-preview":"max-video-preview:-1"},"canonical":"http:\/\/gentedebasquet.com.ar\/sitio\/2015\/05\/06\/nacion-3d\/","og_locale":"es_ES","og_type":"article","og_title":"Naci\u00f3n 3D - Gente de B\u00e1squet","og_description":"Desde los 6,75 (10-24) El Nacional venci\u00f3 a 9 de Julio por 79 a 61.","og_url":"http:\/\/gentedebasquet.com.ar\/sitio\/2015\/05\/06\/nacion-3d\/","og_site_name":"Gente de B\u00e1squet","article_published_time":"2015-05-07T02:10:14+00:00","og_image":[{"width":690,"height":319,"url":"http:\/\/gentedebasquet.com.ar\/sitio\/wp-content\/uploads\/2015\/05\/wp_ss_20150506_0003.png","type":"image\/png"}],"author":"Gente de B\u00e1squet","twitter_card":"summary_large_image","twitter_misc":{"Escrito por":"Gente de B\u00e1squet","Tiempo de lectura":"3 minutos"},"schema":{"@context":"https:\/\/schema.org","@graph":[{"@type":"Article","@id":"http:\/\/gentedebasquet.com.ar\/sitio\/2015\/05\/06\/nacion-3d\/#article","isPartOf":{"@id":"http:\/\/gentedebasquet.com.ar\/sitio\/2015\/05\/06\/nacion-3d\/"},"author":{"name":"Gente de B\u00e1squet","@id":"https:\/\/gentedebasquet.com.ar\/sitio\/#\/schema\/person\/ca0b63bbb977369988a7bbbdc519943a"},"headline":"Naci\u00f3n 3D","datePublished":"2015-05-07T02:10:14+00:00","mainEntityOfPage":{"@id":"http:\/\/gentedebasquet.com.ar\/sitio\/2015\/05\/06\/nacion-3d\/"},"wordCount":508,"image":{"@id":"http:\/\/gentedebasquet.com.ar\/sitio\/2015\/05\/06\/nacion-3d\/#primaryimage"},"thumbnailUrl":"https:\/\/gentedebasquet.com.ar\/sitio\/wp-content\/uploads\/2015\/05\/wp_ss_20150506_0003.png","keywords":["9 de Julio","El Nacional","Emiliano Iraola","Francisco Hoffman","Gonzalo Spikerman","Jonatan Thorp","Mat\u00edas Monteoliva","Nicol\u00e1s Quiroga","Nicol\u00e1s Vera"],"articleSection":["Primera","Slide"],"inLanguage":"es"},{"@type":"WebPage","@id":"http:\/\/gentedebasquet.com.ar\/sitio\/2015\/05\/06\/nacion-3d\/","url":"http:\/\/gentedebasquet.com.ar\/sitio\/2015\/05\/06\/nacion-3d\/","name":"Naci\u00f3n 3D - Gente de B\u00e1squet","isPartOf":{"@id":"https:\/\/gentedebasquet.com.ar\/sitio\/#website"},"primaryImageOfPage":{"@id":"http:\/\/gentedebasquet.com.ar\/sitio\/2015\/05\/06\/nacion-3d\/#primaryimage"},"image":{"@id":"http:\/\/gentedebasquet.com.ar\/sitio\/2015\/05\/06\/nacion-3d\/#primaryimage"},"thumbnailUrl":"https:\/\/gentedebasquet.com.ar\/sitio\/wp-content\/uploads\/2015\/05\/wp_ss_20150506_0003.png","datePublished":"2015-05-07T02:10:14+00:00","author":{"@id":"https:\/\/gentedebasquet.com.ar\/sitio\/#\/schema\/person\/ca0b63bbb977369988a7bbbdc519943a"},"breadcrumb":{"@id":"http:\/\/gentedebasquet.com.ar\/sitio\/2015\/05\/06\/nacion-3d\/#breadcrumb"},"inLanguage":"es","potentialAction":[{"@type":"ReadAction","target":["http:\/\/gentedebasquet.com.ar\/sitio\/2015\/05\/06\/nacion-3d\/"]}]},{"@type":"ImageObject","inLanguage":"es","@id":"http:\/\/gentedebasquet.com.ar\/sitio\/2015\/05\/06\/nacion-3d\/#primaryimage","url":"https:\/\/gentedebasquet.com.ar\/sitio\/wp-content\/uploads\/2015\/05\/wp_ss_20150506_0003.png","contentUrl":"https:\/\/gentedebasquet.com.ar\/sitio\/wp-content\/uploads\/2015\/05\/wp_ss_20150506_0003.png","width":690,"height":319},{"@type":"BreadcrumbList","@id":"http:\/\/gentedebasquet.com.ar\/sitio\/2015\/05\/06\/nacion-3d\/#breadcrumb","itemListElement":[{"@type":"ListItem","position":1,"name":"Portada","item":"https:\/\/gentedebasquet.com.ar\/sitio\/"},{"@type":"ListItem","position":2,"name":"Naci\u00f3n 3D"}]},{"@type":"WebSite","@id":"https:\/\/gentedebasquet.com.ar\/sitio\/#website","url":"https:\/\/gentedebasquet.com.ar\/sitio\/","name":"Gente de B\u00e1squet","description":"La revista del basquet de Bah\u00eda Blanca","potentialAction":[{"@type":"SearchAction","target":{"@type":"EntryPoint","urlTemplate":"https:\/\/gentedebasquet.com.ar\/sitio\/?s={search_term_string}"},"query-input":{"@type":"PropertyValueSpecification","valueRequired":true,"valueName":"search_term_string"}}],"inLanguage":"es"},{"@type":"Person","@id":"https:\/\/gentedebasquet.com.ar\/sitio\/#\/schema\/person\/ca0b63bbb977369988a7bbbdc519943a","name":"Gente de B\u00e1squet","image":{"@type":"ImageObject","inLanguage":"es","@id":"https:\/\/secure.gravatar.com\/avatar\/7f2c48bdc33b30088f941fb6082e555f2874c98e20cb159d7b92b50eadfce793?s=96&d=mm&r=g","url":"https:\/\/secure.gravatar.com\/avatar\/7f2c48bdc33b30088f941fb6082e555f2874c98e20cb159d7b92b50eadfce793?s=96&d=mm&r=g","contentUrl":"https:\/\/secure.gravatar.com\/avatar\/7f2c48bdc33b30088f941fb6082e555f2874c98e20cb159d7b92b50eadfce793?s=96&d=mm&r=g","caption":"Gente de B\u00e1squet"},"sameAs":["http:\/\/gentedebasquet.com.ar\/sitio"],"url":"https:\/\/gentedebasquet.com.ar\/sitio\/author\/ulises\/"}]}},"_links":{"self":[{"href":"https:\/\/gentedebasquet.com.ar\/sitio\/wp-json\/wp\/v2\/posts\/45129","targetHints":{"allow":["GET"]}}],"collection":[{"href":"https:\/\/gentedebasquet.com.ar\/sitio\/wp-json\/wp\/v2\/posts"}],"about":[{"href":"https:\/\/gentedebasquet.com.ar\/sitio\/wp-json\/wp\/v2\/types\/post"}],"author":[{"embeddable":true,"href":"https:\/\/gentedebasquet.com.ar\/sitio\/wp-json\/wp\/v2\/users\/1"}],"replies":[{"embeddable":true,"href":"https:\/\/gentedebasquet.com.ar\/sitio\/wp-json\/wp\/v2\/comments?post=45129"}],"version-history":[{"count":0,"href":"https:\/\/gentedebasquet.com.ar\/sitio\/wp-json\/wp\/v2\/posts\/45129\/revisions"}],"wp:featuredmedia":[{"embeddable":true,"href":"https:\/\/gentedebasquet.com.ar\/sitio\/wp-json\/wp\/v2\/media\/45131"}],"wp:attachment":[{"href":"https:\/\/gentedebasquet.com.ar\/sitio\/wp-json\/wp\/v2\/media?parent=45129"}],"wp:term":[{"taxonomy":"category","embeddable":true,"href":"https:\/\/gentedebasquet.com.ar\/sitio\/wp-json\/wp\/v2\/categories?post=45129"},{"taxonomy":"post_tag","embeddable":true,"href":"https:\/\/gentedebasquet.com.ar\/sitio\/wp-json\/wp\/v2\/tags?post=45129"}],"curies":[{"name":"wp","href":"https:\/\/api.w.org\/{rel}","templated":true}]}}