{"id":45184,"date":"2015-05-06T18:07:09","date_gmt":"2015-05-06T21:07:09","guid":{"rendered":"http:\/\/www.gentedebasquet.com.ar\/?p=45184"},"modified":"2015-05-06T18:07:09","modified_gmt":"2015-05-06T21:07:09","slug":"pop-me-quiere-en-la-proxima","status":"publish","type":"post","link":"https:\/\/gentedebasquet.com.ar\/sitio\/2015\/05\/06\/pop-me-quiere-en-la-proxima\/","title":{"rendered":"\u00abPop me quiere en la pr\u00f3xima\u00bb"},"content":{"rendered":"<p><strong>Emanuel Gin\u00f3bili dej\u00f3 en claro en su habitual columna del diario La Naci\u00f3n que a\u00fan no defini\u00f3 su futuro como jugador profesional, tras quedar <a href=\"http:\/\/www.gentedebasquet.com.ar\/cayo-como-un-campeon\/\" target=\"_blank\" rel=\"noopener\">eliminado de la actual temporada con San Antonio Spurs<\/a>. \u00abHay momentos que repaso la temporada y me digo, c\u00f3mo no voy a jugar un poco m\u00e1s y hay otros instantes en los que no quiero ver una pelota ni cerca. Voy a esperar este mes y ver c\u00f3mo me siento\u00bb, se\u00f1al\u00f3. Y agreg\u00f3: \u00abPop dijo que nos quer\u00eda a Tim y a m\u00ed en la pr\u00f3xima temporada\u00bb. Transcribimos la nota completa.<\/strong><\/p>\n<p>Las primeras 48 horas son complicadas habitualmente, despu\u00e9s uno empieza a digerir lo que pas\u00f3 y gana en tranquilidad. Todo el cuerpo empieza a liberar tensiones y se duerme mejor. Ahora puedo analizar que no jugamos muy bien. Tuvimos un par de juegos muy buenos, pero el tema es que jugamos contra un equipazo y uno de los que mayores dificultades nos genera habitualmente. Fue una serie parej\u00edsima, podr\u00eda haber sido para cualquiera y les toc\u00f3 a ellos. Es una desilusi\u00f3n, porque uno tiene grandes expectativas, porque por m\u00e1s que terminamos en la sexta posici\u00f3n nos ve\u00edamos con chances. No sent\u00edamos que nadie era mucho mejor que nosotros, de hecho con los Clippers se vio. Con Houston ven\u00edamos de ganar los \u00faltimos dos juegos; en caso de seguir adelante, si ten\u00edamos a Golden State, somos un equipo que le juega bastante bien&#8230; no digo que seguro lleg\u00e1bamos a la final, pero s\u00ed que ten\u00edamos posibilidades de pelear. Hay veces que pasa esto y cuando sucede es mejor que pase ahora y no un 20 de junio jugando un partido siete de una final. Doli\u00f3 mucho menos en ese sentido.<\/p>\n<p>Le prohib\u00ed a mi mujer poner un partido, al menos hasta que no haga el luto correspondiente. No quiero mirar, todav\u00eda me duele si miro. No s\u00e9 si es un poco de arrogancia, de ego\u00edsmo? Es como que me cuesta no vernos ah\u00ed, uno siempre se tiene confianza y piensa que deber\u00edamos haber tenido la posibilidad. Por eso hasta que no se me pase un poco, prefiero aislarme. Despu\u00e9s de una temporada de tanta exigencia, de tanto video y video, es como que digo \u00abbasta, quiero liberar un poco la cabeza\u00bb. No estoy mirando nada, vi los resultado pero nada m\u00e1s.<\/p>\n<p>S\u00e9 que muchos est\u00e1n pendientes de qu\u00e9 puede pasar con mi carrera. La verdad es que estoy agradecido por todas las palabras de reconocimiento y de afecto que me acercaron. Si bien no soy alguien que lee tanto, vi comentarios lindos que a uno lo hacen sentir muy bien. Te pueden decir que juegues un a\u00f1o m\u00e1s, que todav\u00eda est\u00e1s bien&#8230; pero no pasa por ah\u00ed, va m\u00e1s all\u00e1 de si puedo o no. Es c\u00f3mo lo sent\u00eds o cu\u00e1nto te cuesta armar el bolsito para ir a cada una de las ciudades o jugar cinco partidos en una semana. O jugar 85 partidos en 165 d\u00edas. As\u00ed que es un momento de incertidumbre.<\/p>\n<p>Hay momentos que repaso la temporada y me digo, c\u00f3mo no voy a jugar un poco m\u00e1s y hay otros instantes en los que no quiero ver una pelota ni cerca. Voy a esperar este mes y ver c\u00f3mo me siento. Si me siento como un ex jugador o no. Si empiezo a extra\u00f1ar o c\u00f3mo lo siente mi cuerpo. Es un momento \u00fanico, nunca estuve en esta situaci\u00f3n. Fugazmente lo pens\u00e9 en 2013, pero a la semana o a los 10 d\u00edas sab\u00eda que quer\u00eda tomar otro desaf\u00edo y que no era ese el momento. Ahora vamos a ver, quiz\u00e1s ahora pasa lo mismo o me cuesta mucho m\u00e1s y tengo que esperar m\u00e1s tiempo. As\u00ed que ver\u00e9 con tranquilidad qu\u00e9 hago, porque no son decisiones que uno tenga que tomar apurado.<\/p>\n<p>Hoy no siento que haya una decisi\u00f3n correcta, sea la que sea. Nunca se sabe si es buena o no. Porque es una situaci\u00f3n muy particular, porque nadie te puede decir qu\u00e9 hacer. Porque s\u00ed, hay un mont\u00f3n de ex jugadores que pasaron por este momento y dem\u00e1s, pero cada uno vive su experiencia, con momentos familiares diferentes, con realidades f\u00edsicas particulares, con proyecciones de equipo? Dejar de hacer lo que hiciste el 100% de tu vida adulta es un momento \u00fanico, que da un mont\u00f3n de incertidumbre. Seguro que no tengo procesado el retiro, porque uno tiene un momento de dudas, porque por momentos creo que es el tiempo y en otros que no. Me acuerdo que cuando le lleg\u00f3 el tiempo a mi hermano, Sepo, \u00e9l ten\u00eda 39 a\u00f1os, empez\u00f3 la temporada y sinti\u00f3 que no pod\u00eda afrontarla, lo ten\u00eda mejor digerido. Yo definitivamente tengo muchas m\u00e1s dudas, aunque en general soy de pensar m\u00e1s todas las situaciones y las cosas. Por eso me quiero dar un tiempo.<\/p>\n<p>Pop dijo que nos quer\u00eda a Tim y a m\u00ed en la pr\u00f3xima temporada. Son palabras que me hacen las cosas m\u00e1s dif\u00edciles. La verdad es que si en la franquicia hubiesen manifestado que no me quer\u00edan o que era momento de reconstruir y que quer\u00edan un equipo m\u00e1s joven, me hubiesen facilitado la tarea enormemente. Es posible que hubiese terminado un poco herido porque por m\u00e1s que uno est\u00e9 en la cornisa, quiere caerse s\u00f3lo, no que te den el empuj\u00f3n. As\u00ed que hubiese dolido un poquito pero hubiese facilitado la decisi\u00f3n. Pas\u00f3 al rev\u00e9s, esas palabras te ayudan en lo emotivo, en confianza, en sentimiento, pero no estoy en un momento en el que necesito el trabajo. No pasa por sentir que si me quieren sigo, sino de definir si realmente tengo ganas de hacerlo y meterme en todo ese traj\u00edn.<\/p>\n<p>En la reuni\u00f3n de equipo tuve un par de lindas charlas con Pop y Tim, porque somos los que estamos en esta situaci\u00f3n un poco particular, aunque Pop con lo que dijo ha dejado en claro cu\u00e1l es su idea. Y bueno&#8230; charlamos con Tim un poco de las posibilidades y es como que estamos en la misma sinton\u00eda al decir que queremos esperar un poquito. Necesitamos un tiempo, ver qu\u00e9 pasa, c\u00f3mo nos sentimos, qu\u00e9 dicen nuestras familias. Nuestro cuerpo no es el mismo, aunque en el caso de \u00e9l no se nota. Pero ya empiezan a pasar otras cosas por la cabeza.<\/p>\n<p>Hoy es momento de estar con la familia al 100%. Many me dijo que la determinaci\u00f3n la tengo que tomar yo y que ella me va a acompa\u00f1ar en lo que decida. Que le parece bien lo que haga. As\u00ed que me la dej\u00f3 m\u00e1s complicada, pens\u00e9 que iba a ser una decisi\u00f3n de equipo. As\u00ed que ir\u00e9 debatiendo qu\u00e9 hacer a medida que pasen los d\u00edas e ir tirando ideas&#8230; y ver\u00e9 que vuelve. Ella va a estar contenta con lo que determine si eso me hace feliz a m\u00ed.<\/p>\n<p>No siento que San Antonio pueda sentir un golpe por la salida de alguno de nosotros. Si estuviese prepar\u00e1ndose una reconstrucci\u00f3n total&#8230; que Pop se va y viene otro t\u00e9cnico, que Tim se retira, que Tony no juega m\u00e1s. Ah\u00ed cambiar\u00eda mucho la situaci\u00f3n. Entiendo que es tiempo de cambiar cosas en el equipo, o la fisonom\u00eda del conjunto y es entendible que as\u00ed sea. Pero si Pop contin\u00faa y Tim puede seguir, todo es diferente. Porque uno tendr\u00eda menos compromiso con los compa\u00f1eros y con todo. Supongo que tendremos que hablar un poco con Tim, que parece estar en la misma cornisa que yo. Veremos para d\u00f3nde sopla el viento.<\/p>\n<p><strong>Fuente:<\/strong> <a href=\"http:\/\/canchallena.lanacion.com.ar\/m1\/1790350-no-tengo-procesado-el-retiro\" target=\"_blank\" rel=\"noopener\">Cancha Llena<\/a>.<\/p>\n","protected":false},"excerpt":{"rendered":"<p>En su columna de La Naci\u00f3n, Manu cont\u00f3 que a\u00fan no decidi\u00f3 su futuro<\/p>\n","protected":false},"author":1,"featured_media":45185,"comment_status":"closed","ping_status":"open","sticky":false,"template":"","format":"standard","meta":{"jnews-multi-image_gallery":[],"jnews_single_post":[],"jnews_primary_category":[],"footnotes":""},"categories":[34,101],"tags":[146,665,105,188],"class_list":["post-45184","post","type-post","status-publish","format-standard","has-post-thumbnail","hentry","category-bahienses-afuera","category-slide","tag-emanuel-ginobili","tag-gregg-popovich","tag-nba","tag-tim-duncan"],"yoast_head":"<!-- This site is optimized with the Yoast SEO plugin v27.5 - https:\/\/yoast.com\/product\/yoast-seo-wordpress\/ -->\n<title>&quot;Pop me quiere en la pr\u00f3xima&quot; - Gente de B\u00e1squet<\/title>\n<meta name=\"robots\" content=\"index, follow, max-snippet:-1, max-image-preview:large, max-video-preview:-1\" \/>\n<link rel=\"canonical\" href=\"https:\/\/gentedebasquet.com.ar\/sitio\/2015\/05\/06\/pop-me-quiere-en-la-proxima\/\" \/>\n<meta property=\"og:locale\" content=\"es_ES\" \/>\n<meta property=\"og:type\" content=\"article\" \/>\n<meta property=\"og:title\" content=\"&quot;Pop me quiere en la pr\u00f3xima&quot; - Gente de B\u00e1squet\" \/>\n<meta property=\"og:description\" content=\"En su columna de La Naci\u00f3n, Manu cont\u00f3 que a\u00fan no decidi\u00f3 su futuro\" \/>\n<meta property=\"og:url\" content=\"https:\/\/gentedebasquet.com.ar\/sitio\/2015\/05\/06\/pop-me-quiere-en-la-proxima\/\" \/>\n<meta property=\"og:site_name\" content=\"Gente de B\u00e1squet\" \/>\n<meta property=\"article:published_time\" content=\"2015-05-06T21:07:09+00:00\" \/>\n<meta property=\"og:image\" content=\"https:\/\/gentedebasquet.com.ar\/sitio\/wp-content\/uploads\/2015\/05\/Ginobili-Popovich.jpg\" \/>\n\t<meta property=\"og:image:width\" content=\"690\" \/>\n\t<meta property=\"og:image:height\" content=\"319\" \/>\n\t<meta property=\"og:image:type\" content=\"image\/jpeg\" \/>\n<meta name=\"author\" content=\"Gente de B\u00e1squet\" \/>\n<meta name=\"twitter:card\" content=\"summary_large_image\" \/>\n<meta name=\"twitter:label1\" content=\"Escrito por\" \/>\n\t<meta name=\"twitter:data1\" content=\"Gente de B\u00e1squet\" \/>\n\t<meta name=\"twitter:label2\" content=\"Tiempo de lectura\" \/>\n\t<meta name=\"twitter:data2\" content=\"7 minutos\" \/>\n<script type=\"application\/ld+json\" class=\"yoast-schema-graph\">{\"@context\":\"https:\\\/\\\/schema.org\",\"@graph\":[{\"@type\":\"Article\",\"@id\":\"https:\\\/\\\/gentedebasquet.com.ar\\\/sitio\\\/2015\\\/05\\\/06\\\/pop-me-quiere-en-la-proxima\\\/#article\",\"isPartOf\":{\"@id\":\"https:\\\/\\\/gentedebasquet.com.ar\\\/sitio\\\/2015\\\/05\\\/06\\\/pop-me-quiere-en-la-proxima\\\/\"},\"author\":{\"name\":\"Gente de B\u00e1squet\",\"@id\":\"https:\\\/\\\/gentedebasquet.com.ar\\\/sitio\\\/#\\\/schema\\\/person\\\/ca0b63bbb977369988a7bbbdc519943a\"},\"headline\":\"\u00abPop me quiere en la pr\u00f3xima\u00bb\",\"datePublished\":\"2015-05-06T21:07:09+00:00\",\"mainEntityOfPage\":{\"@id\":\"https:\\\/\\\/gentedebasquet.com.ar\\\/sitio\\\/2015\\\/05\\\/06\\\/pop-me-quiere-en-la-proxima\\\/\"},\"wordCount\":1347,\"image\":{\"@id\":\"https:\\\/\\\/gentedebasquet.com.ar\\\/sitio\\\/2015\\\/05\\\/06\\\/pop-me-quiere-en-la-proxima\\\/#primaryimage\"},\"thumbnailUrl\":\"https:\\\/\\\/gentedebasquet.com.ar\\\/sitio\\\/wp-content\\\/uploads\\\/2015\\\/05\\\/Ginobili-Popovich.jpg\",\"keywords\":[\"Emanuel Gin\u00f3bili\",\"Gregg Popovich\",\"NBA\",\"Tim Duncan\"],\"articleSection\":[\"Bahienses Afuera\",\"Slide\"],\"inLanguage\":\"es\"},{\"@type\":\"WebPage\",\"@id\":\"https:\\\/\\\/gentedebasquet.com.ar\\\/sitio\\\/2015\\\/05\\\/06\\\/pop-me-quiere-en-la-proxima\\\/\",\"url\":\"https:\\\/\\\/gentedebasquet.com.ar\\\/sitio\\\/2015\\\/05\\\/06\\\/pop-me-quiere-en-la-proxima\\\/\",\"name\":\"\\\"Pop me quiere en la pr\u00f3xima\\\" - Gente de B\u00e1squet\",\"isPartOf\":{\"@id\":\"https:\\\/\\\/gentedebasquet.com.ar\\\/sitio\\\/#website\"},\"primaryImageOfPage\":{\"@id\":\"https:\\\/\\\/gentedebasquet.com.ar\\\/sitio\\\/2015\\\/05\\\/06\\\/pop-me-quiere-en-la-proxima\\\/#primaryimage\"},\"image\":{\"@id\":\"https:\\\/\\\/gentedebasquet.com.ar\\\/sitio\\\/2015\\\/05\\\/06\\\/pop-me-quiere-en-la-proxima\\\/#primaryimage\"},\"thumbnailUrl\":\"https:\\\/\\\/gentedebasquet.com.ar\\\/sitio\\\/wp-content\\\/uploads\\\/2015\\\/05\\\/Ginobili-Popovich.jpg\",\"datePublished\":\"2015-05-06T21:07:09+00:00\",\"author\":{\"@id\":\"https:\\\/\\\/gentedebasquet.com.ar\\\/sitio\\\/#\\\/schema\\\/person\\\/ca0b63bbb977369988a7bbbdc519943a\"},\"breadcrumb\":{\"@id\":\"https:\\\/\\\/gentedebasquet.com.ar\\\/sitio\\\/2015\\\/05\\\/06\\\/pop-me-quiere-en-la-proxima\\\/#breadcrumb\"},\"inLanguage\":\"es\",\"potentialAction\":[{\"@type\":\"ReadAction\",\"target\":[\"https:\\\/\\\/gentedebasquet.com.ar\\\/sitio\\\/2015\\\/05\\\/06\\\/pop-me-quiere-en-la-proxima\\\/\"]}]},{\"@type\":\"ImageObject\",\"inLanguage\":\"es\",\"@id\":\"https:\\\/\\\/gentedebasquet.com.ar\\\/sitio\\\/2015\\\/05\\\/06\\\/pop-me-quiere-en-la-proxima\\\/#primaryimage\",\"url\":\"https:\\\/\\\/gentedebasquet.com.ar\\\/sitio\\\/wp-content\\\/uploads\\\/2015\\\/05\\\/Ginobili-Popovich.jpg\",\"contentUrl\":\"https:\\\/\\\/gentedebasquet.com.ar\\\/sitio\\\/wp-content\\\/uploads\\\/2015\\\/05\\\/Ginobili-Popovich.jpg\",\"width\":690,\"height\":319},{\"@type\":\"BreadcrumbList\",\"@id\":\"https:\\\/\\\/gentedebasquet.com.ar\\\/sitio\\\/2015\\\/05\\\/06\\\/pop-me-quiere-en-la-proxima\\\/#breadcrumb\",\"itemListElement\":[{\"@type\":\"ListItem\",\"position\":1,\"name\":\"Portada\",\"item\":\"https:\\\/\\\/gentedebasquet.com.ar\\\/sitio\\\/\"},{\"@type\":\"ListItem\",\"position\":2,\"name\":\"\u00abPop me quiere en la pr\u00f3xima\u00bb\"}]},{\"@type\":\"WebSite\",\"@id\":\"https:\\\/\\\/gentedebasquet.com.ar\\\/sitio\\\/#website\",\"url\":\"https:\\\/\\\/gentedebasquet.com.ar\\\/sitio\\\/\",\"name\":\"Gente de B\u00e1squet\",\"description\":\"La revista del basquet de Bah\u00eda Blanca\",\"potentialAction\":[{\"@type\":\"SearchAction\",\"target\":{\"@type\":\"EntryPoint\",\"urlTemplate\":\"https:\\\/\\\/gentedebasquet.com.ar\\\/sitio\\\/?s={search_term_string}\"},\"query-input\":{\"@type\":\"PropertyValueSpecification\",\"valueRequired\":true,\"valueName\":\"search_term_string\"}}],\"inLanguage\":\"es\"},{\"@type\":\"Person\",\"@id\":\"https:\\\/\\\/gentedebasquet.com.ar\\\/sitio\\\/#\\\/schema\\\/person\\\/ca0b63bbb977369988a7bbbdc519943a\",\"name\":\"Gente de B\u00e1squet\",\"image\":{\"@type\":\"ImageObject\",\"inLanguage\":\"es\",\"@id\":\"https:\\\/\\\/secure.gravatar.com\\\/avatar\\\/7f2c48bdc33b30088f941fb6082e555f2874c98e20cb159d7b92b50eadfce793?s=96&d=mm&r=g\",\"url\":\"https:\\\/\\\/secure.gravatar.com\\\/avatar\\\/7f2c48bdc33b30088f941fb6082e555f2874c98e20cb159d7b92b50eadfce793?s=96&d=mm&r=g\",\"contentUrl\":\"https:\\\/\\\/secure.gravatar.com\\\/avatar\\\/7f2c48bdc33b30088f941fb6082e555f2874c98e20cb159d7b92b50eadfce793?s=96&d=mm&r=g\",\"caption\":\"Gente de B\u00e1squet\"},\"sameAs\":[\"http:\\\/\\\/gentedebasquet.com.ar\\\/sitio\"],\"url\":\"https:\\\/\\\/gentedebasquet.com.ar\\\/sitio\\\/author\\\/ulises\\\/\"}]}<\/script>\n<!-- \/ Yoast SEO plugin. -->","yoast_head_json":{"title":"\"Pop me quiere en la pr\u00f3xima\" - Gente de B\u00e1squet","robots":{"index":"index","follow":"follow","max-snippet":"max-snippet:-1","max-image-preview":"max-image-preview:large","max-video-preview":"max-video-preview:-1"},"canonical":"https:\/\/gentedebasquet.com.ar\/sitio\/2015\/05\/06\/pop-me-quiere-en-la-proxima\/","og_locale":"es_ES","og_type":"article","og_title":"\"Pop me quiere en la pr\u00f3xima\" - Gente de B\u00e1squet","og_description":"En su columna de La Naci\u00f3n, Manu cont\u00f3 que a\u00fan no decidi\u00f3 su futuro","og_url":"https:\/\/gentedebasquet.com.ar\/sitio\/2015\/05\/06\/pop-me-quiere-en-la-proxima\/","og_site_name":"Gente de B\u00e1squet","article_published_time":"2015-05-06T21:07:09+00:00","og_image":[{"width":690,"height":319,"url":"https:\/\/gentedebasquet.com.ar\/sitio\/wp-content\/uploads\/2015\/05\/Ginobili-Popovich.jpg","type":"image\/jpeg"}],"author":"Gente de B\u00e1squet","twitter_card":"summary_large_image","twitter_misc":{"Escrito por":"Gente de B\u00e1squet","Tiempo de lectura":"7 minutos"},"schema":{"@context":"https:\/\/schema.org","@graph":[{"@type":"Article","@id":"https:\/\/gentedebasquet.com.ar\/sitio\/2015\/05\/06\/pop-me-quiere-en-la-proxima\/#article","isPartOf":{"@id":"https:\/\/gentedebasquet.com.ar\/sitio\/2015\/05\/06\/pop-me-quiere-en-la-proxima\/"},"author":{"name":"Gente de B\u00e1squet","@id":"https:\/\/gentedebasquet.com.ar\/sitio\/#\/schema\/person\/ca0b63bbb977369988a7bbbdc519943a"},"headline":"\u00abPop me quiere en la pr\u00f3xima\u00bb","datePublished":"2015-05-06T21:07:09+00:00","mainEntityOfPage":{"@id":"https:\/\/gentedebasquet.com.ar\/sitio\/2015\/05\/06\/pop-me-quiere-en-la-proxima\/"},"wordCount":1347,"image":{"@id":"https:\/\/gentedebasquet.com.ar\/sitio\/2015\/05\/06\/pop-me-quiere-en-la-proxima\/#primaryimage"},"thumbnailUrl":"https:\/\/gentedebasquet.com.ar\/sitio\/wp-content\/uploads\/2015\/05\/Ginobili-Popovich.jpg","keywords":["Emanuel Gin\u00f3bili","Gregg Popovich","NBA","Tim Duncan"],"articleSection":["Bahienses Afuera","Slide"],"inLanguage":"es"},{"@type":"WebPage","@id":"https:\/\/gentedebasquet.com.ar\/sitio\/2015\/05\/06\/pop-me-quiere-en-la-proxima\/","url":"https:\/\/gentedebasquet.com.ar\/sitio\/2015\/05\/06\/pop-me-quiere-en-la-proxima\/","name":"\"Pop me quiere en la pr\u00f3xima\" - Gente de B\u00e1squet","isPartOf":{"@id":"https:\/\/gentedebasquet.com.ar\/sitio\/#website"},"primaryImageOfPage":{"@id":"https:\/\/gentedebasquet.com.ar\/sitio\/2015\/05\/06\/pop-me-quiere-en-la-proxima\/#primaryimage"},"image":{"@id":"https:\/\/gentedebasquet.com.ar\/sitio\/2015\/05\/06\/pop-me-quiere-en-la-proxima\/#primaryimage"},"thumbnailUrl":"https:\/\/gentedebasquet.com.ar\/sitio\/wp-content\/uploads\/2015\/05\/Ginobili-Popovich.jpg","datePublished":"2015-05-06T21:07:09+00:00","author":{"@id":"https:\/\/gentedebasquet.com.ar\/sitio\/#\/schema\/person\/ca0b63bbb977369988a7bbbdc519943a"},"breadcrumb":{"@id":"https:\/\/gentedebasquet.com.ar\/sitio\/2015\/05\/06\/pop-me-quiere-en-la-proxima\/#breadcrumb"},"inLanguage":"es","potentialAction":[{"@type":"ReadAction","target":["https:\/\/gentedebasquet.com.ar\/sitio\/2015\/05\/06\/pop-me-quiere-en-la-proxima\/"]}]},{"@type":"ImageObject","inLanguage":"es","@id":"https:\/\/gentedebasquet.com.ar\/sitio\/2015\/05\/06\/pop-me-quiere-en-la-proxima\/#primaryimage","url":"https:\/\/gentedebasquet.com.ar\/sitio\/wp-content\/uploads\/2015\/05\/Ginobili-Popovich.jpg","contentUrl":"https:\/\/gentedebasquet.com.ar\/sitio\/wp-content\/uploads\/2015\/05\/Ginobili-Popovich.jpg","width":690,"height":319},{"@type":"BreadcrumbList","@id":"https:\/\/gentedebasquet.com.ar\/sitio\/2015\/05\/06\/pop-me-quiere-en-la-proxima\/#breadcrumb","itemListElement":[{"@type":"ListItem","position":1,"name":"Portada","item":"https:\/\/gentedebasquet.com.ar\/sitio\/"},{"@type":"ListItem","position":2,"name":"\u00abPop me quiere en la pr\u00f3xima\u00bb"}]},{"@type":"WebSite","@id":"https:\/\/gentedebasquet.com.ar\/sitio\/#website","url":"https:\/\/gentedebasquet.com.ar\/sitio\/","name":"Gente de B\u00e1squet","description":"La revista del basquet de Bah\u00eda Blanca","potentialAction":[{"@type":"SearchAction","target":{"@type":"EntryPoint","urlTemplate":"https:\/\/gentedebasquet.com.ar\/sitio\/?s={search_term_string}"},"query-input":{"@type":"PropertyValueSpecification","valueRequired":true,"valueName":"search_term_string"}}],"inLanguage":"es"},{"@type":"Person","@id":"https:\/\/gentedebasquet.com.ar\/sitio\/#\/schema\/person\/ca0b63bbb977369988a7bbbdc519943a","name":"Gente de B\u00e1squet","image":{"@type":"ImageObject","inLanguage":"es","@id":"https:\/\/secure.gravatar.com\/avatar\/7f2c48bdc33b30088f941fb6082e555f2874c98e20cb159d7b92b50eadfce793?s=96&d=mm&r=g","url":"https:\/\/secure.gravatar.com\/avatar\/7f2c48bdc33b30088f941fb6082e555f2874c98e20cb159d7b92b50eadfce793?s=96&d=mm&r=g","contentUrl":"https:\/\/secure.gravatar.com\/avatar\/7f2c48bdc33b30088f941fb6082e555f2874c98e20cb159d7b92b50eadfce793?s=96&d=mm&r=g","caption":"Gente de B\u00e1squet"},"sameAs":["http:\/\/gentedebasquet.com.ar\/sitio"],"url":"https:\/\/gentedebasquet.com.ar\/sitio\/author\/ulises\/"}]}},"_links":{"self":[{"href":"https:\/\/gentedebasquet.com.ar\/sitio\/wp-json\/wp\/v2\/posts\/45184","targetHints":{"allow":["GET"]}}],"collection":[{"href":"https:\/\/gentedebasquet.com.ar\/sitio\/wp-json\/wp\/v2\/posts"}],"about":[{"href":"https:\/\/gentedebasquet.com.ar\/sitio\/wp-json\/wp\/v2\/types\/post"}],"author":[{"embeddable":true,"href":"https:\/\/gentedebasquet.com.ar\/sitio\/wp-json\/wp\/v2\/users\/1"}],"replies":[{"embeddable":true,"href":"https:\/\/gentedebasquet.com.ar\/sitio\/wp-json\/wp\/v2\/comments?post=45184"}],"version-history":[{"count":0,"href":"https:\/\/gentedebasquet.com.ar\/sitio\/wp-json\/wp\/v2\/posts\/45184\/revisions"}],"wp:featuredmedia":[{"embeddable":true,"href":"https:\/\/gentedebasquet.com.ar\/sitio\/wp-json\/wp\/v2\/media\/45185"}],"wp:attachment":[{"href":"https:\/\/gentedebasquet.com.ar\/sitio\/wp-json\/wp\/v2\/media?parent=45184"}],"wp:term":[{"taxonomy":"category","embeddable":true,"href":"https:\/\/gentedebasquet.com.ar\/sitio\/wp-json\/wp\/v2\/categories?post=45184"},{"taxonomy":"post_tag","embeddable":true,"href":"https:\/\/gentedebasquet.com.ar\/sitio\/wp-json\/wp\/v2\/tags?post=45184"}],"curies":[{"name":"wp","href":"https:\/\/api.w.org\/{rel}","templated":true}]}}