{"id":45252,"date":"2015-05-09T13:55:01","date_gmt":"2015-05-09T16:55:01","guid":{"rendered":"http:\/\/www.gentedebasquet.com.ar\/?p=45252"},"modified":"2015-05-09T13:55:01","modified_gmt":"2015-05-09T16:55:01","slug":"vestir-la-camiseta-argentina-es-increible","status":"publish","type":"post","link":"https:\/\/gentedebasquet.com.ar\/sitio\/2015\/05\/09\/vestir-la-camiseta-argentina-es-increible\/","title":{"rendered":"\u00abLa camiseta argentina es incre\u00edble\u00bb"},"content":{"rendered":"<p><strong>Los Seleccionados Argentinos femeninos que dirige Hern\u00e1n Amaya contin\u00faan con su preparaci\u00f3n para sus respectivas competencias internacionales. Este viernes 8 finaliz\u00f3 una nueva concentraci\u00f3n, la cual hab\u00eda comenzado el lunes 4. \u00abA comparaci\u00f3n del a\u00f1o pasado, cuando entr\u00e9 por primera vez, estoy m\u00e1s tranquila y segura de m\u00ed misma, ya que tengo m\u00e1s experiencia. En mi puesto, es clave darle seguridad al equipo\u00bb, sostuvo la bahiense Josefina Torruella.<\/strong><\/p>\n<p>Este viernes concluy\u00f3 una nueva reuni\u00f3n de trabajo de las Selecciones Argentinas Femeninas en categor\u00eda U16 y U17. Las chicas entrenaron en el Centro Nacional de Alto Rendimiento Deportivo (CeNARD) desde el pasado lunes 4.<\/p>\n<p>Los equipos, que son dirigidos por Hern\u00e1n Amaya, Entrenador en Jefe de las Selecciones Femeninas Menores, se preparan para sus competencias internacionales respectivas. Las U16 jugar\u00e1n el Campeonato FIBA Am\u00e9ricas de la categor\u00eda en M\u00e9xico en el mes de junio; mientras que las U17 tienen un Campeonato Sudamericano, del cual a\u00fan se desconoce sede y fecha.<\/p>\n<p>Desde el domingo 24 hasta el mi\u00e9rcoles 27 de este mes de mayo, la Selecci\u00f3n Nacional U16 estar\u00e1 en Rosario entrenando y disputando partidos amistosos ante equipos de Mayores de esa ciudad, gracias a la colaboraci\u00f3n de la Federaci\u00f3n de la Provincia de Santa Fe autorizando el evento. Las chicas estar\u00e1n albergadas en Talleres de Villa Diego.<\/p>\n<p>Al finalizar esta concentraci\u00f3n fueron desafectadas las jugadoras: Micaela Sabater, Luc\u00eda Papparini y Victoria Moyano.<\/p>\n<p>Josefina Torruella, oriunda de Bah\u00eda Blanca y que actualmente juega en Centro Galicia el Torneo de la Asociaci\u00f3n Metropolitana, busca su lugar en el equipo luego de formar parte de la Selecci\u00f3n U15 que obtuvo el pase al FIBA Am\u00e9ricas.<\/p>\n<p>Una vez finalizada la reuni\u00f3n de trabajo, dialog\u00f3 con\u00a0<b>CABB.com.ar<\/b>.<\/p>\n<p><em><b>&#8211; \u00bfEn qu\u00e9 consisti\u00f3 el trabajo de esta concentraci\u00f3n?<\/b><\/em><\/p>\n<p>&#8211; Las concentraciones son muy completas, vimos desde fundamentos hasta t\u00e1cticas defensivas y ofensivas.<\/p>\n<p><em><b>&#8211; \u00bfC\u00f3mo ves al equipo con la ganancia de rodaje y la suma de entrenamientos y algunos amistosos, de cara a la competencia internacional que se viene?<\/b><\/em><\/p>\n<p>&#8211; Creo que tenemos un buen equipo, la suma de amistosos y entrenamientos va a hacer que nos conozcamos m\u00e1s y ganemos confianza. Por suerte, nos llevamos muy bien entre todas y ese es un punto a favor.<br \/>\n<em><b><\/b><\/em><\/p>\n<p><em><b>&#8211; \u00bfC\u00f3mo te ves y te sent\u00eds vos dentro del equipo, tu participaci\u00f3n y lo que le otorgas al plantel?<\/b><\/em><\/p>\n<p>&#8211; Como dije antes, es un buen grupo, lo que me hace sentir c\u00f3moda dentro y fuera de la cancha. A comparaci\u00f3n del a\u00f1o pasado, cuando entr\u00e9 por primera vez, estoy m\u00e1s tranquila y segura de m\u00ed misma, ya que tengo m\u00e1s experiencia. En mi puesto, es clave darle seguridad al equipo para explotar al m\u00e1ximo las virtudes de mis compa\u00f1eras. Espero poder cumplir con eso y aportar lo que sea necesario para lograr los objetivos que nos propongamos.<br \/>\n<em><b><\/b><\/em><\/p>\n<p><em><b>&#8211; \u00bfQu\u00e9 significa para vos representar al pa\u00eds?\u00a0<\/b><\/em><\/p>\n<p>&#8211; Representar al pa\u00eds es un orgullo y el sue\u00f1o de todo deportista. Tener el honor de poder vestir la camiseta Argentina es algo incre\u00edble e inexplicable y espero poder seguir haci\u00e9ndolo por muchos a\u00f1os m\u00e1s.<\/p>\n<p><strong>Fuente:<\/strong> Federico Radulovich (Prensa CABB).<\/p>\n<p><strong>Foto:<\/strong> Prensa CABB.<\/p>\n","protected":false},"excerpt":{"rendered":"<p>La bahiense Josefina Torruella, de cara al FIBA Americas U16 de M\u00e9xico <\/p>\n","protected":false},"author":1,"featured_media":45253,"comment_status":"closed","ping_status":"open","sticky":false,"template":"","format":"standard","meta":{"jnews-multi-image_gallery":[],"jnews_single_post":[],"jnews_primary_category":[],"footnotes":""},"categories":[61],"tags":[372,434],"class_list":["post-45252","post","type-post","status-publish","format-standard","has-post-thumbnail","hentry","category-selecciones-nacionales","tag-fiba-americas-u16","tag-josefina-torruella"],"yoast_head":"<!-- This site is optimized with the Yoast SEO plugin v27.5 - https:\/\/yoast.com\/product\/yoast-seo-wordpress\/ -->\n<title>&quot;La camiseta argentina es incre\u00edble&quot; - Gente de B\u00e1squet<\/title>\n<meta name=\"robots\" content=\"index, follow, max-snippet:-1, max-image-preview:large, max-video-preview:-1\" \/>\n<link rel=\"canonical\" href=\"https:\/\/gentedebasquet.com.ar\/sitio\/2015\/05\/09\/vestir-la-camiseta-argentina-es-increible\/\" \/>\n<meta property=\"og:locale\" content=\"es_ES\" \/>\n<meta property=\"og:type\" content=\"article\" \/>\n<meta property=\"og:title\" content=\"&quot;La camiseta argentina es incre\u00edble&quot; - Gente de B\u00e1squet\" \/>\n<meta property=\"og:description\" content=\"La bahiense Josefina Torruella, de cara al FIBA Americas U16 de M\u00e9xico\" \/>\n<meta property=\"og:url\" content=\"https:\/\/gentedebasquet.com.ar\/sitio\/2015\/05\/09\/vestir-la-camiseta-argentina-es-increible\/\" \/>\n<meta property=\"og:site_name\" content=\"Gente de B\u00e1squet\" \/>\n<meta property=\"article:published_time\" content=\"2015-05-09T16:55:01+00:00\" \/>\n<meta property=\"og:image\" content=\"https:\/\/gentedebasquet.com.ar\/sitio\/wp-content\/uploads\/2015\/05\/Torruella.jpg\" \/>\n\t<meta property=\"og:image:width\" content=\"300\" \/>\n\t<meta property=\"og:image:height\" content=\"211\" \/>\n\t<meta property=\"og:image:type\" content=\"image\/jpeg\" \/>\n<meta name=\"author\" content=\"Gente de B\u00e1squet\" \/>\n<meta name=\"twitter:card\" content=\"summary_large_image\" \/>\n<meta name=\"twitter:label1\" content=\"Escrito por\" \/>\n\t<meta name=\"twitter:data1\" content=\"Gente de B\u00e1squet\" \/>\n\t<meta name=\"twitter:label2\" content=\"Tiempo de lectura\" \/>\n\t<meta name=\"twitter:data2\" content=\"3 minutos\" \/>\n<script type=\"application\/ld+json\" class=\"yoast-schema-graph\">{\"@context\":\"https:\\\/\\\/schema.org\",\"@graph\":[{\"@type\":\"Article\",\"@id\":\"https:\\\/\\\/gentedebasquet.com.ar\\\/sitio\\\/2015\\\/05\\\/09\\\/vestir-la-camiseta-argentina-es-increible\\\/#article\",\"isPartOf\":{\"@id\":\"https:\\\/\\\/gentedebasquet.com.ar\\\/sitio\\\/2015\\\/05\\\/09\\\/vestir-la-camiseta-argentina-es-increible\\\/\"},\"author\":{\"name\":\"Gente de B\u00e1squet\",\"@id\":\"https:\\\/\\\/gentedebasquet.com.ar\\\/sitio\\\/#\\\/schema\\\/person\\\/ca0b63bbb977369988a7bbbdc519943a\"},\"headline\":\"\u00abLa camiseta argentina es incre\u00edble\u00bb\",\"datePublished\":\"2015-05-09T16:55:01+00:00\",\"mainEntityOfPage\":{\"@id\":\"https:\\\/\\\/gentedebasquet.com.ar\\\/sitio\\\/2015\\\/05\\\/09\\\/vestir-la-camiseta-argentina-es-increible\\\/\"},\"wordCount\":573,\"image\":{\"@id\":\"https:\\\/\\\/gentedebasquet.com.ar\\\/sitio\\\/2015\\\/05\\\/09\\\/vestir-la-camiseta-argentina-es-increible\\\/#primaryimage\"},\"thumbnailUrl\":\"https:\\\/\\\/gentedebasquet.com.ar\\\/sitio\\\/wp-content\\\/uploads\\\/2015\\\/05\\\/Torruella.jpg\",\"keywords\":[\"FIBA Americas U16\",\"Josefina Torruella\"],\"articleSection\":[\"Selecciones Nacionales\"],\"inLanguage\":\"es\"},{\"@type\":\"WebPage\",\"@id\":\"https:\\\/\\\/gentedebasquet.com.ar\\\/sitio\\\/2015\\\/05\\\/09\\\/vestir-la-camiseta-argentina-es-increible\\\/\",\"url\":\"https:\\\/\\\/gentedebasquet.com.ar\\\/sitio\\\/2015\\\/05\\\/09\\\/vestir-la-camiseta-argentina-es-increible\\\/\",\"name\":\"\\\"La camiseta argentina es incre\u00edble\\\" - Gente de B\u00e1squet\",\"isPartOf\":{\"@id\":\"https:\\\/\\\/gentedebasquet.com.ar\\\/sitio\\\/#website\"},\"primaryImageOfPage\":{\"@id\":\"https:\\\/\\\/gentedebasquet.com.ar\\\/sitio\\\/2015\\\/05\\\/09\\\/vestir-la-camiseta-argentina-es-increible\\\/#primaryimage\"},\"image\":{\"@id\":\"https:\\\/\\\/gentedebasquet.com.ar\\\/sitio\\\/2015\\\/05\\\/09\\\/vestir-la-camiseta-argentina-es-increible\\\/#primaryimage\"},\"thumbnailUrl\":\"https:\\\/\\\/gentedebasquet.com.ar\\\/sitio\\\/wp-content\\\/uploads\\\/2015\\\/05\\\/Torruella.jpg\",\"datePublished\":\"2015-05-09T16:55:01+00:00\",\"author\":{\"@id\":\"https:\\\/\\\/gentedebasquet.com.ar\\\/sitio\\\/#\\\/schema\\\/person\\\/ca0b63bbb977369988a7bbbdc519943a\"},\"breadcrumb\":{\"@id\":\"https:\\\/\\\/gentedebasquet.com.ar\\\/sitio\\\/2015\\\/05\\\/09\\\/vestir-la-camiseta-argentina-es-increible\\\/#breadcrumb\"},\"inLanguage\":\"es\",\"potentialAction\":[{\"@type\":\"ReadAction\",\"target\":[\"https:\\\/\\\/gentedebasquet.com.ar\\\/sitio\\\/2015\\\/05\\\/09\\\/vestir-la-camiseta-argentina-es-increible\\\/\"]}]},{\"@type\":\"ImageObject\",\"inLanguage\":\"es\",\"@id\":\"https:\\\/\\\/gentedebasquet.com.ar\\\/sitio\\\/2015\\\/05\\\/09\\\/vestir-la-camiseta-argentina-es-increible\\\/#primaryimage\",\"url\":\"https:\\\/\\\/gentedebasquet.com.ar\\\/sitio\\\/wp-content\\\/uploads\\\/2015\\\/05\\\/Torruella.jpg\",\"contentUrl\":\"https:\\\/\\\/gentedebasquet.com.ar\\\/sitio\\\/wp-content\\\/uploads\\\/2015\\\/05\\\/Torruella.jpg\",\"width\":300,\"height\":211},{\"@type\":\"BreadcrumbList\",\"@id\":\"https:\\\/\\\/gentedebasquet.com.ar\\\/sitio\\\/2015\\\/05\\\/09\\\/vestir-la-camiseta-argentina-es-increible\\\/#breadcrumb\",\"itemListElement\":[{\"@type\":\"ListItem\",\"position\":1,\"name\":\"Portada\",\"item\":\"https:\\\/\\\/gentedebasquet.com.ar\\\/sitio\\\/\"},{\"@type\":\"ListItem\",\"position\":2,\"name\":\"\u00abLa camiseta argentina es incre\u00edble\u00bb\"}]},{\"@type\":\"WebSite\",\"@id\":\"https:\\\/\\\/gentedebasquet.com.ar\\\/sitio\\\/#website\",\"url\":\"https:\\\/\\\/gentedebasquet.com.ar\\\/sitio\\\/\",\"name\":\"Gente de B\u00e1squet\",\"description\":\"La revista del basquet de Bah\u00eda Blanca\",\"potentialAction\":[{\"@type\":\"SearchAction\",\"target\":{\"@type\":\"EntryPoint\",\"urlTemplate\":\"https:\\\/\\\/gentedebasquet.com.ar\\\/sitio\\\/?s={search_term_string}\"},\"query-input\":{\"@type\":\"PropertyValueSpecification\",\"valueRequired\":true,\"valueName\":\"search_term_string\"}}],\"inLanguage\":\"es\"},{\"@type\":\"Person\",\"@id\":\"https:\\\/\\\/gentedebasquet.com.ar\\\/sitio\\\/#\\\/schema\\\/person\\\/ca0b63bbb977369988a7bbbdc519943a\",\"name\":\"Gente de B\u00e1squet\",\"image\":{\"@type\":\"ImageObject\",\"inLanguage\":\"es\",\"@id\":\"https:\\\/\\\/secure.gravatar.com\\\/avatar\\\/7f2c48bdc33b30088f941fb6082e555f2874c98e20cb159d7b92b50eadfce793?s=96&d=mm&r=g\",\"url\":\"https:\\\/\\\/secure.gravatar.com\\\/avatar\\\/7f2c48bdc33b30088f941fb6082e555f2874c98e20cb159d7b92b50eadfce793?s=96&d=mm&r=g\",\"contentUrl\":\"https:\\\/\\\/secure.gravatar.com\\\/avatar\\\/7f2c48bdc33b30088f941fb6082e555f2874c98e20cb159d7b92b50eadfce793?s=96&d=mm&r=g\",\"caption\":\"Gente de B\u00e1squet\"},\"sameAs\":[\"http:\\\/\\\/gentedebasquet.com.ar\\\/sitio\"],\"url\":\"https:\\\/\\\/gentedebasquet.com.ar\\\/sitio\\\/author\\\/ulises\\\/\"}]}<\/script>\n<!-- \/ Yoast SEO plugin. -->","yoast_head_json":{"title":"\"La camiseta argentina es incre\u00edble\" - Gente de B\u00e1squet","robots":{"index":"index","follow":"follow","max-snippet":"max-snippet:-1","max-image-preview":"max-image-preview:large","max-video-preview":"max-video-preview:-1"},"canonical":"https:\/\/gentedebasquet.com.ar\/sitio\/2015\/05\/09\/vestir-la-camiseta-argentina-es-increible\/","og_locale":"es_ES","og_type":"article","og_title":"\"La camiseta argentina es incre\u00edble\" - Gente de B\u00e1squet","og_description":"La bahiense Josefina Torruella, de cara al FIBA Americas U16 de M\u00e9xico","og_url":"https:\/\/gentedebasquet.com.ar\/sitio\/2015\/05\/09\/vestir-la-camiseta-argentina-es-increible\/","og_site_name":"Gente de B\u00e1squet","article_published_time":"2015-05-09T16:55:01+00:00","og_image":[{"width":300,"height":211,"url":"https:\/\/gentedebasquet.com.ar\/sitio\/wp-content\/uploads\/2015\/05\/Torruella.jpg","type":"image\/jpeg"}],"author":"Gente de B\u00e1squet","twitter_card":"summary_large_image","twitter_misc":{"Escrito por":"Gente de B\u00e1squet","Tiempo de lectura":"3 minutos"},"schema":{"@context":"https:\/\/schema.org","@graph":[{"@type":"Article","@id":"https:\/\/gentedebasquet.com.ar\/sitio\/2015\/05\/09\/vestir-la-camiseta-argentina-es-increible\/#article","isPartOf":{"@id":"https:\/\/gentedebasquet.com.ar\/sitio\/2015\/05\/09\/vestir-la-camiseta-argentina-es-increible\/"},"author":{"name":"Gente de B\u00e1squet","@id":"https:\/\/gentedebasquet.com.ar\/sitio\/#\/schema\/person\/ca0b63bbb977369988a7bbbdc519943a"},"headline":"\u00abLa camiseta argentina es incre\u00edble\u00bb","datePublished":"2015-05-09T16:55:01+00:00","mainEntityOfPage":{"@id":"https:\/\/gentedebasquet.com.ar\/sitio\/2015\/05\/09\/vestir-la-camiseta-argentina-es-increible\/"},"wordCount":573,"image":{"@id":"https:\/\/gentedebasquet.com.ar\/sitio\/2015\/05\/09\/vestir-la-camiseta-argentina-es-increible\/#primaryimage"},"thumbnailUrl":"https:\/\/gentedebasquet.com.ar\/sitio\/wp-content\/uploads\/2015\/05\/Torruella.jpg","keywords":["FIBA Americas U16","Josefina Torruella"],"articleSection":["Selecciones Nacionales"],"inLanguage":"es"},{"@type":"WebPage","@id":"https:\/\/gentedebasquet.com.ar\/sitio\/2015\/05\/09\/vestir-la-camiseta-argentina-es-increible\/","url":"https:\/\/gentedebasquet.com.ar\/sitio\/2015\/05\/09\/vestir-la-camiseta-argentina-es-increible\/","name":"\"La camiseta argentina es incre\u00edble\" - Gente de B\u00e1squet","isPartOf":{"@id":"https:\/\/gentedebasquet.com.ar\/sitio\/#website"},"primaryImageOfPage":{"@id":"https:\/\/gentedebasquet.com.ar\/sitio\/2015\/05\/09\/vestir-la-camiseta-argentina-es-increible\/#primaryimage"},"image":{"@id":"https:\/\/gentedebasquet.com.ar\/sitio\/2015\/05\/09\/vestir-la-camiseta-argentina-es-increible\/#primaryimage"},"thumbnailUrl":"https:\/\/gentedebasquet.com.ar\/sitio\/wp-content\/uploads\/2015\/05\/Torruella.jpg","datePublished":"2015-05-09T16:55:01+00:00","author":{"@id":"https:\/\/gentedebasquet.com.ar\/sitio\/#\/schema\/person\/ca0b63bbb977369988a7bbbdc519943a"},"breadcrumb":{"@id":"https:\/\/gentedebasquet.com.ar\/sitio\/2015\/05\/09\/vestir-la-camiseta-argentina-es-increible\/#breadcrumb"},"inLanguage":"es","potentialAction":[{"@type":"ReadAction","target":["https:\/\/gentedebasquet.com.ar\/sitio\/2015\/05\/09\/vestir-la-camiseta-argentina-es-increible\/"]}]},{"@type":"ImageObject","inLanguage":"es","@id":"https:\/\/gentedebasquet.com.ar\/sitio\/2015\/05\/09\/vestir-la-camiseta-argentina-es-increible\/#primaryimage","url":"https:\/\/gentedebasquet.com.ar\/sitio\/wp-content\/uploads\/2015\/05\/Torruella.jpg","contentUrl":"https:\/\/gentedebasquet.com.ar\/sitio\/wp-content\/uploads\/2015\/05\/Torruella.jpg","width":300,"height":211},{"@type":"BreadcrumbList","@id":"https:\/\/gentedebasquet.com.ar\/sitio\/2015\/05\/09\/vestir-la-camiseta-argentina-es-increible\/#breadcrumb","itemListElement":[{"@type":"ListItem","position":1,"name":"Portada","item":"https:\/\/gentedebasquet.com.ar\/sitio\/"},{"@type":"ListItem","position":2,"name":"\u00abLa camiseta argentina es incre\u00edble\u00bb"}]},{"@type":"WebSite","@id":"https:\/\/gentedebasquet.com.ar\/sitio\/#website","url":"https:\/\/gentedebasquet.com.ar\/sitio\/","name":"Gente de B\u00e1squet","description":"La revista del basquet de Bah\u00eda Blanca","potentialAction":[{"@type":"SearchAction","target":{"@type":"EntryPoint","urlTemplate":"https:\/\/gentedebasquet.com.ar\/sitio\/?s={search_term_string}"},"query-input":{"@type":"PropertyValueSpecification","valueRequired":true,"valueName":"search_term_string"}}],"inLanguage":"es"},{"@type":"Person","@id":"https:\/\/gentedebasquet.com.ar\/sitio\/#\/schema\/person\/ca0b63bbb977369988a7bbbdc519943a","name":"Gente de B\u00e1squet","image":{"@type":"ImageObject","inLanguage":"es","@id":"https:\/\/secure.gravatar.com\/avatar\/7f2c48bdc33b30088f941fb6082e555f2874c98e20cb159d7b92b50eadfce793?s=96&d=mm&r=g","url":"https:\/\/secure.gravatar.com\/avatar\/7f2c48bdc33b30088f941fb6082e555f2874c98e20cb159d7b92b50eadfce793?s=96&d=mm&r=g","contentUrl":"https:\/\/secure.gravatar.com\/avatar\/7f2c48bdc33b30088f941fb6082e555f2874c98e20cb159d7b92b50eadfce793?s=96&d=mm&r=g","caption":"Gente de B\u00e1squet"},"sameAs":["http:\/\/gentedebasquet.com.ar\/sitio"],"url":"https:\/\/gentedebasquet.com.ar\/sitio\/author\/ulises\/"}]}},"_links":{"self":[{"href":"https:\/\/gentedebasquet.com.ar\/sitio\/wp-json\/wp\/v2\/posts\/45252","targetHints":{"allow":["GET"]}}],"collection":[{"href":"https:\/\/gentedebasquet.com.ar\/sitio\/wp-json\/wp\/v2\/posts"}],"about":[{"href":"https:\/\/gentedebasquet.com.ar\/sitio\/wp-json\/wp\/v2\/types\/post"}],"author":[{"embeddable":true,"href":"https:\/\/gentedebasquet.com.ar\/sitio\/wp-json\/wp\/v2\/users\/1"}],"replies":[{"embeddable":true,"href":"https:\/\/gentedebasquet.com.ar\/sitio\/wp-json\/wp\/v2\/comments?post=45252"}],"version-history":[{"count":0,"href":"https:\/\/gentedebasquet.com.ar\/sitio\/wp-json\/wp\/v2\/posts\/45252\/revisions"}],"wp:featuredmedia":[{"embeddable":true,"href":"https:\/\/gentedebasquet.com.ar\/sitio\/wp-json\/wp\/v2\/media\/45253"}],"wp:attachment":[{"href":"https:\/\/gentedebasquet.com.ar\/sitio\/wp-json\/wp\/v2\/media?parent=45252"}],"wp:term":[{"taxonomy":"category","embeddable":true,"href":"https:\/\/gentedebasquet.com.ar\/sitio\/wp-json\/wp\/v2\/categories?post=45252"},{"taxonomy":"post_tag","embeddable":true,"href":"https:\/\/gentedebasquet.com.ar\/sitio\/wp-json\/wp\/v2\/tags?post=45252"}],"curies":[{"name":"wp","href":"https:\/\/api.w.org\/{rel}","templated":true}]}}