{"id":45349,"date":"2015-05-10T23:10:18","date_gmt":"2015-05-11T02:10:18","guid":{"rendered":"http:\/\/www.gentedebasquet.com.ar\/?p=45349"},"modified":"2015-05-10T23:10:18","modified_gmt":"2015-05-11T02:10:18","slug":"triunfazo-de-media-cancha","status":"publish","type":"post","link":"https:\/\/gentedebasquet.com.ar\/sitio\/2015\/05\/10\/triunfazo-de-media-cancha\/","title":{"rendered":"Triunfazo de media cancha"},"content":{"rendered":"<p><b>Pueyrred\u00f3n se qued\u00f3 con un triunfazo ante El Nacional tras vencerlo en tiempo suplementario por 65 a 64, luego de haber igualado en 57 en el tiempo regular. En un partido intenso, ineficaz y de rachas, el local se apoy\u00f3 en su media cancha en los minutos finales para ganar el partido, a pesar de haber llegado a tener una diferencia de 10 puntos en el inicio del \u00faltimo cuarto. Juan Manuel Richat con 16 puntos, Gast\u00f3n Ressia con 15 y Gast\u00f3n Rivera con 10 fueron los m\u00e1s destacados del local. En la visita hubo un gran trabajo de Nicol\u00e1s Quiroga quien con 22 unidades fue el goleador del partido, y el \u00fanico que supero el doble d\u00edgito en su equipo. <span style=\"color: #ff6600;\">\u00a0MIR\u00c1 EL VIDEO<\/span><\/b><\/p>\n<p>No fue un partido lindo para la vista del p\u00fablico, aunque la intensidad y la paridad hicieron que la expectativa y el clima en el Vicente Palermo subiera con el correr de los minutos. El Nacional lleg\u00f3 a sacar 10 puntos de diferencia a un minuto para el descanso largo, pero en el tercer cuarto no tuvo gol y Pueyrred\u00f3n fue el que pas\u00f3 a dominar el juego. Antes, en el inicio, fue todo muy parejo. Quiroga (6) le ganaba el 1 contra 1 a Filippa, mientras que en Pueyrred\u00f3n Richat (10) fue el arma para la ofensiva.<\/p>\n<p>Tras irse en 17 iguales al primer descanso y continuar con la paridad en la primera mitad del segundo segmento los de Garc\u00eda en un abrir y cerrar de ojos metieron un parcial de 13-0 en 2m33s aprovechando los errores del local y pasaron al frente 36 a 26. En ese buen momento celeste, fue clave la defensa en zona (1\/7 t3 Pueyrred\u00f3n) y los triples de Mat\u00edas Monteoliva.<\/p>\n<p>En la vuelta al parquet, Pueyrred\u00f3n fue m\u00e1s agresivo en defensa y sec\u00f3 a El Nacional que solo anot\u00f3 4 unidades. Adem\u00e1s creci\u00f3 la figura de Gast\u00f3n Ressia (8) y hubo un gran trabajo de Francisco Filippa, aportando puntos y bajando rebotes ofensivos. Y estir\u00f3 su buen momento en los minutos iniciales del \u00faltimo cuarto, cuando lleg\u00f3 a sacar 10 puntos (52-42) a falta de 6m02s para el cierre.<\/p>\n<p>Pero le fue dif\u00edcil mantener ese ritmo a Purre, porque Garc\u00eda volvi\u00f3 a mandar a los suyos a la zona 2-3 que tanto r\u00e9dito le hab\u00eda dado y as\u00ed el visitante fue limando diferencias que lo depositaron nuevamente en partido. Quiroga (7) volvi\u00f3 a sumar en ataque y a ser importante en defensa y con un parcial de 12-3 se puso a solo un punto (55-54) a falta de 24s9. Dos libres de Rivera estiraron la diferencia, y un triple de Iraola a 10s2 igual\u00f3 el juego. Roberson tuvo el triunfo en sus manos pero err\u00f3 sus dos libres, luego y con poco tiempo El Nacional busc\u00f3 el doble en la r\u00e9plica pero no fue posible e igualaron en 57 en el tiempo regular.<\/p>\n<p>En el suplementario, la intensidad sigui\u00f3 siendo la misma, las posesiones fueron largas y cuando parec\u00eda que los de Garc\u00eda se quedaban con el triunfo cuando hab\u00edan pasado al frente 64-61, un doble largo de Richat y otro de Rivera, posterior a una buena recuperaci\u00f3n del base le dieron la victoria a los de Iannamico.<\/p>\n<p>&nbsp;<\/p>\n<p>[youtube]https:\/\/youtu.be\/pHd0DXutqnw[\/youtube]<\/p>\n<p>&nbsp;<\/p>\n<p><strong>S\u00edntesis\u00a0\u00a0| <\/strong>Primera Divisi\u00f3n \u2013 Fecha #6<\/p>\n<p><strong>Pueyrredon 65:<\/strong> Juan Manuel Richat 16, Gast\u00f3n Rivera 10, Gast\u00f3n Ressia 15, Eddie Roberson 5, Francisco Filippa 8 (FI) Pablo Raciatti 6, Santiago Marco 0, Agust\u00edn Fern\u00e1ndez 0, Facundo Sevillano 5. DT: Andr\u00e9s Iannamico<\/p>\n<p><strong>El Nacional 64:<\/strong> Mat\u00edas Monteoliva 9, Federico Harina 4, Francisco Hoffman 5, Francisco Desimoni 5, Nicol\u00e1s Quiroga 22 (FI) Braian Alonso 6, Emiliano Iraola 5, Nicol\u00e1s Vera 2, Gonzalo Moreyra 4, Federico Ilekis 2. DT: Juan Andr\u00e9s Garc\u00eda<\/p>\n<p><strong>Parciales:<\/strong> 17-17, 28-36 (11-19), 46-40 (18-4), 57-57 (11-17) y 65-64 (8-7)<\/p>\n<p><strong>\u00c1rbitros:<\/strong> Miguel Firpo \u2013 Diego Kessler<\/p>\n<p><strong>Estadio:<\/strong> Vicente Palermo (Pueyrred\u00f3n)<\/p>\n<p><a href=\"https:\/\/docs.google.com\/spreadsheets\/d\/1dv35Lg2CzgxeRFIlHKqZI6Elqo31ZoBWIV0HtmdcOR8\/pubhtml\" target=\"_blank\" rel=\"noopener\">Ver Planilla<\/a><\/p>\n<p>&nbsp;<\/p>\n<p>[vimeo]http:\/\/vimeo.com\/127479032[\/vimeo]<\/p>\n","protected":false},"excerpt":{"rendered":"<p>Con buen trabajo de sus externos Purre venci\u00f3 en TS a El Nacional: 65-64<\/p>\n","protected":false},"author":1,"featured_media":45358,"comment_status":"closed","ping_status":"open","sticky":false,"template":"","format":"standard","meta":{"jnews-multi-image_gallery":[],"jnews_single_post":[],"jnews_primary_category":[],"footnotes":""},"categories":[23,101],"tags":[9,317,288,669,283,18],"class_list":["post-45349","post","type-post","status-publish","format-standard","has-post-thumbnail","hentry","category-primera","category-slide","tag-el-nacional","tag-gaston-ressia","tag-gaston-rivera","tag-juan-manuel-richat","tag-nicolas-quiroga","tag-pueyrredon"],"yoast_head":"<!-- This site is optimized with the Yoast SEO plugin v27.5 - https:\/\/yoast.com\/product\/yoast-seo-wordpress\/ -->\n<title>Triunfazo de media cancha - Gente de B\u00e1squet<\/title>\n<meta name=\"robots\" content=\"index, follow, max-snippet:-1, max-image-preview:large, max-video-preview:-1\" \/>\n<link rel=\"canonical\" href=\"http:\/\/gentedebasquet.com.ar\/sitio\/2015\/05\/10\/triunfazo-de-media-cancha\/\" \/>\n<meta property=\"og:locale\" content=\"es_ES\" \/>\n<meta property=\"og:type\" content=\"article\" \/>\n<meta property=\"og:title\" content=\"Triunfazo de media cancha - Gente de B\u00e1squet\" \/>\n<meta property=\"og:description\" content=\"Con buen trabajo de sus externos Purre venci\u00f3 en TS a El Nacional: 65-64\" \/>\n<meta property=\"og:url\" content=\"http:\/\/gentedebasquet.com.ar\/sitio\/2015\/05\/10\/triunfazo-de-media-cancha\/\" \/>\n<meta property=\"og:site_name\" content=\"Gente de B\u00e1squet\" \/>\n<meta property=\"article:published_time\" content=\"2015-05-11T02:10:18+00:00\" \/>\n<meta property=\"og:image\" content=\"http:\/\/gentedebasquet.com.ar\/sitio\/wp-content\/uploads\/2015\/05\/Pueyrredon-El-Nacional.jpg\" \/>\n\t<meta property=\"og:image:width\" content=\"690\" \/>\n\t<meta property=\"og:image:height\" content=\"319\" \/>\n\t<meta property=\"og:image:type\" content=\"image\/jpeg\" \/>\n<meta name=\"author\" content=\"Gente de B\u00e1squet\" \/>\n<meta name=\"twitter:card\" content=\"summary_large_image\" \/>\n<meta name=\"twitter:label1\" content=\"Escrito por\" \/>\n\t<meta name=\"twitter:data1\" content=\"Gente de B\u00e1squet\" \/>\n\t<meta name=\"twitter:label2\" content=\"Tiempo de lectura\" \/>\n\t<meta name=\"twitter:data2\" content=\"3 minutos\" \/>\n<script type=\"application\/ld+json\" class=\"yoast-schema-graph\">{\"@context\":\"https:\\\/\\\/schema.org\",\"@graph\":[{\"@type\":\"Article\",\"@id\":\"http:\\\/\\\/gentedebasquet.com.ar\\\/sitio\\\/2015\\\/05\\\/10\\\/triunfazo-de-media-cancha\\\/#article\",\"isPartOf\":{\"@id\":\"http:\\\/\\\/gentedebasquet.com.ar\\\/sitio\\\/2015\\\/05\\\/10\\\/triunfazo-de-media-cancha\\\/\"},\"author\":{\"name\":\"Gente de B\u00e1squet\",\"@id\":\"https:\\\/\\\/gentedebasquet.com.ar\\\/sitio\\\/#\\\/schema\\\/person\\\/ca0b63bbb977369988a7bbbdc519943a\"},\"headline\":\"Triunfazo de media cancha\",\"datePublished\":\"2015-05-11T02:10:18+00:00\",\"mainEntityOfPage\":{\"@id\":\"http:\\\/\\\/gentedebasquet.com.ar\\\/sitio\\\/2015\\\/05\\\/10\\\/triunfazo-de-media-cancha\\\/\"},\"wordCount\":653,\"image\":{\"@id\":\"http:\\\/\\\/gentedebasquet.com.ar\\\/sitio\\\/2015\\\/05\\\/10\\\/triunfazo-de-media-cancha\\\/#primaryimage\"},\"thumbnailUrl\":\"https:\\\/\\\/gentedebasquet.com.ar\\\/sitio\\\/wp-content\\\/uploads\\\/2015\\\/05\\\/Pueyrredon-El-Nacional.jpg\",\"keywords\":[\"El Nacional\",\"Gast\u00f3n Ressia\",\"Gast\u00f3n Rivera\",\"juan manuel richat\",\"Nicol\u00e1s Quiroga\",\"Pueyrredon\"],\"articleSection\":[\"Primera\",\"Slide\"],\"inLanguage\":\"es\"},{\"@type\":\"WebPage\",\"@id\":\"http:\\\/\\\/gentedebasquet.com.ar\\\/sitio\\\/2015\\\/05\\\/10\\\/triunfazo-de-media-cancha\\\/\",\"url\":\"http:\\\/\\\/gentedebasquet.com.ar\\\/sitio\\\/2015\\\/05\\\/10\\\/triunfazo-de-media-cancha\\\/\",\"name\":\"Triunfazo de media cancha - Gente de B\u00e1squet\",\"isPartOf\":{\"@id\":\"https:\\\/\\\/gentedebasquet.com.ar\\\/sitio\\\/#website\"},\"primaryImageOfPage\":{\"@id\":\"http:\\\/\\\/gentedebasquet.com.ar\\\/sitio\\\/2015\\\/05\\\/10\\\/triunfazo-de-media-cancha\\\/#primaryimage\"},\"image\":{\"@id\":\"http:\\\/\\\/gentedebasquet.com.ar\\\/sitio\\\/2015\\\/05\\\/10\\\/triunfazo-de-media-cancha\\\/#primaryimage\"},\"thumbnailUrl\":\"https:\\\/\\\/gentedebasquet.com.ar\\\/sitio\\\/wp-content\\\/uploads\\\/2015\\\/05\\\/Pueyrredon-El-Nacional.jpg\",\"datePublished\":\"2015-05-11T02:10:18+00:00\",\"author\":{\"@id\":\"https:\\\/\\\/gentedebasquet.com.ar\\\/sitio\\\/#\\\/schema\\\/person\\\/ca0b63bbb977369988a7bbbdc519943a\"},\"breadcrumb\":{\"@id\":\"http:\\\/\\\/gentedebasquet.com.ar\\\/sitio\\\/2015\\\/05\\\/10\\\/triunfazo-de-media-cancha\\\/#breadcrumb\"},\"inLanguage\":\"es\",\"potentialAction\":[{\"@type\":\"ReadAction\",\"target\":[\"http:\\\/\\\/gentedebasquet.com.ar\\\/sitio\\\/2015\\\/05\\\/10\\\/triunfazo-de-media-cancha\\\/\"]}]},{\"@type\":\"ImageObject\",\"inLanguage\":\"es\",\"@id\":\"http:\\\/\\\/gentedebasquet.com.ar\\\/sitio\\\/2015\\\/05\\\/10\\\/triunfazo-de-media-cancha\\\/#primaryimage\",\"url\":\"https:\\\/\\\/gentedebasquet.com.ar\\\/sitio\\\/wp-content\\\/uploads\\\/2015\\\/05\\\/Pueyrredon-El-Nacional.jpg\",\"contentUrl\":\"https:\\\/\\\/gentedebasquet.com.ar\\\/sitio\\\/wp-content\\\/uploads\\\/2015\\\/05\\\/Pueyrredon-El-Nacional.jpg\",\"width\":690,\"height\":319},{\"@type\":\"BreadcrumbList\",\"@id\":\"http:\\\/\\\/gentedebasquet.com.ar\\\/sitio\\\/2015\\\/05\\\/10\\\/triunfazo-de-media-cancha\\\/#breadcrumb\",\"itemListElement\":[{\"@type\":\"ListItem\",\"position\":1,\"name\":\"Portada\",\"item\":\"https:\\\/\\\/gentedebasquet.com.ar\\\/sitio\\\/\"},{\"@type\":\"ListItem\",\"position\":2,\"name\":\"Triunfazo de media cancha\"}]},{\"@type\":\"WebSite\",\"@id\":\"https:\\\/\\\/gentedebasquet.com.ar\\\/sitio\\\/#website\",\"url\":\"https:\\\/\\\/gentedebasquet.com.ar\\\/sitio\\\/\",\"name\":\"Gente de B\u00e1squet\",\"description\":\"La revista del basquet de Bah\u00eda Blanca\",\"potentialAction\":[{\"@type\":\"SearchAction\",\"target\":{\"@type\":\"EntryPoint\",\"urlTemplate\":\"https:\\\/\\\/gentedebasquet.com.ar\\\/sitio\\\/?s={search_term_string}\"},\"query-input\":{\"@type\":\"PropertyValueSpecification\",\"valueRequired\":true,\"valueName\":\"search_term_string\"}}],\"inLanguage\":\"es\"},{\"@type\":\"Person\",\"@id\":\"https:\\\/\\\/gentedebasquet.com.ar\\\/sitio\\\/#\\\/schema\\\/person\\\/ca0b63bbb977369988a7bbbdc519943a\",\"name\":\"Gente de B\u00e1squet\",\"image\":{\"@type\":\"ImageObject\",\"inLanguage\":\"es\",\"@id\":\"https:\\\/\\\/secure.gravatar.com\\\/avatar\\\/7f2c48bdc33b30088f941fb6082e555f2874c98e20cb159d7b92b50eadfce793?s=96&d=mm&r=g\",\"url\":\"https:\\\/\\\/secure.gravatar.com\\\/avatar\\\/7f2c48bdc33b30088f941fb6082e555f2874c98e20cb159d7b92b50eadfce793?s=96&d=mm&r=g\",\"contentUrl\":\"https:\\\/\\\/secure.gravatar.com\\\/avatar\\\/7f2c48bdc33b30088f941fb6082e555f2874c98e20cb159d7b92b50eadfce793?s=96&d=mm&r=g\",\"caption\":\"Gente de B\u00e1squet\"},\"sameAs\":[\"http:\\\/\\\/gentedebasquet.com.ar\\\/sitio\"],\"url\":\"https:\\\/\\\/gentedebasquet.com.ar\\\/sitio\\\/author\\\/ulises\\\/\"}]}<\/script>\n<!-- \/ Yoast SEO plugin. -->","yoast_head_json":{"title":"Triunfazo de media cancha - Gente de B\u00e1squet","robots":{"index":"index","follow":"follow","max-snippet":"max-snippet:-1","max-image-preview":"max-image-preview:large","max-video-preview":"max-video-preview:-1"},"canonical":"http:\/\/gentedebasquet.com.ar\/sitio\/2015\/05\/10\/triunfazo-de-media-cancha\/","og_locale":"es_ES","og_type":"article","og_title":"Triunfazo de media cancha - Gente de B\u00e1squet","og_description":"Con buen trabajo de sus externos Purre venci\u00f3 en TS a El Nacional: 65-64","og_url":"http:\/\/gentedebasquet.com.ar\/sitio\/2015\/05\/10\/triunfazo-de-media-cancha\/","og_site_name":"Gente de B\u00e1squet","article_published_time":"2015-05-11T02:10:18+00:00","og_image":[{"width":690,"height":319,"url":"http:\/\/gentedebasquet.com.ar\/sitio\/wp-content\/uploads\/2015\/05\/Pueyrredon-El-Nacional.jpg","type":"image\/jpeg"}],"author":"Gente de B\u00e1squet","twitter_card":"summary_large_image","twitter_misc":{"Escrito por":"Gente de B\u00e1squet","Tiempo de lectura":"3 minutos"},"schema":{"@context":"https:\/\/schema.org","@graph":[{"@type":"Article","@id":"http:\/\/gentedebasquet.com.ar\/sitio\/2015\/05\/10\/triunfazo-de-media-cancha\/#article","isPartOf":{"@id":"http:\/\/gentedebasquet.com.ar\/sitio\/2015\/05\/10\/triunfazo-de-media-cancha\/"},"author":{"name":"Gente de B\u00e1squet","@id":"https:\/\/gentedebasquet.com.ar\/sitio\/#\/schema\/person\/ca0b63bbb977369988a7bbbdc519943a"},"headline":"Triunfazo de media cancha","datePublished":"2015-05-11T02:10:18+00:00","mainEntityOfPage":{"@id":"http:\/\/gentedebasquet.com.ar\/sitio\/2015\/05\/10\/triunfazo-de-media-cancha\/"},"wordCount":653,"image":{"@id":"http:\/\/gentedebasquet.com.ar\/sitio\/2015\/05\/10\/triunfazo-de-media-cancha\/#primaryimage"},"thumbnailUrl":"https:\/\/gentedebasquet.com.ar\/sitio\/wp-content\/uploads\/2015\/05\/Pueyrredon-El-Nacional.jpg","keywords":["El Nacional","Gast\u00f3n Ressia","Gast\u00f3n Rivera","juan manuel richat","Nicol\u00e1s Quiroga","Pueyrredon"],"articleSection":["Primera","Slide"],"inLanguage":"es"},{"@type":"WebPage","@id":"http:\/\/gentedebasquet.com.ar\/sitio\/2015\/05\/10\/triunfazo-de-media-cancha\/","url":"http:\/\/gentedebasquet.com.ar\/sitio\/2015\/05\/10\/triunfazo-de-media-cancha\/","name":"Triunfazo de media cancha - Gente de B\u00e1squet","isPartOf":{"@id":"https:\/\/gentedebasquet.com.ar\/sitio\/#website"},"primaryImageOfPage":{"@id":"http:\/\/gentedebasquet.com.ar\/sitio\/2015\/05\/10\/triunfazo-de-media-cancha\/#primaryimage"},"image":{"@id":"http:\/\/gentedebasquet.com.ar\/sitio\/2015\/05\/10\/triunfazo-de-media-cancha\/#primaryimage"},"thumbnailUrl":"https:\/\/gentedebasquet.com.ar\/sitio\/wp-content\/uploads\/2015\/05\/Pueyrredon-El-Nacional.jpg","datePublished":"2015-05-11T02:10:18+00:00","author":{"@id":"https:\/\/gentedebasquet.com.ar\/sitio\/#\/schema\/person\/ca0b63bbb977369988a7bbbdc519943a"},"breadcrumb":{"@id":"http:\/\/gentedebasquet.com.ar\/sitio\/2015\/05\/10\/triunfazo-de-media-cancha\/#breadcrumb"},"inLanguage":"es","potentialAction":[{"@type":"ReadAction","target":["http:\/\/gentedebasquet.com.ar\/sitio\/2015\/05\/10\/triunfazo-de-media-cancha\/"]}]},{"@type":"ImageObject","inLanguage":"es","@id":"http:\/\/gentedebasquet.com.ar\/sitio\/2015\/05\/10\/triunfazo-de-media-cancha\/#primaryimage","url":"https:\/\/gentedebasquet.com.ar\/sitio\/wp-content\/uploads\/2015\/05\/Pueyrredon-El-Nacional.jpg","contentUrl":"https:\/\/gentedebasquet.com.ar\/sitio\/wp-content\/uploads\/2015\/05\/Pueyrredon-El-Nacional.jpg","width":690,"height":319},{"@type":"BreadcrumbList","@id":"http:\/\/gentedebasquet.com.ar\/sitio\/2015\/05\/10\/triunfazo-de-media-cancha\/#breadcrumb","itemListElement":[{"@type":"ListItem","position":1,"name":"Portada","item":"https:\/\/gentedebasquet.com.ar\/sitio\/"},{"@type":"ListItem","position":2,"name":"Triunfazo de media cancha"}]},{"@type":"WebSite","@id":"https:\/\/gentedebasquet.com.ar\/sitio\/#website","url":"https:\/\/gentedebasquet.com.ar\/sitio\/","name":"Gente de B\u00e1squet","description":"La revista del basquet de Bah\u00eda Blanca","potentialAction":[{"@type":"SearchAction","target":{"@type":"EntryPoint","urlTemplate":"https:\/\/gentedebasquet.com.ar\/sitio\/?s={search_term_string}"},"query-input":{"@type":"PropertyValueSpecification","valueRequired":true,"valueName":"search_term_string"}}],"inLanguage":"es"},{"@type":"Person","@id":"https:\/\/gentedebasquet.com.ar\/sitio\/#\/schema\/person\/ca0b63bbb977369988a7bbbdc519943a","name":"Gente de B\u00e1squet","image":{"@type":"ImageObject","inLanguage":"es","@id":"https:\/\/secure.gravatar.com\/avatar\/7f2c48bdc33b30088f941fb6082e555f2874c98e20cb159d7b92b50eadfce793?s=96&d=mm&r=g","url":"https:\/\/secure.gravatar.com\/avatar\/7f2c48bdc33b30088f941fb6082e555f2874c98e20cb159d7b92b50eadfce793?s=96&d=mm&r=g","contentUrl":"https:\/\/secure.gravatar.com\/avatar\/7f2c48bdc33b30088f941fb6082e555f2874c98e20cb159d7b92b50eadfce793?s=96&d=mm&r=g","caption":"Gente de B\u00e1squet"},"sameAs":["http:\/\/gentedebasquet.com.ar\/sitio"],"url":"https:\/\/gentedebasquet.com.ar\/sitio\/author\/ulises\/"}]}},"_links":{"self":[{"href":"https:\/\/gentedebasquet.com.ar\/sitio\/wp-json\/wp\/v2\/posts\/45349","targetHints":{"allow":["GET"]}}],"collection":[{"href":"https:\/\/gentedebasquet.com.ar\/sitio\/wp-json\/wp\/v2\/posts"}],"about":[{"href":"https:\/\/gentedebasquet.com.ar\/sitio\/wp-json\/wp\/v2\/types\/post"}],"author":[{"embeddable":true,"href":"https:\/\/gentedebasquet.com.ar\/sitio\/wp-json\/wp\/v2\/users\/1"}],"replies":[{"embeddable":true,"href":"https:\/\/gentedebasquet.com.ar\/sitio\/wp-json\/wp\/v2\/comments?post=45349"}],"version-history":[{"count":0,"href":"https:\/\/gentedebasquet.com.ar\/sitio\/wp-json\/wp\/v2\/posts\/45349\/revisions"}],"wp:featuredmedia":[{"embeddable":true,"href":"https:\/\/gentedebasquet.com.ar\/sitio\/wp-json\/wp\/v2\/media\/45358"}],"wp:attachment":[{"href":"https:\/\/gentedebasquet.com.ar\/sitio\/wp-json\/wp\/v2\/media?parent=45349"}],"wp:term":[{"taxonomy":"category","embeddable":true,"href":"https:\/\/gentedebasquet.com.ar\/sitio\/wp-json\/wp\/v2\/categories?post=45349"},{"taxonomy":"post_tag","embeddable":true,"href":"https:\/\/gentedebasquet.com.ar\/sitio\/wp-json\/wp\/v2\/tags?post=45349"}],"curies":[{"name":"wp","href":"https:\/\/api.w.org\/{rel}","templated":true}]}}