{"id":45551,"date":"2015-05-16T08:37:49","date_gmt":"2015-05-16T11:37:49","guid":{"rendered":"http:\/\/www.gentedebasquet.com.ar\/?p=45551"},"modified":"2015-05-16T08:37:49","modified_gmt":"2015-05-16T11:37:49","slug":"arrancan-las-u14-f","status":"publish","type":"post","link":"https:\/\/gentedebasquet.com.ar\/sitio\/2015\/05\/16\/arrancan-las-u14-f\/","title":{"rendered":"Arrancan las U14-F"},"content":{"rendered":"<p><strong>La preselecci\u00f3n bahiense femenina sub 14 comenzar\u00e1 a entrenar este s\u00e1bado 16 de mayo con vistas al Provincial de la categor\u00eda, que se llevar\u00e1 a cabo la tercera semana de junio en sede a confirmar. La entrenadora Viviana Albizu cit\u00f3 a 21 jugadoras de los clubes Barracas Central, Independiente, Estudiantes, Sportivo, 9 de Julio y Bah\u00eda Basket.<\/strong><\/p>\n<p>&nbsp;<\/p>\n<h6>PRESELECCI\u00d3N BAHIENSE FEMENINA U14<\/h6>\n<p><span style=\"line-height: 1.5em;\">V\u00e1zquez, Maitena (Barracas)<\/span><\/p>\n<p><span style=\"line-height: 1.5em;\">Garc\u00eda, Milena (Barracas)<\/span><\/p>\n<p><span style=\"line-height: 1.5em;\">Garc\u00eda, Chabela (Barracas)<\/span><\/p>\n<p><span style=\"line-height: 1.5em;\">Vecchi, Paloma (Barracas)<\/span><\/p>\n<p><span style=\"line-height: 1.5em;\">Ibargoyen, Abri (Barracas)<\/span><\/p>\n<p><span style=\"line-height: 1.5em;\">P\u00e9rez, Victoria (Independiente)<\/span><\/p>\n<p><span style=\"line-height: 1.5em;\">Brossard, Josefina (Independiente)<\/span><\/p>\n<p><span style=\"line-height: 1.5em;\">Wentland, Morena (Independiente)<\/span><\/p>\n<p><span style=\"line-height: 1.5em;\">Schabas, Tatiana (Independiente)<\/span><\/p>\n<p><span style=\"line-height: 1.5em;\">Ort\u00edz, Luc\u00eda (Independiente)<\/span><\/p>\n<p><span style=\"line-height: 1.5em;\">Larrosa, Ail\u00edn (Estudiantes)<\/span><\/p>\n<p><span style=\"line-height: 1.5em;\">Caputo, Martina (Estudiantes)<\/span><\/p>\n<p><span style=\"line-height: 1.5em;\">Villalba, Victoria (EstudianteS)<\/span><\/p>\n<p><span style=\"line-height: 1.5em;\">Sabatini, Mar\u00eda Sof\u00eda (Sportivo Bahiense)<\/span><\/p>\n<p><span style=\"line-height: 1.5em;\">Fern\u00e1ndez, Emilia (9 de Julio)<\/span><\/p>\n<p><span style=\"line-height: 1.5em;\">Araneda, Corina (9 de Julio)<\/span><\/p>\n<p><span style=\"line-height: 1.5em;\">Facente, Catalina (9 de Julio)<\/span><\/p>\n<p><span style=\"line-height: 1.5em;\">Dib, Samira (9 de Julio)<\/span><\/p>\n<p><span style=\"line-height: 1.5em;\">Arena, Catalina (9 de Julio)<\/span><\/p>\n<p><span style=\"line-height: 1.5em;\">Moreno, Agustina (9 de Julio)<\/span><\/p>\n<p><span style=\"line-height: 1.5em;\">Giorgi, Triana (Bah\u00eda Basket)<\/span><\/p>\n<p><span style=\"text-decoration: underline;\">Entrenadora:<\/span> Viviana Albizu<\/p>\n<p><span style=\"text-decoration: underline;\">Asistente:<\/span> Florencia Gorriti<\/p>\n<p><span style=\"text-decoration: underline;\">Preparador f\u00edsico:<\/span> Josefina Calvento<\/p>\n<p>&nbsp;<\/p>\n<p><strong>Cronograma de entrenamientos:<\/strong><\/p>\n<p><span style=\"line-height: 1.5em;\">S\u00e1bado 16, desde las 16 en cancha de Velocidad.<\/span><\/p>\n<p><strong>Foto:<\/strong> gentileza Josefina Calvento.<\/p>\n","protected":false},"excerpt":{"rendered":"<p>La preselecci\u00f3n entrenar\u00e1 desde el s\u00e1bado 16 con vistas al Provincial<\/p>\n","protected":false},"author":1,"featured_media":45552,"comment_status":"closed","ping_status":"open","sticky":false,"template":"","format":"standard","meta":{"jnews-multi-image_gallery":[],"jnews_single_post":[],"jnews_primary_category":[],"footnotes":""},"categories":[247],"tags":[70,636,683],"class_list":["post-45551","post","type-post","status-publish","format-standard","has-post-thumbnail","hentry","category-bahiau15","tag-bahia-blanca","tag-mar-del-plata","tag-provincial-u14"],"yoast_head":"<!-- This site is optimized with the Yoast SEO plugin v27.5 - https:\/\/yoast.com\/product\/yoast-seo-wordpress\/ -->\n<title>Arrancan las U14-F - Gente de B\u00e1squet<\/title>\n<meta name=\"robots\" content=\"index, follow, max-snippet:-1, max-image-preview:large, max-video-preview:-1\" \/>\n<link rel=\"canonical\" href=\"http:\/\/gentedebasquet.com.ar\/sitio\/2015\/05\/16\/arrancan-las-u14-f\/\" \/>\n<meta property=\"og:locale\" content=\"es_ES\" \/>\n<meta property=\"og:type\" content=\"article\" \/>\n<meta property=\"og:title\" content=\"Arrancan las U14-F - Gente de B\u00e1squet\" \/>\n<meta property=\"og:description\" content=\"La preselecci\u00f3n entrenar\u00e1 desde el s\u00e1bado 16 con vistas al Provincial\" \/>\n<meta property=\"og:url\" content=\"http:\/\/gentedebasquet.com.ar\/sitio\/2015\/05\/16\/arrancan-las-u14-f\/\" \/>\n<meta property=\"og:site_name\" content=\"Gente de B\u00e1squet\" \/>\n<meta property=\"article:published_time\" content=\"2015-05-16T11:37:49+00:00\" \/>\n<meta property=\"og:image\" content=\"http:\/\/gentedebasquet.com.ar\/sitio\/wp-content\/uploads\/2015\/05\/Femenino-U14.jpg\" \/>\n\t<meta property=\"og:image:width\" content=\"300\" \/>\n\t<meta property=\"og:image:height\" content=\"211\" \/>\n\t<meta property=\"og:image:type\" content=\"image\/jpeg\" \/>\n<meta name=\"author\" content=\"Gente de B\u00e1squet\" \/>\n<meta name=\"twitter:card\" content=\"summary_large_image\" \/>\n<meta name=\"twitter:label1\" content=\"Escrito por\" \/>\n\t<meta name=\"twitter:data1\" content=\"Gente de B\u00e1squet\" \/>\n\t<meta name=\"twitter:label2\" content=\"Tiempo de lectura\" \/>\n\t<meta name=\"twitter:data2\" content=\"1 minuto\" \/>\n<script type=\"application\/ld+json\" class=\"yoast-schema-graph\">{\"@context\":\"https:\\\/\\\/schema.org\",\"@graph\":[{\"@type\":\"Article\",\"@id\":\"http:\\\/\\\/gentedebasquet.com.ar\\\/sitio\\\/2015\\\/05\\\/16\\\/arrancan-las-u14-f\\\/#article\",\"isPartOf\":{\"@id\":\"http:\\\/\\\/gentedebasquet.com.ar\\\/sitio\\\/2015\\\/05\\\/16\\\/arrancan-las-u14-f\\\/\"},\"author\":{\"name\":\"Gente de B\u00e1squet\",\"@id\":\"https:\\\/\\\/gentedebasquet.com.ar\\\/sitio\\\/#\\\/schema\\\/person\\\/ca0b63bbb977369988a7bbbdc519943a\"},\"headline\":\"Arrancan las U14-F\",\"datePublished\":\"2015-05-16T11:37:49+00:00\",\"mainEntityOfPage\":{\"@id\":\"http:\\\/\\\/gentedebasquet.com.ar\\\/sitio\\\/2015\\\/05\\\/16\\\/arrancan-las-u14-f\\\/\"},\"wordCount\":177,\"image\":{\"@id\":\"http:\\\/\\\/gentedebasquet.com.ar\\\/sitio\\\/2015\\\/05\\\/16\\\/arrancan-las-u14-f\\\/#primaryimage\"},\"thumbnailUrl\":\"https:\\\/\\\/gentedebasquet.com.ar\\\/sitio\\\/wp-content\\\/uploads\\\/2015\\\/05\\\/Femenino-U14.jpg\",\"keywords\":[\"Bah\u00eda Blanca\",\"Mar del Plata\",\"Provincial U14\"],\"articleSection\":[\"#Bah\u00edaU15\"],\"inLanguage\":\"es\"},{\"@type\":\"WebPage\",\"@id\":\"http:\\\/\\\/gentedebasquet.com.ar\\\/sitio\\\/2015\\\/05\\\/16\\\/arrancan-las-u14-f\\\/\",\"url\":\"http:\\\/\\\/gentedebasquet.com.ar\\\/sitio\\\/2015\\\/05\\\/16\\\/arrancan-las-u14-f\\\/\",\"name\":\"Arrancan las U14-F - Gente de B\u00e1squet\",\"isPartOf\":{\"@id\":\"https:\\\/\\\/gentedebasquet.com.ar\\\/sitio\\\/#website\"},\"primaryImageOfPage\":{\"@id\":\"http:\\\/\\\/gentedebasquet.com.ar\\\/sitio\\\/2015\\\/05\\\/16\\\/arrancan-las-u14-f\\\/#primaryimage\"},\"image\":{\"@id\":\"http:\\\/\\\/gentedebasquet.com.ar\\\/sitio\\\/2015\\\/05\\\/16\\\/arrancan-las-u14-f\\\/#primaryimage\"},\"thumbnailUrl\":\"https:\\\/\\\/gentedebasquet.com.ar\\\/sitio\\\/wp-content\\\/uploads\\\/2015\\\/05\\\/Femenino-U14.jpg\",\"datePublished\":\"2015-05-16T11:37:49+00:00\",\"author\":{\"@id\":\"https:\\\/\\\/gentedebasquet.com.ar\\\/sitio\\\/#\\\/schema\\\/person\\\/ca0b63bbb977369988a7bbbdc519943a\"},\"breadcrumb\":{\"@id\":\"http:\\\/\\\/gentedebasquet.com.ar\\\/sitio\\\/2015\\\/05\\\/16\\\/arrancan-las-u14-f\\\/#breadcrumb\"},\"inLanguage\":\"es\",\"potentialAction\":[{\"@type\":\"ReadAction\",\"target\":[\"http:\\\/\\\/gentedebasquet.com.ar\\\/sitio\\\/2015\\\/05\\\/16\\\/arrancan-las-u14-f\\\/\"]}]},{\"@type\":\"ImageObject\",\"inLanguage\":\"es\",\"@id\":\"http:\\\/\\\/gentedebasquet.com.ar\\\/sitio\\\/2015\\\/05\\\/16\\\/arrancan-las-u14-f\\\/#primaryimage\",\"url\":\"https:\\\/\\\/gentedebasquet.com.ar\\\/sitio\\\/wp-content\\\/uploads\\\/2015\\\/05\\\/Femenino-U14.jpg\",\"contentUrl\":\"https:\\\/\\\/gentedebasquet.com.ar\\\/sitio\\\/wp-content\\\/uploads\\\/2015\\\/05\\\/Femenino-U14.jpg\",\"width\":300,\"height\":211},{\"@type\":\"BreadcrumbList\",\"@id\":\"http:\\\/\\\/gentedebasquet.com.ar\\\/sitio\\\/2015\\\/05\\\/16\\\/arrancan-las-u14-f\\\/#breadcrumb\",\"itemListElement\":[{\"@type\":\"ListItem\",\"position\":1,\"name\":\"Portada\",\"item\":\"https:\\\/\\\/gentedebasquet.com.ar\\\/sitio\\\/\"},{\"@type\":\"ListItem\",\"position\":2,\"name\":\"Arrancan las U14-F\"}]},{\"@type\":\"WebSite\",\"@id\":\"https:\\\/\\\/gentedebasquet.com.ar\\\/sitio\\\/#website\",\"url\":\"https:\\\/\\\/gentedebasquet.com.ar\\\/sitio\\\/\",\"name\":\"Gente de B\u00e1squet\",\"description\":\"La revista del basquet de Bah\u00eda Blanca\",\"potentialAction\":[{\"@type\":\"SearchAction\",\"target\":{\"@type\":\"EntryPoint\",\"urlTemplate\":\"https:\\\/\\\/gentedebasquet.com.ar\\\/sitio\\\/?s={search_term_string}\"},\"query-input\":{\"@type\":\"PropertyValueSpecification\",\"valueRequired\":true,\"valueName\":\"search_term_string\"}}],\"inLanguage\":\"es\"},{\"@type\":\"Person\",\"@id\":\"https:\\\/\\\/gentedebasquet.com.ar\\\/sitio\\\/#\\\/schema\\\/person\\\/ca0b63bbb977369988a7bbbdc519943a\",\"name\":\"Gente de B\u00e1squet\",\"image\":{\"@type\":\"ImageObject\",\"inLanguage\":\"es\",\"@id\":\"https:\\\/\\\/secure.gravatar.com\\\/avatar\\\/7f2c48bdc33b30088f941fb6082e555f2874c98e20cb159d7b92b50eadfce793?s=96&d=mm&r=g\",\"url\":\"https:\\\/\\\/secure.gravatar.com\\\/avatar\\\/7f2c48bdc33b30088f941fb6082e555f2874c98e20cb159d7b92b50eadfce793?s=96&d=mm&r=g\",\"contentUrl\":\"https:\\\/\\\/secure.gravatar.com\\\/avatar\\\/7f2c48bdc33b30088f941fb6082e555f2874c98e20cb159d7b92b50eadfce793?s=96&d=mm&r=g\",\"caption\":\"Gente de B\u00e1squet\"},\"sameAs\":[\"http:\\\/\\\/gentedebasquet.com.ar\\\/sitio\"],\"url\":\"https:\\\/\\\/gentedebasquet.com.ar\\\/sitio\\\/author\\\/ulises\\\/\"}]}<\/script>\n<!-- \/ Yoast SEO plugin. -->","yoast_head_json":{"title":"Arrancan las U14-F - Gente de B\u00e1squet","robots":{"index":"index","follow":"follow","max-snippet":"max-snippet:-1","max-image-preview":"max-image-preview:large","max-video-preview":"max-video-preview:-1"},"canonical":"http:\/\/gentedebasquet.com.ar\/sitio\/2015\/05\/16\/arrancan-las-u14-f\/","og_locale":"es_ES","og_type":"article","og_title":"Arrancan las U14-F - Gente de B\u00e1squet","og_description":"La preselecci\u00f3n entrenar\u00e1 desde el s\u00e1bado 16 con vistas al Provincial","og_url":"http:\/\/gentedebasquet.com.ar\/sitio\/2015\/05\/16\/arrancan-las-u14-f\/","og_site_name":"Gente de B\u00e1squet","article_published_time":"2015-05-16T11:37:49+00:00","og_image":[{"width":300,"height":211,"url":"http:\/\/gentedebasquet.com.ar\/sitio\/wp-content\/uploads\/2015\/05\/Femenino-U14.jpg","type":"image\/jpeg"}],"author":"Gente de B\u00e1squet","twitter_card":"summary_large_image","twitter_misc":{"Escrito por":"Gente de B\u00e1squet","Tiempo de lectura":"1 minuto"},"schema":{"@context":"https:\/\/schema.org","@graph":[{"@type":"Article","@id":"http:\/\/gentedebasquet.com.ar\/sitio\/2015\/05\/16\/arrancan-las-u14-f\/#article","isPartOf":{"@id":"http:\/\/gentedebasquet.com.ar\/sitio\/2015\/05\/16\/arrancan-las-u14-f\/"},"author":{"name":"Gente de B\u00e1squet","@id":"https:\/\/gentedebasquet.com.ar\/sitio\/#\/schema\/person\/ca0b63bbb977369988a7bbbdc519943a"},"headline":"Arrancan las U14-F","datePublished":"2015-05-16T11:37:49+00:00","mainEntityOfPage":{"@id":"http:\/\/gentedebasquet.com.ar\/sitio\/2015\/05\/16\/arrancan-las-u14-f\/"},"wordCount":177,"image":{"@id":"http:\/\/gentedebasquet.com.ar\/sitio\/2015\/05\/16\/arrancan-las-u14-f\/#primaryimage"},"thumbnailUrl":"https:\/\/gentedebasquet.com.ar\/sitio\/wp-content\/uploads\/2015\/05\/Femenino-U14.jpg","keywords":["Bah\u00eda Blanca","Mar del Plata","Provincial U14"],"articleSection":["#Bah\u00edaU15"],"inLanguage":"es"},{"@type":"WebPage","@id":"http:\/\/gentedebasquet.com.ar\/sitio\/2015\/05\/16\/arrancan-las-u14-f\/","url":"http:\/\/gentedebasquet.com.ar\/sitio\/2015\/05\/16\/arrancan-las-u14-f\/","name":"Arrancan las U14-F - Gente de B\u00e1squet","isPartOf":{"@id":"https:\/\/gentedebasquet.com.ar\/sitio\/#website"},"primaryImageOfPage":{"@id":"http:\/\/gentedebasquet.com.ar\/sitio\/2015\/05\/16\/arrancan-las-u14-f\/#primaryimage"},"image":{"@id":"http:\/\/gentedebasquet.com.ar\/sitio\/2015\/05\/16\/arrancan-las-u14-f\/#primaryimage"},"thumbnailUrl":"https:\/\/gentedebasquet.com.ar\/sitio\/wp-content\/uploads\/2015\/05\/Femenino-U14.jpg","datePublished":"2015-05-16T11:37:49+00:00","author":{"@id":"https:\/\/gentedebasquet.com.ar\/sitio\/#\/schema\/person\/ca0b63bbb977369988a7bbbdc519943a"},"breadcrumb":{"@id":"http:\/\/gentedebasquet.com.ar\/sitio\/2015\/05\/16\/arrancan-las-u14-f\/#breadcrumb"},"inLanguage":"es","potentialAction":[{"@type":"ReadAction","target":["http:\/\/gentedebasquet.com.ar\/sitio\/2015\/05\/16\/arrancan-las-u14-f\/"]}]},{"@type":"ImageObject","inLanguage":"es","@id":"http:\/\/gentedebasquet.com.ar\/sitio\/2015\/05\/16\/arrancan-las-u14-f\/#primaryimage","url":"https:\/\/gentedebasquet.com.ar\/sitio\/wp-content\/uploads\/2015\/05\/Femenino-U14.jpg","contentUrl":"https:\/\/gentedebasquet.com.ar\/sitio\/wp-content\/uploads\/2015\/05\/Femenino-U14.jpg","width":300,"height":211},{"@type":"BreadcrumbList","@id":"http:\/\/gentedebasquet.com.ar\/sitio\/2015\/05\/16\/arrancan-las-u14-f\/#breadcrumb","itemListElement":[{"@type":"ListItem","position":1,"name":"Portada","item":"https:\/\/gentedebasquet.com.ar\/sitio\/"},{"@type":"ListItem","position":2,"name":"Arrancan las U14-F"}]},{"@type":"WebSite","@id":"https:\/\/gentedebasquet.com.ar\/sitio\/#website","url":"https:\/\/gentedebasquet.com.ar\/sitio\/","name":"Gente de B\u00e1squet","description":"La revista del basquet de Bah\u00eda Blanca","potentialAction":[{"@type":"SearchAction","target":{"@type":"EntryPoint","urlTemplate":"https:\/\/gentedebasquet.com.ar\/sitio\/?s={search_term_string}"},"query-input":{"@type":"PropertyValueSpecification","valueRequired":true,"valueName":"search_term_string"}}],"inLanguage":"es"},{"@type":"Person","@id":"https:\/\/gentedebasquet.com.ar\/sitio\/#\/schema\/person\/ca0b63bbb977369988a7bbbdc519943a","name":"Gente de B\u00e1squet","image":{"@type":"ImageObject","inLanguage":"es","@id":"https:\/\/secure.gravatar.com\/avatar\/7f2c48bdc33b30088f941fb6082e555f2874c98e20cb159d7b92b50eadfce793?s=96&d=mm&r=g","url":"https:\/\/secure.gravatar.com\/avatar\/7f2c48bdc33b30088f941fb6082e555f2874c98e20cb159d7b92b50eadfce793?s=96&d=mm&r=g","contentUrl":"https:\/\/secure.gravatar.com\/avatar\/7f2c48bdc33b30088f941fb6082e555f2874c98e20cb159d7b92b50eadfce793?s=96&d=mm&r=g","caption":"Gente de B\u00e1squet"},"sameAs":["http:\/\/gentedebasquet.com.ar\/sitio"],"url":"https:\/\/gentedebasquet.com.ar\/sitio\/author\/ulises\/"}]}},"_links":{"self":[{"href":"https:\/\/gentedebasquet.com.ar\/sitio\/wp-json\/wp\/v2\/posts\/45551","targetHints":{"allow":["GET"]}}],"collection":[{"href":"https:\/\/gentedebasquet.com.ar\/sitio\/wp-json\/wp\/v2\/posts"}],"about":[{"href":"https:\/\/gentedebasquet.com.ar\/sitio\/wp-json\/wp\/v2\/types\/post"}],"author":[{"embeddable":true,"href":"https:\/\/gentedebasquet.com.ar\/sitio\/wp-json\/wp\/v2\/users\/1"}],"replies":[{"embeddable":true,"href":"https:\/\/gentedebasquet.com.ar\/sitio\/wp-json\/wp\/v2\/comments?post=45551"}],"version-history":[{"count":0,"href":"https:\/\/gentedebasquet.com.ar\/sitio\/wp-json\/wp\/v2\/posts\/45551\/revisions"}],"wp:featuredmedia":[{"embeddable":true,"href":"https:\/\/gentedebasquet.com.ar\/sitio\/wp-json\/wp\/v2\/media\/45552"}],"wp:attachment":[{"href":"https:\/\/gentedebasquet.com.ar\/sitio\/wp-json\/wp\/v2\/media?parent=45551"}],"wp:term":[{"taxonomy":"category","embeddable":true,"href":"https:\/\/gentedebasquet.com.ar\/sitio\/wp-json\/wp\/v2\/categories?post=45551"},{"taxonomy":"post_tag","embeddable":true,"href":"https:\/\/gentedebasquet.com.ar\/sitio\/wp-json\/wp\/v2\/tags?post=45551"}],"curies":[{"name":"wp","href":"https:\/\/api.w.org\/{rel}","templated":true}]}}