{"id":45583,"date":"2015-05-16T19:26:24","date_gmt":"2015-05-16T22:26:24","guid":{"rendered":"http:\/\/www.gentedebasquet.com.ar\/?p=45583"},"modified":"2015-05-16T19:26:24","modified_gmt":"2015-05-16T22:26:24","slug":"gerbaudo-se-pierde-los-playoffs","status":"publish","type":"post","link":"https:\/\/gentedebasquet.com.ar\/sitio\/2015\/05\/16\/gerbaudo-se-pierde-los-playoffs\/","title":{"rendered":"Gerbaudo se pierde los playoffs"},"content":{"rendered":"<p><strong>Debido a una lesi\u00f3n en su hombro izquierdo (SLAP), el base de Bah\u00eda Basket deber\u00e1 que ser intervenido quir\u00fargicamente en los pr\u00f3ximos d\u00edas.\u00a0Los plazos de recuperaci\u00f3n extienden a los de la competencia, por lo que se perder\u00e1 los Playoffs.\u00a0Recordamos que la lesi\u00f3n se produjo luego de un\u00a0mal movimiento en la semana previa al juego ante Gimnasia de Comodoro.<\/strong><\/p>\n<p><strong>Fuente: Prensa Bah\u00eda Basket.<\/strong><\/p>\n<p><strong>Foto: <\/strong>Prensa Bah\u00eda Basket.<\/p>\n","protected":false},"excerpt":{"rendered":"<p>Por a una lesi\u00f3n en su hombro izquierdo, ser\u00e1 intervenido quir\u00fargicamente<\/p>\n","protected":false},"author":1,"featured_media":42604,"comment_status":"closed","ping_status":"open","sticky":false,"template":"","format":"standard","meta":{"jnews-multi-image_gallery":[],"jnews_single_post":[],"jnews_primary_category":[],"footnotes":""},"categories":[57,39,101],"tags":[58,154,78,160,504],"class_list":["post-45583","post","type-post","status-publish","format-standard","has-post-thumbnail","hentry","category-bahia-basket","category-nacional","category-slide","tag-bahiabasket","tag-diego-gerbaudo","tag-lnb","tag-penarol","tag-playoffs"],"yoast_head":"<!-- This site is optimized with the Yoast SEO plugin v27.5 - https:\/\/yoast.com\/product\/yoast-seo-wordpress\/ -->\n<title>Gerbaudo se pierde los playoffs - Gente de B\u00e1squet<\/title>\n<meta name=\"robots\" content=\"index, follow, max-snippet:-1, max-image-preview:large, max-video-preview:-1\" \/>\n<link rel=\"canonical\" href=\"https:\/\/gentedebasquet.com.ar\/sitio\/2015\/05\/16\/gerbaudo-se-pierde-los-playoffs\/\" \/>\n<meta property=\"og:locale\" content=\"es_ES\" \/>\n<meta property=\"og:type\" content=\"article\" \/>\n<meta property=\"og:title\" content=\"Gerbaudo se pierde los playoffs - Gente de B\u00e1squet\" \/>\n<meta property=\"og:description\" content=\"Por a una lesi\u00f3n en su hombro izquierdo, ser\u00e1 intervenido quir\u00fargicamente\" \/>\n<meta property=\"og:url\" content=\"https:\/\/gentedebasquet.com.ar\/sitio\/2015\/05\/16\/gerbaudo-se-pierde-los-playoffs\/\" \/>\n<meta property=\"og:site_name\" content=\"Gente de B\u00e1squet\" \/>\n<meta property=\"article:published_time\" content=\"2015-05-16T22:26:24+00:00\" \/>\n<meta property=\"og:image\" content=\"https:\/\/gentedebasquet.com.ar\/sitio\/wp-content\/uploads\/2015\/03\/Gerbaudo-Bahia-Basket-LNB.jpg\" \/>\n\t<meta property=\"og:image:width\" content=\"690\" \/>\n\t<meta property=\"og:image:height\" content=\"319\" \/>\n\t<meta property=\"og:image:type\" content=\"image\/jpeg\" \/>\n<meta name=\"author\" content=\"Gente de B\u00e1squet\" \/>\n<meta name=\"twitter:card\" content=\"summary_large_image\" \/>\n<meta name=\"twitter:label1\" content=\"Escrito por\" \/>\n\t<meta name=\"twitter:data1\" content=\"Gente de B\u00e1squet\" \/>\n<script type=\"application\/ld+json\" class=\"yoast-schema-graph\">{\"@context\":\"https:\\\/\\\/schema.org\",\"@graph\":[{\"@type\":\"Article\",\"@id\":\"https:\\\/\\\/gentedebasquet.com.ar\\\/sitio\\\/2015\\\/05\\\/16\\\/gerbaudo-se-pierde-los-playoffs\\\/#article\",\"isPartOf\":{\"@id\":\"https:\\\/\\\/gentedebasquet.com.ar\\\/sitio\\\/2015\\\/05\\\/16\\\/gerbaudo-se-pierde-los-playoffs\\\/\"},\"author\":{\"name\":\"Gente de B\u00e1squet\",\"@id\":\"https:\\\/\\\/gentedebasquet.com.ar\\\/sitio\\\/#\\\/schema\\\/person\\\/ca0b63bbb977369988a7bbbdc519943a\"},\"headline\":\"Gerbaudo se pierde los playoffs\",\"datePublished\":\"2015-05-16T22:26:24+00:00\",\"mainEntityOfPage\":{\"@id\":\"https:\\\/\\\/gentedebasquet.com.ar\\\/sitio\\\/2015\\\/05\\\/16\\\/gerbaudo-se-pierde-los-playoffs\\\/\"},\"wordCount\":83,\"image\":{\"@id\":\"https:\\\/\\\/gentedebasquet.com.ar\\\/sitio\\\/2015\\\/05\\\/16\\\/gerbaudo-se-pierde-los-playoffs\\\/#primaryimage\"},\"thumbnailUrl\":\"https:\\\/\\\/gentedebasquet.com.ar\\\/sitio\\\/wp-content\\\/uploads\\\/2015\\\/03\\\/Gerbaudo-Bahia-Basket-LNB.jpg\",\"keywords\":[\"Bah\u00eda Basket\",\"Diego Gerbaudo\",\"LNB\",\"Pe\u00f1arol\",\"Playoffs\"],\"articleSection\":[\"Bah\u00eda Basket\",\"Nacional\",\"Slide\"],\"inLanguage\":\"es\"},{\"@type\":\"WebPage\",\"@id\":\"https:\\\/\\\/gentedebasquet.com.ar\\\/sitio\\\/2015\\\/05\\\/16\\\/gerbaudo-se-pierde-los-playoffs\\\/\",\"url\":\"https:\\\/\\\/gentedebasquet.com.ar\\\/sitio\\\/2015\\\/05\\\/16\\\/gerbaudo-se-pierde-los-playoffs\\\/\",\"name\":\"Gerbaudo se pierde los playoffs - Gente de B\u00e1squet\",\"isPartOf\":{\"@id\":\"https:\\\/\\\/gentedebasquet.com.ar\\\/sitio\\\/#website\"},\"primaryImageOfPage\":{\"@id\":\"https:\\\/\\\/gentedebasquet.com.ar\\\/sitio\\\/2015\\\/05\\\/16\\\/gerbaudo-se-pierde-los-playoffs\\\/#primaryimage\"},\"image\":{\"@id\":\"https:\\\/\\\/gentedebasquet.com.ar\\\/sitio\\\/2015\\\/05\\\/16\\\/gerbaudo-se-pierde-los-playoffs\\\/#primaryimage\"},\"thumbnailUrl\":\"https:\\\/\\\/gentedebasquet.com.ar\\\/sitio\\\/wp-content\\\/uploads\\\/2015\\\/03\\\/Gerbaudo-Bahia-Basket-LNB.jpg\",\"datePublished\":\"2015-05-16T22:26:24+00:00\",\"author\":{\"@id\":\"https:\\\/\\\/gentedebasquet.com.ar\\\/sitio\\\/#\\\/schema\\\/person\\\/ca0b63bbb977369988a7bbbdc519943a\"},\"breadcrumb\":{\"@id\":\"https:\\\/\\\/gentedebasquet.com.ar\\\/sitio\\\/2015\\\/05\\\/16\\\/gerbaudo-se-pierde-los-playoffs\\\/#breadcrumb\"},\"inLanguage\":\"es\",\"potentialAction\":[{\"@type\":\"ReadAction\",\"target\":[\"https:\\\/\\\/gentedebasquet.com.ar\\\/sitio\\\/2015\\\/05\\\/16\\\/gerbaudo-se-pierde-los-playoffs\\\/\"]}]},{\"@type\":\"ImageObject\",\"inLanguage\":\"es\",\"@id\":\"https:\\\/\\\/gentedebasquet.com.ar\\\/sitio\\\/2015\\\/05\\\/16\\\/gerbaudo-se-pierde-los-playoffs\\\/#primaryimage\",\"url\":\"https:\\\/\\\/gentedebasquet.com.ar\\\/sitio\\\/wp-content\\\/uploads\\\/2015\\\/03\\\/Gerbaudo-Bahia-Basket-LNB.jpg\",\"contentUrl\":\"https:\\\/\\\/gentedebasquet.com.ar\\\/sitio\\\/wp-content\\\/uploads\\\/2015\\\/03\\\/Gerbaudo-Bahia-Basket-LNB.jpg\",\"width\":690,\"height\":319},{\"@type\":\"BreadcrumbList\",\"@id\":\"https:\\\/\\\/gentedebasquet.com.ar\\\/sitio\\\/2015\\\/05\\\/16\\\/gerbaudo-se-pierde-los-playoffs\\\/#breadcrumb\",\"itemListElement\":[{\"@type\":\"ListItem\",\"position\":1,\"name\":\"Portada\",\"item\":\"https:\\\/\\\/gentedebasquet.com.ar\\\/sitio\\\/\"},{\"@type\":\"ListItem\",\"position\":2,\"name\":\"Gerbaudo se pierde los playoffs\"}]},{\"@type\":\"WebSite\",\"@id\":\"https:\\\/\\\/gentedebasquet.com.ar\\\/sitio\\\/#website\",\"url\":\"https:\\\/\\\/gentedebasquet.com.ar\\\/sitio\\\/\",\"name\":\"Gente de B\u00e1squet\",\"description\":\"La revista del basquet de Bah\u00eda Blanca\",\"potentialAction\":[{\"@type\":\"SearchAction\",\"target\":{\"@type\":\"EntryPoint\",\"urlTemplate\":\"https:\\\/\\\/gentedebasquet.com.ar\\\/sitio\\\/?s={search_term_string}\"},\"query-input\":{\"@type\":\"PropertyValueSpecification\",\"valueRequired\":true,\"valueName\":\"search_term_string\"}}],\"inLanguage\":\"es\"},{\"@type\":\"Person\",\"@id\":\"https:\\\/\\\/gentedebasquet.com.ar\\\/sitio\\\/#\\\/schema\\\/person\\\/ca0b63bbb977369988a7bbbdc519943a\",\"name\":\"Gente de B\u00e1squet\",\"image\":{\"@type\":\"ImageObject\",\"inLanguage\":\"es\",\"@id\":\"https:\\\/\\\/secure.gravatar.com\\\/avatar\\\/7f2c48bdc33b30088f941fb6082e555f2874c98e20cb159d7b92b50eadfce793?s=96&d=mm&r=g\",\"url\":\"https:\\\/\\\/secure.gravatar.com\\\/avatar\\\/7f2c48bdc33b30088f941fb6082e555f2874c98e20cb159d7b92b50eadfce793?s=96&d=mm&r=g\",\"contentUrl\":\"https:\\\/\\\/secure.gravatar.com\\\/avatar\\\/7f2c48bdc33b30088f941fb6082e555f2874c98e20cb159d7b92b50eadfce793?s=96&d=mm&r=g\",\"caption\":\"Gente de B\u00e1squet\"},\"sameAs\":[\"http:\\\/\\\/gentedebasquet.com.ar\\\/sitio\"],\"url\":\"https:\\\/\\\/gentedebasquet.com.ar\\\/sitio\\\/author\\\/ulises\\\/\"}]}<\/script>\n<!-- \/ Yoast SEO plugin. -->","yoast_head_json":{"title":"Gerbaudo se pierde los playoffs - Gente de B\u00e1squet","robots":{"index":"index","follow":"follow","max-snippet":"max-snippet:-1","max-image-preview":"max-image-preview:large","max-video-preview":"max-video-preview:-1"},"canonical":"https:\/\/gentedebasquet.com.ar\/sitio\/2015\/05\/16\/gerbaudo-se-pierde-los-playoffs\/","og_locale":"es_ES","og_type":"article","og_title":"Gerbaudo se pierde los playoffs - Gente de B\u00e1squet","og_description":"Por a una lesi\u00f3n en su hombro izquierdo, ser\u00e1 intervenido quir\u00fargicamente","og_url":"https:\/\/gentedebasquet.com.ar\/sitio\/2015\/05\/16\/gerbaudo-se-pierde-los-playoffs\/","og_site_name":"Gente de B\u00e1squet","article_published_time":"2015-05-16T22:26:24+00:00","og_image":[{"width":690,"height":319,"url":"https:\/\/gentedebasquet.com.ar\/sitio\/wp-content\/uploads\/2015\/03\/Gerbaudo-Bahia-Basket-LNB.jpg","type":"image\/jpeg"}],"author":"Gente de B\u00e1squet","twitter_card":"summary_large_image","twitter_misc":{"Escrito por":"Gente de B\u00e1squet"},"schema":{"@context":"https:\/\/schema.org","@graph":[{"@type":"Article","@id":"https:\/\/gentedebasquet.com.ar\/sitio\/2015\/05\/16\/gerbaudo-se-pierde-los-playoffs\/#article","isPartOf":{"@id":"https:\/\/gentedebasquet.com.ar\/sitio\/2015\/05\/16\/gerbaudo-se-pierde-los-playoffs\/"},"author":{"name":"Gente de B\u00e1squet","@id":"https:\/\/gentedebasquet.com.ar\/sitio\/#\/schema\/person\/ca0b63bbb977369988a7bbbdc519943a"},"headline":"Gerbaudo se pierde los playoffs","datePublished":"2015-05-16T22:26:24+00:00","mainEntityOfPage":{"@id":"https:\/\/gentedebasquet.com.ar\/sitio\/2015\/05\/16\/gerbaudo-se-pierde-los-playoffs\/"},"wordCount":83,"image":{"@id":"https:\/\/gentedebasquet.com.ar\/sitio\/2015\/05\/16\/gerbaudo-se-pierde-los-playoffs\/#primaryimage"},"thumbnailUrl":"https:\/\/gentedebasquet.com.ar\/sitio\/wp-content\/uploads\/2015\/03\/Gerbaudo-Bahia-Basket-LNB.jpg","keywords":["Bah\u00eda Basket","Diego Gerbaudo","LNB","Pe\u00f1arol","Playoffs"],"articleSection":["Bah\u00eda Basket","Nacional","Slide"],"inLanguage":"es"},{"@type":"WebPage","@id":"https:\/\/gentedebasquet.com.ar\/sitio\/2015\/05\/16\/gerbaudo-se-pierde-los-playoffs\/","url":"https:\/\/gentedebasquet.com.ar\/sitio\/2015\/05\/16\/gerbaudo-se-pierde-los-playoffs\/","name":"Gerbaudo se pierde los playoffs - Gente de B\u00e1squet","isPartOf":{"@id":"https:\/\/gentedebasquet.com.ar\/sitio\/#website"},"primaryImageOfPage":{"@id":"https:\/\/gentedebasquet.com.ar\/sitio\/2015\/05\/16\/gerbaudo-se-pierde-los-playoffs\/#primaryimage"},"image":{"@id":"https:\/\/gentedebasquet.com.ar\/sitio\/2015\/05\/16\/gerbaudo-se-pierde-los-playoffs\/#primaryimage"},"thumbnailUrl":"https:\/\/gentedebasquet.com.ar\/sitio\/wp-content\/uploads\/2015\/03\/Gerbaudo-Bahia-Basket-LNB.jpg","datePublished":"2015-05-16T22:26:24+00:00","author":{"@id":"https:\/\/gentedebasquet.com.ar\/sitio\/#\/schema\/person\/ca0b63bbb977369988a7bbbdc519943a"},"breadcrumb":{"@id":"https:\/\/gentedebasquet.com.ar\/sitio\/2015\/05\/16\/gerbaudo-se-pierde-los-playoffs\/#breadcrumb"},"inLanguage":"es","potentialAction":[{"@type":"ReadAction","target":["https:\/\/gentedebasquet.com.ar\/sitio\/2015\/05\/16\/gerbaudo-se-pierde-los-playoffs\/"]}]},{"@type":"ImageObject","inLanguage":"es","@id":"https:\/\/gentedebasquet.com.ar\/sitio\/2015\/05\/16\/gerbaudo-se-pierde-los-playoffs\/#primaryimage","url":"https:\/\/gentedebasquet.com.ar\/sitio\/wp-content\/uploads\/2015\/03\/Gerbaudo-Bahia-Basket-LNB.jpg","contentUrl":"https:\/\/gentedebasquet.com.ar\/sitio\/wp-content\/uploads\/2015\/03\/Gerbaudo-Bahia-Basket-LNB.jpg","width":690,"height":319},{"@type":"BreadcrumbList","@id":"https:\/\/gentedebasquet.com.ar\/sitio\/2015\/05\/16\/gerbaudo-se-pierde-los-playoffs\/#breadcrumb","itemListElement":[{"@type":"ListItem","position":1,"name":"Portada","item":"https:\/\/gentedebasquet.com.ar\/sitio\/"},{"@type":"ListItem","position":2,"name":"Gerbaudo se pierde los playoffs"}]},{"@type":"WebSite","@id":"https:\/\/gentedebasquet.com.ar\/sitio\/#website","url":"https:\/\/gentedebasquet.com.ar\/sitio\/","name":"Gente de B\u00e1squet","description":"La revista del basquet de Bah\u00eda Blanca","potentialAction":[{"@type":"SearchAction","target":{"@type":"EntryPoint","urlTemplate":"https:\/\/gentedebasquet.com.ar\/sitio\/?s={search_term_string}"},"query-input":{"@type":"PropertyValueSpecification","valueRequired":true,"valueName":"search_term_string"}}],"inLanguage":"es"},{"@type":"Person","@id":"https:\/\/gentedebasquet.com.ar\/sitio\/#\/schema\/person\/ca0b63bbb977369988a7bbbdc519943a","name":"Gente de B\u00e1squet","image":{"@type":"ImageObject","inLanguage":"es","@id":"https:\/\/secure.gravatar.com\/avatar\/7f2c48bdc33b30088f941fb6082e555f2874c98e20cb159d7b92b50eadfce793?s=96&d=mm&r=g","url":"https:\/\/secure.gravatar.com\/avatar\/7f2c48bdc33b30088f941fb6082e555f2874c98e20cb159d7b92b50eadfce793?s=96&d=mm&r=g","contentUrl":"https:\/\/secure.gravatar.com\/avatar\/7f2c48bdc33b30088f941fb6082e555f2874c98e20cb159d7b92b50eadfce793?s=96&d=mm&r=g","caption":"Gente de B\u00e1squet"},"sameAs":["http:\/\/gentedebasquet.com.ar\/sitio"],"url":"https:\/\/gentedebasquet.com.ar\/sitio\/author\/ulises\/"}]}},"_links":{"self":[{"href":"https:\/\/gentedebasquet.com.ar\/sitio\/wp-json\/wp\/v2\/posts\/45583","targetHints":{"allow":["GET"]}}],"collection":[{"href":"https:\/\/gentedebasquet.com.ar\/sitio\/wp-json\/wp\/v2\/posts"}],"about":[{"href":"https:\/\/gentedebasquet.com.ar\/sitio\/wp-json\/wp\/v2\/types\/post"}],"author":[{"embeddable":true,"href":"https:\/\/gentedebasquet.com.ar\/sitio\/wp-json\/wp\/v2\/users\/1"}],"replies":[{"embeddable":true,"href":"https:\/\/gentedebasquet.com.ar\/sitio\/wp-json\/wp\/v2\/comments?post=45583"}],"version-history":[{"count":0,"href":"https:\/\/gentedebasquet.com.ar\/sitio\/wp-json\/wp\/v2\/posts\/45583\/revisions"}],"wp:featuredmedia":[{"embeddable":true,"href":"https:\/\/gentedebasquet.com.ar\/sitio\/wp-json\/wp\/v2\/media\/42604"}],"wp:attachment":[{"href":"https:\/\/gentedebasquet.com.ar\/sitio\/wp-json\/wp\/v2\/media?parent=45583"}],"wp:term":[{"taxonomy":"category","embeddable":true,"href":"https:\/\/gentedebasquet.com.ar\/sitio\/wp-json\/wp\/v2\/categories?post=45583"},{"taxonomy":"post_tag","embeddable":true,"href":"https:\/\/gentedebasquet.com.ar\/sitio\/wp-json\/wp\/v2\/tags?post=45583"}],"curies":[{"name":"wp","href":"https:\/\/api.w.org\/{rel}","templated":true}]}}