{"id":45587,"date":"2015-05-16T18:31:52","date_gmt":"2015-05-16T21:31:52","guid":{"rendered":"http:\/\/www.gentedebasquet.com.ar\/?p=45587"},"modified":"2015-05-16T18:31:52","modified_gmt":"2015-05-16T21:31:52","slug":"sepo-hizo-cinco-cortes","status":"publish","type":"post","link":"https:\/\/gentedebasquet.com.ar\/sitio\/2015\/05\/16\/sepo-hizo-cinco-cortes\/","title":{"rendered":"Sepo hizo cinco cortes"},"content":{"rendered":"<p><strong>Concluy\u00f3 la tercera concentraci\u00f3n de la preselecci\u00f3n U19 que conduce de Sebasti\u00e1n Gin\u00f3bili y se definieron cinco cortes, entre los que se encuentra el escolta de Bah\u00eda Basket Ay\u00e1n Carvalho. El plantel qued\u00f3 con 14 jugadores que disputar\u00e1n un lugar entre los 12 finales. Siguen en carrera\u00a0M\u00e1ximo Fjellerup, Juan Pablo Vaulet, <strong>Mart\u00edn Fern\u00e1ndez (los tres de Bah\u00eda Basket), <\/strong>Andr\u00e9s Barbero y Rodrigo Gerhardt (ambos de Bahiense del Norte).\u00a0<\/strong><\/p>\n<p>Este s\u00e1bado concluy\u00f3 la tercera y \u00faltima concentraci\u00f3n extendida de la Selecci\u00f3n U19, que se prepara para el <strong>Mundial de la categor\u00eda, a desarrollarse en Grecia desde el 27 de junio al 5 de julio<\/strong>. Bajo las \u00f3rdenes de Sebasti\u00e1n Gin\u00f3bili e Iv\u00e1n Najnudel el plantel de 19 jugadores practic\u00f3 en el CeNARD ya decididamente enfocado en unos de los torneos m\u00e1s importantes del calendario CABB de selecciones menores y para el que se ha trabajado en una extensa gira preparatoria.<\/p>\n<p>\u00abLa energ\u00eda del equipo en esta concentraci\u00f3n fue la misma de las dos anteriores y eso me deja muy contento. Los chicos entrenaron con mucha energ\u00eda e intensidad buscando su lugar. Tal vez la ansiedad le pas\u00f3 una mala pasada a algunos, pero en l\u00edneas generales termin\u00e9 muy conforme. Me cost\u00f3 la decisi\u00f3n final\u00bb, expres\u00f3 Gin\u00f3bili. El viernes por la noche, adem\u00e1s, el equipo disput\u00f3 un amistoso ante el equipo de Liga Nacional de Obras. Y un ratito despu\u00e9s se confirmaron cinco cortes: Ayan Carvalho, Juan Pablo Arengo, Carlos Buemo, Mart\u00edn G\u00f3mez y Alejandro Marinelli.<\/p>\n<p>De esta manera, quedaron 14 jugadores de los 12 que conformar\u00e1n la lista definitiva. Ellos son: <strong>Jos\u00e9 Vildoza, Fernando Zurbriggen, M\u00e1ximo Fjellerup, Iv\u00e1n Gramajo, Juan Pablo Vaulet, Andr\u00e9s Barbero, Lucio Delfino, Mart\u00edn Fern\u00e1ndez, Facundo Corval\u00e1n, Rodrigo Gerhardt, Enzo Rupcic, Estefano Simondi, Ignacio Galardo y Lautaro Berra.<\/strong> \u00abQuer\u00edamos esperar al final de esta concentraci\u00f3n para empezar a definir el equipo que participar\u00e1 del Mundial. Hemos dejado 14 jugadores en el plantel. La idea por la que estoy apostando es conformar un grupo que mezcle gente con experiencia en Liga con otros m\u00e1s chicos que demandan algo m\u00e1s de fogueo y tienen buena proyecci\u00f3n en la Selecci\u00f3n\u00bb, argument\u00f3 el DT.<\/p>\n<p>El plantel definitivo partir\u00e1 el 10 de junio rumbo a Europa, para realizar una gira que comenzar\u00e1 en Roma. Del 12 al 14, la Selecci\u00f3n disputar\u00e1 un torneo en Roseto degli Abruzzi con rivales a definir y el 15 se mover\u00e1 hacia Serbia, donde participar\u00e1 de otros dos amistosos ante el equipo serbio (ambos en Sremska Mitrovica). El 19, en tanto, la gira continuar\u00e1 en Bilbao, Espa\u00f1a. All\u00ed Argentina ser\u00e1 parte de un cuadrangular junto al local, Dominicana y el combinado de Euskadi. Y el 22, el conjunto de Gin\u00f3bili viajar\u00e1 a Heraklion, Grecia. El 24 ser\u00e1 el \u00faltimo amistoso ante Estados Unidos, ya en tierras hel\u00e9nicas.<\/p>\n<p>\u00abLa conformaci\u00f3n del plantel est\u00e1 un poco atada a la idea de juego que pretendo implementar siempre yo. Mucha agresividad defensiva para poder correr despu\u00e9s la cancha y tomar tiros abiertos cada vez que se presenten. Sea en el segundo dos de la posesi\u00f3n o en el 24\u0092\u0092. Aspiro a que nuestra intensidad colectiva logre suplir nuestra falta de estatura respecto de otros rivales, sobre todo los europeos\u00bb, concluy\u00f3 Gin\u00f3bili. Cabe recordar que <strong>Argentina formar\u00e1 parte del Grupo B junto a Espa\u00f1a, China y Turqu\u00eda.<\/strong> En el \u00faltimo Mundial de la categor\u00eda, disputado en Rep\u00fablica Checa en 2013, la Selecci\u00f3n, bajo la direcci\u00f3n t\u00e9cnica de Nicol\u00e1s Casal\u00e1nguida, concluy\u00f3 en el 12\u00b0 puesto, con discreto r\u00e9cord final de 1-7. El campe\u00f3n fue Estados Unidos (9-0).<\/p>\n<p><strong>Fuente:<\/strong> Germ\u00e1n Beder (Prensa CABB).<\/p>\n<p><strong>Foto:<\/strong> Prensa CABB.<\/p>\n","protected":false},"excerpt":{"rendered":"<p>Ahora, 14 jugadores integran la preselecci\u00f3n U19 camino a Grecia 2015<\/p>\n","protected":false},"author":1,"featured_media":45588,"comment_status":"closed","ping_status":"open","sticky":false,"template":"","format":"standard","meta":{"jnews-multi-image_gallery":[],"jnews_single_post":[],"jnews_primary_category":[],"footnotes":""},"categories":[61,101],"tags":[172,432,457,383,200,180,174,183],"class_list":["post-45587","post","type-post","status-publish","format-standard","has-post-thumbnail","hentry","category-selecciones-nacionales","category-slide","tag-andres-barbero","tag-ayan-carvalho","tag-grecia-2015","tag-juan-pablo-vaulet","tag-martin-fernandez","tag-maximo-fjellerup","tag-rodrigo-gerhardt","tag-sebastian-ginobili"],"yoast_head":"<!-- This site is optimized with the Yoast SEO plugin v27.5 - https:\/\/yoast.com\/product\/yoast-seo-wordpress\/ -->\n<title>Sepo hizo cinco cortes - Gente de B\u00e1squet<\/title>\n<meta name=\"robots\" content=\"index, follow, max-snippet:-1, max-image-preview:large, max-video-preview:-1\" \/>\n<link rel=\"canonical\" href=\"http:\/\/gentedebasquet.com.ar\/sitio\/2015\/05\/16\/sepo-hizo-cinco-cortes\/\" \/>\n<meta property=\"og:locale\" content=\"es_ES\" \/>\n<meta property=\"og:type\" content=\"article\" \/>\n<meta property=\"og:title\" content=\"Sepo hizo cinco cortes - Gente de B\u00e1squet\" \/>\n<meta property=\"og:description\" content=\"Ahora, 14 jugadores integran la preselecci\u00f3n U19 camino a Grecia 2015\" \/>\n<meta property=\"og:url\" content=\"http:\/\/gentedebasquet.com.ar\/sitio\/2015\/05\/16\/sepo-hizo-cinco-cortes\/\" \/>\n<meta property=\"og:site_name\" content=\"Gente de B\u00e1squet\" \/>\n<meta property=\"article:published_time\" content=\"2015-05-16T21:31:52+00:00\" \/>\n<meta property=\"og:image\" content=\"http:\/\/gentedebasquet.com.ar\/sitio\/wp-content\/uploads\/2015\/05\/Sebastian-Ginobili-Argentina-U19.jpg\" \/>\n\t<meta property=\"og:image:width\" content=\"690\" \/>\n\t<meta property=\"og:image:height\" content=\"319\" \/>\n\t<meta property=\"og:image:type\" content=\"image\/jpeg\" \/>\n<meta name=\"author\" content=\"Gente de B\u00e1squet\" \/>\n<meta name=\"twitter:card\" content=\"summary_large_image\" \/>\n<meta name=\"twitter:label1\" content=\"Escrito por\" \/>\n\t<meta name=\"twitter:data1\" content=\"Gente de B\u00e1squet\" \/>\n\t<meta name=\"twitter:label2\" content=\"Tiempo de lectura\" \/>\n\t<meta name=\"twitter:data2\" content=\"3 minutos\" \/>\n<script type=\"application\/ld+json\" class=\"yoast-schema-graph\">{\"@context\":\"https:\\\/\\\/schema.org\",\"@graph\":[{\"@type\":\"Article\",\"@id\":\"http:\\\/\\\/gentedebasquet.com.ar\\\/sitio\\\/2015\\\/05\\\/16\\\/sepo-hizo-cinco-cortes\\\/#article\",\"isPartOf\":{\"@id\":\"http:\\\/\\\/gentedebasquet.com.ar\\\/sitio\\\/2015\\\/05\\\/16\\\/sepo-hizo-cinco-cortes\\\/\"},\"author\":{\"name\":\"Gente de B\u00e1squet\",\"@id\":\"https:\\\/\\\/gentedebasquet.com.ar\\\/sitio\\\/#\\\/schema\\\/person\\\/ca0b63bbb977369988a7bbbdc519943a\"},\"headline\":\"Sepo hizo cinco cortes\",\"datePublished\":\"2015-05-16T21:31:52+00:00\",\"mainEntityOfPage\":{\"@id\":\"http:\\\/\\\/gentedebasquet.com.ar\\\/sitio\\\/2015\\\/05\\\/16\\\/sepo-hizo-cinco-cortes\\\/\"},\"wordCount\":641,\"image\":{\"@id\":\"http:\\\/\\\/gentedebasquet.com.ar\\\/sitio\\\/2015\\\/05\\\/16\\\/sepo-hizo-cinco-cortes\\\/#primaryimage\"},\"thumbnailUrl\":\"https:\\\/\\\/gentedebasquet.com.ar\\\/sitio\\\/wp-content\\\/uploads\\\/2015\\\/05\\\/Sebastian-Ginobili-Argentina-U19.jpg\",\"keywords\":[\"Andr\u00e9s Barbero\",\"Ay\u00e1n Carvalho\",\"Grecia 2015\",\"Juan Pablo Vaulet\",\"Mart\u00edn Fern\u00e1ndez\",\"M\u00e1ximo Fjellerup\",\"Rodrigo Gerhardt\",\"Sebasti\u00e1n Gin\u00f3bili\"],\"articleSection\":[\"Selecciones Nacionales\",\"Slide\"],\"inLanguage\":\"es\"},{\"@type\":\"WebPage\",\"@id\":\"http:\\\/\\\/gentedebasquet.com.ar\\\/sitio\\\/2015\\\/05\\\/16\\\/sepo-hizo-cinco-cortes\\\/\",\"url\":\"http:\\\/\\\/gentedebasquet.com.ar\\\/sitio\\\/2015\\\/05\\\/16\\\/sepo-hizo-cinco-cortes\\\/\",\"name\":\"Sepo hizo cinco cortes - Gente de B\u00e1squet\",\"isPartOf\":{\"@id\":\"https:\\\/\\\/gentedebasquet.com.ar\\\/sitio\\\/#website\"},\"primaryImageOfPage\":{\"@id\":\"http:\\\/\\\/gentedebasquet.com.ar\\\/sitio\\\/2015\\\/05\\\/16\\\/sepo-hizo-cinco-cortes\\\/#primaryimage\"},\"image\":{\"@id\":\"http:\\\/\\\/gentedebasquet.com.ar\\\/sitio\\\/2015\\\/05\\\/16\\\/sepo-hizo-cinco-cortes\\\/#primaryimage\"},\"thumbnailUrl\":\"https:\\\/\\\/gentedebasquet.com.ar\\\/sitio\\\/wp-content\\\/uploads\\\/2015\\\/05\\\/Sebastian-Ginobili-Argentina-U19.jpg\",\"datePublished\":\"2015-05-16T21:31:52+00:00\",\"author\":{\"@id\":\"https:\\\/\\\/gentedebasquet.com.ar\\\/sitio\\\/#\\\/schema\\\/person\\\/ca0b63bbb977369988a7bbbdc519943a\"},\"breadcrumb\":{\"@id\":\"http:\\\/\\\/gentedebasquet.com.ar\\\/sitio\\\/2015\\\/05\\\/16\\\/sepo-hizo-cinco-cortes\\\/#breadcrumb\"},\"inLanguage\":\"es\",\"potentialAction\":[{\"@type\":\"ReadAction\",\"target\":[\"http:\\\/\\\/gentedebasquet.com.ar\\\/sitio\\\/2015\\\/05\\\/16\\\/sepo-hizo-cinco-cortes\\\/\"]}]},{\"@type\":\"ImageObject\",\"inLanguage\":\"es\",\"@id\":\"http:\\\/\\\/gentedebasquet.com.ar\\\/sitio\\\/2015\\\/05\\\/16\\\/sepo-hizo-cinco-cortes\\\/#primaryimage\",\"url\":\"https:\\\/\\\/gentedebasquet.com.ar\\\/sitio\\\/wp-content\\\/uploads\\\/2015\\\/05\\\/Sebastian-Ginobili-Argentina-U19.jpg\",\"contentUrl\":\"https:\\\/\\\/gentedebasquet.com.ar\\\/sitio\\\/wp-content\\\/uploads\\\/2015\\\/05\\\/Sebastian-Ginobili-Argentina-U19.jpg\",\"width\":690,\"height\":319},{\"@type\":\"BreadcrumbList\",\"@id\":\"http:\\\/\\\/gentedebasquet.com.ar\\\/sitio\\\/2015\\\/05\\\/16\\\/sepo-hizo-cinco-cortes\\\/#breadcrumb\",\"itemListElement\":[{\"@type\":\"ListItem\",\"position\":1,\"name\":\"Portada\",\"item\":\"https:\\\/\\\/gentedebasquet.com.ar\\\/sitio\\\/\"},{\"@type\":\"ListItem\",\"position\":2,\"name\":\"Sepo hizo cinco cortes\"}]},{\"@type\":\"WebSite\",\"@id\":\"https:\\\/\\\/gentedebasquet.com.ar\\\/sitio\\\/#website\",\"url\":\"https:\\\/\\\/gentedebasquet.com.ar\\\/sitio\\\/\",\"name\":\"Gente de B\u00e1squet\",\"description\":\"La revista del basquet de Bah\u00eda Blanca\",\"potentialAction\":[{\"@type\":\"SearchAction\",\"target\":{\"@type\":\"EntryPoint\",\"urlTemplate\":\"https:\\\/\\\/gentedebasquet.com.ar\\\/sitio\\\/?s={search_term_string}\"},\"query-input\":{\"@type\":\"PropertyValueSpecification\",\"valueRequired\":true,\"valueName\":\"search_term_string\"}}],\"inLanguage\":\"es\"},{\"@type\":\"Person\",\"@id\":\"https:\\\/\\\/gentedebasquet.com.ar\\\/sitio\\\/#\\\/schema\\\/person\\\/ca0b63bbb977369988a7bbbdc519943a\",\"name\":\"Gente de B\u00e1squet\",\"image\":{\"@type\":\"ImageObject\",\"inLanguage\":\"es\",\"@id\":\"https:\\\/\\\/secure.gravatar.com\\\/avatar\\\/7f2c48bdc33b30088f941fb6082e555f2874c98e20cb159d7b92b50eadfce793?s=96&d=mm&r=g\",\"url\":\"https:\\\/\\\/secure.gravatar.com\\\/avatar\\\/7f2c48bdc33b30088f941fb6082e555f2874c98e20cb159d7b92b50eadfce793?s=96&d=mm&r=g\",\"contentUrl\":\"https:\\\/\\\/secure.gravatar.com\\\/avatar\\\/7f2c48bdc33b30088f941fb6082e555f2874c98e20cb159d7b92b50eadfce793?s=96&d=mm&r=g\",\"caption\":\"Gente de B\u00e1squet\"},\"sameAs\":[\"http:\\\/\\\/gentedebasquet.com.ar\\\/sitio\"],\"url\":\"https:\\\/\\\/gentedebasquet.com.ar\\\/sitio\\\/author\\\/ulises\\\/\"}]}<\/script>\n<!-- \/ Yoast SEO plugin. -->","yoast_head_json":{"title":"Sepo hizo cinco cortes - Gente de B\u00e1squet","robots":{"index":"index","follow":"follow","max-snippet":"max-snippet:-1","max-image-preview":"max-image-preview:large","max-video-preview":"max-video-preview:-1"},"canonical":"http:\/\/gentedebasquet.com.ar\/sitio\/2015\/05\/16\/sepo-hizo-cinco-cortes\/","og_locale":"es_ES","og_type":"article","og_title":"Sepo hizo cinco cortes - Gente de B\u00e1squet","og_description":"Ahora, 14 jugadores integran la preselecci\u00f3n U19 camino a Grecia 2015","og_url":"http:\/\/gentedebasquet.com.ar\/sitio\/2015\/05\/16\/sepo-hizo-cinco-cortes\/","og_site_name":"Gente de B\u00e1squet","article_published_time":"2015-05-16T21:31:52+00:00","og_image":[{"width":690,"height":319,"url":"http:\/\/gentedebasquet.com.ar\/sitio\/wp-content\/uploads\/2015\/05\/Sebastian-Ginobili-Argentina-U19.jpg","type":"image\/jpeg"}],"author":"Gente de B\u00e1squet","twitter_card":"summary_large_image","twitter_misc":{"Escrito por":"Gente de B\u00e1squet","Tiempo de lectura":"3 minutos"},"schema":{"@context":"https:\/\/schema.org","@graph":[{"@type":"Article","@id":"http:\/\/gentedebasquet.com.ar\/sitio\/2015\/05\/16\/sepo-hizo-cinco-cortes\/#article","isPartOf":{"@id":"http:\/\/gentedebasquet.com.ar\/sitio\/2015\/05\/16\/sepo-hizo-cinco-cortes\/"},"author":{"name":"Gente de B\u00e1squet","@id":"https:\/\/gentedebasquet.com.ar\/sitio\/#\/schema\/person\/ca0b63bbb977369988a7bbbdc519943a"},"headline":"Sepo hizo cinco cortes","datePublished":"2015-05-16T21:31:52+00:00","mainEntityOfPage":{"@id":"http:\/\/gentedebasquet.com.ar\/sitio\/2015\/05\/16\/sepo-hizo-cinco-cortes\/"},"wordCount":641,"image":{"@id":"http:\/\/gentedebasquet.com.ar\/sitio\/2015\/05\/16\/sepo-hizo-cinco-cortes\/#primaryimage"},"thumbnailUrl":"https:\/\/gentedebasquet.com.ar\/sitio\/wp-content\/uploads\/2015\/05\/Sebastian-Ginobili-Argentina-U19.jpg","keywords":["Andr\u00e9s Barbero","Ay\u00e1n Carvalho","Grecia 2015","Juan Pablo Vaulet","Mart\u00edn Fern\u00e1ndez","M\u00e1ximo Fjellerup","Rodrigo Gerhardt","Sebasti\u00e1n Gin\u00f3bili"],"articleSection":["Selecciones Nacionales","Slide"],"inLanguage":"es"},{"@type":"WebPage","@id":"http:\/\/gentedebasquet.com.ar\/sitio\/2015\/05\/16\/sepo-hizo-cinco-cortes\/","url":"http:\/\/gentedebasquet.com.ar\/sitio\/2015\/05\/16\/sepo-hizo-cinco-cortes\/","name":"Sepo hizo cinco cortes - Gente de B\u00e1squet","isPartOf":{"@id":"https:\/\/gentedebasquet.com.ar\/sitio\/#website"},"primaryImageOfPage":{"@id":"http:\/\/gentedebasquet.com.ar\/sitio\/2015\/05\/16\/sepo-hizo-cinco-cortes\/#primaryimage"},"image":{"@id":"http:\/\/gentedebasquet.com.ar\/sitio\/2015\/05\/16\/sepo-hizo-cinco-cortes\/#primaryimage"},"thumbnailUrl":"https:\/\/gentedebasquet.com.ar\/sitio\/wp-content\/uploads\/2015\/05\/Sebastian-Ginobili-Argentina-U19.jpg","datePublished":"2015-05-16T21:31:52+00:00","author":{"@id":"https:\/\/gentedebasquet.com.ar\/sitio\/#\/schema\/person\/ca0b63bbb977369988a7bbbdc519943a"},"breadcrumb":{"@id":"http:\/\/gentedebasquet.com.ar\/sitio\/2015\/05\/16\/sepo-hizo-cinco-cortes\/#breadcrumb"},"inLanguage":"es","potentialAction":[{"@type":"ReadAction","target":["http:\/\/gentedebasquet.com.ar\/sitio\/2015\/05\/16\/sepo-hizo-cinco-cortes\/"]}]},{"@type":"ImageObject","inLanguage":"es","@id":"http:\/\/gentedebasquet.com.ar\/sitio\/2015\/05\/16\/sepo-hizo-cinco-cortes\/#primaryimage","url":"https:\/\/gentedebasquet.com.ar\/sitio\/wp-content\/uploads\/2015\/05\/Sebastian-Ginobili-Argentina-U19.jpg","contentUrl":"https:\/\/gentedebasquet.com.ar\/sitio\/wp-content\/uploads\/2015\/05\/Sebastian-Ginobili-Argentina-U19.jpg","width":690,"height":319},{"@type":"BreadcrumbList","@id":"http:\/\/gentedebasquet.com.ar\/sitio\/2015\/05\/16\/sepo-hizo-cinco-cortes\/#breadcrumb","itemListElement":[{"@type":"ListItem","position":1,"name":"Portada","item":"https:\/\/gentedebasquet.com.ar\/sitio\/"},{"@type":"ListItem","position":2,"name":"Sepo hizo cinco cortes"}]},{"@type":"WebSite","@id":"https:\/\/gentedebasquet.com.ar\/sitio\/#website","url":"https:\/\/gentedebasquet.com.ar\/sitio\/","name":"Gente de B\u00e1squet","description":"La revista del basquet de Bah\u00eda Blanca","potentialAction":[{"@type":"SearchAction","target":{"@type":"EntryPoint","urlTemplate":"https:\/\/gentedebasquet.com.ar\/sitio\/?s={search_term_string}"},"query-input":{"@type":"PropertyValueSpecification","valueRequired":true,"valueName":"search_term_string"}}],"inLanguage":"es"},{"@type":"Person","@id":"https:\/\/gentedebasquet.com.ar\/sitio\/#\/schema\/person\/ca0b63bbb977369988a7bbbdc519943a","name":"Gente de B\u00e1squet","image":{"@type":"ImageObject","inLanguage":"es","@id":"https:\/\/secure.gravatar.com\/avatar\/7f2c48bdc33b30088f941fb6082e555f2874c98e20cb159d7b92b50eadfce793?s=96&d=mm&r=g","url":"https:\/\/secure.gravatar.com\/avatar\/7f2c48bdc33b30088f941fb6082e555f2874c98e20cb159d7b92b50eadfce793?s=96&d=mm&r=g","contentUrl":"https:\/\/secure.gravatar.com\/avatar\/7f2c48bdc33b30088f941fb6082e555f2874c98e20cb159d7b92b50eadfce793?s=96&d=mm&r=g","caption":"Gente de B\u00e1squet"},"sameAs":["http:\/\/gentedebasquet.com.ar\/sitio"],"url":"https:\/\/gentedebasquet.com.ar\/sitio\/author\/ulises\/"}]}},"_links":{"self":[{"href":"https:\/\/gentedebasquet.com.ar\/sitio\/wp-json\/wp\/v2\/posts\/45587","targetHints":{"allow":["GET"]}}],"collection":[{"href":"https:\/\/gentedebasquet.com.ar\/sitio\/wp-json\/wp\/v2\/posts"}],"about":[{"href":"https:\/\/gentedebasquet.com.ar\/sitio\/wp-json\/wp\/v2\/types\/post"}],"author":[{"embeddable":true,"href":"https:\/\/gentedebasquet.com.ar\/sitio\/wp-json\/wp\/v2\/users\/1"}],"replies":[{"embeddable":true,"href":"https:\/\/gentedebasquet.com.ar\/sitio\/wp-json\/wp\/v2\/comments?post=45587"}],"version-history":[{"count":0,"href":"https:\/\/gentedebasquet.com.ar\/sitio\/wp-json\/wp\/v2\/posts\/45587\/revisions"}],"wp:featuredmedia":[{"embeddable":true,"href":"https:\/\/gentedebasquet.com.ar\/sitio\/wp-json\/wp\/v2\/media\/45588"}],"wp:attachment":[{"href":"https:\/\/gentedebasquet.com.ar\/sitio\/wp-json\/wp\/v2\/media?parent=45587"}],"wp:term":[{"taxonomy":"category","embeddable":true,"href":"https:\/\/gentedebasquet.com.ar\/sitio\/wp-json\/wp\/v2\/categories?post=45587"},{"taxonomy":"post_tag","embeddable":true,"href":"https:\/\/gentedebasquet.com.ar\/sitio\/wp-json\/wp\/v2\/tags?post=45587"}],"curies":[{"name":"wp","href":"https:\/\/api.w.org\/{rel}","templated":true}]}}