{"id":45675,"date":"2015-05-18T23:29:18","date_gmt":"2015-05-19T02:29:18","guid":{"rendered":"http:\/\/www.gentedebasquet.com.ar\/?p=45675"},"modified":"2015-05-18T23:29:18","modified_gmt":"2015-05-19T02:29:18","slug":"platense-igualo-la-final","status":"publish","type":"post","link":"https:\/\/gentedebasquet.com.ar\/sitio\/2015\/05\/18\/platense-igualo-la-final\/","title":{"rendered":"Platense igual\u00f3 la final"},"content":{"rendered":"<p><strong>Olimpo no pudo con el Calamar en el segundo punto de las finales del Federal, pero regresa a Bah\u00eda Blanca con la serie igualada y la posibilidad de definir en su estadio. Fue 87 a 67, con actuaciones destacadas de Mar\u00edn (16), Piuma (13) y agust\u00edn S\u00e1nchez (9). Este viernes a las 22 ir\u00e1 el tercer juego en el Tom\u00e1s. En tanto, el cuarto est\u00e1 programado para el domingo a las 21.<\/strong><\/p>\n<p>La ilusi\u00f3n tras <a href=\"http:\/\/www.gentedebasquet.com.ar\/olimpo-dio-el-golpe\/\" target=\"_blank\" rel=\"noopener\">haber conseguido el primer partido<\/a> aliment\u00f3 la chance para que Olimpo viaje a Bah\u00eda Blanca con la serie 2 a 0. Pero tal como sucedi\u00f3 en aqu\u00e9l primer juego, a Olimpo le llev\u00f3 varias ofensivas anotar, hasta que Miguel encest\u00f3 el doble (5-2), y Platense entr\u00f3 encendido, marcando el territorio y poni\u00e9ndose r\u00e1pidamente al mando.<\/p>\n<p>Pappalardi, fue el que marc\u00f3 el rumbo en los minutos iniciales (11 puntos en el 1C con 4\/5 en cancha). El aurinegro, por su parte,\u00a0tir\u00f3 0\/4 en triples y vio como se cargaron de faltas Miguel, Emilio Gim\u00e9nez y Mar\u00edn, todos con dos personales. As\u00ed, el local super\u00f3 las 10 unidades de luz a 3m55 (17-6) y logr\u00f3 la m\u00e1xima de 12 (18-6) -hasta all\u00ed- con un libre de Far\u00edas.<\/p>\n<p>Las faltas cometidas oblig\u00f3 a Maceratesi a rotar m\u00e1s temprano de lo acostumbrado, viendo acci\u00f3n Villanueva, Capponi y Arens antes de que finalice el 1C. Olimpo perdi\u00f3 consistencia en su tablero (el Calamar baj\u00f3 13 rebotes ofensivos) y permiti\u00f3 que le anoten en doble chance, impidi\u00e9ndole recortar en el tanteador.<\/p>\n<p>Mor\u00e1n estuvo bien controlado y a distancia, el aurinegro segu\u00eda sin convertir (lleg\u00f3 a tener 0\/10 en triples), por lo que debi\u00f3 forzar para adentro para llegar al gol. M\u00e1s a\u00fan, Platense cerr\u00f3 el 2C con una bomba de Romani que le dio ventaja de 14 a su equipo (38-24). La cuarta personal de Piuma, en el amanecer del 3C nubl\u00f3 el panorama del aurinegro.<\/p>\n<p>Pese a un buen pasaje de Mar\u00edn, Olimpo no pudo descontar (lleg\u00f3 a ponerse a 11 unidades, 38-27) y comenz\u00f3 el 4C con desventaja de 15: 61-46. No obstante, Platense fue efectivo en la l\u00ednea (tir\u00f3 17\/17 en el 3C y concluy\u00f3 con 36\/43) y no permiti\u00f3 reacci\u00f3n alguna, al tiempo que varios jugadores visitantes debieron dejar el juego por cinco faltas. La historia seguir\u00e1 en el Tom\u00e1s.<\/p>\n<p>&nbsp;<\/p>\n<p><strong>S\u00edntesis |<\/strong> Torneo Federal &#8211; Final #2<\/p>\n<p><strong>Platense 87:<\/strong> Ignacio Romani 11 (x), Lucas Gornatti 16, Sebasti\u00e1n Far\u00edas 12, Sebasti\u00e1n Sevegnani 4, Alejandro Pappalardi 20 (Fi); Alfio Niello 6, Fabi\u00e1n Gabriel 6, Agust\u00edn Actis 2 y Guillermo L\u00f3pez 10.\u00a0DT: Alejandro V\u00e1zquez.<\/p>\n<p><strong>Olimpo 67:<\/strong> Juan Pablo Mor\u00e1n 8 (x), Lucas Mar\u00edn 16 (x), Emilio Gim\u00e9nez 2 (x), Cristian Miguel 7, Marcelo Piuma 13 (x) (Fi); Lucas Villanueva 4, Lorenzo Capponi 2, Facundo Arens 6, Marcos Fern\u00e1ndez 0, Agust\u00edn S\u00e1nchez 9 y Luciano Fortelli 0.\u00a0DT: Franco Maceratesi.<\/p>\n<p><strong>Parciales:<\/strong> 20-9, 38-24 (18-15), 61-46 (23-22) y 87-67 (26-21).<\/p>\n<p><strong>\u00c1rbitros:<\/strong> Hern\u00e1n Mastrofilippo &#8211; A\u00edtor Aramayo &#8211; Rub\u00e9n Abelardo.<\/p>\n<p><strong>Estadio:<\/strong>\u00a0Ciudad de Vicente L\u00f3pez (Platense).<\/p>\n<p><a href=\"http:\/\/www.fibalivestats.com\/matches\/16999\/15\/62\/32\/656d7mDNW6kP\/\" target=\"_blank\" rel=\"noopener\">ESTAD\u00cdSTICAS OFICIALES<\/a><\/p>\n<p><strong>Serie:<\/strong> 1-1.<\/p>\n<p><strong>Foto:<\/strong> Prensa Platense B\u00e1squetbol.<\/p>\n","protected":false},"excerpt":{"rendered":"<p>Por la segunda fecha de los playoffs del Federal, el Calamar venci\u00f3 a Olimpo 87 a 67<\/p>\n","protected":false},"author":1,"featured_media":45701,"comment_status":"closed","ping_status":"open","sticky":false,"template":"","format":"standard","meta":{"jnews-multi-image_gallery":[],"jnews_single_post":[],"jnews_primary_category":[],"footnotes":""},"categories":[36,39,101],"tags":[16,145,354],"class_list":["post-45675","post","type-post","status-publish","format-standard","has-post-thumbnail","hentry","category-federal","category-nacional","category-slide","tag-olimpo","tag-platense","tag-tfb"],"yoast_head":"<!-- This site is optimized with the Yoast SEO plugin v27.5 - https:\/\/yoast.com\/product\/yoast-seo-wordpress\/ -->\n<title>Platense igual\u00f3 la final - Gente de B\u00e1squet<\/title>\n<meta name=\"robots\" content=\"index, follow, max-snippet:-1, max-image-preview:large, max-video-preview:-1\" \/>\n<link rel=\"canonical\" href=\"https:\/\/gentedebasquet.com.ar\/sitio\/2015\/05\/18\/platense-igualo-la-final\/\" \/>\n<meta property=\"og:locale\" content=\"es_ES\" \/>\n<meta property=\"og:type\" content=\"article\" \/>\n<meta property=\"og:title\" content=\"Platense igual\u00f3 la final - Gente de B\u00e1squet\" \/>\n<meta property=\"og:description\" content=\"Por la segunda fecha de los playoffs del Federal, el Calamar venci\u00f3 a Olimpo 87 a 67\" \/>\n<meta property=\"og:url\" content=\"https:\/\/gentedebasquet.com.ar\/sitio\/2015\/05\/18\/platense-igualo-la-final\/\" \/>\n<meta property=\"og:site_name\" content=\"Gente de B\u00e1squet\" \/>\n<meta property=\"article:published_time\" content=\"2015-05-19T02:29:18+00:00\" \/>\n<meta property=\"og:image\" content=\"https:\/\/gentedebasquet.com.ar\/sitio\/wp-content\/uploads\/2015\/05\/Platense-Olimpo-Marcos-Fernandez-Farias.jpg\" \/>\n\t<meta property=\"og:image:width\" content=\"690\" \/>\n\t<meta property=\"og:image:height\" content=\"319\" \/>\n\t<meta property=\"og:image:type\" content=\"image\/jpeg\" \/>\n<meta name=\"author\" content=\"Gente de B\u00e1squet\" \/>\n<meta name=\"twitter:card\" content=\"summary_large_image\" \/>\n<meta name=\"twitter:label1\" content=\"Escrito por\" \/>\n\t<meta name=\"twitter:data1\" content=\"Gente de B\u00e1squet\" \/>\n\t<meta name=\"twitter:label2\" content=\"Tiempo de lectura\" \/>\n\t<meta name=\"twitter:data2\" content=\"3 minutos\" \/>\n<script type=\"application\/ld+json\" class=\"yoast-schema-graph\">{\"@context\":\"https:\\\/\\\/schema.org\",\"@graph\":[{\"@type\":\"Article\",\"@id\":\"https:\\\/\\\/gentedebasquet.com.ar\\\/sitio\\\/2015\\\/05\\\/18\\\/platense-igualo-la-final\\\/#article\",\"isPartOf\":{\"@id\":\"https:\\\/\\\/gentedebasquet.com.ar\\\/sitio\\\/2015\\\/05\\\/18\\\/platense-igualo-la-final\\\/\"},\"author\":{\"name\":\"Gente de B\u00e1squet\",\"@id\":\"https:\\\/\\\/gentedebasquet.com.ar\\\/sitio\\\/#\\\/schema\\\/person\\\/ca0b63bbb977369988a7bbbdc519943a\"},\"headline\":\"Platense igual\u00f3 la final\",\"datePublished\":\"2015-05-19T02:29:18+00:00\",\"mainEntityOfPage\":{\"@id\":\"https:\\\/\\\/gentedebasquet.com.ar\\\/sitio\\\/2015\\\/05\\\/18\\\/platense-igualo-la-final\\\/\"},\"wordCount\":509,\"image\":{\"@id\":\"https:\\\/\\\/gentedebasquet.com.ar\\\/sitio\\\/2015\\\/05\\\/18\\\/platense-igualo-la-final\\\/#primaryimage\"},\"thumbnailUrl\":\"https:\\\/\\\/gentedebasquet.com.ar\\\/sitio\\\/wp-content\\\/uploads\\\/2015\\\/05\\\/Platense-Olimpo-Marcos-Fernandez-Farias.jpg\",\"keywords\":[\"Ol\u00edmpo\",\"Platense\",\"TFB\"],\"articleSection\":[\"Federal\",\"Nacional\",\"Slide\"],\"inLanguage\":\"es\"},{\"@type\":\"WebPage\",\"@id\":\"https:\\\/\\\/gentedebasquet.com.ar\\\/sitio\\\/2015\\\/05\\\/18\\\/platense-igualo-la-final\\\/\",\"url\":\"https:\\\/\\\/gentedebasquet.com.ar\\\/sitio\\\/2015\\\/05\\\/18\\\/platense-igualo-la-final\\\/\",\"name\":\"Platense igual\u00f3 la final - Gente de B\u00e1squet\",\"isPartOf\":{\"@id\":\"https:\\\/\\\/gentedebasquet.com.ar\\\/sitio\\\/#website\"},\"primaryImageOfPage\":{\"@id\":\"https:\\\/\\\/gentedebasquet.com.ar\\\/sitio\\\/2015\\\/05\\\/18\\\/platense-igualo-la-final\\\/#primaryimage\"},\"image\":{\"@id\":\"https:\\\/\\\/gentedebasquet.com.ar\\\/sitio\\\/2015\\\/05\\\/18\\\/platense-igualo-la-final\\\/#primaryimage\"},\"thumbnailUrl\":\"https:\\\/\\\/gentedebasquet.com.ar\\\/sitio\\\/wp-content\\\/uploads\\\/2015\\\/05\\\/Platense-Olimpo-Marcos-Fernandez-Farias.jpg\",\"datePublished\":\"2015-05-19T02:29:18+00:00\",\"author\":{\"@id\":\"https:\\\/\\\/gentedebasquet.com.ar\\\/sitio\\\/#\\\/schema\\\/person\\\/ca0b63bbb977369988a7bbbdc519943a\"},\"breadcrumb\":{\"@id\":\"https:\\\/\\\/gentedebasquet.com.ar\\\/sitio\\\/2015\\\/05\\\/18\\\/platense-igualo-la-final\\\/#breadcrumb\"},\"inLanguage\":\"es\",\"potentialAction\":[{\"@type\":\"ReadAction\",\"target\":[\"https:\\\/\\\/gentedebasquet.com.ar\\\/sitio\\\/2015\\\/05\\\/18\\\/platense-igualo-la-final\\\/\"]}]},{\"@type\":\"ImageObject\",\"inLanguage\":\"es\",\"@id\":\"https:\\\/\\\/gentedebasquet.com.ar\\\/sitio\\\/2015\\\/05\\\/18\\\/platense-igualo-la-final\\\/#primaryimage\",\"url\":\"https:\\\/\\\/gentedebasquet.com.ar\\\/sitio\\\/wp-content\\\/uploads\\\/2015\\\/05\\\/Platense-Olimpo-Marcos-Fernandez-Farias.jpg\",\"contentUrl\":\"https:\\\/\\\/gentedebasquet.com.ar\\\/sitio\\\/wp-content\\\/uploads\\\/2015\\\/05\\\/Platense-Olimpo-Marcos-Fernandez-Farias.jpg\",\"width\":690,\"height\":319},{\"@type\":\"BreadcrumbList\",\"@id\":\"https:\\\/\\\/gentedebasquet.com.ar\\\/sitio\\\/2015\\\/05\\\/18\\\/platense-igualo-la-final\\\/#breadcrumb\",\"itemListElement\":[{\"@type\":\"ListItem\",\"position\":1,\"name\":\"Portada\",\"item\":\"https:\\\/\\\/gentedebasquet.com.ar\\\/sitio\\\/\"},{\"@type\":\"ListItem\",\"position\":2,\"name\":\"Platense igual\u00f3 la final\"}]},{\"@type\":\"WebSite\",\"@id\":\"https:\\\/\\\/gentedebasquet.com.ar\\\/sitio\\\/#website\",\"url\":\"https:\\\/\\\/gentedebasquet.com.ar\\\/sitio\\\/\",\"name\":\"Gente de B\u00e1squet\",\"description\":\"La revista del basquet de Bah\u00eda Blanca\",\"potentialAction\":[{\"@type\":\"SearchAction\",\"target\":{\"@type\":\"EntryPoint\",\"urlTemplate\":\"https:\\\/\\\/gentedebasquet.com.ar\\\/sitio\\\/?s={search_term_string}\"},\"query-input\":{\"@type\":\"PropertyValueSpecification\",\"valueRequired\":true,\"valueName\":\"search_term_string\"}}],\"inLanguage\":\"es\"},{\"@type\":\"Person\",\"@id\":\"https:\\\/\\\/gentedebasquet.com.ar\\\/sitio\\\/#\\\/schema\\\/person\\\/ca0b63bbb977369988a7bbbdc519943a\",\"name\":\"Gente de B\u00e1squet\",\"image\":{\"@type\":\"ImageObject\",\"inLanguage\":\"es\",\"@id\":\"https:\\\/\\\/secure.gravatar.com\\\/avatar\\\/7f2c48bdc33b30088f941fb6082e555f2874c98e20cb159d7b92b50eadfce793?s=96&d=mm&r=g\",\"url\":\"https:\\\/\\\/secure.gravatar.com\\\/avatar\\\/7f2c48bdc33b30088f941fb6082e555f2874c98e20cb159d7b92b50eadfce793?s=96&d=mm&r=g\",\"contentUrl\":\"https:\\\/\\\/secure.gravatar.com\\\/avatar\\\/7f2c48bdc33b30088f941fb6082e555f2874c98e20cb159d7b92b50eadfce793?s=96&d=mm&r=g\",\"caption\":\"Gente de B\u00e1squet\"},\"sameAs\":[\"http:\\\/\\\/gentedebasquet.com.ar\\\/sitio\"],\"url\":\"https:\\\/\\\/gentedebasquet.com.ar\\\/sitio\\\/author\\\/ulises\\\/\"}]}<\/script>\n<!-- \/ Yoast SEO plugin. -->","yoast_head_json":{"title":"Platense igual\u00f3 la final - Gente de B\u00e1squet","robots":{"index":"index","follow":"follow","max-snippet":"max-snippet:-1","max-image-preview":"max-image-preview:large","max-video-preview":"max-video-preview:-1"},"canonical":"https:\/\/gentedebasquet.com.ar\/sitio\/2015\/05\/18\/platense-igualo-la-final\/","og_locale":"es_ES","og_type":"article","og_title":"Platense igual\u00f3 la final - Gente de B\u00e1squet","og_description":"Por la segunda fecha de los playoffs del Federal, el Calamar venci\u00f3 a Olimpo 87 a 67","og_url":"https:\/\/gentedebasquet.com.ar\/sitio\/2015\/05\/18\/platense-igualo-la-final\/","og_site_name":"Gente de B\u00e1squet","article_published_time":"2015-05-19T02:29:18+00:00","og_image":[{"width":690,"height":319,"url":"https:\/\/gentedebasquet.com.ar\/sitio\/wp-content\/uploads\/2015\/05\/Platense-Olimpo-Marcos-Fernandez-Farias.jpg","type":"image\/jpeg"}],"author":"Gente de B\u00e1squet","twitter_card":"summary_large_image","twitter_misc":{"Escrito por":"Gente de B\u00e1squet","Tiempo de lectura":"3 minutos"},"schema":{"@context":"https:\/\/schema.org","@graph":[{"@type":"Article","@id":"https:\/\/gentedebasquet.com.ar\/sitio\/2015\/05\/18\/platense-igualo-la-final\/#article","isPartOf":{"@id":"https:\/\/gentedebasquet.com.ar\/sitio\/2015\/05\/18\/platense-igualo-la-final\/"},"author":{"name":"Gente de B\u00e1squet","@id":"https:\/\/gentedebasquet.com.ar\/sitio\/#\/schema\/person\/ca0b63bbb977369988a7bbbdc519943a"},"headline":"Platense igual\u00f3 la final","datePublished":"2015-05-19T02:29:18+00:00","mainEntityOfPage":{"@id":"https:\/\/gentedebasquet.com.ar\/sitio\/2015\/05\/18\/platense-igualo-la-final\/"},"wordCount":509,"image":{"@id":"https:\/\/gentedebasquet.com.ar\/sitio\/2015\/05\/18\/platense-igualo-la-final\/#primaryimage"},"thumbnailUrl":"https:\/\/gentedebasquet.com.ar\/sitio\/wp-content\/uploads\/2015\/05\/Platense-Olimpo-Marcos-Fernandez-Farias.jpg","keywords":["Ol\u00edmpo","Platense","TFB"],"articleSection":["Federal","Nacional","Slide"],"inLanguage":"es"},{"@type":"WebPage","@id":"https:\/\/gentedebasquet.com.ar\/sitio\/2015\/05\/18\/platense-igualo-la-final\/","url":"https:\/\/gentedebasquet.com.ar\/sitio\/2015\/05\/18\/platense-igualo-la-final\/","name":"Platense igual\u00f3 la final - Gente de B\u00e1squet","isPartOf":{"@id":"https:\/\/gentedebasquet.com.ar\/sitio\/#website"},"primaryImageOfPage":{"@id":"https:\/\/gentedebasquet.com.ar\/sitio\/2015\/05\/18\/platense-igualo-la-final\/#primaryimage"},"image":{"@id":"https:\/\/gentedebasquet.com.ar\/sitio\/2015\/05\/18\/platense-igualo-la-final\/#primaryimage"},"thumbnailUrl":"https:\/\/gentedebasquet.com.ar\/sitio\/wp-content\/uploads\/2015\/05\/Platense-Olimpo-Marcos-Fernandez-Farias.jpg","datePublished":"2015-05-19T02:29:18+00:00","author":{"@id":"https:\/\/gentedebasquet.com.ar\/sitio\/#\/schema\/person\/ca0b63bbb977369988a7bbbdc519943a"},"breadcrumb":{"@id":"https:\/\/gentedebasquet.com.ar\/sitio\/2015\/05\/18\/platense-igualo-la-final\/#breadcrumb"},"inLanguage":"es","potentialAction":[{"@type":"ReadAction","target":["https:\/\/gentedebasquet.com.ar\/sitio\/2015\/05\/18\/platense-igualo-la-final\/"]}]},{"@type":"ImageObject","inLanguage":"es","@id":"https:\/\/gentedebasquet.com.ar\/sitio\/2015\/05\/18\/platense-igualo-la-final\/#primaryimage","url":"https:\/\/gentedebasquet.com.ar\/sitio\/wp-content\/uploads\/2015\/05\/Platense-Olimpo-Marcos-Fernandez-Farias.jpg","contentUrl":"https:\/\/gentedebasquet.com.ar\/sitio\/wp-content\/uploads\/2015\/05\/Platense-Olimpo-Marcos-Fernandez-Farias.jpg","width":690,"height":319},{"@type":"BreadcrumbList","@id":"https:\/\/gentedebasquet.com.ar\/sitio\/2015\/05\/18\/platense-igualo-la-final\/#breadcrumb","itemListElement":[{"@type":"ListItem","position":1,"name":"Portada","item":"https:\/\/gentedebasquet.com.ar\/sitio\/"},{"@type":"ListItem","position":2,"name":"Platense igual\u00f3 la final"}]},{"@type":"WebSite","@id":"https:\/\/gentedebasquet.com.ar\/sitio\/#website","url":"https:\/\/gentedebasquet.com.ar\/sitio\/","name":"Gente de B\u00e1squet","description":"La revista del basquet de Bah\u00eda Blanca","potentialAction":[{"@type":"SearchAction","target":{"@type":"EntryPoint","urlTemplate":"https:\/\/gentedebasquet.com.ar\/sitio\/?s={search_term_string}"},"query-input":{"@type":"PropertyValueSpecification","valueRequired":true,"valueName":"search_term_string"}}],"inLanguage":"es"},{"@type":"Person","@id":"https:\/\/gentedebasquet.com.ar\/sitio\/#\/schema\/person\/ca0b63bbb977369988a7bbbdc519943a","name":"Gente de B\u00e1squet","image":{"@type":"ImageObject","inLanguage":"es","@id":"https:\/\/secure.gravatar.com\/avatar\/7f2c48bdc33b30088f941fb6082e555f2874c98e20cb159d7b92b50eadfce793?s=96&d=mm&r=g","url":"https:\/\/secure.gravatar.com\/avatar\/7f2c48bdc33b30088f941fb6082e555f2874c98e20cb159d7b92b50eadfce793?s=96&d=mm&r=g","contentUrl":"https:\/\/secure.gravatar.com\/avatar\/7f2c48bdc33b30088f941fb6082e555f2874c98e20cb159d7b92b50eadfce793?s=96&d=mm&r=g","caption":"Gente de B\u00e1squet"},"sameAs":["http:\/\/gentedebasquet.com.ar\/sitio"],"url":"https:\/\/gentedebasquet.com.ar\/sitio\/author\/ulises\/"}]}},"_links":{"self":[{"href":"https:\/\/gentedebasquet.com.ar\/sitio\/wp-json\/wp\/v2\/posts\/45675","targetHints":{"allow":["GET"]}}],"collection":[{"href":"https:\/\/gentedebasquet.com.ar\/sitio\/wp-json\/wp\/v2\/posts"}],"about":[{"href":"https:\/\/gentedebasquet.com.ar\/sitio\/wp-json\/wp\/v2\/types\/post"}],"author":[{"embeddable":true,"href":"https:\/\/gentedebasquet.com.ar\/sitio\/wp-json\/wp\/v2\/users\/1"}],"replies":[{"embeddable":true,"href":"https:\/\/gentedebasquet.com.ar\/sitio\/wp-json\/wp\/v2\/comments?post=45675"}],"version-history":[{"count":0,"href":"https:\/\/gentedebasquet.com.ar\/sitio\/wp-json\/wp\/v2\/posts\/45675\/revisions"}],"wp:featuredmedia":[{"embeddable":true,"href":"https:\/\/gentedebasquet.com.ar\/sitio\/wp-json\/wp\/v2\/media\/45701"}],"wp:attachment":[{"href":"https:\/\/gentedebasquet.com.ar\/sitio\/wp-json\/wp\/v2\/media?parent=45675"}],"wp:term":[{"taxonomy":"category","embeddable":true,"href":"https:\/\/gentedebasquet.com.ar\/sitio\/wp-json\/wp\/v2\/categories?post=45675"},{"taxonomy":"post_tag","embeddable":true,"href":"https:\/\/gentedebasquet.com.ar\/sitio\/wp-json\/wp\/v2\/tags?post=45675"}],"curies":[{"name":"wp","href":"https:\/\/api.w.org\/{rel}","templated":true}]}}