{"id":45677,"date":"2015-05-18T16:43:00","date_gmt":"2015-05-18T19:43:00","guid":{"rendered":"http:\/\/www.gentedebasquet.com.ar\/?p=45677"},"modified":"2015-05-18T16:43:00","modified_gmt":"2015-05-18T19:43:00","slug":"un-ano-mas","status":"publish","type":"post","link":"https:\/\/gentedebasquet.com.ar\/sitio\/2015\/05\/18\/un-ano-mas\/","title":{"rendered":"\u00bfUn a\u00f1o m\u00e1s?"},"content":{"rendered":"<p><strong>Seg\u00fan un reporte del periodista estadounidense Ric Bucher (del sitio web Bleacher Report), los San Antonio Spurs tendr\u00edan planeado ofrecer tanto al bahiense Emanuel Gin\u00f3bili como a Tim Duncan un a\u00f1o m\u00e1s de contrato en la franquicia. \u00a0 Si bien ninguna de las partes se ha sentado a negociar oficialmente, en las pr\u00f3ximas semanas podr\u00eda haber novedades.<\/strong><\/p>\n<p>Tanto Manu como Timmy D ser\u00e1n agentes libres en el pr\u00f3ximo mercado de pases en la NBA, dado que sus contratos expiraron en la todav\u00eda vigente temporada 2014-2015. \u00a0Ocho jugadores son hasta el momento los que poseen contrato con los Spurs de cara a la pr\u00f3xima temporada: Parker, Diaw, Splitter, Mills, Leonard, Joseph, Baynes y Kyle Anderson.<\/p>\n<p>San Antonio tendr\u00e1 para 2015-16 un amplio margen salarial (33.780.380 millones de d\u00f3lares en salarios hasta el momento, con respecto a los 70 millones del \u00faltimo a\u00f1o) y si se tiene en cuenta que el l\u00edmite de la temporada 2014-15 fue de $63M (var\u00eda anualmente), el equipo comandado por Gregg Popovich contar\u00e1 con un alto presupuesto, que muy probablemente ser\u00e1 destinado a incorporar un jugador (los rumores apuntan a un interno) de jerarqu\u00eda. \u00a0Los nombres que suenan con mayor resonancia son los de LaMarcus Aldridge (Portland Trail Blazers), Marc Gasol (Memphis Grizzlies) y Brook L\u00f3pez (Brooklyn Nets).<\/p>\n<p>La inc\u00f3gnita reposa en saber cuanto dinero destinar\u00e1n los Spurs en las hipot\u00e9ticas renovaciones de Manu y Duncan, y que roles ocupar\u00e1n los veteranos jugadores en el plan de Pop de cara al pr\u00f3ximo a\u00f1o. \u00a0<strong>Sobre todo Gin\u00f3bili<\/strong>, quien claramente ocup\u00f3 la posici\u00f3n de base en los \u00faltimos partidos de los Spurs, promediando 18.7 minutos por juego en la pos temporada (su marca m\u00e1s baja en toda la carrera).<\/p>\n<p>El bahiense, que a fines de Julio cumplir\u00e1 38 a\u00f1os de edad, \u00a0hab\u00eda firmado una renovaci\u00f3n de contrato en la temporada 2013-14 por dos a\u00f1os, por la suma de 14.5 millones de d\u00f3lares. \u00a0El 6 de Mayo, luego de la eliminaci\u00f3n ante los Clippers y\u00a0<a href=\"http:\/\/canchallena.lanacion.com.ar\/1790350-no-tengo-procesado-el-retiro\" target=\"_blank\" rel=\"noopener\">en su columna habitual en el diario La Naci\u00f3n<\/a>, el escolta de los Spurs reflej\u00f3 incertidumbre con respecto a su futuro. \u00a0\u00ab<em>Pop dijo que nos quer\u00eda a Tim y a m\u00ed en la pr\u00f3xima temporada. Son palabras que me hacen las cosas m\u00e1s dif\u00edciles. La verdad es que si en la franquicia hubiesen manifestado que no me quer\u00edan o que era momento de reconstruir y que quer\u00edan un equipo m\u00e1s joven, me hubiesen facilitado la tarea enormemente<\/em>\u00bb manifest\u00f3.<\/p>\n<p><strong>Los n\u00fameros globales de Manu en la temporada 2014-15<\/strong>: 10.5 puntos, 42.6% en tiros de campo, 34.5 % en triples, \u00a072.1% en libres, 4.2 asistencias, 3 rebotes, 1 robo, 0.3 tapones y 2 p\u00e9rdidas en 22.7 minutos por encuentro.<\/p>\n<p><strong>Fuente:\u00a0<\/strong>Bleacher Report.<\/p>\n","protected":false},"excerpt":{"rendered":"<p>Seg\u00fan un portal web, Manu y Tim seguir\u00edan un a\u00f1o m\u00e1s en San Antonio<\/p>\n","protected":false},"author":1,"featured_media":45682,"comment_status":"closed","ping_status":"open","sticky":false,"template":"","format":"standard","meta":{"jnews-multi-image_gallery":[],"jnews_single_post":[],"jnews_primary_category":[],"footnotes":""},"categories":[34,101],"tags":[146,105,387,188],"class_list":["post-45677","post","type-post","status-publish","format-standard","has-post-thumbnail","hentry","category-bahienses-afuera","category-slide","tag-emanuel-ginobili","tag-nba","tag-san-antonio-spurs","tag-tim-duncan"],"yoast_head":"<!-- This site is optimized with the Yoast SEO plugin v27.5 - https:\/\/yoast.com\/product\/yoast-seo-wordpress\/ -->\n<title>\u00bfUn a\u00f1o m\u00e1s? - Gente de B\u00e1squet<\/title>\n<meta name=\"robots\" content=\"index, follow, max-snippet:-1, max-image-preview:large, max-video-preview:-1\" \/>\n<link rel=\"canonical\" href=\"http:\/\/gentedebasquet.com.ar\/sitio\/2015\/05\/18\/un-ano-mas\/\" \/>\n<meta property=\"og:locale\" content=\"es_ES\" \/>\n<meta property=\"og:type\" content=\"article\" \/>\n<meta property=\"og:title\" content=\"\u00bfUn a\u00f1o m\u00e1s? - Gente de B\u00e1squet\" \/>\n<meta property=\"og:description\" content=\"Seg\u00fan un portal web, Manu y Tim seguir\u00edan un a\u00f1o m\u00e1s en San Antonio\" \/>\n<meta property=\"og:url\" content=\"http:\/\/gentedebasquet.com.ar\/sitio\/2015\/05\/18\/un-ano-mas\/\" \/>\n<meta property=\"og:site_name\" content=\"Gente de B\u00e1squet\" \/>\n<meta property=\"article:published_time\" content=\"2015-05-18T19:43:00+00:00\" \/>\n<meta property=\"og:image\" content=\"http:\/\/gentedebasquet.com.ar\/sitio\/wp-content\/uploads\/2015\/05\/duncan-manu.jpg\" \/>\n\t<meta property=\"og:image:width\" content=\"690\" \/>\n\t<meta property=\"og:image:height\" content=\"319\" \/>\n\t<meta property=\"og:image:type\" content=\"image\/jpeg\" \/>\n<meta name=\"author\" content=\"Gente de B\u00e1squet\" \/>\n<meta name=\"twitter:card\" content=\"summary_large_image\" \/>\n<meta name=\"twitter:label1\" content=\"Escrito por\" \/>\n\t<meta name=\"twitter:data1\" content=\"Gente de B\u00e1squet\" \/>\n\t<meta name=\"twitter:label2\" content=\"Tiempo de lectura\" \/>\n\t<meta name=\"twitter:data2\" content=\"2 minutos\" \/>\n<script type=\"application\/ld+json\" class=\"yoast-schema-graph\">{\"@context\":\"https:\\\/\\\/schema.org\",\"@graph\":[{\"@type\":\"Article\",\"@id\":\"http:\\\/\\\/gentedebasquet.com.ar\\\/sitio\\\/2015\\\/05\\\/18\\\/un-ano-mas\\\/#article\",\"isPartOf\":{\"@id\":\"http:\\\/\\\/gentedebasquet.com.ar\\\/sitio\\\/2015\\\/05\\\/18\\\/un-ano-mas\\\/\"},\"author\":{\"name\":\"Gente de B\u00e1squet\",\"@id\":\"https:\\\/\\\/gentedebasquet.com.ar\\\/sitio\\\/#\\\/schema\\\/person\\\/ca0b63bbb977369988a7bbbdc519943a\"},\"headline\":\"\u00bfUn a\u00f1o m\u00e1s?\",\"datePublished\":\"2015-05-18T19:43:00+00:00\",\"mainEntityOfPage\":{\"@id\":\"http:\\\/\\\/gentedebasquet.com.ar\\\/sitio\\\/2015\\\/05\\\/18\\\/un-ano-mas\\\/\"},\"wordCount\":474,\"image\":{\"@id\":\"http:\\\/\\\/gentedebasquet.com.ar\\\/sitio\\\/2015\\\/05\\\/18\\\/un-ano-mas\\\/#primaryimage\"},\"thumbnailUrl\":\"https:\\\/\\\/gentedebasquet.com.ar\\\/sitio\\\/wp-content\\\/uploads\\\/2015\\\/05\\\/duncan-manu.jpg\",\"keywords\":[\"Emanuel Gin\u00f3bili\",\"NBA\",\"San Antonio Spurs\",\"Tim Duncan\"],\"articleSection\":[\"Bahienses Afuera\",\"Slide\"],\"inLanguage\":\"es\"},{\"@type\":\"WebPage\",\"@id\":\"http:\\\/\\\/gentedebasquet.com.ar\\\/sitio\\\/2015\\\/05\\\/18\\\/un-ano-mas\\\/\",\"url\":\"http:\\\/\\\/gentedebasquet.com.ar\\\/sitio\\\/2015\\\/05\\\/18\\\/un-ano-mas\\\/\",\"name\":\"\u00bfUn a\u00f1o m\u00e1s? - Gente de B\u00e1squet\",\"isPartOf\":{\"@id\":\"https:\\\/\\\/gentedebasquet.com.ar\\\/sitio\\\/#website\"},\"primaryImageOfPage\":{\"@id\":\"http:\\\/\\\/gentedebasquet.com.ar\\\/sitio\\\/2015\\\/05\\\/18\\\/un-ano-mas\\\/#primaryimage\"},\"image\":{\"@id\":\"http:\\\/\\\/gentedebasquet.com.ar\\\/sitio\\\/2015\\\/05\\\/18\\\/un-ano-mas\\\/#primaryimage\"},\"thumbnailUrl\":\"https:\\\/\\\/gentedebasquet.com.ar\\\/sitio\\\/wp-content\\\/uploads\\\/2015\\\/05\\\/duncan-manu.jpg\",\"datePublished\":\"2015-05-18T19:43:00+00:00\",\"author\":{\"@id\":\"https:\\\/\\\/gentedebasquet.com.ar\\\/sitio\\\/#\\\/schema\\\/person\\\/ca0b63bbb977369988a7bbbdc519943a\"},\"breadcrumb\":{\"@id\":\"http:\\\/\\\/gentedebasquet.com.ar\\\/sitio\\\/2015\\\/05\\\/18\\\/un-ano-mas\\\/#breadcrumb\"},\"inLanguage\":\"es\",\"potentialAction\":[{\"@type\":\"ReadAction\",\"target\":[\"http:\\\/\\\/gentedebasquet.com.ar\\\/sitio\\\/2015\\\/05\\\/18\\\/un-ano-mas\\\/\"]}]},{\"@type\":\"ImageObject\",\"inLanguage\":\"es\",\"@id\":\"http:\\\/\\\/gentedebasquet.com.ar\\\/sitio\\\/2015\\\/05\\\/18\\\/un-ano-mas\\\/#primaryimage\",\"url\":\"https:\\\/\\\/gentedebasquet.com.ar\\\/sitio\\\/wp-content\\\/uploads\\\/2015\\\/05\\\/duncan-manu.jpg\",\"contentUrl\":\"https:\\\/\\\/gentedebasquet.com.ar\\\/sitio\\\/wp-content\\\/uploads\\\/2015\\\/05\\\/duncan-manu.jpg\",\"width\":690,\"height\":319},{\"@type\":\"BreadcrumbList\",\"@id\":\"http:\\\/\\\/gentedebasquet.com.ar\\\/sitio\\\/2015\\\/05\\\/18\\\/un-ano-mas\\\/#breadcrumb\",\"itemListElement\":[{\"@type\":\"ListItem\",\"position\":1,\"name\":\"Portada\",\"item\":\"https:\\\/\\\/gentedebasquet.com.ar\\\/sitio\\\/\"},{\"@type\":\"ListItem\",\"position\":2,\"name\":\"\u00bfUn a\u00f1o m\u00e1s?\"}]},{\"@type\":\"WebSite\",\"@id\":\"https:\\\/\\\/gentedebasquet.com.ar\\\/sitio\\\/#website\",\"url\":\"https:\\\/\\\/gentedebasquet.com.ar\\\/sitio\\\/\",\"name\":\"Gente de B\u00e1squet\",\"description\":\"La revista del basquet de Bah\u00eda Blanca\",\"potentialAction\":[{\"@type\":\"SearchAction\",\"target\":{\"@type\":\"EntryPoint\",\"urlTemplate\":\"https:\\\/\\\/gentedebasquet.com.ar\\\/sitio\\\/?s={search_term_string}\"},\"query-input\":{\"@type\":\"PropertyValueSpecification\",\"valueRequired\":true,\"valueName\":\"search_term_string\"}}],\"inLanguage\":\"es\"},{\"@type\":\"Person\",\"@id\":\"https:\\\/\\\/gentedebasquet.com.ar\\\/sitio\\\/#\\\/schema\\\/person\\\/ca0b63bbb977369988a7bbbdc519943a\",\"name\":\"Gente de B\u00e1squet\",\"image\":{\"@type\":\"ImageObject\",\"inLanguage\":\"es\",\"@id\":\"https:\\\/\\\/secure.gravatar.com\\\/avatar\\\/7f2c48bdc33b30088f941fb6082e555f2874c98e20cb159d7b92b50eadfce793?s=96&d=mm&r=g\",\"url\":\"https:\\\/\\\/secure.gravatar.com\\\/avatar\\\/7f2c48bdc33b30088f941fb6082e555f2874c98e20cb159d7b92b50eadfce793?s=96&d=mm&r=g\",\"contentUrl\":\"https:\\\/\\\/secure.gravatar.com\\\/avatar\\\/7f2c48bdc33b30088f941fb6082e555f2874c98e20cb159d7b92b50eadfce793?s=96&d=mm&r=g\",\"caption\":\"Gente de B\u00e1squet\"},\"sameAs\":[\"http:\\\/\\\/gentedebasquet.com.ar\\\/sitio\"],\"url\":\"https:\\\/\\\/gentedebasquet.com.ar\\\/sitio\\\/author\\\/ulises\\\/\"}]}<\/script>\n<!-- \/ Yoast SEO plugin. -->","yoast_head_json":{"title":"\u00bfUn a\u00f1o m\u00e1s? - Gente de B\u00e1squet","robots":{"index":"index","follow":"follow","max-snippet":"max-snippet:-1","max-image-preview":"max-image-preview:large","max-video-preview":"max-video-preview:-1"},"canonical":"http:\/\/gentedebasquet.com.ar\/sitio\/2015\/05\/18\/un-ano-mas\/","og_locale":"es_ES","og_type":"article","og_title":"\u00bfUn a\u00f1o m\u00e1s? - Gente de B\u00e1squet","og_description":"Seg\u00fan un portal web, Manu y Tim seguir\u00edan un a\u00f1o m\u00e1s en San Antonio","og_url":"http:\/\/gentedebasquet.com.ar\/sitio\/2015\/05\/18\/un-ano-mas\/","og_site_name":"Gente de B\u00e1squet","article_published_time":"2015-05-18T19:43:00+00:00","og_image":[{"width":690,"height":319,"url":"http:\/\/gentedebasquet.com.ar\/sitio\/wp-content\/uploads\/2015\/05\/duncan-manu.jpg","type":"image\/jpeg"}],"author":"Gente de B\u00e1squet","twitter_card":"summary_large_image","twitter_misc":{"Escrito por":"Gente de B\u00e1squet","Tiempo de lectura":"2 minutos"},"schema":{"@context":"https:\/\/schema.org","@graph":[{"@type":"Article","@id":"http:\/\/gentedebasquet.com.ar\/sitio\/2015\/05\/18\/un-ano-mas\/#article","isPartOf":{"@id":"http:\/\/gentedebasquet.com.ar\/sitio\/2015\/05\/18\/un-ano-mas\/"},"author":{"name":"Gente de B\u00e1squet","@id":"https:\/\/gentedebasquet.com.ar\/sitio\/#\/schema\/person\/ca0b63bbb977369988a7bbbdc519943a"},"headline":"\u00bfUn a\u00f1o m\u00e1s?","datePublished":"2015-05-18T19:43:00+00:00","mainEntityOfPage":{"@id":"http:\/\/gentedebasquet.com.ar\/sitio\/2015\/05\/18\/un-ano-mas\/"},"wordCount":474,"image":{"@id":"http:\/\/gentedebasquet.com.ar\/sitio\/2015\/05\/18\/un-ano-mas\/#primaryimage"},"thumbnailUrl":"https:\/\/gentedebasquet.com.ar\/sitio\/wp-content\/uploads\/2015\/05\/duncan-manu.jpg","keywords":["Emanuel Gin\u00f3bili","NBA","San Antonio Spurs","Tim Duncan"],"articleSection":["Bahienses Afuera","Slide"],"inLanguage":"es"},{"@type":"WebPage","@id":"http:\/\/gentedebasquet.com.ar\/sitio\/2015\/05\/18\/un-ano-mas\/","url":"http:\/\/gentedebasquet.com.ar\/sitio\/2015\/05\/18\/un-ano-mas\/","name":"\u00bfUn a\u00f1o m\u00e1s? - Gente de B\u00e1squet","isPartOf":{"@id":"https:\/\/gentedebasquet.com.ar\/sitio\/#website"},"primaryImageOfPage":{"@id":"http:\/\/gentedebasquet.com.ar\/sitio\/2015\/05\/18\/un-ano-mas\/#primaryimage"},"image":{"@id":"http:\/\/gentedebasquet.com.ar\/sitio\/2015\/05\/18\/un-ano-mas\/#primaryimage"},"thumbnailUrl":"https:\/\/gentedebasquet.com.ar\/sitio\/wp-content\/uploads\/2015\/05\/duncan-manu.jpg","datePublished":"2015-05-18T19:43:00+00:00","author":{"@id":"https:\/\/gentedebasquet.com.ar\/sitio\/#\/schema\/person\/ca0b63bbb977369988a7bbbdc519943a"},"breadcrumb":{"@id":"http:\/\/gentedebasquet.com.ar\/sitio\/2015\/05\/18\/un-ano-mas\/#breadcrumb"},"inLanguage":"es","potentialAction":[{"@type":"ReadAction","target":["http:\/\/gentedebasquet.com.ar\/sitio\/2015\/05\/18\/un-ano-mas\/"]}]},{"@type":"ImageObject","inLanguage":"es","@id":"http:\/\/gentedebasquet.com.ar\/sitio\/2015\/05\/18\/un-ano-mas\/#primaryimage","url":"https:\/\/gentedebasquet.com.ar\/sitio\/wp-content\/uploads\/2015\/05\/duncan-manu.jpg","contentUrl":"https:\/\/gentedebasquet.com.ar\/sitio\/wp-content\/uploads\/2015\/05\/duncan-manu.jpg","width":690,"height":319},{"@type":"BreadcrumbList","@id":"http:\/\/gentedebasquet.com.ar\/sitio\/2015\/05\/18\/un-ano-mas\/#breadcrumb","itemListElement":[{"@type":"ListItem","position":1,"name":"Portada","item":"https:\/\/gentedebasquet.com.ar\/sitio\/"},{"@type":"ListItem","position":2,"name":"\u00bfUn a\u00f1o m\u00e1s?"}]},{"@type":"WebSite","@id":"https:\/\/gentedebasquet.com.ar\/sitio\/#website","url":"https:\/\/gentedebasquet.com.ar\/sitio\/","name":"Gente de B\u00e1squet","description":"La revista del basquet de Bah\u00eda Blanca","potentialAction":[{"@type":"SearchAction","target":{"@type":"EntryPoint","urlTemplate":"https:\/\/gentedebasquet.com.ar\/sitio\/?s={search_term_string}"},"query-input":{"@type":"PropertyValueSpecification","valueRequired":true,"valueName":"search_term_string"}}],"inLanguage":"es"},{"@type":"Person","@id":"https:\/\/gentedebasquet.com.ar\/sitio\/#\/schema\/person\/ca0b63bbb977369988a7bbbdc519943a","name":"Gente de B\u00e1squet","image":{"@type":"ImageObject","inLanguage":"es","@id":"https:\/\/secure.gravatar.com\/avatar\/7f2c48bdc33b30088f941fb6082e555f2874c98e20cb159d7b92b50eadfce793?s=96&d=mm&r=g","url":"https:\/\/secure.gravatar.com\/avatar\/7f2c48bdc33b30088f941fb6082e555f2874c98e20cb159d7b92b50eadfce793?s=96&d=mm&r=g","contentUrl":"https:\/\/secure.gravatar.com\/avatar\/7f2c48bdc33b30088f941fb6082e555f2874c98e20cb159d7b92b50eadfce793?s=96&d=mm&r=g","caption":"Gente de B\u00e1squet"},"sameAs":["http:\/\/gentedebasquet.com.ar\/sitio"],"url":"https:\/\/gentedebasquet.com.ar\/sitio\/author\/ulises\/"}]}},"_links":{"self":[{"href":"https:\/\/gentedebasquet.com.ar\/sitio\/wp-json\/wp\/v2\/posts\/45677","targetHints":{"allow":["GET"]}}],"collection":[{"href":"https:\/\/gentedebasquet.com.ar\/sitio\/wp-json\/wp\/v2\/posts"}],"about":[{"href":"https:\/\/gentedebasquet.com.ar\/sitio\/wp-json\/wp\/v2\/types\/post"}],"author":[{"embeddable":true,"href":"https:\/\/gentedebasquet.com.ar\/sitio\/wp-json\/wp\/v2\/users\/1"}],"replies":[{"embeddable":true,"href":"https:\/\/gentedebasquet.com.ar\/sitio\/wp-json\/wp\/v2\/comments?post=45677"}],"version-history":[{"count":0,"href":"https:\/\/gentedebasquet.com.ar\/sitio\/wp-json\/wp\/v2\/posts\/45677\/revisions"}],"wp:featuredmedia":[{"embeddable":true,"href":"https:\/\/gentedebasquet.com.ar\/sitio\/wp-json\/wp\/v2\/media\/45682"}],"wp:attachment":[{"href":"https:\/\/gentedebasquet.com.ar\/sitio\/wp-json\/wp\/v2\/media?parent=45677"}],"wp:term":[{"taxonomy":"category","embeddable":true,"href":"https:\/\/gentedebasquet.com.ar\/sitio\/wp-json\/wp\/v2\/categories?post=45677"},{"taxonomy":"post_tag","embeddable":true,"href":"https:\/\/gentedebasquet.com.ar\/sitio\/wp-json\/wp\/v2\/tags?post=45677"}],"curies":[{"name":"wp","href":"https:\/\/api.w.org\/{rel}","templated":true}]}}