{"id":45728,"date":"2015-05-19T23:52:27","date_gmt":"2015-05-20T02:52:27","guid":{"rendered":"http:\/\/www.gentedebasquet.com.ar\/?p=45728"},"modified":"2015-05-19T23:52:27","modified_gmt":"2015-05-20T02:52:27","slug":"con-el-volumen-bien-arriba","status":"publish","type":"post","link":"https:\/\/gentedebasquet.com.ar\/sitio\/2015\/05\/19\/con-el-volumen-bien-arriba\/","title":{"rendered":"Con el volumen bien arriba"},"content":{"rendered":"<p><b>Sportivo Bahiense termin\u00f3 con 48% en triples (12\/25) y venci\u00f3 70-57 a Independiente en el Eladio Santos. El Tricolor tuvo un gran primer tiempo y ah\u00ed gest\u00f3 la diferencia (41-24). Luego, m\u00e1s all\u00e1 de que el Viola reaccion\u00f3 y se lleg\u00f3 a poner a solo dos puntos (57-55), lo termin\u00f3 cerrando de buena manera. \u00a0Fabi\u00e1n Gendana (15 pts \u2013 5\/9 T3), Lucas Santarelli (12 pts \u2013 9 reb) y Mart\u00edn Villoldo (12 pts \u2013 2\/3 T3) fueron los m\u00e1s destacados en el due\u00f1o de casa. Mientras que en la visita sobresalieron Mauro Montanaro (15) y Mariano Guillen (12).<\/b><\/p>\n<p>Desde el comienzo, Sportivo marc\u00f3 distancias. Con una gran eficacia en ofensiva (4\/5 T3 \u2013 5\/5 TL) y defendiendo muy duro, el Tricolor se escap\u00f3 21-5 en los siete minutos iniciales. Otra virtud del due\u00f1o de casa fue saber repartir bien el goleo: Asnaghi (6), Villoldo (5), Tuero (5) y Santarelli (5). Independiente, por su parte, arranc\u00f3 dormido. Al Viola le cost\u00f3 mucho conseguir fluidez en su ofensiva (5 perdidas) y no le encontr\u00f3 la vuelta al partido en defensa. La mitad de sus puntos en el cuarto llegaron desde la l\u00ednea de libres (7\/10 TL). Por las manos de Maidana (6) y Montanaro (5) pasaron la mayor parte de las determinaciones en ataque del equipo de Musumeci.<\/p>\n<p>La tendencia del local manejando los hilos del encuentro se mantuvo durante el segundo cap\u00edtulo. En un abrir y cerrar de ojos la media cancha del Tricolor se encendi\u00f3 y estamp\u00f3 un parcial de 18-2 a su favor. Cinco triples consecutivos, que llegaron desde Gendana (x3), Gentili y Asnaghi le permitieron al conjunto de Alvarez sacar una brecha de 25 puntos (41-16) con 3m30s por jugar. Con la llegada de Guillen (4) desde el banco, Independiente inici\u00f3 una mini reacci\u00f3n y gracias a un pasaje de 8-0 recort\u00f3 la distancia en el resultado. Al descanso largo se fue arriba el local 41-24.<\/p>\n<p>A la vuelta de los vestuarios todo cambi\u00f3. Independiente fue quien impuso condiciones en el juego y lo domin\u00f3 a gusto y placer. Apostando al dinamismo de Reschini (6), las bombas de Montanaro (8) y el empuje de Banchero (4) y Guillen (4), el Viola encontr\u00f3 variantes en ofensiva. As\u00ed se despach\u00f3 con un parcial de 17-2 a su favor y se puso a solo cinco puntos de distancia (46-41). Luego de transitar el cuarto a los tumbos, sin peso en ofensiva y flojo en defensa, Sportivo se despert\u00f3 en el cierre. Dos triples de Gendana le permitieron al Tricolor mantener el mando en el resultado e irse al descanso con cinco puntos de diferencia (53-48).<\/p>\n<p>El Viola continu\u00f3 con su buen andar en el inicio del ep\u00edlogo. Apuntalado por Branciforte (5) y Guillen (4), el conjunto de Musumeci lleg\u00f3 a estar tan solo dos puntos abajo (57-55) con 4m55s por jugar y luego de haber corrido todo el partido desde atr\u00e1s. Sin embargo, luego de ese buen pasaje se sec\u00f3 en ofensiva y Sportivo no perdon\u00f3. Cinco puntos consecutivos de Villoldo (66-57) sentenciaron el encuentro con 1m20s por jugar y le dieron al Tricolor tranquilidad para cerrar de buena forma. Los dirigidos por Alvarez reafirmaron lo hecho en el puerto y ahora esperan por el invicto Pac\u00edfico.<\/p>\n<p>&nbsp;<\/p>\n<p>[vimeo]http:\/\/vimeo.com\/128337817[\/vimeo]<\/p>\n<p>&nbsp;<\/p>\n<p><b>S\u00edntesis |\u00a0<\/b>Segunda Divisi\u00f3n \u2013 Fecha #9<\/p>\n<p><b>Sportivo Bahiense 70:<\/b>\u00a0Joaqu\u00edn Tuero 9,\u00a0Yoel Asnaghi 9,\u00a0Mart\u00edn Villoldo 12, Lucas Santarelli 12,\u00a0Juan Blasco 4 (Fi).\u00a0Fabi\u00e1n Gendana 15,\u00a0Gabriel De La Torre 2, Gustavo Gentili 3 y Nicol\u00e1s Mart\u00ednez 4.\u00a0DT: Fernando Alvarez.<\/p>\n<p><b>Independiente 57:<\/b>\u00a0Sebasti\u00e1n Branciforte 5, Juan Cruz Reschini 8,\u00a0 Mauro Montanaro 15, Andr\u00e9s Maidana 6, Gustavo Banchero 7\u00a0(Fi). Mario Minervino 2, Mariano Guillen 12, Uriel Mart\u00ednez 2 y Nicol\u00e1s Caputo 0.\u00a0DT: Javier Musumeci.<\/p>\n<p><b>Parciales: <\/b>23-14, 41-24 (18-10), 53-48 (12-24) y 70-57 (17-9).<\/p>\n<p><b>\u00c1rbitros:<\/b>\u00a0Alejandro Ramallo \u2013 Marjorie Stuardo<\/p>\n<p><b>Estadio:<\/b>\u00a0Eladio Santos (Club Sportivo Bahiense).<\/p>\n<p><a class=\"modalf iframe\" title=\"Planilla\" href=\"https:\/\/docs.google.com\/spreadsheets\/d\/1NS4NGxMXJFvA7boUNKnomdIYWe8-MesaRVscnyjvNik\/pubhtml?gid=816245430&amp;single=true\" target=\"_blank\" rel=\"noopener\">Ver Planilla<\/a><\/p>\n<p>&nbsp;<\/p>\n<p>[vimeo]http:\/\/vimeo.com\/128328251[\/vimeo]<\/p>\n","protected":false},"excerpt":{"rendered":"<p>Sportivo estuvo intratable desde 6.75 metros y super\u00f3 70-57 a Independiente<\/p>\n","protected":false},"author":1,"featured_media":45729,"comment_status":"closed","ping_status":"open","sticky":false,"template":"","format":"standard","meta":{"jnews-multi-image_gallery":[],"jnews_single_post":[],"jnews_primary_category":[],"footnotes":""},"categories":[25,101],"tags":[264,233,12,582,688,20],"class_list":["post-45728","post","type-post","status-publish","format-standard","has-post-thumbnail","hentry","category-segunda","category-slide","tag-fabian-gendana","tag-gustavo-gentili","tag-independiente","tag-joaquin-tuero","tag-martin-villoldo","tag-sportivo-bahiense"],"yoast_head":"<!-- This site is optimized with the Yoast SEO plugin v27.5 - https:\/\/yoast.com\/product\/yoast-seo-wordpress\/ -->\n<title>Con el volumen bien arriba - Gente de B\u00e1squet<\/title>\n<meta name=\"robots\" content=\"index, follow, max-snippet:-1, max-image-preview:large, max-video-preview:-1\" \/>\n<link rel=\"canonical\" href=\"https:\/\/gentedebasquet.com.ar\/sitio\/2015\/05\/19\/con-el-volumen-bien-arriba\/\" \/>\n<meta property=\"og:locale\" content=\"es_ES\" \/>\n<meta property=\"og:type\" content=\"article\" \/>\n<meta property=\"og:title\" content=\"Con el volumen bien arriba - Gente de B\u00e1squet\" \/>\n<meta property=\"og:description\" content=\"Sportivo estuvo intratable desde 6.75 metros y super\u00f3 70-57 a Independiente\" \/>\n<meta property=\"og:url\" content=\"https:\/\/gentedebasquet.com.ar\/sitio\/2015\/05\/19\/con-el-volumen-bien-arriba\/\" \/>\n<meta property=\"og:site_name\" content=\"Gente de B\u00e1squet\" \/>\n<meta property=\"article:published_time\" content=\"2015-05-20T02:52:27+00:00\" \/>\n<meta property=\"og:image\" content=\"https:\/\/gentedebasquet.com.ar\/sitio\/wp-content\/uploads\/2015\/05\/2.jpg\" \/>\n\t<meta property=\"og:image:width\" content=\"690\" \/>\n\t<meta property=\"og:image:height\" content=\"319\" \/>\n\t<meta property=\"og:image:type\" content=\"image\/jpeg\" \/>\n<meta name=\"author\" content=\"Gente de B\u00e1squet\" \/>\n<meta name=\"twitter:card\" content=\"summary_large_image\" \/>\n<meta name=\"twitter:label1\" content=\"Escrito por\" \/>\n\t<meta name=\"twitter:data1\" content=\"Gente de B\u00e1squet\" \/>\n\t<meta name=\"twitter:label2\" content=\"Tiempo de lectura\" \/>\n\t<meta name=\"twitter:data2\" content=\"3 minutos\" \/>\n<script type=\"application\/ld+json\" class=\"yoast-schema-graph\">{\"@context\":\"https:\\\/\\\/schema.org\",\"@graph\":[{\"@type\":\"Article\",\"@id\":\"https:\\\/\\\/gentedebasquet.com.ar\\\/sitio\\\/2015\\\/05\\\/19\\\/con-el-volumen-bien-arriba\\\/#article\",\"isPartOf\":{\"@id\":\"https:\\\/\\\/gentedebasquet.com.ar\\\/sitio\\\/2015\\\/05\\\/19\\\/con-el-volumen-bien-arriba\\\/\"},\"author\":{\"name\":\"Gente de B\u00e1squet\",\"@id\":\"https:\\\/\\\/gentedebasquet.com.ar\\\/sitio\\\/#\\\/schema\\\/person\\\/ca0b63bbb977369988a7bbbdc519943a\"},\"headline\":\"Con el volumen bien arriba\",\"datePublished\":\"2015-05-20T02:52:27+00:00\",\"mainEntityOfPage\":{\"@id\":\"https:\\\/\\\/gentedebasquet.com.ar\\\/sitio\\\/2015\\\/05\\\/19\\\/con-el-volumen-bien-arriba\\\/\"},\"wordCount\":626,\"image\":{\"@id\":\"https:\\\/\\\/gentedebasquet.com.ar\\\/sitio\\\/2015\\\/05\\\/19\\\/con-el-volumen-bien-arriba\\\/#primaryimage\"},\"thumbnailUrl\":\"https:\\\/\\\/gentedebasquet.com.ar\\\/sitio\\\/wp-content\\\/uploads\\\/2015\\\/05\\\/2.jpg\",\"keywords\":[\"Fabian Gendana\",\"Gustavo Gentili\",\"independiente\",\"Joaquin Tuero\",\"Mart\u00edn Villoldo\",\"Sportivo Bahiense\"],\"articleSection\":[\"Segunda\",\"Slide\"],\"inLanguage\":\"es\"},{\"@type\":\"WebPage\",\"@id\":\"https:\\\/\\\/gentedebasquet.com.ar\\\/sitio\\\/2015\\\/05\\\/19\\\/con-el-volumen-bien-arriba\\\/\",\"url\":\"https:\\\/\\\/gentedebasquet.com.ar\\\/sitio\\\/2015\\\/05\\\/19\\\/con-el-volumen-bien-arriba\\\/\",\"name\":\"Con el volumen bien arriba - Gente de B\u00e1squet\",\"isPartOf\":{\"@id\":\"https:\\\/\\\/gentedebasquet.com.ar\\\/sitio\\\/#website\"},\"primaryImageOfPage\":{\"@id\":\"https:\\\/\\\/gentedebasquet.com.ar\\\/sitio\\\/2015\\\/05\\\/19\\\/con-el-volumen-bien-arriba\\\/#primaryimage\"},\"image\":{\"@id\":\"https:\\\/\\\/gentedebasquet.com.ar\\\/sitio\\\/2015\\\/05\\\/19\\\/con-el-volumen-bien-arriba\\\/#primaryimage\"},\"thumbnailUrl\":\"https:\\\/\\\/gentedebasquet.com.ar\\\/sitio\\\/wp-content\\\/uploads\\\/2015\\\/05\\\/2.jpg\",\"datePublished\":\"2015-05-20T02:52:27+00:00\",\"author\":{\"@id\":\"https:\\\/\\\/gentedebasquet.com.ar\\\/sitio\\\/#\\\/schema\\\/person\\\/ca0b63bbb977369988a7bbbdc519943a\"},\"breadcrumb\":{\"@id\":\"https:\\\/\\\/gentedebasquet.com.ar\\\/sitio\\\/2015\\\/05\\\/19\\\/con-el-volumen-bien-arriba\\\/#breadcrumb\"},\"inLanguage\":\"es\",\"potentialAction\":[{\"@type\":\"ReadAction\",\"target\":[\"https:\\\/\\\/gentedebasquet.com.ar\\\/sitio\\\/2015\\\/05\\\/19\\\/con-el-volumen-bien-arriba\\\/\"]}]},{\"@type\":\"ImageObject\",\"inLanguage\":\"es\",\"@id\":\"https:\\\/\\\/gentedebasquet.com.ar\\\/sitio\\\/2015\\\/05\\\/19\\\/con-el-volumen-bien-arriba\\\/#primaryimage\",\"url\":\"https:\\\/\\\/gentedebasquet.com.ar\\\/sitio\\\/wp-content\\\/uploads\\\/2015\\\/05\\\/2.jpg\",\"contentUrl\":\"https:\\\/\\\/gentedebasquet.com.ar\\\/sitio\\\/wp-content\\\/uploads\\\/2015\\\/05\\\/2.jpg\",\"width\":690,\"height\":319},{\"@type\":\"BreadcrumbList\",\"@id\":\"https:\\\/\\\/gentedebasquet.com.ar\\\/sitio\\\/2015\\\/05\\\/19\\\/con-el-volumen-bien-arriba\\\/#breadcrumb\",\"itemListElement\":[{\"@type\":\"ListItem\",\"position\":1,\"name\":\"Portada\",\"item\":\"https:\\\/\\\/gentedebasquet.com.ar\\\/sitio\\\/\"},{\"@type\":\"ListItem\",\"position\":2,\"name\":\"Con el volumen bien arriba\"}]},{\"@type\":\"WebSite\",\"@id\":\"https:\\\/\\\/gentedebasquet.com.ar\\\/sitio\\\/#website\",\"url\":\"https:\\\/\\\/gentedebasquet.com.ar\\\/sitio\\\/\",\"name\":\"Gente de B\u00e1squet\",\"description\":\"La revista del basquet de Bah\u00eda Blanca\",\"potentialAction\":[{\"@type\":\"SearchAction\",\"target\":{\"@type\":\"EntryPoint\",\"urlTemplate\":\"https:\\\/\\\/gentedebasquet.com.ar\\\/sitio\\\/?s={search_term_string}\"},\"query-input\":{\"@type\":\"PropertyValueSpecification\",\"valueRequired\":true,\"valueName\":\"search_term_string\"}}],\"inLanguage\":\"es\"},{\"@type\":\"Person\",\"@id\":\"https:\\\/\\\/gentedebasquet.com.ar\\\/sitio\\\/#\\\/schema\\\/person\\\/ca0b63bbb977369988a7bbbdc519943a\",\"name\":\"Gente de B\u00e1squet\",\"image\":{\"@type\":\"ImageObject\",\"inLanguage\":\"es\",\"@id\":\"https:\\\/\\\/secure.gravatar.com\\\/avatar\\\/7f2c48bdc33b30088f941fb6082e555f2874c98e20cb159d7b92b50eadfce793?s=96&d=mm&r=g\",\"url\":\"https:\\\/\\\/secure.gravatar.com\\\/avatar\\\/7f2c48bdc33b30088f941fb6082e555f2874c98e20cb159d7b92b50eadfce793?s=96&d=mm&r=g\",\"contentUrl\":\"https:\\\/\\\/secure.gravatar.com\\\/avatar\\\/7f2c48bdc33b30088f941fb6082e555f2874c98e20cb159d7b92b50eadfce793?s=96&d=mm&r=g\",\"caption\":\"Gente de B\u00e1squet\"},\"sameAs\":[\"http:\\\/\\\/gentedebasquet.com.ar\\\/sitio\"],\"url\":\"https:\\\/\\\/gentedebasquet.com.ar\\\/sitio\\\/author\\\/ulises\\\/\"}]}<\/script>\n<!-- \/ Yoast SEO plugin. -->","yoast_head_json":{"title":"Con el volumen bien arriba - Gente de B\u00e1squet","robots":{"index":"index","follow":"follow","max-snippet":"max-snippet:-1","max-image-preview":"max-image-preview:large","max-video-preview":"max-video-preview:-1"},"canonical":"https:\/\/gentedebasquet.com.ar\/sitio\/2015\/05\/19\/con-el-volumen-bien-arriba\/","og_locale":"es_ES","og_type":"article","og_title":"Con el volumen bien arriba - Gente de B\u00e1squet","og_description":"Sportivo estuvo intratable desde 6.75 metros y super\u00f3 70-57 a Independiente","og_url":"https:\/\/gentedebasquet.com.ar\/sitio\/2015\/05\/19\/con-el-volumen-bien-arriba\/","og_site_name":"Gente de B\u00e1squet","article_published_time":"2015-05-20T02:52:27+00:00","og_image":[{"width":690,"height":319,"url":"https:\/\/gentedebasquet.com.ar\/sitio\/wp-content\/uploads\/2015\/05\/2.jpg","type":"image\/jpeg"}],"author":"Gente de B\u00e1squet","twitter_card":"summary_large_image","twitter_misc":{"Escrito por":"Gente de B\u00e1squet","Tiempo de lectura":"3 minutos"},"schema":{"@context":"https:\/\/schema.org","@graph":[{"@type":"Article","@id":"https:\/\/gentedebasquet.com.ar\/sitio\/2015\/05\/19\/con-el-volumen-bien-arriba\/#article","isPartOf":{"@id":"https:\/\/gentedebasquet.com.ar\/sitio\/2015\/05\/19\/con-el-volumen-bien-arriba\/"},"author":{"name":"Gente de B\u00e1squet","@id":"https:\/\/gentedebasquet.com.ar\/sitio\/#\/schema\/person\/ca0b63bbb977369988a7bbbdc519943a"},"headline":"Con el volumen bien arriba","datePublished":"2015-05-20T02:52:27+00:00","mainEntityOfPage":{"@id":"https:\/\/gentedebasquet.com.ar\/sitio\/2015\/05\/19\/con-el-volumen-bien-arriba\/"},"wordCount":626,"image":{"@id":"https:\/\/gentedebasquet.com.ar\/sitio\/2015\/05\/19\/con-el-volumen-bien-arriba\/#primaryimage"},"thumbnailUrl":"https:\/\/gentedebasquet.com.ar\/sitio\/wp-content\/uploads\/2015\/05\/2.jpg","keywords":["Fabian Gendana","Gustavo Gentili","independiente","Joaquin Tuero","Mart\u00edn Villoldo","Sportivo Bahiense"],"articleSection":["Segunda","Slide"],"inLanguage":"es"},{"@type":"WebPage","@id":"https:\/\/gentedebasquet.com.ar\/sitio\/2015\/05\/19\/con-el-volumen-bien-arriba\/","url":"https:\/\/gentedebasquet.com.ar\/sitio\/2015\/05\/19\/con-el-volumen-bien-arriba\/","name":"Con el volumen bien arriba - Gente de B\u00e1squet","isPartOf":{"@id":"https:\/\/gentedebasquet.com.ar\/sitio\/#website"},"primaryImageOfPage":{"@id":"https:\/\/gentedebasquet.com.ar\/sitio\/2015\/05\/19\/con-el-volumen-bien-arriba\/#primaryimage"},"image":{"@id":"https:\/\/gentedebasquet.com.ar\/sitio\/2015\/05\/19\/con-el-volumen-bien-arriba\/#primaryimage"},"thumbnailUrl":"https:\/\/gentedebasquet.com.ar\/sitio\/wp-content\/uploads\/2015\/05\/2.jpg","datePublished":"2015-05-20T02:52:27+00:00","author":{"@id":"https:\/\/gentedebasquet.com.ar\/sitio\/#\/schema\/person\/ca0b63bbb977369988a7bbbdc519943a"},"breadcrumb":{"@id":"https:\/\/gentedebasquet.com.ar\/sitio\/2015\/05\/19\/con-el-volumen-bien-arriba\/#breadcrumb"},"inLanguage":"es","potentialAction":[{"@type":"ReadAction","target":["https:\/\/gentedebasquet.com.ar\/sitio\/2015\/05\/19\/con-el-volumen-bien-arriba\/"]}]},{"@type":"ImageObject","inLanguage":"es","@id":"https:\/\/gentedebasquet.com.ar\/sitio\/2015\/05\/19\/con-el-volumen-bien-arriba\/#primaryimage","url":"https:\/\/gentedebasquet.com.ar\/sitio\/wp-content\/uploads\/2015\/05\/2.jpg","contentUrl":"https:\/\/gentedebasquet.com.ar\/sitio\/wp-content\/uploads\/2015\/05\/2.jpg","width":690,"height":319},{"@type":"BreadcrumbList","@id":"https:\/\/gentedebasquet.com.ar\/sitio\/2015\/05\/19\/con-el-volumen-bien-arriba\/#breadcrumb","itemListElement":[{"@type":"ListItem","position":1,"name":"Portada","item":"https:\/\/gentedebasquet.com.ar\/sitio\/"},{"@type":"ListItem","position":2,"name":"Con el volumen bien arriba"}]},{"@type":"WebSite","@id":"https:\/\/gentedebasquet.com.ar\/sitio\/#website","url":"https:\/\/gentedebasquet.com.ar\/sitio\/","name":"Gente de B\u00e1squet","description":"La revista del basquet de Bah\u00eda Blanca","potentialAction":[{"@type":"SearchAction","target":{"@type":"EntryPoint","urlTemplate":"https:\/\/gentedebasquet.com.ar\/sitio\/?s={search_term_string}"},"query-input":{"@type":"PropertyValueSpecification","valueRequired":true,"valueName":"search_term_string"}}],"inLanguage":"es"},{"@type":"Person","@id":"https:\/\/gentedebasquet.com.ar\/sitio\/#\/schema\/person\/ca0b63bbb977369988a7bbbdc519943a","name":"Gente de B\u00e1squet","image":{"@type":"ImageObject","inLanguage":"es","@id":"https:\/\/secure.gravatar.com\/avatar\/7f2c48bdc33b30088f941fb6082e555f2874c98e20cb159d7b92b50eadfce793?s=96&d=mm&r=g","url":"https:\/\/secure.gravatar.com\/avatar\/7f2c48bdc33b30088f941fb6082e555f2874c98e20cb159d7b92b50eadfce793?s=96&d=mm&r=g","contentUrl":"https:\/\/secure.gravatar.com\/avatar\/7f2c48bdc33b30088f941fb6082e555f2874c98e20cb159d7b92b50eadfce793?s=96&d=mm&r=g","caption":"Gente de B\u00e1squet"},"sameAs":["http:\/\/gentedebasquet.com.ar\/sitio"],"url":"https:\/\/gentedebasquet.com.ar\/sitio\/author\/ulises\/"}]}},"_links":{"self":[{"href":"https:\/\/gentedebasquet.com.ar\/sitio\/wp-json\/wp\/v2\/posts\/45728","targetHints":{"allow":["GET"]}}],"collection":[{"href":"https:\/\/gentedebasquet.com.ar\/sitio\/wp-json\/wp\/v2\/posts"}],"about":[{"href":"https:\/\/gentedebasquet.com.ar\/sitio\/wp-json\/wp\/v2\/types\/post"}],"author":[{"embeddable":true,"href":"https:\/\/gentedebasquet.com.ar\/sitio\/wp-json\/wp\/v2\/users\/1"}],"replies":[{"embeddable":true,"href":"https:\/\/gentedebasquet.com.ar\/sitio\/wp-json\/wp\/v2\/comments?post=45728"}],"version-history":[{"count":0,"href":"https:\/\/gentedebasquet.com.ar\/sitio\/wp-json\/wp\/v2\/posts\/45728\/revisions"}],"wp:featuredmedia":[{"embeddable":true,"href":"https:\/\/gentedebasquet.com.ar\/sitio\/wp-json\/wp\/v2\/media\/45729"}],"wp:attachment":[{"href":"https:\/\/gentedebasquet.com.ar\/sitio\/wp-json\/wp\/v2\/media?parent=45728"}],"wp:term":[{"taxonomy":"category","embeddable":true,"href":"https:\/\/gentedebasquet.com.ar\/sitio\/wp-json\/wp\/v2\/categories?post=45728"},{"taxonomy":"post_tag","embeddable":true,"href":"https:\/\/gentedebasquet.com.ar\/sitio\/wp-json\/wp\/v2\/tags?post=45728"}],"curies":[{"name":"wp","href":"https:\/\/api.w.org\/{rel}","templated":true}]}}