{"id":45777,"date":"2015-05-24T12:39:59","date_gmt":"2015-05-24T15:39:59","guid":{"rendered":"http:\/\/www.gentedebasquet.com.ar\/?p=45777"},"modified":"2015-05-24T12:39:59","modified_gmt":"2015-05-24T15:39:59","slug":"pegaron-la-vuelta","status":"publish","type":"post","link":"https:\/\/gentedebasquet.com.ar\/sitio\/2015\/05\/24\/pegaron-la-vuelta\/","title":{"rendered":"Pegaron la vuelta"},"content":{"rendered":"<p><strong>Bah\u00eda Blanca logr\u00f3 el Campeonato Provincial Femenino de Cadetes con tres s\u00f3lidas victorias. En el debut derrot\u00f3 a Esteban Echeverr\u00eda por 71 a 52 y en la ma\u00f1ana del domingo a Olavarr\u00eda, por 42 a 31. El juego definitorio, ante el local Mar del Plata, lo obtuvo por 63 a 47.\u00a0<\/strong><\/p>\n<p>&nbsp;<\/p>\n<p><strong>S\u00edntesis<\/strong> | Fecha #1<\/p>\n<p><strong>Bah\u00eda Blanca 71:\u00a0<\/strong>B\u00e1rbara Cunningham 8, Malena Garc\u00eda 5,\u00a0Ileana Corval\u00e1n 11,\u00a0Candelaria V\u00e1zquez 0, Marianella Leal 14 (Fi); Camila Cabrera 8, Valentina Pel\u00e1ez 18,\u00a0Camila Bay\u00f3n 0, Ainzara Minieri 1, Amparo Mu\u00f1\u00f3z 4, Camila Maisterrena 0 y Roc\u00edo Garc\u00eda 2. DT: Gabriel M\u00e9rida.<\/p>\n<p><strong>Parciales:<\/strong> Bah\u00eda 22-7, 43-21 (21-14), 60-44 (17-23) y 71-52 (11-8).<\/p>\n<p><strong>Estadio:<\/strong> Quilmes (Mar del Plata).<\/p>\n<p>&nbsp;<\/p>\n<p><strong>S\u00edntesis<\/strong>\u00a0| Fecha #2<\/p>\n<p><strong>Bah\u00eda Blanca 42:\u00a0<\/strong>B\u00e1rbara Cunningham 5, Ileana Corval\u00e1n 7, Camila Cabrera 4, Valentina Pel\u00e1ez 6, Marianella Leal 17 (Fi); Malena Garc\u00eda 0,\u00a0Ainzara Minieri 0 y Roc\u00edo Garc\u00eda 3. DT: Gabriel M\u00e9rida.<\/p>\n<p><strong>Parciales:<\/strong>\u00a0Bah\u00eda 15-8, 21-17 (6-9), 28-23 (7-6) y 42-31 (14-8).<\/p>\n<p><strong>Estadio:<\/strong>\u00a0Sporting (Mar del Plata).<\/p>\n<p>&nbsp;<\/p>\n<p><strong>S\u00edntesis<\/strong> | Fecha #3<\/p>\n<p><strong>Bah\u00eda Blanca 63:<\/strong> B\u00e1rbara Cunningham 9, Camila Cabrera 9, Ileana Corval\u00e1n 7, Valentina Pel\u00e1ez 18, Marianella Leal 7 (Fi); Malena Garc\u00eda 7, Camila Bay\u00f3n 4, Ainzara Minieri 0, Amparo Mu\u00f1\u00f3z 2 y Roc\u00edo Garc\u00eda 0. DT: Gabriel M\u00e9rida.<\/p>\n<p><span style=\"line-height: 1.5em;\"><strong>Parciales:<\/strong> 12-16, 21-38 (9-22), 33-53 (12-15) y 47-63 (14-10).<\/span><\/p>\n<p><strong>Estadio:<\/strong> Quilmes (Mar del Plata).<\/p>\n<p><strong style=\"line-height: 1.5em;\">\u00a0<\/strong><\/p>\n<p>&nbsp;<\/p>\n<table width=\"100%\" border=\"2\">\n<tbody>\n<tr>\n<td align=\"center\" bgcolor=\"#ffffff\"><span style=\"color: #000000; font-family: tahoma, verdana, arial, helvetica, sans-serif; font-size: small;\"><strong>\u00a0PROVINCIAL<\/strong><\/span><\/td>\n<td align=\"center\" bgcolor=\"#ffffff\"><span style=\"color: #000000; font-family: tahoma, verdana, arial, helvetica, sans-serif; font-size: small;\"><strong>\u00a0 \u00a0CADETES \u00a0\u00a0<\/strong><\/span><\/td>\n<\/tr>\n<\/tbody>\n<\/table>\n<p>&nbsp;<\/p>\n<table width=\"100%\" border=\"2\">\n<tbody>\n<tr>\n<td align=\"center\" bgcolor=\"#095abf\"><span style=\"color: #ffffff; font-family: tahoma, verdana, arial, helvetica, sans-serif; font-size: small;\"><strong>FECHA 1 &#8211; S\u00e1bado 23\/05\/2015<\/strong><\/span><\/td>\n<\/tr>\n<\/tbody>\n<\/table>\n<table width=\"100%\" border=\"2\">\n<tbody>\n<tr>\n<td align=\"center\" bgcolor=\"#e87006\"><span style=\"color: #000000; font-family: tahoma, verdana, arial, helvetica, sans-serif; font-size: small;\"><strong>HORA \/ SEDE<\/strong><\/span><\/td>\n<td align=\"center\" bgcolor=\"#e87006\"><span style=\"color: #000000; font-family: tahoma, verdana, arial, helvetica, sans-serif; font-size: small;\"><strong>LOCAL<\/strong><\/span><\/td>\n<td align=\"center\" bgcolor=\"#000000\"><span style=\"color: #ffffff; font-family: tahoma, verdana, arial, helvetica, sans-serif; font-size: small;\"><strong>RES<\/strong><\/span><\/td>\n<td align=\"center\" bgcolor=\"#e87006\"><span style=\"color: #000000; font-family: tahoma, verdana, arial, helvetica, sans-serif; font-size: small;\"><strong>VISITANTE<\/strong><\/span><\/td>\n<\/tr>\n<tr>\n<td align=\"center\" bgcolor=\"#dcdcdc\"><span style=\"font-family: tahoma, verdana, arial, helvetica, sans-serif; font-size: small;\">17.00 (Quilmes)<\/span><\/td>\n<td align=\"center\" bgcolor=\"#dcdcdc\"><span style=\"font-family: tahoma, verdana, arial, helvetica, sans-serif; font-size: small;\">Mar del Plata<\/span><\/td>\n<td align=\"center\" bgcolor=\"#dcdcdc\"><span style=\"font-family: tahoma, verdana, arial, helvetica, sans-serif; font-size: small;\">52-48<\/span><\/td>\n<td align=\"center\" bgcolor=\"#dcdcdc\"><span style=\"font-family: tahoma, verdana, arial, helvetica, sans-serif; font-size: small;\">Olavarr\u00eda<\/span><\/td>\n<\/tr>\n<tr>\n<td align=\"center\" bgcolor=\"#eeeeee\"><span style=\"font-family: tahoma, verdana, arial, helvetica, sans-serif; font-size: small;\">19.00 (Quilmes)<\/span><\/td>\n<td align=\"center\" bgcolor=\"#eeeeee\"><span style=\"font-family: tahoma, verdana, arial, helvetica, sans-serif; font-size: small;\">Bah\u00eda Blanca<\/span><\/td>\n<td align=\"center\" bgcolor=\"#eeeeee\"><span style=\"font-family: tahoma, verdana, arial, helvetica, sans-serif; font-size: small;\">71-52<\/span><\/td>\n<td align=\"center\" bgcolor=\"#eeeeee\"><span style=\"font-family: tahoma, verdana, arial, helvetica, sans-serif; font-size: small;\">Esteban Echeverr\u00eda<\/span><\/td>\n<\/tr>\n<tr>\n<td align=\"center\" bgcolor=\"#095abf\"><span style=\"font-family: tahoma, verdana, arial, helvetica, sans-serif; font-size: small;\">****************<\/span><\/td>\n<td align=\"center\" bgcolor=\"#095abf\"><span style=\"font-family: tahoma, verdana, arial, helvetica, sans-serif; font-size: small;\">********************<\/span><\/td>\n<td align=\"center\" bgcolor=\"#095abf\"><span style=\"font-family: tahoma, verdana, arial, helvetica, sans-serif; font-size: small;\">******<\/span><\/td>\n<td align=\"center\" bgcolor=\"#095abf\"><span style=\"font-family: tahoma, verdana, arial, helvetica, sans-serif; font-size: small;\">********************<\/span><\/td>\n<\/tr>\n<\/tbody>\n<\/table>\n<p>&nbsp;<\/p>\n<table width=\"100%\" border=\"2\">\n<tbody>\n<tr>\n<td align=\"center\" bgcolor=\"#095abf\"><span style=\"color: #ffffff; font-family: tahoma, verdana, arial, helvetica, sans-serif; font-size: small;\"><strong>FECHA 2 &#8211; Domingo 24\/05\/2015<\/strong><\/span><\/td>\n<\/tr>\n<\/tbody>\n<\/table>\n<table width=\"100%\" border=\"2\">\n<tbody>\n<tr>\n<td align=\"center\" bgcolor=\"#e87006\"><span style=\"color: #000000; font-family: tahoma, verdana, arial, helvetica, sans-serif; font-size: small;\"><strong>HORA \/ SEDE<\/strong><\/span><\/td>\n<td align=\"center\" bgcolor=\"#e87006\"><span style=\"color: #000000; font-family: tahoma, verdana, arial, helvetica, sans-serif; font-size: small;\"><strong>LOCAL<\/strong><\/span><\/td>\n<td align=\"center\" bgcolor=\"#000000\"><span style=\"color: #ffffff; font-family: tahoma, verdana, arial, helvetica, sans-serif; font-size: small;\"><strong>RES<\/strong><\/span><\/td>\n<td align=\"center\" bgcolor=\"#e87006\"><span style=\"color: #000000; font-family: tahoma, verdana, arial, helvetica, sans-serif; font-size: small;\"><strong>VISITANTE<\/strong><\/span><\/td>\n<\/tr>\n<tr>\n<td align=\"center\" bgcolor=\"#dcdcdc\"><span style=\"font-family: tahoma, verdana, arial, helvetica, sans-serif; font-size: small;\">10.00 (Sporting)<\/span><\/td>\n<td align=\"center\" bgcolor=\"#dcdcdc\"><span style=\"font-family: tahoma, verdana, arial, helvetica, sans-serif; font-size: small;\">\u00a0Bah\u00eda Blanca<\/span><\/td>\n<td align=\"center\" bgcolor=\"#dcdcdc\"><span style=\"font-family: tahoma, verdana, arial, helvetica, sans-serif; font-size: small;\">42-31<\/span><\/td>\n<td align=\"center\" bgcolor=\"#dcdcdc\"><span style=\"font-family: tahoma, verdana, arial, helvetica, sans-serif; font-size: small;\">Olavarr\u00eda<\/span><\/td>\n<\/tr>\n<tr>\n<td align=\"center\" bgcolor=\"#eeeeee\"><span style=\"font-family: tahoma, verdana, arial, helvetica, sans-serif; font-size: small;\">10.00 (Quilmes)<\/span><\/td>\n<td align=\"center\" bgcolor=\"#eeeeee\"><span style=\"font-family: tahoma, verdana, arial, helvetica, sans-serif; font-size: small;\">Mar del Plata<\/span><\/td>\n<td align=\"center\" bgcolor=\"#eeeeee\"><span style=\"font-family: tahoma, verdana, arial, helvetica, sans-serif; font-size: small;\">41-49<\/span><\/td>\n<td align=\"center\" bgcolor=\"#eeeeee\"><span style=\"font-family: tahoma, verdana, arial, helvetica, sans-serif; font-size: small;\">Esteban Echeverr\u00eda<\/span><\/td>\n<\/tr>\n<tr>\n<td align=\"center\" bgcolor=\"#095abf\"><span style=\"font-family: tahoma, verdana, arial, helvetica, sans-serif; font-size: small;\">****************<\/span><\/td>\n<td align=\"center\" bgcolor=\"#095abf\"><span style=\"font-family: tahoma, verdana, arial, helvetica, sans-serif; font-size: small;\">********************<\/span><\/td>\n<td align=\"center\" bgcolor=\"#095abf\"><span style=\"font-family: tahoma, verdana, arial, helvetica, sans-serif; font-size: small;\">******<\/span><\/td>\n<td align=\"center\" bgcolor=\"#095abf\"><span style=\"font-family: tahoma, verdana, arial, helvetica, sans-serif; font-size: small;\">********************<\/span><\/td>\n<\/tr>\n<\/tbody>\n<\/table>\n<p>&nbsp;<\/p>\n<table width=\"100%\" border=\"2\">\n<tbody>\n<tr>\n<td align=\"center\" bgcolor=\"#095abf\"><span style=\"color: #ffffff; font-family: tahoma, verdana, arial, helvetica, sans-serif; font-size: small;\"><strong>FECHA 3 &#8211; Domingo 24\/05\/2015<\/strong><\/span><\/td>\n<\/tr>\n<\/tbody>\n<\/table>\n<table width=\"100%\" border=\"2\">\n<tbody>\n<tr>\n<td align=\"center\" bgcolor=\"#e87006\"><span style=\"color: #000000; font-family: tahoma, verdana, arial, helvetica, sans-serif; font-size: small;\"><strong>HORA \/ SEDE<\/strong><\/span><\/td>\n<td align=\"center\" bgcolor=\"#e87006\"><span style=\"color: #000000; font-family: tahoma, verdana, arial, helvetica, sans-serif; font-size: small;\"><strong>LOCAL<\/strong><\/span><\/td>\n<td align=\"center\" bgcolor=\"#000000\"><span style=\"color: #ffffff; font-family: tahoma, verdana, arial, helvetica, sans-serif; font-size: small;\"><strong>RES<\/strong><\/span><\/td>\n<td align=\"center\" bgcolor=\"#e87006\"><span style=\"color: #000000; font-family: tahoma, verdana, arial, helvetica, sans-serif; font-size: small;\"><strong>VISITANTE<\/strong><\/span><\/td>\n<\/tr>\n<tr>\n<td align=\"center\" bgcolor=\"#dcdcdc\"><span style=\"font-family: tahoma, verdana, arial, helvetica, sans-serif; font-size: small;\">18.00 (Sporting)<\/span><\/td>\n<td align=\"center\" bgcolor=\"#dcdcdc\"><span style=\"font-family: tahoma, verdana, arial, helvetica, sans-serif; font-size: small;\">Esteban Echeverr\u00eda<\/span><\/td>\n<td align=\"center\" bgcolor=\"#dcdcdc\"><span style=\"font-family: tahoma, verdana, arial, helvetica, sans-serif; font-size: small;\">41-63<\/span><\/td>\n<td align=\"center\" bgcolor=\"#dcdcdc\"><span style=\"font-family: tahoma, verdana, arial, helvetica, sans-serif; font-size: small;\">Olavarr\u00eda<\/span><\/td>\n<\/tr>\n<tr>\n<td align=\"center\" bgcolor=\"#eeeeee\"><span style=\"font-family: tahoma, verdana, arial, helvetica, sans-serif; font-size: small;\">19.00 (Quilmes)<\/span><\/td>\n<td align=\"center\" bgcolor=\"#eeeeee\"><span style=\"font-family: tahoma, verdana, arial, helvetica, sans-serif; font-size: small;\">Mar del Plata<\/span><\/td>\n<td align=\"center\" bgcolor=\"#eeeeee\"><span style=\"font-family: tahoma, verdana, arial, helvetica, sans-serif; font-size: small;\">47-63<\/span><\/td>\n<td align=\"center\" bgcolor=\"#eeeeee\"><span style=\"font-family: tahoma, verdana, arial, helvetica, sans-serif; font-size: small;\">Bah\u00eda Blanca<\/span><\/td>\n<\/tr>\n<tr>\n<td align=\"center\" bgcolor=\"#095abf\"><span style=\"font-family: tahoma, verdana, arial, helvetica, sans-serif; font-size: small;\">****************<\/span><\/td>\n<td align=\"center\" bgcolor=\"#095abf\"><span style=\"font-family: tahoma, verdana, arial, helvetica, sans-serif; font-size: small;\">********************<\/span><\/td>\n<td align=\"center\" bgcolor=\"#095abf\"><span style=\"font-family: tahoma, verdana, arial, helvetica, sans-serif; font-size: small;\">******<\/span><\/td>\n<td align=\"center\" bgcolor=\"#095abf\"><span style=\"font-family: tahoma, verdana, arial, helvetica, sans-serif; font-size: small;\">********************<\/span><\/td>\n<\/tr>\n<\/tbody>\n<\/table>\n<p>&nbsp;<\/p>\n<h6><\/h6>\n<h6><span style=\"font-size: 14px; line-height: 1.5em;\">\u00a0<\/span><\/h6>\n<h4 style=\"text-align: center;\">SELECCI\u00d3N BAH\u00cdA BLANCA U17<\/h4>\n<table width=\"100%\" border=\"2\">\n<tbody>\n<tr>\n<td align=\"center\" bgcolor=\"#ececec\"><a href=\"http:\/\/www.gentedebasquet.com.ar\/wp-content\/uploads\/2015\/05\/4-Malena-Garc\u00eda.jpg\"><img decoding=\"async\" class=\"aligncenter size-full wp-image-45811\" alt=\"4 Malena Garc\u00eda\" src=\"http:\/\/www.gentedebasquet.com.ar\/wp-content\/uploads\/2015\/05\/4-Malena-Garc\u00eda.jpg\" width=\"200\" height=\"200\" \/><\/a><\/td>\n<td align=\"center\" bgcolor=\"#ececec\"><a href=\"http:\/\/www.gentedebasquet.com.ar\/wp-content\/uploads\/2015\/05\/5-Camila-Bay\u00f3n.jpg\"><img decoding=\"async\" class=\"aligncenter size-full wp-image-45812\" alt=\"5 Camila Bay\u00f3n\" src=\"http:\/\/www.gentedebasquet.com.ar\/wp-content\/uploads\/2015\/05\/5-Camila-Bay\u00f3n.jpg\" width=\"200\" height=\"200\" \/><\/a><\/td>\n<td align=\"center\" bgcolor=\"#ececec\"><a href=\"http:\/\/www.gentedebasquet.com.ar\/wp-content\/uploads\/2015\/05\/6-Ainzara-Minieri.jpg\"><img decoding=\"async\" class=\"aligncenter size-full wp-image-45813\" alt=\"6 Ainzara Minieri\" src=\"http:\/\/www.gentedebasquet.com.ar\/wp-content\/uploads\/2015\/05\/6-Ainzara-Minieri.jpg\" width=\"200\" height=\"200\" srcset=\"https:\/\/gentedebasquet.com.ar\/sitio\/wp-content\/uploads\/2015\/05\/6-Ainzara-Minieri.jpg 200w, https:\/\/gentedebasquet.com.ar\/sitio\/wp-content\/uploads\/2015\/05\/6-Ainzara-Minieri-150x150.jpg 150w\" sizes=\"(max-width: 200px) 100vw, 200px\" \/><\/a><\/td>\n<\/tr>\n<tr>\n<td align=\"center\" bgcolor=\"#000000\"><span style=\"color: #ffffff;\">4- Malena GARC\u00cdA<\/span><\/td>\n<td align=\"center\" bgcolor=\"#000000\"><span style=\"color: #ffffff;\">5- Camila BAY\u00d3N<\/span><\/td>\n<td align=\"center\" bgcolor=\"#000000\"><span style=\"color: #ffffff;\">6- Ainzara MINIERI<\/span><\/td>\n<\/tr>\n<tr>\n<td align=\"center\" bgcolor=\"#ffffff\">Base &#8211; Barracas<\/td>\n<td align=\"center\" bgcolor=\"#ffffff\">Ala Pivot &#8211; Barracas<\/td>\n<td align=\"center\" bgcolor=\"#ffffff\">Ala Pivot &#8211; Barracas<\/td>\n<\/tr>\n<tr>\n<td align=\"center\" bgcolor=\"#ffffff\">Bah\u00eda Blanca &#8211; 07\/05\/2000<\/td>\n<td align=\"center\" bgcolor=\"#ffffff\">Bah\u00eda Blanca &#8211; 05\/07\/1999<\/td>\n<td align=\"center\" bgcolor=\"#ffffff\">Bah\u00eda Blanca &#8211; 24\/07\/1998<\/td>\n<\/tr>\n<tr>\n<td align=\"center\" bgcolor=\"#ececec\"><a href=\"http:\/\/www.gentedebasquet.com.ar\/wp-content\/uploads\/2015\/05\/7-Valentina-Pel\u00e1ez.jpg\"><img decoding=\"async\" class=\"aligncenter size-full wp-image-45814\" alt=\"7 Valentina Pel\u00e1ez\" src=\"http:\/\/www.gentedebasquet.com.ar\/wp-content\/uploads\/2015\/05\/7-Valentina-Pel\u00e1ez.jpg\" width=\"200\" height=\"200\" \/><\/a><\/td>\n<td align=\"center\" bgcolor=\"#ececec\"><a href=\"http:\/\/www.gentedebasquet.com.ar\/wp-content\/uploads\/2015\/05\/8-Ileana-Corval\u00e1n.jpg\"><img decoding=\"async\" class=\"aligncenter size-full wp-image-45815\" alt=\"8 Ileana Corval\u00e1n\" src=\"http:\/\/www.gentedebasquet.com.ar\/wp-content\/uploads\/2015\/05\/8-Ileana-Corval\u00e1n.jpg\" width=\"200\" height=\"200\" \/><\/a><\/td>\n<td align=\"center\" bgcolor=\"#ececec\"><a href=\"http:\/\/www.gentedebasquet.com.ar\/wp-content\/uploads\/2015\/05\/9-Marianella-Leal.jpg\"><img decoding=\"async\" class=\"aligncenter size-full wp-image-45816\" alt=\"9 Marianella Leal\" src=\"http:\/\/www.gentedebasquet.com.ar\/wp-content\/uploads\/2015\/05\/9-Marianella-Leal.jpg\" width=\"200\" height=\"200\" srcset=\"https:\/\/gentedebasquet.com.ar\/sitio\/wp-content\/uploads\/2015\/05\/9-Marianella-Leal.jpg 200w, https:\/\/gentedebasquet.com.ar\/sitio\/wp-content\/uploads\/2015\/05\/9-Marianella-Leal-150x150.jpg 150w\" sizes=\"(max-width: 200px) 100vw, 200px\" \/><\/a><\/td>\n<\/tr>\n<tr>\n<td align=\"center\" bgcolor=\"#000000\"><span style=\"color: #ffffff;\">7- Valentina PEL\u00c1EZ<\/span><\/td>\n<td align=\"center\" bgcolor=\"#000000\"><span style=\"color: #ffffff;\">8- Ileana CORVAL\u00c1N<\/span><\/td>\n<td align=\"center\" bgcolor=\"#000000\"><span style=\"color: #ffffff;\">9- Marianella LEAL<\/span><\/td>\n<\/tr>\n<tr>\n<td align=\"center\" bgcolor=\"#ffffff\">Escolta &#8211; Independiente<\/td>\n<td align=\"center\" bgcolor=\"#ffffff\">Escolta &#8211; Barracas<\/td>\n<td align=\"center\" bgcolor=\"#ffffff\">Pivot &#8211; Independiente<\/td>\n<\/tr>\n<tr>\n<td align=\"center\" bgcolor=\"#ffffff\">Bah\u00eda Blanca &#8211; 03\/02\/1999<\/td>\n<td align=\"center\" bgcolor=\"#ffffff\">Bah\u00eda Blanca &#8211; 26\/08\/1999<\/td>\n<td align=\"center\" bgcolor=\"#ffffff\">Bah\u00eda Blanca &#8211; 05\/02\/1999<\/td>\n<\/tr>\n<tr>\n<td align=\"center\" bgcolor=\"#ececec\"><a href=\"http:\/\/www.gentedebasquet.com.ar\/wp-content\/uploads\/2015\/05\/10-B\u00e1rbara-Cunningham.jpg\"><img decoding=\"async\" class=\"aligncenter size-full wp-image-45817\" alt=\"10 B\u00e1rbara Cunningham\" src=\"http:\/\/www.gentedebasquet.com.ar\/wp-content\/uploads\/2015\/05\/10-B\u00e1rbara-Cunningham.jpg\" width=\"200\" height=\"200\" \/><\/a><\/td>\n<td align=\"center\" bgcolor=\"#ececec\"><a href=\"http:\/\/www.gentedebasquet.com.ar\/wp-content\/uploads\/2015\/05\/11-Camila-Cabrera.jpg\"><img decoding=\"async\" class=\"aligncenter size-full wp-image-45818\" alt=\"11 Camila Cabrera\" src=\"http:\/\/www.gentedebasquet.com.ar\/wp-content\/uploads\/2015\/05\/11-Camila-Cabrera.jpg\" width=\"200\" height=\"200\" srcset=\"https:\/\/gentedebasquet.com.ar\/sitio\/wp-content\/uploads\/2015\/05\/11-Camila-Cabrera.jpg 200w, https:\/\/gentedebasquet.com.ar\/sitio\/wp-content\/uploads\/2015\/05\/11-Camila-Cabrera-150x150.jpg 150w\" sizes=\"(max-width: 200px) 100vw, 200px\" \/><\/a><\/td>\n<td align=\"center\" bgcolor=\"#ececec\"><a href=\"http:\/\/www.gentedebasquet.com.ar\/wp-content\/uploads\/2015\/05\/12-Amparo-Mu\u00f1\u00f3z.jpg\"><img decoding=\"async\" class=\"aligncenter size-full wp-image-45819\" alt=\"12 Amparo Mu\u00f1\u00f3z\" src=\"http:\/\/www.gentedebasquet.com.ar\/wp-content\/uploads\/2015\/05\/12-Amparo-Mu\u00f1\u00f3z.jpg\" width=\"200\" height=\"200\" \/><\/a><\/td>\n<\/tr>\n<tr>\n<td align=\"center\" bgcolor=\"#000000\"><span style=\"color: #ffffff;\">10- B\u00e1rbara CUNNINGHAM<\/span><\/td>\n<td align=\"center\" bgcolor=\"#000000\"><span style=\"color: #ffffff;\">11- Camila CABRERA<\/span><\/td>\n<td align=\"center\" bgcolor=\"#000000\"><span style=\"color: #ffffff;\">12- Amparo MU\u00d1\u00d3Z<\/span><\/td>\n<\/tr>\n<tr>\n<td align=\"center\" bgcolor=\"#ffffff\">Base &#8211; Barracas<\/td>\n<td align=\"center\" bgcolor=\"#ffffff\">Alero &#8211; Barracas<\/td>\n<td align=\"center\" bgcolor=\"#ffffff\">Alero &#8211; 9 de Julio<\/td>\n<\/tr>\n<tr>\n<td align=\"center\" bgcolor=\"#ffffff\">Bah\u00eda Blanca &#8211; 24\/11\/1998<\/td>\n<td align=\"center\" bgcolor=\"#ffffff\">Bah\u00eda Blanca &#8211; 27\/04\/1999<\/td>\n<td align=\"center\" bgcolor=\"#ffffff\">Bah\u00eda Blanca &#8211; 06\/11\/1999<\/td>\n<\/tr>\n<tr>\n<td align=\"center\" bgcolor=\"#ececec\"><a href=\"http:\/\/www.gentedebasquet.com.ar\/wp-content\/uploads\/2015\/05\/13-Candelaria-V\u00e1zquez.jpg\"><img decoding=\"async\" class=\"aligncenter size-full wp-image-45820\" alt=\"13 Candelaria V\u00e1zquez\" src=\"http:\/\/www.gentedebasquet.com.ar\/wp-content\/uploads\/2015\/05\/13-Candelaria-V\u00e1zquez.jpg\" width=\"200\" height=\"200\" \/><\/a><\/td>\n<td align=\"center\" bgcolor=\"#ececec\"><a href=\"http:\/\/www.gentedebasquet.com.ar\/wp-content\/uploads\/2015\/05\/14-Camila-Maisterrena.jpg\"><img decoding=\"async\" class=\"aligncenter size-full wp-image-45821\" alt=\"14 Camila Maisterrena\" src=\"http:\/\/www.gentedebasquet.com.ar\/wp-content\/uploads\/2015\/05\/14-Camila-Maisterrena.jpg\" width=\"200\" height=\"200\" srcset=\"https:\/\/gentedebasquet.com.ar\/sitio\/wp-content\/uploads\/2015\/05\/14-Camila-Maisterrena.jpg 200w, https:\/\/gentedebasquet.com.ar\/sitio\/wp-content\/uploads\/2015\/05\/14-Camila-Maisterrena-150x150.jpg 150w\" sizes=\"(max-width: 200px) 100vw, 200px\" \/><\/a><\/td>\n<td align=\"center\" bgcolor=\"#ececec\"><a href=\"http:\/\/www.gentedebasquet.com.ar\/wp-content\/uploads\/2015\/05\/15-Roc\u00edo-Garc\u00eda.jpg\"><img decoding=\"async\" class=\"aligncenter size-full wp-image-45822\" alt=\"15 Roc\u00edo Garc\u00eda\" src=\"http:\/\/www.gentedebasquet.com.ar\/wp-content\/uploads\/2015\/05\/15-Roc\u00edo-Garc\u00eda.jpg\" width=\"200\" height=\"200\" \/><\/a><\/td>\n<\/tr>\n<tr>\n<td align=\"center\" bgcolor=\"#000000\"><span style=\"color: #ffffff;\">13- Candelaria V\u00c1ZQUEZ<\/span><\/td>\n<td align=\"center\" bgcolor=\"#000000\"><span style=\"color: #ffffff;\">14- Camila MAISTERRENA<\/span><\/td>\n<td align=\"center\" bgcolor=\"#000000\"><span style=\"color: #ffffff;\">15- Roc\u00edo GARC\u00cdA<\/span><\/td>\n<\/tr>\n<tr>\n<td align=\"center\" bgcolor=\"#ffffff\">Alero &#8211; Barracas<\/td>\n<td align=\"center\" bgcolor=\"#ffffff\">Pivot &#8211; Barracas<\/td>\n<td align=\"center\" bgcolor=\"#ffffff\">Escolta &#8211; Barracas<\/td>\n<\/tr>\n<tr>\n<td align=\"center\" bgcolor=\"#ffffff\">Bah\u00eda Blanca &#8211; 10\/07\/1999<\/td>\n<td align=\"center\" bgcolor=\"#ffffff\">Bah\u00eda Blanca &#8211; \u00a029\/08\/2000<\/td>\n<td align=\"center\" bgcolor=\"#ffffff\">Bah\u00eda Blanca &#8211; 26\/06\/1998<\/td>\n<\/tr>\n<tr>\n<td align=\"center\" bgcolor=\"#ececec\"><a href=\"http:\/\/www.gentedebasquet.com.ar\/wp-content\/uploads\/2015\/05\/DT-Gabriel-M\u00e9rida.jpg\"><img decoding=\"async\" class=\"aligncenter size-full wp-image-45824\" alt=\"DT Gabriel M\u00e9rida\" src=\"http:\/\/www.gentedebasquet.com.ar\/wp-content\/uploads\/2015\/05\/DT-Gabriel-M\u00e9rida.jpg\" width=\"200\" height=\"200\" \/><\/a><\/td>\n<td align=\"center\" bgcolor=\"#ececec\"><a href=\"http:\/\/www.gentedebasquet.com.ar\/wp-content\/uploads\/2015\/05\/AT-Juan-Iturralde.jpg\"><img decoding=\"async\" class=\"aligncenter size-full wp-image-45823\" alt=\"AT Juan Iturralde\" src=\"http:\/\/www.gentedebasquet.com.ar\/wp-content\/uploads\/2015\/05\/AT-Juan-Iturralde.jpg\" width=\"200\" height=\"200\" srcset=\"https:\/\/gentedebasquet.com.ar\/sitio\/wp-content\/uploads\/2015\/05\/AT-Juan-Iturralde.jpg 200w, https:\/\/gentedebasquet.com.ar\/sitio\/wp-content\/uploads\/2015\/05\/AT-Juan-Iturralde-150x150.jpg 150w\" sizes=\"(max-width: 200px) 100vw, 200px\" \/><\/a><\/td>\n<td align=\"center\" bgcolor=\"#ececec\"><a href=\"http:\/\/www.gentedebasquet.com.ar\/wp-content\/uploads\/2015\/05\/ABB-Escudo.png\"><img decoding=\"async\" class=\"aligncenter size-full wp-image-45826\" alt=\"ABB - Escudo\" src=\"http:\/\/www.gentedebasquet.com.ar\/wp-content\/uploads\/2015\/05\/ABB-Escudo.png\" width=\"200\" height=\"141\" \/><\/a><\/td>\n<\/tr>\n<tr>\n<td align=\"center\" bgcolor=\"#000000\"><span style=\"color: #ffffff;\">Gabriel M\u00c9RIDA<\/span><\/td>\n<td align=\"center\" bgcolor=\"#000000\"><span style=\"color: #ffffff;\">Juan G. ITURRALDE<\/span><\/td>\n<td align=\"center\" bgcolor=\"#000000\"><span style=\"color: #ffffff;\">ASOCIACI\u00d3N<\/span><\/td>\n<\/tr>\n<tr>\n<td align=\"center\" bgcolor=\"#ffffff\">Entrenador<\/td>\n<td align=\"center\" bgcolor=\"#ffffff\">Asistente<\/td>\n<td align=\"center\" bgcolor=\"#ffffff\">BAHIENSE DE<\/td>\n<\/tr>\n<tr>\n<td align=\"center\" bgcolor=\"#ffffff\">Bah\u00eda Blanca &#8211; 29\/10\/1985<\/td>\n<td align=\"center\" bgcolor=\"#ffffff\">Bah\u00eda Blanca &#8211; 19\/05\/1986<\/td>\n<td align=\"center\" bgcolor=\"#ffffff\">B\u00c1SQUETBOL<\/td>\n<\/tr>\n<\/tbody>\n<\/table>\n<p><strong>Fotos:<\/strong> Romina Sald\u00edas y\u00a0B\u00e1rbara Cunningham.<\/p>\n","protected":false},"excerpt":{"rendered":"<p>Bah\u00eda venci\u00f3 a Mar del Plata y se coron\u00f3 campe\u00f3n del Provincial U17 femenino<\/p>\n","protected":false},"author":1,"featured_media":45935,"comment_status":"closed","ping_status":"open","sticky":false,"template":"","format":"standard","meta":{"jnews-multi-image_gallery":[],"jnews_single_post":[],"jnews_primary_category":[],"footnotes":""},"categories":[59,428,33,101],"tags":[70,636,110],"class_list":["post-45777","post","type-post","status-publish","format-standard","has-post-thumbnail","hentry","category-bahia-2","category-bahiau17","category-femenino","category-slide","tag-bahia-blanca","tag-mar-del-plata","tag-provincial-u17"],"yoast_head":"<!-- This site is optimized with the Yoast SEO plugin v27.5 - https:\/\/yoast.com\/product\/yoast-seo-wordpress\/ -->\n<title>Pegaron la vuelta - Gente de B\u00e1squet<\/title>\n<meta name=\"robots\" content=\"index, follow, max-snippet:-1, max-image-preview:large, max-video-preview:-1\" \/>\n<link rel=\"canonical\" href=\"https:\/\/gentedebasquet.com.ar\/sitio\/2015\/05\/24\/pegaron-la-vuelta\/\" \/>\n<meta property=\"og:locale\" content=\"es_ES\" \/>\n<meta property=\"og:type\" content=\"article\" \/>\n<meta property=\"og:title\" content=\"Pegaron la vuelta - Gente de B\u00e1squet\" \/>\n<meta property=\"og:description\" content=\"Bah\u00eda venci\u00f3 a Mar del Plata y se coron\u00f3 campe\u00f3n del Provincial U17 femenino\" \/>\n<meta property=\"og:url\" content=\"https:\/\/gentedebasquet.com.ar\/sitio\/2015\/05\/24\/pegaron-la-vuelta\/\" \/>\n<meta property=\"og:site_name\" content=\"Gente de B\u00e1squet\" \/>\n<meta property=\"article:published_time\" content=\"2015-05-24T15:39:59+00:00\" \/>\n<meta property=\"og:image\" content=\"https:\/\/gentedebasquet.com.ar\/sitio\/wp-content\/uploads\/2015\/05\/11295745_10205349027676711_111058302476218317_n.jpg\" \/>\n\t<meta property=\"og:image:width\" content=\"690\" \/>\n\t<meta property=\"og:image:height\" content=\"319\" \/>\n\t<meta property=\"og:image:type\" content=\"image\/jpeg\" \/>\n<meta name=\"author\" content=\"Gente de B\u00e1squet\" \/>\n<meta name=\"twitter:card\" content=\"summary_large_image\" \/>\n<meta name=\"twitter:label1\" content=\"Escrito por\" \/>\n\t<meta name=\"twitter:data1\" content=\"Gente de B\u00e1squet\" \/>\n\t<meta name=\"twitter:label2\" content=\"Tiempo de lectura\" \/>\n\t<meta name=\"twitter:data2\" content=\"2 minutos\" \/>\n<script type=\"application\/ld+json\" class=\"yoast-schema-graph\">{\"@context\":\"https:\\\/\\\/schema.org\",\"@graph\":[{\"@type\":\"Article\",\"@id\":\"https:\\\/\\\/gentedebasquet.com.ar\\\/sitio\\\/2015\\\/05\\\/24\\\/pegaron-la-vuelta\\\/#article\",\"isPartOf\":{\"@id\":\"https:\\\/\\\/gentedebasquet.com.ar\\\/sitio\\\/2015\\\/05\\\/24\\\/pegaron-la-vuelta\\\/\"},\"author\":{\"name\":\"Gente de B\u00e1squet\",\"@id\":\"https:\\\/\\\/gentedebasquet.com.ar\\\/sitio\\\/#\\\/schema\\\/person\\\/ca0b63bbb977369988a7bbbdc519943a\"},\"headline\":\"Pegaron la vuelta\",\"datePublished\":\"2015-05-24T15:39:59+00:00\",\"mainEntityOfPage\":{\"@id\":\"https:\\\/\\\/gentedebasquet.com.ar\\\/sitio\\\/2015\\\/05\\\/24\\\/pegaron-la-vuelta\\\/\"},\"wordCount\":466,\"image\":{\"@id\":\"https:\\\/\\\/gentedebasquet.com.ar\\\/sitio\\\/2015\\\/05\\\/24\\\/pegaron-la-vuelta\\\/#primaryimage\"},\"thumbnailUrl\":\"https:\\\/\\\/gentedebasquet.com.ar\\\/sitio\\\/wp-content\\\/uploads\\\/2015\\\/05\\\/11295745_10205349027676711_111058302476218317_n.jpg\",\"keywords\":[\"Bah\u00eda Blanca\",\"Mar del Plata\",\"Provincial U17\"],\"articleSection\":[\"#Bah\u00eda\",\"#Bah\u00edaU17\",\"Femenino\",\"Slide\"],\"inLanguage\":\"es\"},{\"@type\":\"WebPage\",\"@id\":\"https:\\\/\\\/gentedebasquet.com.ar\\\/sitio\\\/2015\\\/05\\\/24\\\/pegaron-la-vuelta\\\/\",\"url\":\"https:\\\/\\\/gentedebasquet.com.ar\\\/sitio\\\/2015\\\/05\\\/24\\\/pegaron-la-vuelta\\\/\",\"name\":\"Pegaron la vuelta - Gente de B\u00e1squet\",\"isPartOf\":{\"@id\":\"https:\\\/\\\/gentedebasquet.com.ar\\\/sitio\\\/#website\"},\"primaryImageOfPage\":{\"@id\":\"https:\\\/\\\/gentedebasquet.com.ar\\\/sitio\\\/2015\\\/05\\\/24\\\/pegaron-la-vuelta\\\/#primaryimage\"},\"image\":{\"@id\":\"https:\\\/\\\/gentedebasquet.com.ar\\\/sitio\\\/2015\\\/05\\\/24\\\/pegaron-la-vuelta\\\/#primaryimage\"},\"thumbnailUrl\":\"https:\\\/\\\/gentedebasquet.com.ar\\\/sitio\\\/wp-content\\\/uploads\\\/2015\\\/05\\\/11295745_10205349027676711_111058302476218317_n.jpg\",\"datePublished\":\"2015-05-24T15:39:59+00:00\",\"author\":{\"@id\":\"https:\\\/\\\/gentedebasquet.com.ar\\\/sitio\\\/#\\\/schema\\\/person\\\/ca0b63bbb977369988a7bbbdc519943a\"},\"breadcrumb\":{\"@id\":\"https:\\\/\\\/gentedebasquet.com.ar\\\/sitio\\\/2015\\\/05\\\/24\\\/pegaron-la-vuelta\\\/#breadcrumb\"},\"inLanguage\":\"es\",\"potentialAction\":[{\"@type\":\"ReadAction\",\"target\":[\"https:\\\/\\\/gentedebasquet.com.ar\\\/sitio\\\/2015\\\/05\\\/24\\\/pegaron-la-vuelta\\\/\"]}]},{\"@type\":\"ImageObject\",\"inLanguage\":\"es\",\"@id\":\"https:\\\/\\\/gentedebasquet.com.ar\\\/sitio\\\/2015\\\/05\\\/24\\\/pegaron-la-vuelta\\\/#primaryimage\",\"url\":\"https:\\\/\\\/gentedebasquet.com.ar\\\/sitio\\\/wp-content\\\/uploads\\\/2015\\\/05\\\/11295745_10205349027676711_111058302476218317_n.jpg\",\"contentUrl\":\"https:\\\/\\\/gentedebasquet.com.ar\\\/sitio\\\/wp-content\\\/uploads\\\/2015\\\/05\\\/11295745_10205349027676711_111058302476218317_n.jpg\",\"width\":690,\"height\":319},{\"@type\":\"BreadcrumbList\",\"@id\":\"https:\\\/\\\/gentedebasquet.com.ar\\\/sitio\\\/2015\\\/05\\\/24\\\/pegaron-la-vuelta\\\/#breadcrumb\",\"itemListElement\":[{\"@type\":\"ListItem\",\"position\":1,\"name\":\"Portada\",\"item\":\"https:\\\/\\\/gentedebasquet.com.ar\\\/sitio\\\/\"},{\"@type\":\"ListItem\",\"position\":2,\"name\":\"Pegaron la vuelta\"}]},{\"@type\":\"WebSite\",\"@id\":\"https:\\\/\\\/gentedebasquet.com.ar\\\/sitio\\\/#website\",\"url\":\"https:\\\/\\\/gentedebasquet.com.ar\\\/sitio\\\/\",\"name\":\"Gente de B\u00e1squet\",\"description\":\"La revista del basquet de Bah\u00eda Blanca\",\"potentialAction\":[{\"@type\":\"SearchAction\",\"target\":{\"@type\":\"EntryPoint\",\"urlTemplate\":\"https:\\\/\\\/gentedebasquet.com.ar\\\/sitio\\\/?s={search_term_string}\"},\"query-input\":{\"@type\":\"PropertyValueSpecification\",\"valueRequired\":true,\"valueName\":\"search_term_string\"}}],\"inLanguage\":\"es\"},{\"@type\":\"Person\",\"@id\":\"https:\\\/\\\/gentedebasquet.com.ar\\\/sitio\\\/#\\\/schema\\\/person\\\/ca0b63bbb977369988a7bbbdc519943a\",\"name\":\"Gente de B\u00e1squet\",\"image\":{\"@type\":\"ImageObject\",\"inLanguage\":\"es\",\"@id\":\"https:\\\/\\\/secure.gravatar.com\\\/avatar\\\/7f2c48bdc33b30088f941fb6082e555f2874c98e20cb159d7b92b50eadfce793?s=96&d=mm&r=g\",\"url\":\"https:\\\/\\\/secure.gravatar.com\\\/avatar\\\/7f2c48bdc33b30088f941fb6082e555f2874c98e20cb159d7b92b50eadfce793?s=96&d=mm&r=g\",\"contentUrl\":\"https:\\\/\\\/secure.gravatar.com\\\/avatar\\\/7f2c48bdc33b30088f941fb6082e555f2874c98e20cb159d7b92b50eadfce793?s=96&d=mm&r=g\",\"caption\":\"Gente de B\u00e1squet\"},\"sameAs\":[\"http:\\\/\\\/gentedebasquet.com.ar\\\/sitio\"],\"url\":\"https:\\\/\\\/gentedebasquet.com.ar\\\/sitio\\\/author\\\/ulises\\\/\"}]}<\/script>\n<!-- \/ Yoast SEO plugin. -->","yoast_head_json":{"title":"Pegaron la vuelta - Gente de B\u00e1squet","robots":{"index":"index","follow":"follow","max-snippet":"max-snippet:-1","max-image-preview":"max-image-preview:large","max-video-preview":"max-video-preview:-1"},"canonical":"https:\/\/gentedebasquet.com.ar\/sitio\/2015\/05\/24\/pegaron-la-vuelta\/","og_locale":"es_ES","og_type":"article","og_title":"Pegaron la vuelta - Gente de B\u00e1squet","og_description":"Bah\u00eda venci\u00f3 a Mar del Plata y se coron\u00f3 campe\u00f3n del Provincial U17 femenino","og_url":"https:\/\/gentedebasquet.com.ar\/sitio\/2015\/05\/24\/pegaron-la-vuelta\/","og_site_name":"Gente de B\u00e1squet","article_published_time":"2015-05-24T15:39:59+00:00","og_image":[{"width":690,"height":319,"url":"https:\/\/gentedebasquet.com.ar\/sitio\/wp-content\/uploads\/2015\/05\/11295745_10205349027676711_111058302476218317_n.jpg","type":"image\/jpeg"}],"author":"Gente de B\u00e1squet","twitter_card":"summary_large_image","twitter_misc":{"Escrito por":"Gente de B\u00e1squet","Tiempo de lectura":"2 minutos"},"schema":{"@context":"https:\/\/schema.org","@graph":[{"@type":"Article","@id":"https:\/\/gentedebasquet.com.ar\/sitio\/2015\/05\/24\/pegaron-la-vuelta\/#article","isPartOf":{"@id":"https:\/\/gentedebasquet.com.ar\/sitio\/2015\/05\/24\/pegaron-la-vuelta\/"},"author":{"name":"Gente de B\u00e1squet","@id":"https:\/\/gentedebasquet.com.ar\/sitio\/#\/schema\/person\/ca0b63bbb977369988a7bbbdc519943a"},"headline":"Pegaron la vuelta","datePublished":"2015-05-24T15:39:59+00:00","mainEntityOfPage":{"@id":"https:\/\/gentedebasquet.com.ar\/sitio\/2015\/05\/24\/pegaron-la-vuelta\/"},"wordCount":466,"image":{"@id":"https:\/\/gentedebasquet.com.ar\/sitio\/2015\/05\/24\/pegaron-la-vuelta\/#primaryimage"},"thumbnailUrl":"https:\/\/gentedebasquet.com.ar\/sitio\/wp-content\/uploads\/2015\/05\/11295745_10205349027676711_111058302476218317_n.jpg","keywords":["Bah\u00eda Blanca","Mar del Plata","Provincial U17"],"articleSection":["#Bah\u00eda","#Bah\u00edaU17","Femenino","Slide"],"inLanguage":"es"},{"@type":"WebPage","@id":"https:\/\/gentedebasquet.com.ar\/sitio\/2015\/05\/24\/pegaron-la-vuelta\/","url":"https:\/\/gentedebasquet.com.ar\/sitio\/2015\/05\/24\/pegaron-la-vuelta\/","name":"Pegaron la vuelta - Gente de B\u00e1squet","isPartOf":{"@id":"https:\/\/gentedebasquet.com.ar\/sitio\/#website"},"primaryImageOfPage":{"@id":"https:\/\/gentedebasquet.com.ar\/sitio\/2015\/05\/24\/pegaron-la-vuelta\/#primaryimage"},"image":{"@id":"https:\/\/gentedebasquet.com.ar\/sitio\/2015\/05\/24\/pegaron-la-vuelta\/#primaryimage"},"thumbnailUrl":"https:\/\/gentedebasquet.com.ar\/sitio\/wp-content\/uploads\/2015\/05\/11295745_10205349027676711_111058302476218317_n.jpg","datePublished":"2015-05-24T15:39:59+00:00","author":{"@id":"https:\/\/gentedebasquet.com.ar\/sitio\/#\/schema\/person\/ca0b63bbb977369988a7bbbdc519943a"},"breadcrumb":{"@id":"https:\/\/gentedebasquet.com.ar\/sitio\/2015\/05\/24\/pegaron-la-vuelta\/#breadcrumb"},"inLanguage":"es","potentialAction":[{"@type":"ReadAction","target":["https:\/\/gentedebasquet.com.ar\/sitio\/2015\/05\/24\/pegaron-la-vuelta\/"]}]},{"@type":"ImageObject","inLanguage":"es","@id":"https:\/\/gentedebasquet.com.ar\/sitio\/2015\/05\/24\/pegaron-la-vuelta\/#primaryimage","url":"https:\/\/gentedebasquet.com.ar\/sitio\/wp-content\/uploads\/2015\/05\/11295745_10205349027676711_111058302476218317_n.jpg","contentUrl":"https:\/\/gentedebasquet.com.ar\/sitio\/wp-content\/uploads\/2015\/05\/11295745_10205349027676711_111058302476218317_n.jpg","width":690,"height":319},{"@type":"BreadcrumbList","@id":"https:\/\/gentedebasquet.com.ar\/sitio\/2015\/05\/24\/pegaron-la-vuelta\/#breadcrumb","itemListElement":[{"@type":"ListItem","position":1,"name":"Portada","item":"https:\/\/gentedebasquet.com.ar\/sitio\/"},{"@type":"ListItem","position":2,"name":"Pegaron la vuelta"}]},{"@type":"WebSite","@id":"https:\/\/gentedebasquet.com.ar\/sitio\/#website","url":"https:\/\/gentedebasquet.com.ar\/sitio\/","name":"Gente de B\u00e1squet","description":"La revista del basquet de Bah\u00eda Blanca","potentialAction":[{"@type":"SearchAction","target":{"@type":"EntryPoint","urlTemplate":"https:\/\/gentedebasquet.com.ar\/sitio\/?s={search_term_string}"},"query-input":{"@type":"PropertyValueSpecification","valueRequired":true,"valueName":"search_term_string"}}],"inLanguage":"es"},{"@type":"Person","@id":"https:\/\/gentedebasquet.com.ar\/sitio\/#\/schema\/person\/ca0b63bbb977369988a7bbbdc519943a","name":"Gente de B\u00e1squet","image":{"@type":"ImageObject","inLanguage":"es","@id":"https:\/\/secure.gravatar.com\/avatar\/7f2c48bdc33b30088f941fb6082e555f2874c98e20cb159d7b92b50eadfce793?s=96&d=mm&r=g","url":"https:\/\/secure.gravatar.com\/avatar\/7f2c48bdc33b30088f941fb6082e555f2874c98e20cb159d7b92b50eadfce793?s=96&d=mm&r=g","contentUrl":"https:\/\/secure.gravatar.com\/avatar\/7f2c48bdc33b30088f941fb6082e555f2874c98e20cb159d7b92b50eadfce793?s=96&d=mm&r=g","caption":"Gente de B\u00e1squet"},"sameAs":["http:\/\/gentedebasquet.com.ar\/sitio"],"url":"https:\/\/gentedebasquet.com.ar\/sitio\/author\/ulises\/"}]}},"_links":{"self":[{"href":"https:\/\/gentedebasquet.com.ar\/sitio\/wp-json\/wp\/v2\/posts\/45777","targetHints":{"allow":["GET"]}}],"collection":[{"href":"https:\/\/gentedebasquet.com.ar\/sitio\/wp-json\/wp\/v2\/posts"}],"about":[{"href":"https:\/\/gentedebasquet.com.ar\/sitio\/wp-json\/wp\/v2\/types\/post"}],"author":[{"embeddable":true,"href":"https:\/\/gentedebasquet.com.ar\/sitio\/wp-json\/wp\/v2\/users\/1"}],"replies":[{"embeddable":true,"href":"https:\/\/gentedebasquet.com.ar\/sitio\/wp-json\/wp\/v2\/comments?post=45777"}],"version-history":[{"count":0,"href":"https:\/\/gentedebasquet.com.ar\/sitio\/wp-json\/wp\/v2\/posts\/45777\/revisions"}],"wp:featuredmedia":[{"embeddable":true,"href":"https:\/\/gentedebasquet.com.ar\/sitio\/wp-json\/wp\/v2\/media\/45935"}],"wp:attachment":[{"href":"https:\/\/gentedebasquet.com.ar\/sitio\/wp-json\/wp\/v2\/media?parent=45777"}],"wp:term":[{"taxonomy":"category","embeddable":true,"href":"https:\/\/gentedebasquet.com.ar\/sitio\/wp-json\/wp\/v2\/categories?post=45777"},{"taxonomy":"post_tag","embeddable":true,"href":"https:\/\/gentedebasquet.com.ar\/sitio\/wp-json\/wp\/v2\/tags?post=45777"}],"curies":[{"name":"wp","href":"https:\/\/api.w.org\/{rel}","templated":true}]}}