{"id":45839,"date":"2015-05-22T11:59:16","date_gmt":"2015-05-22T14:59:16","guid":{"rendered":"http:\/\/www.gentedebasquet.com.ar\/?p=45839"},"modified":"2015-05-22T11:59:16","modified_gmt":"2015-05-22T14:59:16","slug":"olimpo-va-por-el-match-point","status":"publish","type":"post","link":"https:\/\/gentedebasquet.com.ar\/sitio\/2015\/05\/22\/olimpo-va-por-el-match-point\/","title":{"rendered":"Olimpo va por el match point"},"content":{"rendered":"<p><strong>El aurinegro y el Calamar se enfrentar\u00e1n desde las 22 en el Tom\u00e1s, por el tercer punto de las finales del Torneo Federal que igualan 1 a 1. Quien gane podr\u00eda ascender al TNA el domingo, cuando se dispute el cuarto juego, nuevamente en el Tom\u00e1s. a\u00fan se venden entradas para socios en la sede de Sarmiento 52 y, desde una hora antes al comienzo del juego en el estadio. Gran expectativa.<\/strong><\/p>\n<p>El ritmo con el que se vendieron las entradas, las consultas del p\u00fablico en general y de aquellos que so\u00f1aron con esta actuaci\u00f3n de Olimpo generaron un clima propio de una final, la que est\u00e1n llevando adelante el aurinegro y Platense.<\/p>\n<p>Tras haber ganado el primer partido (90 a 72), en Vicente L\u00f3pez, Olimpo goza de la ventaja de local\u00eda; es decir, jugar\u00e1 este viernes desde las 22 y el pr\u00f3ximo domingo a las 21, en su estadio. Platense, que se adjudic\u00f3 el segundo punto (87 a 67), tiene la chance de ganar ambos en Bah\u00eda para ascender o quedarse con un partido y devolver la serie a su estadio, para disputar un quinto juego all\u00e1 por el jueves 28.<\/p>\n<p>Mart\u00edn Ib\u00e1\u00f1ez (Villa Constituci\u00f3n, Santa Fe), Guillermo Grondona (Moreno, Buenos Aires) y Gabriel Velasco (Trelew, Chubut) ser\u00e1n los jueces del tercer punto.<\/p>\n<p>Con su rotaci\u00f3n y defensa, Olimpo revirti\u00f3 un arranque complicado (8-0 y 20-9) para dominar el complemento y ponerse al frente 1-0. Piuma (21), Mor\u00e1n (16, 8 asistencias), Capponi (19, con 5\/7 3p) y Mar\u00edn (17) se destacaron en el comienzo de la serie.<\/p>\n<p>La ilusi\u00f3n tras\u00a0haber conseguido el primer partido\u00a0aliment\u00f3 la chance para que Olimpo viaje a Bah\u00eda Blanca con la llave 2 a 0. Pero tal como sucedi\u00f3 en aqu\u00e9l primer juego, al aurinegro le llev\u00f3 varias ofensivas anotar y Platense entr\u00f3 encendido, marcando el territorio y poni\u00e9ndose r\u00e1pidamente al mando (18-6 y 20-9) para asegurarse la victoria.<\/p>\n<p>Para el tercer punto, Franco Maceratesi dispondr\u00e1 de: Agust\u00edn S\u00e1nchez, Franco Ruesga, Juan Pablo Mor\u00e1n, Cristian Miguel, Lucas Mar\u00edn, Facundo Arens, Marcelo Piuma, Luciano Fortelli, Lucas Villanueva, Emilio Gim\u00e9nez, Lorenzo Capponi y Marcos Fern\u00e1ndez.<\/p>\n<p>Por su parte, Alejandro V\u00e1zquez contar\u00e1 con \u00a0Ignacio Romani, Lucas Gornatti, Sebasti\u00e1n Far\u00edas, Sebasti\u00e1n Sevegnani, Alejandro Pappalardi, Alfio Niello, Gabriel Fabi\u00e1n, Mat\u00edas Gornatti, Maximiliano Actis, Francisco D\u00edaz, Ayrton Delgado y Guillermo L\u00f3pez.<\/p>\n<p>Las entradas para socios de Olimpo se venden en la sede social de Sarmiento 52 entre las 9 y las 18 del viernes (y el s\u00e1bado en mismo horario para el juego del domingo). Los interesados deber\u00e1n presentar carn\u00e9 y cuota al d\u00eda. Valores: General, $40; Platea $100; Platea abonado, $70.<\/p>\n<p>En tanto, las entradas para no socios y visitantes se expender\u00e1n el d\u00eda del partido, desde una hora antes al comienzo del juego, a los siguientes valores: General, $60; Platea, $140.<\/p>\n<p><b>Fuente:<\/b> Prensa Olimpo Basket.<\/p>\n<p><strong>Foto:<\/strong> Platense B\u00e1squetbol.<\/p>\n","protected":false},"excerpt":{"rendered":"<p>A las 22, recibe a Platense por las finales del Federal que igualan 1 a 1<\/p>\n","protected":false},"author":1,"featured_media":45840,"comment_status":"closed","ping_status":"open","sticky":false,"template":"","format":"standard","meta":{"jnews-multi-image_gallery":[],"jnews_single_post":[],"jnews_primary_category":[],"footnotes":""},"categories":[36,39,101],"tags":[16,145,354],"class_list":["post-45839","post","type-post","status-publish","format-standard","has-post-thumbnail","hentry","category-federal","category-nacional","category-slide","tag-olimpo","tag-platense","tag-tfb"],"yoast_head":"<!-- This site is optimized with the Yoast SEO plugin v27.5 - https:\/\/yoast.com\/product\/yoast-seo-wordpress\/ -->\n<title>Olimpo va por el match point - Gente de B\u00e1squet<\/title>\n<meta name=\"robots\" content=\"index, follow, max-snippet:-1, max-image-preview:large, max-video-preview:-1\" \/>\n<link rel=\"canonical\" href=\"https:\/\/gentedebasquet.com.ar\/sitio\/2015\/05\/22\/olimpo-va-por-el-match-point\/\" \/>\n<meta property=\"og:locale\" content=\"es_ES\" \/>\n<meta property=\"og:type\" content=\"article\" \/>\n<meta property=\"og:title\" content=\"Olimpo va por el match point - Gente de B\u00e1squet\" \/>\n<meta property=\"og:description\" content=\"A las 22, recibe a Platense por las finales del Federal que igualan 1 a 1\" \/>\n<meta property=\"og:url\" content=\"https:\/\/gentedebasquet.com.ar\/sitio\/2015\/05\/22\/olimpo-va-por-el-match-point\/\" \/>\n<meta property=\"og:site_name\" content=\"Gente de B\u00e1squet\" \/>\n<meta property=\"article:published_time\" content=\"2015-05-22T14:59:16+00:00\" \/>\n<meta property=\"og:image\" content=\"https:\/\/gentedebasquet.com.ar\/sitio\/wp-content\/uploads\/2015\/05\/Moran.jpg\" \/>\n\t<meta property=\"og:image:width\" content=\"690\" \/>\n\t<meta property=\"og:image:height\" content=\"319\" \/>\n\t<meta property=\"og:image:type\" content=\"image\/jpeg\" \/>\n<meta name=\"author\" content=\"Gente de B\u00e1squet\" \/>\n<meta name=\"twitter:card\" content=\"summary_large_image\" \/>\n<meta name=\"twitter:label1\" content=\"Escrito por\" \/>\n\t<meta name=\"twitter:data1\" content=\"Gente de B\u00e1squet\" \/>\n\t<meta name=\"twitter:label2\" content=\"Tiempo de lectura\" \/>\n\t<meta name=\"twitter:data2\" content=\"2 minutos\" \/>\n<script type=\"application\/ld+json\" class=\"yoast-schema-graph\">{\"@context\":\"https:\\\/\\\/schema.org\",\"@graph\":[{\"@type\":\"Article\",\"@id\":\"https:\\\/\\\/gentedebasquet.com.ar\\\/sitio\\\/2015\\\/05\\\/22\\\/olimpo-va-por-el-match-point\\\/#article\",\"isPartOf\":{\"@id\":\"https:\\\/\\\/gentedebasquet.com.ar\\\/sitio\\\/2015\\\/05\\\/22\\\/olimpo-va-por-el-match-point\\\/\"},\"author\":{\"name\":\"Gente de B\u00e1squet\",\"@id\":\"https:\\\/\\\/gentedebasquet.com.ar\\\/sitio\\\/#\\\/schema\\\/person\\\/ca0b63bbb977369988a7bbbdc519943a\"},\"headline\":\"Olimpo va por el match point\",\"datePublished\":\"2015-05-22T14:59:16+00:00\",\"mainEntityOfPage\":{\"@id\":\"https:\\\/\\\/gentedebasquet.com.ar\\\/sitio\\\/2015\\\/05\\\/22\\\/olimpo-va-por-el-match-point\\\/\"},\"wordCount\":495,\"image\":{\"@id\":\"https:\\\/\\\/gentedebasquet.com.ar\\\/sitio\\\/2015\\\/05\\\/22\\\/olimpo-va-por-el-match-point\\\/#primaryimage\"},\"thumbnailUrl\":\"https:\\\/\\\/gentedebasquet.com.ar\\\/sitio\\\/wp-content\\\/uploads\\\/2015\\\/05\\\/Moran.jpg\",\"keywords\":[\"Ol\u00edmpo\",\"Platense\",\"TFB\"],\"articleSection\":[\"Federal\",\"Nacional\",\"Slide\"],\"inLanguage\":\"es\"},{\"@type\":\"WebPage\",\"@id\":\"https:\\\/\\\/gentedebasquet.com.ar\\\/sitio\\\/2015\\\/05\\\/22\\\/olimpo-va-por-el-match-point\\\/\",\"url\":\"https:\\\/\\\/gentedebasquet.com.ar\\\/sitio\\\/2015\\\/05\\\/22\\\/olimpo-va-por-el-match-point\\\/\",\"name\":\"Olimpo va por el match point - Gente de B\u00e1squet\",\"isPartOf\":{\"@id\":\"https:\\\/\\\/gentedebasquet.com.ar\\\/sitio\\\/#website\"},\"primaryImageOfPage\":{\"@id\":\"https:\\\/\\\/gentedebasquet.com.ar\\\/sitio\\\/2015\\\/05\\\/22\\\/olimpo-va-por-el-match-point\\\/#primaryimage\"},\"image\":{\"@id\":\"https:\\\/\\\/gentedebasquet.com.ar\\\/sitio\\\/2015\\\/05\\\/22\\\/olimpo-va-por-el-match-point\\\/#primaryimage\"},\"thumbnailUrl\":\"https:\\\/\\\/gentedebasquet.com.ar\\\/sitio\\\/wp-content\\\/uploads\\\/2015\\\/05\\\/Moran.jpg\",\"datePublished\":\"2015-05-22T14:59:16+00:00\",\"author\":{\"@id\":\"https:\\\/\\\/gentedebasquet.com.ar\\\/sitio\\\/#\\\/schema\\\/person\\\/ca0b63bbb977369988a7bbbdc519943a\"},\"breadcrumb\":{\"@id\":\"https:\\\/\\\/gentedebasquet.com.ar\\\/sitio\\\/2015\\\/05\\\/22\\\/olimpo-va-por-el-match-point\\\/#breadcrumb\"},\"inLanguage\":\"es\",\"potentialAction\":[{\"@type\":\"ReadAction\",\"target\":[\"https:\\\/\\\/gentedebasquet.com.ar\\\/sitio\\\/2015\\\/05\\\/22\\\/olimpo-va-por-el-match-point\\\/\"]}]},{\"@type\":\"ImageObject\",\"inLanguage\":\"es\",\"@id\":\"https:\\\/\\\/gentedebasquet.com.ar\\\/sitio\\\/2015\\\/05\\\/22\\\/olimpo-va-por-el-match-point\\\/#primaryimage\",\"url\":\"https:\\\/\\\/gentedebasquet.com.ar\\\/sitio\\\/wp-content\\\/uploads\\\/2015\\\/05\\\/Moran.jpg\",\"contentUrl\":\"https:\\\/\\\/gentedebasquet.com.ar\\\/sitio\\\/wp-content\\\/uploads\\\/2015\\\/05\\\/Moran.jpg\",\"width\":690,\"height\":319},{\"@type\":\"BreadcrumbList\",\"@id\":\"https:\\\/\\\/gentedebasquet.com.ar\\\/sitio\\\/2015\\\/05\\\/22\\\/olimpo-va-por-el-match-point\\\/#breadcrumb\",\"itemListElement\":[{\"@type\":\"ListItem\",\"position\":1,\"name\":\"Portada\",\"item\":\"https:\\\/\\\/gentedebasquet.com.ar\\\/sitio\\\/\"},{\"@type\":\"ListItem\",\"position\":2,\"name\":\"Olimpo va por el match point\"}]},{\"@type\":\"WebSite\",\"@id\":\"https:\\\/\\\/gentedebasquet.com.ar\\\/sitio\\\/#website\",\"url\":\"https:\\\/\\\/gentedebasquet.com.ar\\\/sitio\\\/\",\"name\":\"Gente de B\u00e1squet\",\"description\":\"La revista del basquet de Bah\u00eda Blanca\",\"potentialAction\":[{\"@type\":\"SearchAction\",\"target\":{\"@type\":\"EntryPoint\",\"urlTemplate\":\"https:\\\/\\\/gentedebasquet.com.ar\\\/sitio\\\/?s={search_term_string}\"},\"query-input\":{\"@type\":\"PropertyValueSpecification\",\"valueRequired\":true,\"valueName\":\"search_term_string\"}}],\"inLanguage\":\"es\"},{\"@type\":\"Person\",\"@id\":\"https:\\\/\\\/gentedebasquet.com.ar\\\/sitio\\\/#\\\/schema\\\/person\\\/ca0b63bbb977369988a7bbbdc519943a\",\"name\":\"Gente de B\u00e1squet\",\"image\":{\"@type\":\"ImageObject\",\"inLanguage\":\"es\",\"@id\":\"https:\\\/\\\/secure.gravatar.com\\\/avatar\\\/7f2c48bdc33b30088f941fb6082e555f2874c98e20cb159d7b92b50eadfce793?s=96&d=mm&r=g\",\"url\":\"https:\\\/\\\/secure.gravatar.com\\\/avatar\\\/7f2c48bdc33b30088f941fb6082e555f2874c98e20cb159d7b92b50eadfce793?s=96&d=mm&r=g\",\"contentUrl\":\"https:\\\/\\\/secure.gravatar.com\\\/avatar\\\/7f2c48bdc33b30088f941fb6082e555f2874c98e20cb159d7b92b50eadfce793?s=96&d=mm&r=g\",\"caption\":\"Gente de B\u00e1squet\"},\"sameAs\":[\"http:\\\/\\\/gentedebasquet.com.ar\\\/sitio\"],\"url\":\"https:\\\/\\\/gentedebasquet.com.ar\\\/sitio\\\/author\\\/ulises\\\/\"}]}<\/script>\n<!-- \/ Yoast SEO plugin. -->","yoast_head_json":{"title":"Olimpo va por el match point - Gente de B\u00e1squet","robots":{"index":"index","follow":"follow","max-snippet":"max-snippet:-1","max-image-preview":"max-image-preview:large","max-video-preview":"max-video-preview:-1"},"canonical":"https:\/\/gentedebasquet.com.ar\/sitio\/2015\/05\/22\/olimpo-va-por-el-match-point\/","og_locale":"es_ES","og_type":"article","og_title":"Olimpo va por el match point - Gente de B\u00e1squet","og_description":"A las 22, recibe a Platense por las finales del Federal que igualan 1 a 1","og_url":"https:\/\/gentedebasquet.com.ar\/sitio\/2015\/05\/22\/olimpo-va-por-el-match-point\/","og_site_name":"Gente de B\u00e1squet","article_published_time":"2015-05-22T14:59:16+00:00","og_image":[{"width":690,"height":319,"url":"https:\/\/gentedebasquet.com.ar\/sitio\/wp-content\/uploads\/2015\/05\/Moran.jpg","type":"image\/jpeg"}],"author":"Gente de B\u00e1squet","twitter_card":"summary_large_image","twitter_misc":{"Escrito por":"Gente de B\u00e1squet","Tiempo de lectura":"2 minutos"},"schema":{"@context":"https:\/\/schema.org","@graph":[{"@type":"Article","@id":"https:\/\/gentedebasquet.com.ar\/sitio\/2015\/05\/22\/olimpo-va-por-el-match-point\/#article","isPartOf":{"@id":"https:\/\/gentedebasquet.com.ar\/sitio\/2015\/05\/22\/olimpo-va-por-el-match-point\/"},"author":{"name":"Gente de B\u00e1squet","@id":"https:\/\/gentedebasquet.com.ar\/sitio\/#\/schema\/person\/ca0b63bbb977369988a7bbbdc519943a"},"headline":"Olimpo va por el match point","datePublished":"2015-05-22T14:59:16+00:00","mainEntityOfPage":{"@id":"https:\/\/gentedebasquet.com.ar\/sitio\/2015\/05\/22\/olimpo-va-por-el-match-point\/"},"wordCount":495,"image":{"@id":"https:\/\/gentedebasquet.com.ar\/sitio\/2015\/05\/22\/olimpo-va-por-el-match-point\/#primaryimage"},"thumbnailUrl":"https:\/\/gentedebasquet.com.ar\/sitio\/wp-content\/uploads\/2015\/05\/Moran.jpg","keywords":["Ol\u00edmpo","Platense","TFB"],"articleSection":["Federal","Nacional","Slide"],"inLanguage":"es"},{"@type":"WebPage","@id":"https:\/\/gentedebasquet.com.ar\/sitio\/2015\/05\/22\/olimpo-va-por-el-match-point\/","url":"https:\/\/gentedebasquet.com.ar\/sitio\/2015\/05\/22\/olimpo-va-por-el-match-point\/","name":"Olimpo va por el match point - Gente de B\u00e1squet","isPartOf":{"@id":"https:\/\/gentedebasquet.com.ar\/sitio\/#website"},"primaryImageOfPage":{"@id":"https:\/\/gentedebasquet.com.ar\/sitio\/2015\/05\/22\/olimpo-va-por-el-match-point\/#primaryimage"},"image":{"@id":"https:\/\/gentedebasquet.com.ar\/sitio\/2015\/05\/22\/olimpo-va-por-el-match-point\/#primaryimage"},"thumbnailUrl":"https:\/\/gentedebasquet.com.ar\/sitio\/wp-content\/uploads\/2015\/05\/Moran.jpg","datePublished":"2015-05-22T14:59:16+00:00","author":{"@id":"https:\/\/gentedebasquet.com.ar\/sitio\/#\/schema\/person\/ca0b63bbb977369988a7bbbdc519943a"},"breadcrumb":{"@id":"https:\/\/gentedebasquet.com.ar\/sitio\/2015\/05\/22\/olimpo-va-por-el-match-point\/#breadcrumb"},"inLanguage":"es","potentialAction":[{"@type":"ReadAction","target":["https:\/\/gentedebasquet.com.ar\/sitio\/2015\/05\/22\/olimpo-va-por-el-match-point\/"]}]},{"@type":"ImageObject","inLanguage":"es","@id":"https:\/\/gentedebasquet.com.ar\/sitio\/2015\/05\/22\/olimpo-va-por-el-match-point\/#primaryimage","url":"https:\/\/gentedebasquet.com.ar\/sitio\/wp-content\/uploads\/2015\/05\/Moran.jpg","contentUrl":"https:\/\/gentedebasquet.com.ar\/sitio\/wp-content\/uploads\/2015\/05\/Moran.jpg","width":690,"height":319},{"@type":"BreadcrumbList","@id":"https:\/\/gentedebasquet.com.ar\/sitio\/2015\/05\/22\/olimpo-va-por-el-match-point\/#breadcrumb","itemListElement":[{"@type":"ListItem","position":1,"name":"Portada","item":"https:\/\/gentedebasquet.com.ar\/sitio\/"},{"@type":"ListItem","position":2,"name":"Olimpo va por el match point"}]},{"@type":"WebSite","@id":"https:\/\/gentedebasquet.com.ar\/sitio\/#website","url":"https:\/\/gentedebasquet.com.ar\/sitio\/","name":"Gente de B\u00e1squet","description":"La revista del basquet de Bah\u00eda Blanca","potentialAction":[{"@type":"SearchAction","target":{"@type":"EntryPoint","urlTemplate":"https:\/\/gentedebasquet.com.ar\/sitio\/?s={search_term_string}"},"query-input":{"@type":"PropertyValueSpecification","valueRequired":true,"valueName":"search_term_string"}}],"inLanguage":"es"},{"@type":"Person","@id":"https:\/\/gentedebasquet.com.ar\/sitio\/#\/schema\/person\/ca0b63bbb977369988a7bbbdc519943a","name":"Gente de B\u00e1squet","image":{"@type":"ImageObject","inLanguage":"es","@id":"https:\/\/secure.gravatar.com\/avatar\/7f2c48bdc33b30088f941fb6082e555f2874c98e20cb159d7b92b50eadfce793?s=96&d=mm&r=g","url":"https:\/\/secure.gravatar.com\/avatar\/7f2c48bdc33b30088f941fb6082e555f2874c98e20cb159d7b92b50eadfce793?s=96&d=mm&r=g","contentUrl":"https:\/\/secure.gravatar.com\/avatar\/7f2c48bdc33b30088f941fb6082e555f2874c98e20cb159d7b92b50eadfce793?s=96&d=mm&r=g","caption":"Gente de B\u00e1squet"},"sameAs":["http:\/\/gentedebasquet.com.ar\/sitio"],"url":"https:\/\/gentedebasquet.com.ar\/sitio\/author\/ulises\/"}]}},"_links":{"self":[{"href":"https:\/\/gentedebasquet.com.ar\/sitio\/wp-json\/wp\/v2\/posts\/45839","targetHints":{"allow":["GET"]}}],"collection":[{"href":"https:\/\/gentedebasquet.com.ar\/sitio\/wp-json\/wp\/v2\/posts"}],"about":[{"href":"https:\/\/gentedebasquet.com.ar\/sitio\/wp-json\/wp\/v2\/types\/post"}],"author":[{"embeddable":true,"href":"https:\/\/gentedebasquet.com.ar\/sitio\/wp-json\/wp\/v2\/users\/1"}],"replies":[{"embeddable":true,"href":"https:\/\/gentedebasquet.com.ar\/sitio\/wp-json\/wp\/v2\/comments?post=45839"}],"version-history":[{"count":0,"href":"https:\/\/gentedebasquet.com.ar\/sitio\/wp-json\/wp\/v2\/posts\/45839\/revisions"}],"wp:featuredmedia":[{"embeddable":true,"href":"https:\/\/gentedebasquet.com.ar\/sitio\/wp-json\/wp\/v2\/media\/45840"}],"wp:attachment":[{"href":"https:\/\/gentedebasquet.com.ar\/sitio\/wp-json\/wp\/v2\/media?parent=45839"}],"wp:term":[{"taxonomy":"category","embeddable":true,"href":"https:\/\/gentedebasquet.com.ar\/sitio\/wp-json\/wp\/v2\/categories?post=45839"},{"taxonomy":"post_tag","embeddable":true,"href":"https:\/\/gentedebasquet.com.ar\/sitio\/wp-json\/wp\/v2\/tags?post=45839"}],"curies":[{"name":"wp","href":"https:\/\/api.w.org\/{rel}","templated":true}]}}